{"id":9898,"date":"2023-04-12T19:23:50","date_gmt":"2023-04-12T19:23:50","guid":{"rendered":"https:\/\/www.periodicolapislazuli.com\/noticias\/?p=9898"},"modified":"2023-05-02T19:58:54","modified_gmt":"2023-05-02T19:58:54","slug":"ediciones-del-lirio-recordara-a-emiliano-zapata-y-a-julio-cuadros-caldas-en-la-feria-del-libro-de-bogota-filbo-2023","status":"publish","type":"post","link":"https:\/\/www.periodicolapislazuli.com\/noticias\/ediciones-del-lirio-recordara-a-emiliano-zapata-y-a-julio-cuadros-caldas-en-la-feria-del-libro-de-bogota-filbo-2023\/","title":{"rendered":"Ediciones del Lirio recordar\u00e1 a Emiliano Zapata y a Julio Cuadros Caldas en la Feria del Libro de Bogot\u00e1 FILBO 2023"},"content":{"rendered":"<div class='booster-block booster-read-block'>\n                <div class=\"twp-read-time\">\n                \t<i class=\"booster-icon twp-clock\"><\/i> <span>Read Time:<\/span>6 Minute, 9 Second                <\/div>\n\n            <\/div>\r\n<p>Con Emiliano Zapata, testimonios de la revoluci\u00f3n del sur, de Edgar Castro Zapata y Ecos del pasado, voces del presente. Tenango del aire y la tierra fr\u00eda de los volcanes, Ediciones del Lirio recuerda a Emiliano Zapata en su aniversario luctuoso a 104 a\u00f1os de su asesinato y los presentar\u00e1 en la Feria del Libro de Bogot\u00e1 FILBO 2023.<\/p>\r\n<p><br \/>El texto de Edgar Castro Zapata est\u00e1 integrado por los apartados \u201c\u00a1Zapata vive!\u201d, de Clara Marina Brugada Molina; \u201cPresentaci\u00f3n\u201d, de John Womack Jr;\u201d \u201cPr\u00f3logo\u201d por Alejandro Rodr\u00edguez Mayoral; \u201cIntroducci\u00f3n\u201d del autor; \u201cTestimonio in\u00e9dito de Mateo Emiliano Zapata P\u00e9rez (1917-2007) hijo menor del general Emiliano Zapata Salazar\u201d; \u201cTestimonio de la infancia y juventud de Emiliano Zapata Salazar\u201d, 8 de agosto de 1879; \u201cTestimonio de familia: el asesinato del general Emiliano Zapata\u201d, 10 de abril de 1919; \u201cTestimonio sobre la muerte del general Emiliano Zapata por el testigo presencial Gonzalo Carrillo Cer\u00f3n (1890-1965)\u201d; \u201cTestimonio del general Jes\u00fas Ch\u00e1vez Carrera (1881-1988), alias \u2018Chucho Patada\u2019 y \u201cEl As de Oro\u201d.<\/p>\r\n<p><br \/>Asimismo, cuenta con un \u201cTestimonio del general Seraf\u00edn M. Robles (1883-1955) sobre Emiliano Zapata, el movimiento zapatista y sus ideales agrarios\u201d; \u201cTestimonio del general Francisco Mendoza Palma (1869-1956), alias \u2018El Chueco\u2019. Firmante del Plan de Ayala\u201d; \u201cTestimonio de Gabino Lira S\u00e1nchez (1902-2004) \u2018Lo que vio, lo que escuch\u00f3 y lo que hizo\u2019\u201d; \u201cTestimonio de Modesto Estrada Hern\u00e1ndez\u201d; \u201cTestimonio familiar: los nacimientos de Zapata\u201d; \u201cConclusi\u00f3n\u201d; \u201cFotograf\u00edas\u201d y \u201cFuentes consultadas\u201d.<\/p>\r\n<p><br \/>\u201cEn el 104 aniversario luctuoso del General Emiliano Zapata Salazar es preciso decir, aunque pareciera parad\u00f3jico, que Zapata vive y est\u00e1 con nosotros: est\u00e1 con los campesinos que se resisten al despojo; con los ind\u00edgenas que reclaman su sitio en este M\u00e9xico multicolor y diverso; est\u00e1 con los obreros que luchan y trabajan d\u00eda con d\u00eda para hacer de las conquistas de la revoluci\u00f3n algo m\u00e1s que bellas frases plasmadas en nuestra Constituci\u00f3n\u201d, refiere en su texto Clara Marina Brugada Molina, alcaldesa de Iztapalapa.<\/p>\r\n<blockquote>\r\n<p><br \/>Mientras que Edgar Castro Zapata reafirma que \u201ca consecuencia de la muerte de mi abuelo Mateo Zapata, ocurrida en el 2007, sent\u00ed la responsabilidad y el compromiso por no dejar en el abandono el trabajo social de mi abuelo y mis deseos de seguir difundiendo el legado zapatista por medio del Instituto Pro-Veteranos de la Revoluci\u00f3n del Sur y la Fundaci\u00f3n Zapata y los Herederos de la Revoluci\u00f3n, A. C.\u201d<br \/>En el Pr\u00f3logo, Alejandro Rodr\u00edguez Mayoral apunta sobre el contenido del libro: \u201cLos testimonios comparten los d\u00edas del general Zapata, desde su ni\u00f1ez hasta su muerte. Aparece un Emiliano m\u00e1s humano, \u2018de carne y hueso\u2019. Tambi\u00e9n se exhibe el movimiento armado zapatista, el caballo As de Oro, la cotidianidad durante la Revoluci\u00f3n, la lucha por los ideales agrarios, el Plan de Ayala, la vida pol\u00edtica de Mateo Zapata y la vida de la familia Zapata, por mencionar algunos temas.\u201d<\/p>\r\n<\/blockquote>\r\n<p><br \/>Ecos del pasado, voces del presente. Tenango del aire y la tierra fr\u00eda de los volcanes, coordinado por Moroni Spencer Hern\u00e1ndez de Olarte, y que adem\u00e1s cuenta con un sobresaliente art\u00edculo titulado \u201cColombia me dio la vida, M\u00e9xico una causa sagrada. Julio Cuadros Caldas y la revoluci\u00f3n zapatista\u201d es el libro que complementa al escrito por Edgar Castro Zapata y tambi\u00e9n ser\u00e1 presentado en la Feria del Libro de Bogot\u00e1 FILBO 2023.<\/p>\r\n<p><br \/>En su texto Moroni Spencer Hern\u00e1ndez de Olarte describe que \u201cJulio Cuadros Caldas, conocido entre las tropas zapatistas como el jefe Cuadros o el colombiano Cuadros, arrib\u00f3 a M\u00e9xico el 21 de mayo de 1909\u201d y por invitaci\u00f3n de Everardo Gonz\u00e1lez Vergara fue pieza clave para que Zapata y Villa, junto con sus tropas, pudiesen llegar seguros y protegidos al Centro de la Ciudad de M\u00e9xico el 6 diciembre de 1914, al proponer y lograr la aprobaci\u00f3n y ejecuci\u00f3n de \u201cEl Plan de Seguridad\u201d.<\/p>\r\n<p><br \/>Asimismo, relata c\u00f3mo nuevamente el propio Gonz\u00e1lez Vergara le solicita reunirse en Tenango del aire para \u201corganizar la toma del valle Puebla que ha sido ocupado por el enemigo\u201d, a donde llega el 1 de julio de 1915 con su tropa integrada por 1,300 hombres y mujeres.<br \/>\u201cEl 11 de abril de 1919 parec\u00eda un d\u00eda normal en la peque\u00f1a estaci\u00f3n de ferrocarril de Ozumba. Las personas esperaban el tren que ven\u00eda de Cuautla con destino a Amecameca. Apenas hab\u00eda arribado cuando \u2018varios hombres subieron al techo de los vagones y gritaron\u2026 mataron a Zapata, mataron a Zapata\u2019\u201d.<\/p>\r\n<p><br \/>En mayo de ese mismo a\u00f1o el colombiano convers\u00f3 con Everardo Gonz\u00e1lez y se \u201cdespidi\u00f3 diciendo que \u2018ir\u00eda a Morelos y Puebla\u2019 para seguir con la lucha. Aquella noche, Cuadros dej\u00f3 en manos del general una carta en donde escribi\u00f3: \u2018[\u2026] No debemos rendirnos, debemos honrar la memoria del general Emiliano Zapata, quien derram\u00f3 su sangre defendiendo la libertad del pueblo mexicano y de los pueblos de Am\u00e9rica que buscan justicia [\u2026]\u2019\u201d.<\/p>\r\n<p><br \/>\u201cEl breve relato narrado aqu\u00ed es una pincelada de la compleja e interesante pintura que fue la vida revolucionaria en M\u00e9xico del jefe colombiano Cuadros. Vida que nos lleva a advertir que la historia a\u00fan no est\u00e1 completa, y no lo estar\u00e1 hasta que los historiadores demos voz a aquellos hombres y mujeres del pasado cuyos nombres se encuentran en un viejo ba\u00fal, en un archivo olvidado o en la mente de personas que nadie quiere escuchar.\u201d<\/p>\r\n<p><br \/>\u201cAhora sabemos que un colombiano protegi\u00f3 a personas que jam\u00e1s imagin\u00f3 conocer, que luch\u00f3 por pueblos cuyos nombres tal vez no pod\u00eda pronunciar; en suma, que derram\u00f3 su sangre defendiendo una tierra que no era la suya. Con estas acciones nutri\u00f3 la historia mexicana y uni\u00f3 a dos pa\u00edses hermanos. Sin duda, las antiguas paredes de la iglesia de Tenango del Aire guardan el eco de las palabras que el Jefe Cuadros pronunci\u00f3 y luego escribi\u00f3 aquel 26 de septiembre de 1915; palabras que sintetizan magistralmente el objeto de este art\u00edculo: Estoy dispuesto a dar mi vida por esta sagrada causa, \u00a1hasta morir o vencer! [\u2026] Es mi esperanza que mis ojos puedan ver nacer un nuevo M\u00e9xico y una nueva Colombia. Colombia me dio la vida, M\u00e9xico una causa sagrada.\u201d<br \/>Ecos del pasado, voces del presente. Tenango del aire y la tierra fr\u00eda de los volcanes y Emiliano Zapata, testimonios de la revoluci\u00f3n del sur ser\u00e1n presentados el 21 de abril en el Gran Sal\u00f3n F, Corferias a las 17:00 y a las 18:00 horas respectivamente. <br \/><br \/><\/p>\r\n<hr \/>\r\n<p style=\"padding-left: 200px;\"><br \/>Agenda de Ediciones Del Lirio en la Feria del Libro de Bogot\u00e1 FILBO 2023<br \/>Evento Libro Moroni Espencer: Abril 21, 5 p.m., Gran Sal\u00f3n F, Corferias<br \/>Evento Libro Zapata: Abril 21, 6 p.m., Gran Sal\u00f3n F, Corferias<br \/>Homenaje a Mutis : Abril 22, 6 p.m., Sala Jorge Isaacs, Corferias.<br \/>Homenaje a Elena Garro: Abril 22, 7 p.m., Auditorio Pedro P\u00e1ramo, Pabell\u00f3n M\u00e9xico, Corferias.<br \/><br \/><\/p>\r\n<blockquote>\r\n<p><br \/>\u2022 Con motivo del 104 aniversario luctuoso de Emiliano Zapata, la editorial prepara la publicaci\u00f3n de los libros Emiliano Zapata, testimonios de la revoluci\u00f3n del sur y Ecos del pasado, voces del presente. Tenango del aire y la tierra fr\u00eda de los volcanes.<br \/>\u2022 Tambi\u00e9n se reconocer\u00e1 al colombiano Julio Cuadros Caldas, quien se uni\u00f3 a las tropas de Zapata con la \u201cesperanza que mis ojos puedan ver nacer un nuevo M\u00e9xico y una nueva Colombia\u201d.<\/p>\r\n<p><br \/>\u2022 \u201cLa historia a\u00fan no est\u00e1 completa, y no lo estar\u00e1 hasta que los historiadores demos voz a aquellos hombres y mujeres del pasado cuyos nombres se encuentran en un viejo ba\u00fal\u201d, Moroni Spencer Hern\u00e1ndez de Olarte, coordinador de Ecos del pasado.<\/p>\r\n<\/blockquote>\r\n<div class=\"pvc_clear\"><\/div><p id=\"pvc_stats_9898\" class=\"pvc_stats all  \" data-element-id=\"9898\" style=\"\"><i class=\"pvc-stats-icon large\" aria-hidden=\"true\"><svg aria-hidden=\"true\" focusable=\"false\" data-prefix=\"far\" data-icon=\"chart-bar\" role=\"img\" xmlns=\"http:\/\/www.w3.org\/2000\/svg\" viewBox=\"0 0 512 512\" class=\"svg-inline--fa fa-chart-bar fa-w-16 fa-2x\"><path fill=\"currentColor\" d=\"M396.8 352h22.4c6.4 0 12.8-6.4 12.8-12.8V108.8c0-6.4-6.4-12.8-12.8-12.8h-22.4c-6.4 0-12.8 6.4-12.8 12.8v230.4c0 6.4 6.4 12.8 12.8 12.8zm-192 0h22.4c6.4 0 12.8-6.4 12.8-12.8V140.8c0-6.4-6.4-12.8-12.8-12.8h-22.4c-6.4 0-12.8 6.4-12.8 12.8v198.4c0 6.4 6.4 12.8 12.8 12.8zm96 0h22.4c6.4 0 12.8-6.4 12.8-12.8V204.8c0-6.4-6.4-12.8-12.8-12.8h-22.4c-6.4 0-12.8 6.4-12.8 12.8v134.4c0 6.4 6.4 12.8 12.8 12.8zM496 400H48V80c0-8.84-7.16-16-16-16H16C7.16 64 0 71.16 0 80v336c0 17.67 14.33 32 32 32h464c8.84 0 16-7.16 16-16v-16c0-8.84-7.16-16-16-16zm-387.2-48h22.4c6.4 0 12.8-6.4 12.8-12.8v-70.4c0-6.4-6.4-12.8-12.8-12.8h-22.4c-6.4 0-12.8 6.4-12.8 12.8v70.4c0 6.4 6.4 12.8 12.8 12.8z\" class=\"\"><\/path><\/svg><\/i> <img decoding=\"async\" width=\"16\" height=\"16\" alt=\"Loading\" src=\"https:\/\/www.periodicolapislazuli.com\/noticias\/wp-content\/plugins\/page-views-count\/ajax-loader-2x.gif\" border=0 \/><\/p><div class=\"pvc_clear\"><\/div>        <div class=\"booster-block booster-reactions-block\">\n            <div class=\"twp-reactions-icons\">\n                \n                <div class=\"twp-reacts-wrap\">\n                    <a react-data=\"be-react-1\" post-id=\"9898\" class=\"be-face-icons un-reacted\" href=\"javascript:void(0)\">\n                        <img decoding=\"async\" src=\"https:\/\/www.periodicolapislazuli.com\/noticias\/wp-content\/plugins\/booster-extension\/\/assets\/icon\/happy.svg\" alt=\"Happy\">\n                    <\/a>\n                    <div class=\"twp-reaction-title\">\n                        Happy                    <\/div>\n                    <div class=\"twp-count-percent\">\n                                                    <span style=\"display: none;\" class=\"twp-react-count\">0<\/span>\n                        \n                                                <span class=\"twp-react-percent\"><span>0<\/span> %<\/span>\n                                            <\/div>\n                <\/div>\n\n                <div class=\"twp-reacts-wrap\">\n                    <a react-data=\"be-react-2\" post-id=\"9898\" class=\"be-face-icons un-reacted\" href=\"javascript:void(0)\">\n                        <img decoding=\"async\" src=\"https:\/\/www.periodicolapislazuli.com\/noticias\/wp-content\/plugins\/booster-extension\/\/assets\/icon\/sad.svg\" alt=\"Sad\">\n                    <\/a>\n                    <div class=\"twp-reaction-title\">\n                        Sad                    <\/div>\n                    <div class=\"twp-count-percent\">\n                                                    <span style=\"display: none;\" class=\"twp-react-count\">0<\/span>\n                                                                        <span class=\"twp-react-percent\"><span>0<\/span> %<\/span>\n                                            <\/div>\n                <\/div>\n\n                <div class=\"twp-reacts-wrap\">\n                    <a react-data=\"be-react-3\" post-id=\"9898\" class=\"be-face-icons un-reacted\" href=\"javascript:void(0)\">\n                        <img decoding=\"async\" src=\"https:\/\/www.periodicolapislazuli.com\/noticias\/wp-content\/plugins\/booster-extension\/\/assets\/icon\/excited.svg\" alt=\"Excited\">\n                    <\/a>\n                    <div class=\"twp-reaction-title\">\n                        Excited                    <\/div>\n                    <div class=\"twp-count-percent\">\n                                                    <span style=\"display: none;\" class=\"twp-react-count\">0<\/span>\n                                                                        <span class=\"twp-react-percent\"><span>0<\/span> %<\/span>\n                                            <\/div>\n                <\/div>\n\n                <div class=\"twp-reacts-wrap\">\n                    <a react-data=\"be-react-6\" post-id=\"9898\" class=\"be-face-icons un-reacted\" href=\"javascript:void(0)\">\n                        <img decoding=\"async\" src=\"https:\/\/www.periodicolapislazuli.com\/noticias\/wp-content\/plugins\/booster-extension\/\/assets\/icon\/sleepy.svg\" alt=\"Sleepy\">\n                    <\/a>\n                    <div class=\"twp-reaction-title\">\n                        Sleepy                    <\/div>\n                    <div class=\"twp-count-percent\">\n                                                    <span style=\"display: none;\" class=\"twp-react-count\">0<\/span>\n                        \n                                                <span class=\"twp-react-percent\"><span>0<\/span> %<\/span>\n                                            <\/div>\n                <\/div>\n\n                <div class=\"twp-reacts-wrap\">\n                    <a react-data=\"be-react-4\" post-id=\"9898\" class=\"be-face-icons un-reacted\" href=\"javascript:void(0)\">\n                        <img decoding=\"async\" src=\"https:\/\/www.periodicolapislazuli.com\/noticias\/wp-content\/plugins\/booster-extension\/\/assets\/icon\/angry.svg\" alt=\"Angry\">\n                    <\/a>\n                    <div class=\"twp-reaction-title\">Angry<\/div>\n                    <div class=\"twp-count-percent\">\n                                                    <span style=\"display: none;\" class=\"twp-react-count\">0<\/span>\n                                                                        <span class=\"twp-react-percent\"><span>0<\/span> %<\/span>\n                        \n                    <\/div>\n                <\/div>\n\n                <div class=\"twp-reacts-wrap\">\n                    <a react-data=\"be-react-5\" post-id=\"9898\" class=\"be-face-icons un-reacted\" href=\"javascript:void(0)\">\n                        <img decoding=\"async\" src=\"https:\/\/www.periodicolapislazuli.com\/noticias\/wp-content\/plugins\/booster-extension\/\/assets\/icon\/surprise.svg\" alt=\"Surprise\">\n                    <\/a>\n                    <div class=\"twp-reaction-title\">Surprise<\/div>\n                    <div class=\"twp-count-percent\">\n                                                    <span style=\"display: none;\" class=\"twp-react-count\">0<\/span>\n                                                                        <span class=\"twp-react-percent\"><span>0<\/span> %<\/span>\n                                            <\/div>\n                <\/div>\n\n            <\/div>\n        <\/div>\n\n    ","protected":false},"excerpt":{"rendered":"<p>Con Emiliano Zapata, testimonios de la revoluci\u00f3n del sur, de Edgar Castro Zapata y Ecos del pasado, voces<\/p>\n<div class=\"pvc_clear\"><\/div>\n<p id=\"pvc_stats_9898\" class=\"pvc_stats all  \" data-element-id=\"9898\" style=\"\"><i class=\"pvc-stats-icon large\" aria-hidden=\"true\"><svg aria-hidden=\"true\" focusable=\"false\" data-prefix=\"far\" data-icon=\"chart-bar\" role=\"img\" xmlns=\"http:\/\/www.w3.org\/2000\/svg\" viewBox=\"0 0 512 512\" class=\"svg-inline--fa fa-chart-bar fa-w-16 fa-2x\"><path fill=\"currentColor\" d=\"M396.8 352h22.4c6.4 0 12.8-6.4 12.8-12.8V108.8c0-6.4-6.4-12.8-12.8-12.8h-22.4c-6.4 0-12.8 6.4-12.8 12.8v230.4c0 6.4 6.4 12.8 12.8 12.8zm-192 0h22.4c6.4 0 12.8-6.4 12.8-12.8V140.8c0-6.4-6.4-12.8-12.8-12.8h-22.4c-6.4 0-12.8 6.4-12.8 12.8v198.4c0 6.4 6.4 12.8 12.8 12.8zm96 0h22.4c6.4 0 12.8-6.4 12.8-12.8V204.8c0-6.4-6.4-12.8-12.8-12.8h-22.4c-6.4 0-12.8 6.4-12.8 12.8v134.4c0 6.4 6.4 12.8 12.8 12.8zM496 400H48V80c0-8.84-7.16-16-16-16H16C7.16 64 0 71.16 0 80v336c0 17.67 14.33 32 32 32h464c8.84 0 16-7.16 16-16v-16c0-8.84-7.16-16-16-16zm-387.2-48h22.4c6.4 0 12.8-6.4 12.8-12.8v-70.4c0-6.4-6.4-12.8-12.8-12.8h-22.4c-6.4 0-12.8 6.4-12.8 12.8v70.4c0 6.4 6.4 12.8 12.8 12.8z\" class=\"\"><\/path><\/svg><\/i> <img decoding=\"async\" width=\"16\" height=\"16\" alt=\"Loading\" src=\"https:\/\/www.periodicolapislazuli.com\/noticias\/wp-content\/plugins\/page-views-count\/ajax-loader-2x.gif\" border=0 \/><\/p>\n<div class=\"pvc_clear\"><\/div>\n","protected":false},"author":3,"featured_media":9809,"comment_status":"closed","ping_status":"open","sticky":false,"template":"","format":"standard","meta":{"om_disable_all_campaigns":false,"pagelayer_contact_templates":[],"_pagelayer_content":"","_monsterinsights_skip_tracking":false,"_monsterinsights_sitenote_active":false,"_monsterinsights_sitenote_note":"","_monsterinsights_sitenote_category":0,"footnotes":""},"categories":[3],"tags":[48,425,115,1191,55,3402],"class_list":["post-9898","post","type-post","status-publish","format-standard","has-post-thumbnail","hentry","category-actualidad","tag-bogota","tag-corferias","tag-escritura","tag-feria-del-libro","tag-lectura","tag-pabellon"],"a3_pvc":{"activated":true,"total_views":183,"today_views":0},"jetpack_featured_media_url":"https:\/\/www.periodicolapislazuli.com\/noticias\/wp-content\/uploads\/2023\/04\/233179_211fe5e5e543447eb4b0669703af8709mv2.webp","_links":{"self":[{"href":"https:\/\/www.periodicolapislazuli.com\/noticias\/wp-json\/wp\/v2\/posts\/9898","targetHints":{"allow":["GET"]}}],"collection":[{"href":"https:\/\/www.periodicolapislazuli.com\/noticias\/wp-json\/wp\/v2\/posts"}],"about":[{"href":"https:\/\/www.periodicolapislazuli.com\/noticias\/wp-json\/wp\/v2\/types\/post"}],"author":[{"embeddable":true,"href":"https:\/\/www.periodicolapislazuli.com\/noticias\/wp-json\/wp\/v2\/users\/3"}],"replies":[{"embeddable":true,"href":"https:\/\/www.periodicolapislazuli.com\/noticias\/wp-json\/wp\/v2\/comments?post=9898"}],"version-history":[{"count":2,"href":"https:\/\/www.periodicolapislazuli.com\/noticias\/wp-json\/wp\/v2\/posts\/9898\/revisions"}],"predecessor-version":[{"id":10000,"href":"https:\/\/www.periodicolapislazuli.com\/noticias\/wp-json\/wp\/v2\/posts\/9898\/revisions\/10000"}],"wp:featuredmedia":[{"embeddable":true,"href":"https:\/\/www.periodicolapislazuli.com\/noticias\/wp-json\/wp\/v2\/media\/9809"}],"wp:attachment":[{"href":"https:\/\/www.periodicolapislazuli.com\/noticias\/wp-json\/wp\/v2\/media?parent=9898"}],"wp:term":[{"taxonomy":"category","embeddable":true,"href":"https:\/\/www.periodicolapislazuli.com\/noticias\/wp-json\/wp\/v2\/categories?post=9898"},{"taxonomy":"post_tag","embeddable":true,"href":"https:\/\/www.periodicolapislazuli.com\/noticias\/wp-json\/wp\/v2\/tags?post=9898"}],"curies":[{"name":"wp","href":"https:\/\/api.w.org\/{rel}","templated":true}]}}