{"id":9877,"date":"2022-04-01T05:28:24","date_gmt":"2022-04-01T05:28:24","guid":{"rendered":"https:\/\/www.periodicolapislazuli.com\/noticias\/?p=9877"},"modified":"2023-05-01T05:35:55","modified_gmt":"2023-05-01T05:35:55","slug":"adriana-angel-lider-de-la-primera-feria-del-libro-todos-los-caminos-me-llevaron-a-la-filbo","status":"publish","type":"post","link":"https:\/\/www.periodicolapislazuli.com\/noticias\/adriana-angel-lider-de-la-primera-feria-del-libro-todos-los-caminos-me-llevaron-a-la-filbo\/","title":{"rendered":"Adriana \u00c1ngel, l\u00edder de la primera Feria del Libro: Todos los caminos me llevaron a la FILBO"},"content":{"rendered":"<div class='booster-block booster-read-block'>\n                <div class=\"twp-read-time\">\n                \t<i class=\"booster-icon twp-clock\"><\/i> <span>Read Time:<\/span>2 Minute, 59 Second                <\/div>\n\n            <\/div>\r\n<p style=\"text-align: justify; padding-left: 40px;\"><img fetchpriority=\"high\" decoding=\"async\" class=\"aligncenter wp-image-9984 size-full\" src=\"https:\/\/www.periodicolapislazuli.com\/noticias\/wp-content\/uploads\/2023\/05\/Adriana-Angel-Feria-Internacional-del-Libro-de-Bogota-FilBo-min-min.png\" alt=\"\" width=\"900\" height=\"554\" srcset=\"https:\/\/www.periodicolapislazuli.com\/noticias\/wp-content\/uploads\/2023\/05\/Adriana-Angel-Feria-Internacional-del-Libro-de-Bogota-FilBo-min-min.png 900w, https:\/\/www.periodicolapislazuli.com\/noticias\/wp-content\/uploads\/2023\/05\/Adriana-Angel-Feria-Internacional-del-Libro-de-Bogota-FilBo-min-min-747x460.png 747w, https:\/\/www.periodicolapislazuli.com\/noticias\/wp-content\/uploads\/2023\/05\/Adriana-Angel-Feria-Internacional-del-Libro-de-Bogota-FilBo-min-min-768x473.png 768w\" sizes=\"(max-width: 900px) 100vw, 900px\" \/><\/p>\r\n<p style=\"text-align: justify;\"><br \/>Bogot\u00e1, marzo de 2022. La Feria Internacional del Libro de Bogot\u00e1 emprendi\u00f3 su agenda del 2023 con el reciente nombramiento de su nueva directora, Adriana \u00c1ngel Forero, quien llega a liderar uno de los eventos culturales y literarios m\u00e1s notables y que mayor cantidad de visitantes convoca. La FILBo 2023, que inicia su agenda de actividades el pr\u00f3ximo 18 de abril, propone, de la mano de su nueva directora, una agenda diversa, inclusiva e innovadora, donde el gran reto es que los lectores y lectoras optimicen su visita y se lleven una experiencia literaria memorable.<\/p>\r\n<p style=\"text-align: justify;\"><br \/>\u00c1ngel, que en noviembre de 2022 asumi\u00f3 como nueva directora Internacional de la Feria Internacional del Libro de Bogot\u00e1 por medio de la C\u00e1mara Colombiana del Libro, CCL, que organiza este evento, tuvo su primer encuentro con los libros y con la feria cuando en el 2004 trabaj\u00f3 en el pabell\u00f3n Madre Josefa del Castillo. Como curadora de esa sala, descubri\u00f3 la convicci\u00f3n de ser parte de la organizaci\u00f3n de la feria, sin imaginar que ese primer contacto, 19 a\u00f1os atr\u00e1s, la llevar\u00eda hoy a dirigirla.<br \/>\u201cYo siento que todos los caminos me llevaron a la FILBo. Aterric\u00e9 en la agencia de prensa que apoya la feria. Fabiola Morera me abri\u00f3 las puertas y a partir de all\u00ed comenc\u00e9 a manejar las comunicaciones del evento. Esta experiencia me permiti\u00f3 tener una visi\u00f3n \u00fanica desde la \u00f3ptica de prensa. Luego hice parte del Fondo de Cultura Econ\u00f3mica, filial Colombia, como coordinadora de Comunicaciones, para finalmente llegar a la C\u00e1mara Colombiana del Libro hace ocho a\u00f1os como directora de Comunicaciones\u201d, menciona Adriana \u00c1ngel, directora de la Feria Internacional del Libro de Bogot\u00e1.<br \/>Toda esta experiencia alrededor de los libros, hoy le permite llevar las riendas de la feria y de un grupo de diez mujeres cuyas diversas profesiones han logrado darle variedad de visiones al encuentro cultural. Quiz\u00e1 por ello, este aporte femenino no solo se ver\u00e1 reflejado en el liderazgo de \u00c1ngel y su equipo, sino tambi\u00e9n, en la amplia cuota <br \/><br \/>de escritoras, conferencistas e invitadas de alt\u00edsimo nivel que lograron convocar para este a\u00f1o: la canadiense de origen vietnamita Kim Th\u00fay, la argentina Cecilia Szperling o la nigeriana Chimamanda Ngozi Adichie, entre otras destacadas mujeres. La cuota colombiana para la versi\u00f3n 35 estar\u00e1 conformada por Amalia Andrade, Andrea Cote, Carolina San\u00edn, Andrea Salgado, Piedad Bonnett y Pilar Quintana, entre muchas otras.<br \/>Una apasionada por la literatura<br \/>Hoy, como nueva directora de la FILBo, tiene grandes retos: volver a convocar a las personas que reconocen en la feria un gran espacio de aprendizaje y de encuentro, de manera que pueda mejorar cada vez m\u00e1s la experiencia de los visitantes y lograr optimizar la visita de los lectores. Todos los elementos que conforman la feria son fundamentales, los actores de la cadena del libro que est\u00e1n presentes en la muestra comercial, en la programaci\u00f3n cultural y profesional; los aliados p\u00fablicos y privados que se suman para hacer posible nuestra feria y por supuesto los visitantes que cada a\u00f1o esperan esta cita con los libros y sus creadores, a ellos dirigimos todas nuestras energ\u00edas para que vivan, en 15 d\u00edas una experiencia inolvidable.<br \/>La FILBo 2023 llega con 500 invitados de 30 pa\u00edses que participar\u00e1n en 2.000 actividades, y tendr\u00e1 a M\u00e9xico como pa\u00eds invitado de honor. Las ferias del libro son los escenarios naturales para la circulaci\u00f3n del libro y el acercamiento con los y las lectoras; las librer\u00edas son los espacios que materializan, de manera permanente, las acciones del sector a lo largo del a\u00f1o, gracias a su oferta editorial y cultural.<br \/><br \/><\/p>\r\n<div class=\"pvc_clear\"><\/div><p id=\"pvc_stats_9877\" class=\"pvc_stats all  \" data-element-id=\"9877\" style=\"\"><i class=\"pvc-stats-icon large\" aria-hidden=\"true\"><svg aria-hidden=\"true\" focusable=\"false\" data-prefix=\"far\" data-icon=\"chart-bar\" role=\"img\" xmlns=\"http:\/\/www.w3.org\/2000\/svg\" viewBox=\"0 0 512 512\" class=\"svg-inline--fa fa-chart-bar fa-w-16 fa-2x\"><path fill=\"currentColor\" d=\"M396.8 352h22.4c6.4 0 12.8-6.4 12.8-12.8V108.8c0-6.4-6.4-12.8-12.8-12.8h-22.4c-6.4 0-12.8 6.4-12.8 12.8v230.4c0 6.4 6.4 12.8 12.8 12.8zm-192 0h22.4c6.4 0 12.8-6.4 12.8-12.8V140.8c0-6.4-6.4-12.8-12.8-12.8h-22.4c-6.4 0-12.8 6.4-12.8 12.8v198.4c0 6.4 6.4 12.8 12.8 12.8zm96 0h22.4c6.4 0 12.8-6.4 12.8-12.8V204.8c0-6.4-6.4-12.8-12.8-12.8h-22.4c-6.4 0-12.8 6.4-12.8 12.8v134.4c0 6.4 6.4 12.8 12.8 12.8zM496 400H48V80c0-8.84-7.16-16-16-16H16C7.16 64 0 71.16 0 80v336c0 17.67 14.33 32 32 32h464c8.84 0 16-7.16 16-16v-16c0-8.84-7.16-16-16-16zm-387.2-48h22.4c6.4 0 12.8-6.4 12.8-12.8v-70.4c0-6.4-6.4-12.8-12.8-12.8h-22.4c-6.4 0-12.8 6.4-12.8 12.8v70.4c0 6.4 6.4 12.8 12.8 12.8z\" class=\"\"><\/path><\/svg><\/i> <img decoding=\"async\" width=\"16\" height=\"16\" alt=\"Loading\" src=\"https:\/\/www.periodicolapislazuli.com\/noticias\/wp-content\/plugins\/page-views-count\/ajax-loader-2x.gif\" border=0 \/><\/p><div class=\"pvc_clear\"><\/div>        <div class=\"booster-block booster-reactions-block\">\n            <div class=\"twp-reactions-icons\">\n                \n                <div class=\"twp-reacts-wrap\">\n                    <a react-data=\"be-react-1\" post-id=\"9877\" class=\"be-face-icons un-reacted\" href=\"javascript:void(0)\">\n                        <img decoding=\"async\" src=\"https:\/\/www.periodicolapislazuli.com\/noticias\/wp-content\/plugins\/booster-extension\/\/assets\/icon\/happy.svg\" alt=\"Happy\">\n                    <\/a>\n                    <div class=\"twp-reaction-title\">\n                        Happy                    <\/div>\n                    <div class=\"twp-count-percent\">\n                                                    <span style=\"display: none;\" class=\"twp-react-count\">0<\/span>\n                        \n                                                <span class=\"twp-react-percent\"><span>0<\/span> %<\/span>\n                                            <\/div>\n                <\/div>\n\n                <div class=\"twp-reacts-wrap\">\n                    <a react-data=\"be-react-2\" post-id=\"9877\" class=\"be-face-icons un-reacted\" href=\"javascript:void(0)\">\n                        <img decoding=\"async\" src=\"https:\/\/www.periodicolapislazuli.com\/noticias\/wp-content\/plugins\/booster-extension\/\/assets\/icon\/sad.svg\" alt=\"Sad\">\n                    <\/a>\n                    <div class=\"twp-reaction-title\">\n                        Sad                    <\/div>\n                    <div class=\"twp-count-percent\">\n                                                    <span style=\"display: none;\" class=\"twp-react-count\">0<\/span>\n                                                                        <span class=\"twp-react-percent\"><span>0<\/span> %<\/span>\n                                            <\/div>\n                <\/div>\n\n                <div class=\"twp-reacts-wrap\">\n                    <a react-data=\"be-react-3\" post-id=\"9877\" class=\"be-face-icons un-reacted\" href=\"javascript:void(0)\">\n                        <img decoding=\"async\" src=\"https:\/\/www.periodicolapislazuli.com\/noticias\/wp-content\/plugins\/booster-extension\/\/assets\/icon\/excited.svg\" alt=\"Excited\">\n                    <\/a>\n                    <div class=\"twp-reaction-title\">\n                        Excited                    <\/div>\n                    <div class=\"twp-count-percent\">\n                                                    <span style=\"display: none;\" class=\"twp-react-count\">0<\/span>\n                                                                        <span class=\"twp-react-percent\"><span>0<\/span> %<\/span>\n                                            <\/div>\n                <\/div>\n\n                <div class=\"twp-reacts-wrap\">\n                    <a react-data=\"be-react-6\" post-id=\"9877\" class=\"be-face-icons un-reacted\" href=\"javascript:void(0)\">\n                        <img decoding=\"async\" src=\"https:\/\/www.periodicolapislazuli.com\/noticias\/wp-content\/plugins\/booster-extension\/\/assets\/icon\/sleepy.svg\" alt=\"Sleepy\">\n                    <\/a>\n                    <div class=\"twp-reaction-title\">\n                        Sleepy                    <\/div>\n                    <div class=\"twp-count-percent\">\n                                                    <span style=\"display: none;\" class=\"twp-react-count\">0<\/span>\n                        \n                                                <span class=\"twp-react-percent\"><span>0<\/span> %<\/span>\n                                            <\/div>\n                <\/div>\n\n                <div class=\"twp-reacts-wrap\">\n                    <a react-data=\"be-react-4\" post-id=\"9877\" class=\"be-face-icons un-reacted\" href=\"javascript:void(0)\">\n                        <img decoding=\"async\" src=\"https:\/\/www.periodicolapislazuli.com\/noticias\/wp-content\/plugins\/booster-extension\/\/assets\/icon\/angry.svg\" alt=\"Angry\">\n                    <\/a>\n                    <div class=\"twp-reaction-title\">Angry<\/div>\n                    <div class=\"twp-count-percent\">\n                                                    <span style=\"display: none;\" class=\"twp-react-count\">0<\/span>\n                                                                        <span class=\"twp-react-percent\"><span>0<\/span> %<\/span>\n                        \n                    <\/div>\n                <\/div>\n\n                <div class=\"twp-reacts-wrap\">\n                    <a react-data=\"be-react-5\" post-id=\"9877\" class=\"be-face-icons un-reacted\" href=\"javascript:void(0)\">\n                        <img decoding=\"async\" src=\"https:\/\/www.periodicolapislazuli.com\/noticias\/wp-content\/plugins\/booster-extension\/\/assets\/icon\/surprise.svg\" alt=\"Surprise\">\n                    <\/a>\n                    <div class=\"twp-reaction-title\">Surprise<\/div>\n                    <div class=\"twp-count-percent\">\n                                                    <span style=\"display: none;\" class=\"twp-react-count\">0<\/span>\n                                                                        <span class=\"twp-react-percent\"><span>0<\/span> %<\/span>\n                                            <\/div>\n                <\/div>\n\n            <\/div>\n        <\/div>\n\n    ","protected":false},"excerpt":{"rendered":"<p>Bogot\u00e1, marzo de 2022. La Feria Internacional del Libro de Bogot\u00e1 emprendi\u00f3 su agenda del 2023 con el<\/p>\n<div class=\"pvc_clear\"><\/div>\n<p id=\"pvc_stats_9877\" class=\"pvc_stats all  \" data-element-id=\"9877\" style=\"\"><i class=\"pvc-stats-icon large\" aria-hidden=\"true\"><svg aria-hidden=\"true\" focusable=\"false\" data-prefix=\"far\" data-icon=\"chart-bar\" role=\"img\" xmlns=\"http:\/\/www.w3.org\/2000\/svg\" viewBox=\"0 0 512 512\" class=\"svg-inline--fa fa-chart-bar fa-w-16 fa-2x\"><path fill=\"currentColor\" d=\"M396.8 352h22.4c6.4 0 12.8-6.4 12.8-12.8V108.8c0-6.4-6.4-12.8-12.8-12.8h-22.4c-6.4 0-12.8 6.4-12.8 12.8v230.4c0 6.4 6.4 12.8 12.8 12.8zm-192 0h22.4c6.4 0 12.8-6.4 12.8-12.8V140.8c0-6.4-6.4-12.8-12.8-12.8h-22.4c-6.4 0-12.8 6.4-12.8 12.8v198.4c0 6.4 6.4 12.8 12.8 12.8zm96 0h22.4c6.4 0 12.8-6.4 12.8-12.8V204.8c0-6.4-6.4-12.8-12.8-12.8h-22.4c-6.4 0-12.8 6.4-12.8 12.8v134.4c0 6.4 6.4 12.8 12.8 12.8zM496 400H48V80c0-8.84-7.16-16-16-16H16C7.16 64 0 71.16 0 80v336c0 17.67 14.33 32 32 32h464c8.84 0 16-7.16 16-16v-16c0-8.84-7.16-16-16-16zm-387.2-48h22.4c6.4 0 12.8-6.4 12.8-12.8v-70.4c0-6.4-6.4-12.8-12.8-12.8h-22.4c-6.4 0-12.8 6.4-12.8 12.8v70.4c0 6.4 6.4 12.8 12.8 12.8z\" class=\"\"><\/path><\/svg><\/i> <img decoding=\"async\" width=\"16\" height=\"16\" alt=\"Loading\" src=\"https:\/\/www.periodicolapislazuli.com\/noticias\/wp-content\/plugins\/page-views-count\/ajax-loader-2x.gif\" border=0 \/><\/p>\n<div class=\"pvc_clear\"><\/div>\n","protected":false},"author":3,"featured_media":9984,"comment_status":"closed","ping_status":"open","sticky":false,"template":"","format":"standard","meta":{"om_disable_all_campaigns":false,"pagelayer_contact_templates":[],"_pagelayer_content":"","_monsterinsights_skip_tracking":false,"_monsterinsights_sitenote_active":false,"_monsterinsights_sitenote_note":"","_monsterinsights_sitenote_category":0,"footnotes":""},"categories":[3],"tags":[3401,48,1191,63],"class_list":["post-9877","post","type-post","status-publish","format-standard","has-post-thumbnail","hentry","category-actualidad","tag-adriana-angel","tag-bogota","tag-feria-del-libro","tag-filbo"],"a3_pvc":{"activated":true,"total_views":243,"today_views":0},"jetpack_featured_media_url":"https:\/\/www.periodicolapislazuli.com\/noticias\/wp-content\/uploads\/2023\/05\/Adriana-Angel-Feria-Internacional-del-Libro-de-Bogota-FilBo-min-min.png","_links":{"self":[{"href":"https:\/\/www.periodicolapislazuli.com\/noticias\/wp-json\/wp\/v2\/posts\/9877","targetHints":{"allow":["GET"]}}],"collection":[{"href":"https:\/\/www.periodicolapislazuli.com\/noticias\/wp-json\/wp\/v2\/posts"}],"about":[{"href":"https:\/\/www.periodicolapislazuli.com\/noticias\/wp-json\/wp\/v2\/types\/post"}],"author":[{"embeddable":true,"href":"https:\/\/www.periodicolapislazuli.com\/noticias\/wp-json\/wp\/v2\/users\/3"}],"replies":[{"embeddable":true,"href":"https:\/\/www.periodicolapislazuli.com\/noticias\/wp-json\/wp\/v2\/comments?post=9877"}],"version-history":[{"count":2,"href":"https:\/\/www.periodicolapislazuli.com\/noticias\/wp-json\/wp\/v2\/posts\/9877\/revisions"}],"predecessor-version":[{"id":9985,"href":"https:\/\/www.periodicolapislazuli.com\/noticias\/wp-json\/wp\/v2\/posts\/9877\/revisions\/9985"}],"wp:featuredmedia":[{"embeddable":true,"href":"https:\/\/www.periodicolapislazuli.com\/noticias\/wp-json\/wp\/v2\/media\/9984"}],"wp:attachment":[{"href":"https:\/\/www.periodicolapislazuli.com\/noticias\/wp-json\/wp\/v2\/media?parent=9877"}],"wp:term":[{"taxonomy":"category","embeddable":true,"href":"https:\/\/www.periodicolapislazuli.com\/noticias\/wp-json\/wp\/v2\/categories?post=9877"},{"taxonomy":"post_tag","embeddable":true,"href":"https:\/\/www.periodicolapislazuli.com\/noticias\/wp-json\/wp\/v2\/tags?post=9877"}],"curies":[{"name":"wp","href":"https:\/\/api.w.org\/{rel}","templated":true}]}}