{"id":9875,"date":"2023-04-13T05:28:24","date_gmt":"2023-04-13T05:28:24","guid":{"rendered":"https:\/\/www.periodicolapislazuli.com\/noticias\/?p=9875"},"modified":"2023-05-01T05:41:36","modified_gmt":"2023-05-01T05:41:36","slug":"por-primera-vez-una-experiencia-ambiental-se-vivira-en-la-feria-internacional-del-libro-de-bogota","status":"publish","type":"post","link":"https:\/\/www.periodicolapislazuli.com\/noticias\/por-primera-vez-una-experiencia-ambiental-se-vivira-en-la-feria-internacional-del-libro-de-bogota\/","title":{"rendered":"Por primera vez, una experiencia ambiental se vivir\u00e1 en la Feria Internacional del Libro de Bogot\u00e1"},"content":{"rendered":"<div class='booster-block booster-read-block'>\n                <div class=\"twp-read-time\">\n                \t<i class=\"booster-icon twp-clock\"><\/i> <span>Read Time:<\/span>3 Minute, 3 Second                <\/div>\n\n            <\/div>\r\n<p style=\"text-align: justify;\"><img fetchpriority=\"high\" decoding=\"async\" class=\"aligncenter wp-image-7586 size-full\" src=\"https:\/\/www.periodicolapislazuli.com\/noticias\/wp-content\/uploads\/2022\/03\/corferias.jpeg\" alt=\"\" width=\"700\" height=\"526\" srcset=\"https:\/\/www.periodicolapislazuli.com\/noticias\/wp-content\/uploads\/2022\/03\/corferias.jpeg 700w, https:\/\/www.periodicolapislazuli.com\/noticias\/wp-content\/uploads\/2022\/03\/corferias-612x460.jpeg 612w\" sizes=\"(max-width: 700px) 100vw, 700px\" \/><\/p>\r\n<p style=\"text-align: justify;\">Generar conocimiento y acercar a todos los colombianos a los temas que marcan la agenda ambiental del pa\u00eds son los prop\u00f3sitos del Ministerio de Ambiente y Desarrollo Sostenible en la Feria Internacional del Libro de Bogot\u00e1 (Filbo).<\/p>\r\n<p style=\"text-align: justify;\"><br \/>Por primera vez, bajo la premisa \u2018<strong>Colombia, Potencia Mundial de la vida<\/strong>\u2019 y durante la edici\u00f3n n\u00famero 35 de Filbo, el Ministerio y The Nature Conservancy-TNC traen una agenda acad\u00e9mica que abordar\u00e1 temas claves en materia ambiental, como el Acuerdo de Escaz\u00fa, el ordenamiento alrededor del agua y la gobernanza de las comunidades en los territorios.<\/p>\r\n<blockquote>\r\n<p style=\"text-align: justify;\"><br \/>El evento central, que dar\u00e1 apertura a la agenda acad\u00e9mica, ser\u00e1 el pr\u00f3ximo 24 de abril, con el lanzamiento de la actualizaci\u00f3n del Plan Nacional de Biodiversidad, que contar\u00e1 con la presencia de la ministra de Ambiente y Desarrollo Sostenible, Susana Muhamad.<\/p>\r\n<\/blockquote>\r\n<p style=\"text-align: justify;\"><br \/>Durante esta agenda acad\u00e9mica tambi\u00e9n se abordar\u00e1n temas relacionados con sostenibilidad, conservaci\u00f3n y lucha contra el cambio clim\u00e1tico, claves en la pol\u00edtica ambiental del pa\u00eds y que hacen parte de los ejes transformadores del Plan Nacional de Desarrollo del Gobierno del Cambio. Entre los invitados a participar est\u00e1 el reconocido periodista y escritor David Wallace-Wells, quien har\u00e1 una descripci\u00f3n de los impactos de la emisi\u00f3n de CO2 en el planeta y que est\u00e1n consignados en su libro \u2018El Planeta inh\u00f3spito\u2019.<br \/>Algunas de las charlas que se llevar\u00e1n a cabo, entre el 18 de abril y el 2 de mayo ser\u00e1n \u2018Los seres m\u00e1gicos de Macondo, Colombia anfibia y su potencial para la vida\u2019, \u2018La gran historia azul\u2019, \u2018Finanzas para la naturaleza\u2019, \u2018C\u00f3mo alimentar al planeta y no morir en el intento\u2019 y \u2018Una historia todav\u00eda verde\u2019.<\/p>\r\n<h3 style=\"text-align: justify;\"><br \/>Ag\u00e9ndese para una gran jornada acad\u00e9mica.<\/h3>\r\n<p style=\"text-align: justify;\"><br \/>Uno de los hitos que traz\u00f3 el camino en materia de protecci\u00f3n de l\u00edderes ambientales y de acceso y transparencia de la informaci\u00f3n fue la ratificaci\u00f3n del Acuerdo de Escaz\u00fa. Por esto, el Ministerio de Ambiente y Desarrollo Sostenible, en el marco de la edici\u00f3n 35 de la Feria Internacional del Libro de Bogot\u00e1, tiene planeado todo un ciclo de conferencias, as\u00ed: <br \/>29 de abril: Acuerdo de Escaz\u00fa: una apuesta regional por la democracia ambiental. Di\u00e1logo sobre la implementaci\u00f3n del Acuerdo de Escaz\u00fa en Latinoam\u00e9rica y el Caribe, retos y oportunidades.<\/p>\r\n<p style=\"text-align: justify;\"><br \/>Con la participaci\u00f3n de Daniel Barrag\u00e1n. Universidad de los Hemisferios, la Embajada de M\u00e9xico en Bogot\u00e1 y con la moderaci\u00f3n de Francisco Canal Alban, viceministro de Ordenamiento Ambiental del Territorio de Minambiente.<\/p>\r\n<p style=\"text-align: justify;\"><br \/><strong>30 de abril: Defendamos el Acuerdo de Escaz\u00fa: todes somos defensores de nuestro ambiente.<\/strong><br \/>Un espacio art\u00edstico de t\u00edteres, que tendr\u00e1 como invitados especiales a l\u00edderes ambientales.<br \/>1 de mayo: \u00a1Escaz\u00fa ahora! Una victoria ambiental para la vida.<\/p>\r\n<p style=\"text-align: justify;\"><br \/>Busca reconocer la importancia de la labor de defensa del ambiente. Tendr\u00e1 dos momentos: el primero, presentar lo que plantea el Acuerdo sobre protecci\u00f3n a defensores y, el segundo, para escuchar las historias de lucha de algunos l\u00edderes ambientales del pa\u00eds.<br \/>Este espacio contar\u00e1 con la participaci\u00f3n de la ministra de Ambiente y Desarrollo Sostenible, Susana Muhamad, y la subdirectora de Educaci\u00f3n y Participaci\u00f3n, Edna Valentina Camacho.<br \/><br \/><br \/><\/p>\r\n<p>&nbsp;<\/p>\r\n<hr \/>\r\n<p style=\"padding-left: 120px;\">\u25cf Los visitantes al pabell\u00f3n Colombia encontrar\u00e1n un escenario innovador en la edici\u00f3n 35 de Filbo, que se llevar\u00e1 a cabo en Corferias, del 18 de abril al 2 de mayo.<\/p>\r\n<p style=\"padding-left: 120px;\"><br \/>\u25cf El Sistema Nacional Ambiental (Sina) contar\u00e1 con un espacio \u2018verde\u2019 exclusivo para abordar temas relacionados con sostenibilidad, biodiversidad, cambio clim\u00e1tico, entre otros.<\/p>\r\n<p style=\"padding-left: 120px;\"><br \/>\u25cf En la feria se realizar\u00e1 el lanzamiento de la actualizaci\u00f3n del Plan Nacional de Biodiversidad. Tambi\u00e9n habr\u00e1 seis charlas para que los asistentes se conecten con la riqueza natural de Colombia y los temas que marcan la agenda ambiental del pa\u00eds.<\/p>\r\n<p>&nbsp;<\/p>\r\n<p>Bogot\u00e1, 13 de abril de 2023.<\/p>\r\n<div class=\"pvc_clear\"><\/div><p id=\"pvc_stats_9875\" class=\"pvc_stats all  \" data-element-id=\"9875\" style=\"\"><i class=\"pvc-stats-icon large\" aria-hidden=\"true\"><svg aria-hidden=\"true\" focusable=\"false\" data-prefix=\"far\" data-icon=\"chart-bar\" role=\"img\" xmlns=\"http:\/\/www.w3.org\/2000\/svg\" viewBox=\"0 0 512 512\" class=\"svg-inline--fa fa-chart-bar fa-w-16 fa-2x\"><path fill=\"currentColor\" d=\"M396.8 352h22.4c6.4 0 12.8-6.4 12.8-12.8V108.8c0-6.4-6.4-12.8-12.8-12.8h-22.4c-6.4 0-12.8 6.4-12.8 12.8v230.4c0 6.4 6.4 12.8 12.8 12.8zm-192 0h22.4c6.4 0 12.8-6.4 12.8-12.8V140.8c0-6.4-6.4-12.8-12.8-12.8h-22.4c-6.4 0-12.8 6.4-12.8 12.8v198.4c0 6.4 6.4 12.8 12.8 12.8zm96 0h22.4c6.4 0 12.8-6.4 12.8-12.8V204.8c0-6.4-6.4-12.8-12.8-12.8h-22.4c-6.4 0-12.8 6.4-12.8 12.8v134.4c0 6.4 6.4 12.8 12.8 12.8zM496 400H48V80c0-8.84-7.16-16-16-16H16C7.16 64 0 71.16 0 80v336c0 17.67 14.33 32 32 32h464c8.84 0 16-7.16 16-16v-16c0-8.84-7.16-16-16-16zm-387.2-48h22.4c6.4 0 12.8-6.4 12.8-12.8v-70.4c0-6.4-6.4-12.8-12.8-12.8h-22.4c-6.4 0-12.8 6.4-12.8 12.8v70.4c0 6.4 6.4 12.8 12.8 12.8z\" class=\"\"><\/path><\/svg><\/i> <img decoding=\"async\" width=\"16\" height=\"16\" alt=\"Loading\" src=\"https:\/\/www.periodicolapislazuli.com\/noticias\/wp-content\/plugins\/page-views-count\/ajax-loader-2x.gif\" border=0 \/><\/p><div class=\"pvc_clear\"><\/div>        <div class=\"booster-block booster-reactions-block\">\n            <div class=\"twp-reactions-icons\">\n                \n                <div class=\"twp-reacts-wrap\">\n                    <a react-data=\"be-react-1\" post-id=\"9875\" class=\"be-face-icons un-reacted\" href=\"javascript:void(0)\">\n                        <img decoding=\"async\" src=\"https:\/\/www.periodicolapislazuli.com\/noticias\/wp-content\/plugins\/booster-extension\/\/assets\/icon\/happy.svg\" alt=\"Happy\">\n                    <\/a>\n                    <div class=\"twp-reaction-title\">\n                        Happy                    <\/div>\n                    <div class=\"twp-count-percent\">\n                                                    <span style=\"display: none;\" class=\"twp-react-count\">0<\/span>\n                        \n                                                <span class=\"twp-react-percent\"><span>0<\/span> %<\/span>\n                                            <\/div>\n                <\/div>\n\n                <div class=\"twp-reacts-wrap\">\n                    <a react-data=\"be-react-2\" post-id=\"9875\" class=\"be-face-icons un-reacted\" href=\"javascript:void(0)\">\n                        <img decoding=\"async\" src=\"https:\/\/www.periodicolapislazuli.com\/noticias\/wp-content\/plugins\/booster-extension\/\/assets\/icon\/sad.svg\" alt=\"Sad\">\n                    <\/a>\n                    <div class=\"twp-reaction-title\">\n                        Sad                    <\/div>\n                    <div class=\"twp-count-percent\">\n                                                    <span style=\"display: none;\" class=\"twp-react-count\">0<\/span>\n                                                                        <span class=\"twp-react-percent\"><span>0<\/span> %<\/span>\n                                            <\/div>\n                <\/div>\n\n                <div class=\"twp-reacts-wrap\">\n                    <a react-data=\"be-react-3\" post-id=\"9875\" class=\"be-face-icons un-reacted\" href=\"javascript:void(0)\">\n                        <img decoding=\"async\" src=\"https:\/\/www.periodicolapislazuli.com\/noticias\/wp-content\/plugins\/booster-extension\/\/assets\/icon\/excited.svg\" alt=\"Excited\">\n                    <\/a>\n                    <div class=\"twp-reaction-title\">\n                        Excited                    <\/div>\n                    <div class=\"twp-count-percent\">\n                                                    <span style=\"display: none;\" class=\"twp-react-count\">0<\/span>\n                                                                        <span class=\"twp-react-percent\"><span>0<\/span> %<\/span>\n                                            <\/div>\n                <\/div>\n\n                <div class=\"twp-reacts-wrap\">\n                    <a react-data=\"be-react-6\" post-id=\"9875\" class=\"be-face-icons un-reacted\" href=\"javascript:void(0)\">\n                        <img decoding=\"async\" src=\"https:\/\/www.periodicolapislazuli.com\/noticias\/wp-content\/plugins\/booster-extension\/\/assets\/icon\/sleepy.svg\" alt=\"Sleepy\">\n                    <\/a>\n                    <div class=\"twp-reaction-title\">\n                        Sleepy                    <\/div>\n                    <div class=\"twp-count-percent\">\n                                                    <span style=\"display: none;\" class=\"twp-react-count\">0<\/span>\n                        \n                                                <span class=\"twp-react-percent\"><span>0<\/span> %<\/span>\n                                            <\/div>\n                <\/div>\n\n                <div class=\"twp-reacts-wrap\">\n                    <a react-data=\"be-react-4\" post-id=\"9875\" class=\"be-face-icons un-reacted\" href=\"javascript:void(0)\">\n                        <img decoding=\"async\" src=\"https:\/\/www.periodicolapislazuli.com\/noticias\/wp-content\/plugins\/booster-extension\/\/assets\/icon\/angry.svg\" alt=\"Angry\">\n                    <\/a>\n                    <div class=\"twp-reaction-title\">Angry<\/div>\n                    <div class=\"twp-count-percent\">\n                                                    <span style=\"display: none;\" class=\"twp-react-count\">0<\/span>\n                                                                        <span class=\"twp-react-percent\"><span>0<\/span> %<\/span>\n                        \n                    <\/div>\n                <\/div>\n\n                <div class=\"twp-reacts-wrap\">\n                    <a react-data=\"be-react-5\" post-id=\"9875\" class=\"be-face-icons un-reacted\" href=\"javascript:void(0)\">\n                        <img decoding=\"async\" src=\"https:\/\/www.periodicolapislazuli.com\/noticias\/wp-content\/plugins\/booster-extension\/\/assets\/icon\/surprise.svg\" alt=\"Surprise\">\n                    <\/a>\n                    <div class=\"twp-reaction-title\">Surprise<\/div>\n                    <div class=\"twp-count-percent\">\n                                                    <span style=\"display: none;\" class=\"twp-react-count\">0<\/span>\n                                                                        <span class=\"twp-react-percent\"><span>0<\/span> %<\/span>\n                                            <\/div>\n                <\/div>\n\n            <\/div>\n        <\/div>\n\n    ","protected":false},"excerpt":{"rendered":"<p>Generar conocimiento y acercar a todos los colombianos a los temas que marcan la agenda ambiental del pa\u00eds<\/p>\n<div class=\"pvc_clear\"><\/div>\n<p id=\"pvc_stats_9875\" class=\"pvc_stats all  \" data-element-id=\"9875\" style=\"\"><i class=\"pvc-stats-icon large\" aria-hidden=\"true\"><svg aria-hidden=\"true\" focusable=\"false\" data-prefix=\"far\" data-icon=\"chart-bar\" role=\"img\" xmlns=\"http:\/\/www.w3.org\/2000\/svg\" viewBox=\"0 0 512 512\" class=\"svg-inline--fa fa-chart-bar fa-w-16 fa-2x\"><path fill=\"currentColor\" d=\"M396.8 352h22.4c6.4 0 12.8-6.4 12.8-12.8V108.8c0-6.4-6.4-12.8-12.8-12.8h-22.4c-6.4 0-12.8 6.4-12.8 12.8v230.4c0 6.4 6.4 12.8 12.8 12.8zm-192 0h22.4c6.4 0 12.8-6.4 12.8-12.8V140.8c0-6.4-6.4-12.8-12.8-12.8h-22.4c-6.4 0-12.8 6.4-12.8 12.8v198.4c0 6.4 6.4 12.8 12.8 12.8zm96 0h22.4c6.4 0 12.8-6.4 12.8-12.8V204.8c0-6.4-6.4-12.8-12.8-12.8h-22.4c-6.4 0-12.8 6.4-12.8 12.8v134.4c0 6.4 6.4 12.8 12.8 12.8zM496 400H48V80c0-8.84-7.16-16-16-16H16C7.16 64 0 71.16 0 80v336c0 17.67 14.33 32 32 32h464c8.84 0 16-7.16 16-16v-16c0-8.84-7.16-16-16-16zm-387.2-48h22.4c6.4 0 12.8-6.4 12.8-12.8v-70.4c0-6.4-6.4-12.8-12.8-12.8h-22.4c-6.4 0-12.8 6.4-12.8 12.8v70.4c0 6.4 6.4 12.8 12.8 12.8z\" class=\"\"><\/path><\/svg><\/i> <img decoding=\"async\" width=\"16\" height=\"16\" alt=\"Loading\" src=\"https:\/\/www.periodicolapislazuli.com\/noticias\/wp-content\/plugins\/page-views-count\/ajax-loader-2x.gif\" border=0 \/><\/p>\n<div class=\"pvc_clear\"><\/div>\n","protected":false},"author":3,"featured_media":9809,"comment_status":"closed","ping_status":"open","sticky":false,"template":"","format":"standard","meta":{"om_disable_all_campaigns":false,"pagelayer_contact_templates":[],"_pagelayer_content":"","_monsterinsights_skip_tracking":false,"_monsterinsights_sitenote_active":false,"_monsterinsights_sitenote_note":"","_monsterinsights_sitenote_category":0,"footnotes":""},"categories":[3],"tags":[3323,48,372,461,2973],"class_list":["post-9875","post","type-post","status-publish","format-standard","has-post-thumbnail","hentry","category-actualidad","tag-ambiental","tag-bogota","tag-experiencia","tag-feria","tag-feria-internacional-del-libro"],"a3_pvc":{"activated":true,"total_views":194,"today_views":0},"jetpack_featured_media_url":"https:\/\/www.periodicolapislazuli.com\/noticias\/wp-content\/uploads\/2023\/04\/233179_211fe5e5e543447eb4b0669703af8709mv2.webp","_links":{"self":[{"href":"https:\/\/www.periodicolapislazuli.com\/noticias\/wp-json\/wp\/v2\/posts\/9875","targetHints":{"allow":["GET"]}}],"collection":[{"href":"https:\/\/www.periodicolapislazuli.com\/noticias\/wp-json\/wp\/v2\/posts"}],"about":[{"href":"https:\/\/www.periodicolapislazuli.com\/noticias\/wp-json\/wp\/v2\/types\/post"}],"author":[{"embeddable":true,"href":"https:\/\/www.periodicolapislazuli.com\/noticias\/wp-json\/wp\/v2\/users\/3"}],"replies":[{"embeddable":true,"href":"https:\/\/www.periodicolapislazuli.com\/noticias\/wp-json\/wp\/v2\/comments?post=9875"}],"version-history":[{"count":4,"href":"https:\/\/www.periodicolapislazuli.com\/noticias\/wp-json\/wp\/v2\/posts\/9875\/revisions"}],"predecessor-version":[{"id":9988,"href":"https:\/\/www.periodicolapislazuli.com\/noticias\/wp-json\/wp\/v2\/posts\/9875\/revisions\/9988"}],"wp:featuredmedia":[{"embeddable":true,"href":"https:\/\/www.periodicolapislazuli.com\/noticias\/wp-json\/wp\/v2\/media\/9809"}],"wp:attachment":[{"href":"https:\/\/www.periodicolapislazuli.com\/noticias\/wp-json\/wp\/v2\/media?parent=9875"}],"wp:term":[{"taxonomy":"category","embeddable":true,"href":"https:\/\/www.periodicolapislazuli.com\/noticias\/wp-json\/wp\/v2\/categories?post=9875"},{"taxonomy":"post_tag","embeddable":true,"href":"https:\/\/www.periodicolapislazuli.com\/noticias\/wp-json\/wp\/v2\/tags?post=9875"}],"curies":[{"name":"wp","href":"https:\/\/api.w.org\/{rel}","templated":true}]}}