{"id":9778,"date":"2023-04-11T06:52:43","date_gmt":"2023-04-11T06:52:43","guid":{"rendered":"https:\/\/www.periodicolapislazuli.com\/noticias\/?p=9778"},"modified":"2023-04-11T06:58:39","modified_gmt":"2023-04-11T06:58:39","slug":"bogoshorts-abre-la-convocatoria-para-su-21o-edicion","status":"publish","type":"post","link":"https:\/\/www.periodicolapislazuli.com\/noticias\/bogoshorts-abre-la-convocatoria-para-su-21o-edicion\/","title":{"rendered":"BOGOSHORTS abre la convocatoria para su 21\u00ba edici\u00f3n"},"content":{"rendered":"<div class='booster-block booster-read-block'>\n                <div class=\"twp-read-time\">\n                \t<i class=\"booster-icon twp-clock\"><\/i> <span>Read Time:<\/span>3 Minute, 35 Second                <\/div>\n\n            <\/div><h2 style=\"text-align: justify; padding-left: 40px;\"><strong><br \/>\n<\/strong><img fetchpriority=\"high\" decoding=\"async\" class=\"aligncenter wp-image-9780 size-full\" src=\"https:\/\/www.periodicolapislazuli.com\/noticias\/wp-content\/uploads\/2023\/04\/festival-cine.20231.jpg\" alt=\"\" width=\"700\" height=\"377\" \/><\/h2>\n<p style=\"text-align: justify; padding-left: 40px;\">El <strong>Festival de Cortos de Bogot\u00e1 \/ Bogot\u00e1 Short Film Festival &#8211; BOGOSHORTS<\/strong> celebrar\u00e1 su vig\u00e9simoprimera edici\u00f3n del <strong>5 al 12 de diciembre de 2023<\/strong> en la ciudad de Bogot\u00e1, Colombia. Como es costumbre, desde el<strong> 9 de abril<\/strong> (fecha de El Bogotazo) hasta el <strong>6 de agosto<\/strong> (Fundaci\u00f3n de Bogot\u00e1), cortometrajes de todo el mundo podr\u00e1n participar en las convocatorias de las competencias oficiales del festival que ser\u00e1n premiadas con la Santa Luc\u00eda.<\/p>\n<p style=\"text-align: justify; padding-left: 40px;\"><strong>SECCIONES COMPETITIVAS<\/strong><\/p>\n<p style=\"text-align: justify; padding-left: 40px;\">Realizadores y productores colombianos est\u00e1n invitados a participar en la<strong> Competencia Nacional<\/strong>, en la que se premian las categor\u00edas de Ficci\u00f3n, Documental, Animaci\u00f3n, Experimental y Videoclip y otras categor\u00edas t\u00e9cnicas y art\u00edsticas que contribuyen al reconocimiento de los diferentes oficios que enriquecen al sector audiovisual del pa\u00eds.<\/p>\n<p style=\"text-align: justify; padding-left: 40px;\">La <strong>Competencia Internacional<\/strong>, por otro lado, se encuentra abierta para realizadores de todo el mundo (excluyendo Colombia) y premia con la<strong> Santa Luc\u00eda<\/strong> las categor\u00edas de Ficci\u00f3n, Documental, Animaci\u00f3n, Experimental y Videoclip. <strong><br \/>\n<\/strong><\/p>\n<p style=\"text-align: justify; padding-left: 40px;\">Los aspirantes tambi\u00e9n podr\u00e1n inscribirse a las competencias<strong> F3 &#8211; Fan\u00e1tico Freak Fant\u00e1stico<\/strong>, conformada por cortometrajes de terror, ciencia ficci\u00f3n, fantas\u00eda, o de g\u00e9neros relacionados (comedia negra, crimen, acci\u00f3n, suspenso, superh\u00e9roes, etc.) y la<strong> Competencia VR<\/strong>, para cortometrajes producidos en 360\u00b0, en 2D y 3D, de cualquier pa\u00eds del mundo (incluyendo Colombia).<\/p>\n<p style=\"text-align: justify; padding-left: 40px;\">Todos los cortometrajes inscritos ser\u00e1n susceptibles de ser incluidos en la <strong>Competencia Colecciones<\/strong> en la que se entrega el<strong> Premio del P\u00fablico BOGOSHORTS<\/strong>, conformada por programas tem\u00e1ticos que destacan la diversidad y estilo de los cortometrajes, y la<strong> Competencia Conexi\u00f3n<\/strong>, enfocada en crear din\u00e1micas de reconocimiento y co-producci\u00f3n entre realizadores de pa\u00edses iberoamericanos.<\/p>\n<p style=\"text-align: justify; padding-left: 40px;\"><strong>FESTIVAL CALIFICADOR A LOS PREMIOS OSCAR Y GOYA<\/strong><\/p>\n<p style=\"text-align: justify; padding-left: 40px;\">Desde 2018, BOGOSHORTS fue incluido en la lista de festivales calificadores de cortometrajes a los <strong>Premios de la Academia (Academy Awards\u00ae)<\/strong>. Los cortometrajes ganadores de la Santa Luc\u00eda a<strong> Mejor Corto de Ficci\u00f3n<\/strong>,<strong> Mejor Corto Documental<\/strong> y<strong> Mejor Corto de Animaci\u00f3n<\/strong> de la <strong>Competencia Nacional<\/strong> ser\u00e1n elegibles para su consideraci\u00f3n a los Premios Oscar\u00ae en la siguiente temporada.<\/p>\n<p style=\"text-align: justify; padding-left: 40px;\">As\u00ed mismo, desde el 2020, el<strong> Bogot\u00e1 Short Film Festival \/ Festival de Cortos de Bogot\u00e1 &#8211; BOGOSHORTS<\/strong> hace parte del listado oficial de festivales internacionales calificadores de cortometrajes espa\u00f1oles a los<strong> Premios Goya<\/strong>. La selecci\u00f3n de las competencias oficiales del festival les dar\u00e1 la oportunidad de presentar su candidatura a las categor\u00edas de<strong> Mejor Cortometraje de Ficci\u00f3n<\/strong> y<strong> Mejor Cortometraje Documental. <\/strong><\/p>\n<p style=\"text-align: justify; padding-left: 40px;\"><strong>REQUISITOS DE INSCRIPCI\u00d3N<\/strong><em><strong><br \/>\n<\/strong><\/em><br \/>\nPara inscribirse, realizadores y productores deben tener en cuenta que solo se aceptar\u00e1n obras de Ficci\u00f3n, Documental, Animaci\u00f3n, Experimental y Videoclips de<strong> m\u00e1ximo 30 minutos<\/strong>, terminados despu\u00e9s del <strong>1 de enero de 2022<\/strong>, que no hayan tenido ninguna exhibici\u00f3n p\u00fablica en Colombia y que no se encuentren publicados en Internet (excepto videoclips)<\/p>\n<ul>\n<li style=\"list-style-type: none;\">\n<ul style=\"text-align: justify;\">\n<li>El proceso de inscripci\u00f3n se llevar\u00e1 a cabo \u00fanicamente a trav\u00e9s de la plataforma ShortFilmDepot (<a href=\"http:\/\/www.shortfilmdepot.com\" target=\"_blank\" rel=\"noopener\">www.shortfilmdepot.com<\/a>). No se aceptar\u00e1 ning\u00fan tipo de copia f\u00edsica ni screeners por fuera de la plataforma, y se aplicar\u00e1 una tarifa de inscripci\u00f3n con dos per\u00edodos de pago:<strong><br \/>\n<\/strong><\/li>\n<li><strong>Del 9 de abril al 5 de junio de 2023<\/strong>, la inscripci\u00f3n ser\u00e1 gratuita para la Competencia Nacional, la Competencia F3 &#8211; Fan\u00e1tico Freak Fant\u00e1stico y la Competencia VR, y se aplicar\u00e1 una tasa de 5 USD para la Competencia Internacional.<strong><br \/>\n<\/strong><\/li>\n<li><strong>Del 6 de junio al 6 de agosto de 2023<\/strong>, la inscripci\u00f3n ser\u00e1 gratuita para la Competencia Nacional y Competencia VR, se aplicar\u00e1 una tasa de 5 USD a la Competencia F3 &#8211; Fan\u00e1tico Freak Fant\u00e1stico y se aplicar\u00e1 una tasa de 10 USD para la Competencia Internacional.<strong><br \/>\n<\/strong><\/li>\n<li>Todos los cortometrajes colombianos, de coproducci\u00f3n colombiana o dirigidos por colombianos en cualquier lugar del mundo se deben inscribir en la<strong> COMPETENCIA NACIONAL.<\/strong><\/li>\n<\/ul>\n<\/li>\n<\/ul>\n<p style=\"text-align: justify; padding-left: 40px;\"><strong>VIDEOLIBRER\u00cdA 7\u00b0 BFM &#8211; BOGOSHORTS FILM MARKET<\/strong><\/p>\n<p style=\"text-align: justify; padding-left: 40px;\">Adicionalmente, los cortometrajes de ficci\u00f3n, documental, animaci\u00f3n y experimental producidos en pa\u00edses de Iberoam\u00e9rica (excluyendo Portugal), por realizadores originarios de pa\u00edses iberoamericanos o en coproducci\u00f3n con estos, inscritos en las diferentes competencias de la convocatoria y que cumplan a cabalidad el Reglamento de la misma, ser\u00e1n incluidos sin costo adicional en l<strong>a Videolibrer\u00eda BFM<\/strong> de la s\u00e9ptima edici\u00f3n del<strong> BFM &#8211; BOGOSHORTS Film Market<\/strong>. En la Videolibrer\u00eda, que busca promover la circulaci\u00f3n de la producci\u00f3n audiovisual Iberoamericana, tambi\u00e9n son bienvenidos episodios de series web producidas en la regi\u00f3n, que podr\u00e1n ser inscritos en la secci\u00f3n<strong> EPISODIOS SERIES WEB &#8211; VIDEOLIBRER\u00cdA BFM (SECCI\u00d3N NO COMPETITIVA)<\/strong>, de la convocatoria en ShortFilmDepot (leer el numeral 6 del Reglamento para m\u00e1s informaci\u00f3n).<\/p>\n<p style=\"text-align: justify; padding-left: 40px;\"><img decoding=\"async\" class=\"size-full wp-image-9779 aligncenter\" src=\"https:\/\/www.periodicolapislazuli.com\/noticias\/wp-content\/uploads\/2023\/04\/festival-cine.2023.jpg\" alt=\"\" width=\"700\" height=\"323\" \/><\/p>\n<div class=\"pvc_clear\"><\/div>\n<p id=\"pvc_stats_9778\" class=\"pvc_stats all  \" data-element-id=\"9778\" style=\"\"><i class=\"pvc-stats-icon large\" aria-hidden=\"true\"><svg aria-hidden=\"true\" focusable=\"false\" data-prefix=\"far\" data-icon=\"chart-bar\" role=\"img\" xmlns=\"http:\/\/www.w3.org\/2000\/svg\" viewBox=\"0 0 512 512\" class=\"svg-inline--fa fa-chart-bar fa-w-16 fa-2x\"><path fill=\"currentColor\" d=\"M396.8 352h22.4c6.4 0 12.8-6.4 12.8-12.8V108.8c0-6.4-6.4-12.8-12.8-12.8h-22.4c-6.4 0-12.8 6.4-12.8 12.8v230.4c0 6.4 6.4 12.8 12.8 12.8zm-192 0h22.4c6.4 0 12.8-6.4 12.8-12.8V140.8c0-6.4-6.4-12.8-12.8-12.8h-22.4c-6.4 0-12.8 6.4-12.8 12.8v198.4c0 6.4 6.4 12.8 12.8 12.8zm96 0h22.4c6.4 0 12.8-6.4 12.8-12.8V204.8c0-6.4-6.4-12.8-12.8-12.8h-22.4c-6.4 0-12.8 6.4-12.8 12.8v134.4c0 6.4 6.4 12.8 12.8 12.8zM496 400H48V80c0-8.84-7.16-16-16-16H16C7.16 64 0 71.16 0 80v336c0 17.67 14.33 32 32 32h464c8.84 0 16-7.16 16-16v-16c0-8.84-7.16-16-16-16zm-387.2-48h22.4c6.4 0 12.8-6.4 12.8-12.8v-70.4c0-6.4-6.4-12.8-12.8-12.8h-22.4c-6.4 0-12.8 6.4-12.8 12.8v70.4c0 6.4 6.4 12.8 12.8 12.8z\" class=\"\"><\/path><\/svg><\/i> <img decoding=\"async\" width=\"16\" height=\"16\" alt=\"Loading\" src=\"https:\/\/www.periodicolapislazuli.com\/noticias\/wp-content\/plugins\/page-views-count\/ajax-loader-2x.gif\" border=0 \/><\/p>\n<div class=\"pvc_clear\"><\/div>\n        <div class=\"booster-block booster-reactions-block\">\n            <div class=\"twp-reactions-icons\">\n                \n                <div class=\"twp-reacts-wrap\">\n                    <a react-data=\"be-react-1\" post-id=\"9778\" class=\"be-face-icons un-reacted\" href=\"javascript:void(0)\">\n                        <img decoding=\"async\" src=\"https:\/\/www.periodicolapislazuli.com\/noticias\/wp-content\/plugins\/booster-extension\/\/assets\/icon\/happy.svg\" alt=\"Happy\">\n                    <\/a>\n                    <div class=\"twp-reaction-title\">\n                        Happy                    <\/div>\n                    <div class=\"twp-count-percent\">\n                                                    <span style=\"display: none;\" class=\"twp-react-count\">0<\/span>\n                        \n                                                <span class=\"twp-react-percent\"><span>0<\/span> %<\/span>\n                                            <\/div>\n                <\/div>\n\n                <div class=\"twp-reacts-wrap\">\n                    <a react-data=\"be-react-2\" post-id=\"9778\" class=\"be-face-icons un-reacted\" href=\"javascript:void(0)\">\n                        <img decoding=\"async\" src=\"https:\/\/www.periodicolapislazuli.com\/noticias\/wp-content\/plugins\/booster-extension\/\/assets\/icon\/sad.svg\" alt=\"Sad\">\n                    <\/a>\n                    <div class=\"twp-reaction-title\">\n                        Sad                    <\/div>\n                    <div class=\"twp-count-percent\">\n                                                    <span style=\"display: none;\" class=\"twp-react-count\">0<\/span>\n                                                                        <span class=\"twp-react-percent\"><span>0<\/span> %<\/span>\n                                            <\/div>\n                <\/div>\n\n                <div class=\"twp-reacts-wrap\">\n                    <a react-data=\"be-react-3\" post-id=\"9778\" class=\"be-face-icons un-reacted\" href=\"javascript:void(0)\">\n                        <img decoding=\"async\" src=\"https:\/\/www.periodicolapislazuli.com\/noticias\/wp-content\/plugins\/booster-extension\/\/assets\/icon\/excited.svg\" alt=\"Excited\">\n                    <\/a>\n                    <div class=\"twp-reaction-title\">\n                        Excited                    <\/div>\n                    <div class=\"twp-count-percent\">\n                                                    <span style=\"display: none;\" class=\"twp-react-count\">0<\/span>\n                                                                        <span class=\"twp-react-percent\"><span>0<\/span> %<\/span>\n                                            <\/div>\n                <\/div>\n\n                <div class=\"twp-reacts-wrap\">\n                    <a react-data=\"be-react-6\" post-id=\"9778\" class=\"be-face-icons un-reacted\" href=\"javascript:void(0)\">\n                        <img decoding=\"async\" src=\"https:\/\/www.periodicolapislazuli.com\/noticias\/wp-content\/plugins\/booster-extension\/\/assets\/icon\/sleepy.svg\" alt=\"Sleepy\">\n                    <\/a>\n                    <div class=\"twp-reaction-title\">\n                        Sleepy                    <\/div>\n                    <div class=\"twp-count-percent\">\n                                                    <span style=\"display: none;\" class=\"twp-react-count\">0<\/span>\n                        \n                                                <span class=\"twp-react-percent\"><span>0<\/span> %<\/span>\n                                            <\/div>\n                <\/div>\n\n                <div class=\"twp-reacts-wrap\">\n                    <a react-data=\"be-react-4\" post-id=\"9778\" class=\"be-face-icons un-reacted\" href=\"javascript:void(0)\">\n                        <img decoding=\"async\" src=\"https:\/\/www.periodicolapislazuli.com\/noticias\/wp-content\/plugins\/booster-extension\/\/assets\/icon\/angry.svg\" alt=\"Angry\">\n                    <\/a>\n                    <div class=\"twp-reaction-title\">Angry<\/div>\n                    <div class=\"twp-count-percent\">\n                                                    <span style=\"display: none;\" class=\"twp-react-count\">0<\/span>\n                                                                        <span class=\"twp-react-percent\"><span>0<\/span> %<\/span>\n                        \n                    <\/div>\n                <\/div>\n\n                <div class=\"twp-reacts-wrap\">\n                    <a react-data=\"be-react-5\" post-id=\"9778\" class=\"be-face-icons un-reacted\" href=\"javascript:void(0)\">\n                        <img decoding=\"async\" src=\"https:\/\/www.periodicolapislazuli.com\/noticias\/wp-content\/plugins\/booster-extension\/\/assets\/icon\/surprise.svg\" alt=\"Surprise\">\n                    <\/a>\n                    <div class=\"twp-reaction-title\">Surprise<\/div>\n                    <div class=\"twp-count-percent\">\n                                                    <span style=\"display: none;\" class=\"twp-react-count\">0<\/span>\n                                                                        <span class=\"twp-react-percent\"><span>0<\/span> %<\/span>\n                                            <\/div>\n                <\/div>\n\n            <\/div>\n        <\/div>\n\n    ","protected":false},"excerpt":{"rendered":"<p>El Festival de Cortos de Bogot\u00e1 \/ Bogot\u00e1 Short Film Festival &#8211; BOGOSHORTS celebrar\u00e1 su vig\u00e9simoprimera edici\u00f3n del<\/p>\n<div class=\"pvc_clear\"><\/div>\n<p id=\"pvc_stats_9778\" class=\"pvc_stats all  \" data-element-id=\"9778\" style=\"\"><i class=\"pvc-stats-icon large\" aria-hidden=\"true\"><svg aria-hidden=\"true\" focusable=\"false\" data-prefix=\"far\" data-icon=\"chart-bar\" role=\"img\" xmlns=\"http:\/\/www.w3.org\/2000\/svg\" viewBox=\"0 0 512 512\" class=\"svg-inline--fa fa-chart-bar fa-w-16 fa-2x\"><path fill=\"currentColor\" d=\"M396.8 352h22.4c6.4 0 12.8-6.4 12.8-12.8V108.8c0-6.4-6.4-12.8-12.8-12.8h-22.4c-6.4 0-12.8 6.4-12.8 12.8v230.4c0 6.4 6.4 12.8 12.8 12.8zm-192 0h22.4c6.4 0 12.8-6.4 12.8-12.8V140.8c0-6.4-6.4-12.8-12.8-12.8h-22.4c-6.4 0-12.8 6.4-12.8 12.8v198.4c0 6.4 6.4 12.8 12.8 12.8zm96 0h22.4c6.4 0 12.8-6.4 12.8-12.8V204.8c0-6.4-6.4-12.8-12.8-12.8h-22.4c-6.4 0-12.8 6.4-12.8 12.8v134.4c0 6.4 6.4 12.8 12.8 12.8zM496 400H48V80c0-8.84-7.16-16-16-16H16C7.16 64 0 71.16 0 80v336c0 17.67 14.33 32 32 32h464c8.84 0 16-7.16 16-16v-16c0-8.84-7.16-16-16-16zm-387.2-48h22.4c6.4 0 12.8-6.4 12.8-12.8v-70.4c0-6.4-6.4-12.8-12.8-12.8h-22.4c-6.4 0-12.8 6.4-12.8 12.8v70.4c0 6.4 6.4 12.8 12.8 12.8z\" class=\"\"><\/path><\/svg><\/i> <img decoding=\"async\" width=\"16\" height=\"16\" alt=\"Loading\" src=\"https:\/\/www.periodicolapislazuli.com\/noticias\/wp-content\/plugins\/page-views-count\/ajax-loader-2x.gif\" border=0 \/><\/p>\n<div class=\"pvc_clear\"><\/div>\n","protected":false},"author":3,"featured_media":9780,"comment_status":"closed","ping_status":"open","sticky":false,"template":"","format":"standard","meta":{"om_disable_all_campaigns":false,"pagelayer_contact_templates":[],"_pagelayer_content":"","_monsterinsights_skip_tracking":false,"_monsterinsights_sitenote_active":false,"_monsterinsights_sitenote_note":"","_monsterinsights_sitenote_category":0,"footnotes":""},"categories":[24,15],"tags":[1016,48,1718,60,213,3353,41,3354],"class_list":["post-9778","post","type-post","status-publish","format-standard","has-post-thumbnail","hentry","category-cine","category-convocatorias","tag-bogoshorts","tag-bogota","tag-bogota-short-film-festival","tag-colombia","tag-convocatorias","tag-cortos-de-bogota","tag-festival","tag-santa-lucia"],"a3_pvc":{"activated":true,"total_views":125,"today_views":0},"jetpack_featured_media_url":"https:\/\/www.periodicolapislazuli.com\/noticias\/wp-content\/uploads\/2023\/04\/festival-cine.20231.jpg","_links":{"self":[{"href":"https:\/\/www.periodicolapislazuli.com\/noticias\/wp-json\/wp\/v2\/posts\/9778","targetHints":{"allow":["GET"]}}],"collection":[{"href":"https:\/\/www.periodicolapislazuli.com\/noticias\/wp-json\/wp\/v2\/posts"}],"about":[{"href":"https:\/\/www.periodicolapislazuli.com\/noticias\/wp-json\/wp\/v2\/types\/post"}],"author":[{"embeddable":true,"href":"https:\/\/www.periodicolapislazuli.com\/noticias\/wp-json\/wp\/v2\/users\/3"}],"replies":[{"embeddable":true,"href":"https:\/\/www.periodicolapislazuli.com\/noticias\/wp-json\/wp\/v2\/comments?post=9778"}],"version-history":[{"count":2,"href":"https:\/\/www.periodicolapislazuli.com\/noticias\/wp-json\/wp\/v2\/posts\/9778\/revisions"}],"predecessor-version":[{"id":9782,"href":"https:\/\/www.periodicolapislazuli.com\/noticias\/wp-json\/wp\/v2\/posts\/9778\/revisions\/9782"}],"wp:featuredmedia":[{"embeddable":true,"href":"https:\/\/www.periodicolapislazuli.com\/noticias\/wp-json\/wp\/v2\/media\/9780"}],"wp:attachment":[{"href":"https:\/\/www.periodicolapislazuli.com\/noticias\/wp-json\/wp\/v2\/media?parent=9778"}],"wp:term":[{"taxonomy":"category","embeddable":true,"href":"https:\/\/www.periodicolapislazuli.com\/noticias\/wp-json\/wp\/v2\/categories?post=9778"},{"taxonomy":"post_tag","embeddable":true,"href":"https:\/\/www.periodicolapislazuli.com\/noticias\/wp-json\/wp\/v2\/tags?post=9778"}],"curies":[{"name":"wp","href":"https:\/\/api.w.org\/{rel}","templated":true}]}}