{"id":9645,"date":"2023-03-13T16:23:12","date_gmt":"2023-03-13T16:23:12","guid":{"rendered":"https:\/\/www.periodicolapislazuli.com\/noticias\/?p=9645"},"modified":"2023-03-13T17:01:09","modified_gmt":"2023-03-13T17:01:09","slug":"consulta-la-programacion-de-imperdibles-de-la-scrd-semana-del-10-al-16-de-marzo","status":"publish","type":"post","link":"https:\/\/www.periodicolapislazuli.com\/noticias\/consulta-la-programacion-de-imperdibles-de-la-scrd-semana-del-10-al-16-de-marzo\/","title":{"rendered":"Consulta la programaci\u00f3n de imperdibles de la SCRD | semana del 10 al 16 de marzo"},"content":{"rendered":"<div class='booster-block booster-read-block'>\n                <div class=\"twp-read-time\">\n                \t<i class=\"booster-icon twp-clock\"><\/i> <span>Read Time:<\/span>1 Minute, 51 Second                <\/div>\n\n            <\/div><p style=\"text-align: justify; padding-left: 80px;\"><span style=\"color: #800000;\"><strong>Ensamble de cornos de la OFB en el Teatro Mayor Julio Mario Santo Domingo, charlas ciudadanas, club literario patrimonial, relatos de mujeres poderosas, pre\u00e1mbulo de Colombia al Parque y m\u00e1s actividades imperdibles.<\/strong><\/span><\/p>\n<p>&nbsp;<\/p>\n<p>&nbsp;<\/p>\n<p><img fetchpriority=\"high\" decoding=\"async\" class=\"aligncenter wp-image-9646 size-full\" src=\"https:\/\/www.periodicolapislazuli.com\/noticias\/wp-content\/uploads\/2023\/03\/imperdibles_home_10032023_0.png\" alt=\"\" width=\"741\" height=\"447\" srcset=\"https:\/\/www.periodicolapislazuli.com\/noticias\/wp-content\/uploads\/2023\/03\/imperdibles_home_10032023_0.png 741w, https:\/\/www.periodicolapislazuli.com\/noticias\/wp-content\/uploads\/2023\/03\/imperdibles_home_10032023_0-200x120.png 200w\" sizes=\"(max-width: 741px) 100vw, 741px\" \/><\/p>\n<div id=\"block-cabezoteimperdibles\">\n<div>\n<h3 style=\"padding-left: 40px; text-align: right;\">Cultura, Recreaci\u00f3n y Deporte<\/h3>\n<blockquote>\n<h2 style=\"padding-left: 40px;\"><span style=\"color: #800000;\">SEMANA DEL 10 AL 16 DE MARZO<\/span><\/h2>\n<p>&nbsp;<\/p><\/blockquote>\n<p style=\"padding-left: 440px; text-align: justify;\">Ensamble de cornos de la OFB en el Teatro Mayor Julio Mario Santo Domingo, charlas ciudadanas, club literario patrimonial, relatos de mujeres poderosas, pre\u00e1mbulo de Colombia al Parque y m\u00e1s actividades imperdibles.<\/p>\n<p>&nbsp;<\/p>\n<\/div>\n<p style=\"padding-left: 40px;\">\n<\/div>\n<div id=\"block-views-block-lista-eventos-imperdibles-block-1\" style=\"padding-left: 40px;\" data-block=\"relevante\">\n<div style=\"padding-left: 40px;\">\n<hr style=\"padding-left: 40px;\" \/>\n<div style=\"padding-left: 40px;\">\n<div style=\"padding-left: 40px;\">\n<p style=\"padding-left: 40px;\">\n<\/div>\n<div style=\"padding-left: 40px;\">\n<h3 style=\"padding-left: 40px;\"><\/h3>\n<\/div>\n<\/div>\n<\/div>\n<p style=\"padding-left: 40px;\">\n<\/div>\n<hr style=\"padding-left: 40px;\" \/>\n<div id=\"readability-page-1\" class=\"page\" style=\"padding-left: 40px;\">\n<div id=\"block-views-block-lista-eventos-imperdibles-block-1\" style=\"padding-left: 40px;\" data-block=\"relevante\">\n<div style=\"padding-left: 40px;\">\n<div style=\"padding-left: 40px;\">\n<p style=\"padding-left: 40px;\">\n<table border=\"1\" width=\"70%\">\n<tbody>\n<tr>\n<th scope=\"col\">\n<p style=\"padding-left: 40px;\"><a href=\"https:\/\/www.culturarecreacionydeporte.gov.co\/es\/eventos\/temporada-ofb-7\" hreflang=\"es\" target=\"_blank\" rel=\"noopener\"><img decoding=\"async\" class=\"moz-reader-block-img alignleft\" src=\"https:\/\/www.culturarecreacionydeporte.gov.co\/sites\/default\/files\/styles\/440_440_cuadrada_pixeles\/public\/images\/ofb-teatro-estudio.png?itok=O-OfbMsG\" alt=\"Grupo filarm\u00f3nico juvenil posando ante la c\u00e1mara\" width=\"200\" height=\"200\" \/><\/a><\/p>\n<p style=\"padding-left: 40px;\">OFB<\/p>\n<\/th>\n<th scope=\"col\">\n<h3 style=\"padding-left: 40px;\"><a href=\"https:\/\/www.culturarecreacionydeporte.gov.co\/es\/eventos\/temporada-ofb-7\" hreflang=\"es\" target=\"_blank\" rel=\"noopener\">Temporada OFB<\/a><\/h3>\n<p style=\"padding-left: 40px;\"><b> 12 de Marzo <\/b><\/p>\n<p style=\"padding-left: 40px;\">El Ensamble de cornos de la Filarm\u00f3nica de Bogot\u00e1 llega al Teatro Estudio del Teatro Mayor con un programa maravilloso cargado de obras universales.<\/p>\n<\/th>\n<\/tr>\n<tr>\n<td>\n<p style=\"padding-left: 40px;\"><a href=\"https:\/\/www.culturarecreacionydeporte.gov.co\/es\/eventos\/charla-ciudadana-mujer-y-genero\" hreflang=\"es\" target=\"_blank\" rel=\"noopener\"><img decoding=\"async\" class=\"moz-reader-block-img alignleft\" src=\"https:\/\/www.culturarecreacionydeporte.gov.co\/sites\/default\/files\/styles\/440_440_cuadrada_pixeles\/public\/images\/jovenes-lectoras.png?itok=ygqZ7GAq\" alt=\"J\u00f3venes lectoras\" width=\"200\" height=\"200\" \/><\/a><\/p>\n<p style=\"padding-left: 40px;\"><strong>BibloRed<\/strong><\/p>\n<\/td>\n<td><\/td>\n<\/tr>\n<tr>\n<td><a href=\"https:\/\/www.culturarecreacionydeporte.gov.co\/es\/eventos\/colombia-al-parque-abre-con-bogota-como-escenario\" hreflang=\"es\" target=\"_blank\" rel=\"noopener\"><img loading=\"lazy\" decoding=\"async\" class=\"moz-reader-block-img alignleft\" src=\"https:\/\/www.culturarecreacionydeporte.gov.co\/sites\/default\/files\/styles\/440_440_cuadrada_pixeles\/public\/images\/colombia-al-parque_1.jpg?itok=jmlYngO2\" alt=\"Ilustraci\u00f3n Colombia al Parque\" width=\"200\" height=\"200\" \/><\/a><\/p>\n<p style=\"padding-left: 40px;\"><strong>Idartes<\/strong><\/p>\n<\/td>\n<td><\/td>\n<\/tr>\n<tr>\n<td><a href=\"https:\/\/www.culturarecreacionydeporte.gov.co\/es\/eventos\/el-parque-santander-vive\" hreflang=\"es\" target=\"_blank\" rel=\"noopener\"><img loading=\"lazy\" decoding=\"async\" class=\"moz-reader-block-img alignleft\" src=\"https:\/\/www.culturarecreacionydeporte.gov.co\/sites\/default\/files\/styles\/440_440_cuadrada_pixeles\/public\/images\/parque-santander.png?itok=dQq0vd8W\" alt=\"Evento cultural en el Parque Santander\" width=\"200\" height=\"200\" \/><\/a><\/p>\n<p style=\"padding-left: 40px;\">FUGA<\/p>\n<\/td>\n<td>\n<h3 style=\"padding-left: 40px;\"><a href=\"https:\/\/www.culturarecreacionydeporte.gov.co\/es\/eventos\/el-parque-santander-vive\" hreflang=\"es\" target=\"_blank\" rel=\"noopener\">\u00a1El Parque Santander vive!<\/a><\/h3>\n<p style=\"padding-left: 40px;\"><b> 10 al 16 de Marzo <\/b><\/p>\n<p style=\"padding-left: 40px;\">La FUGA, como todos los viernes, tiene una variada agenda de actividades art\u00edsticas y culturales en el Parque Santander para dar inicio al fin de semana.<\/p>\n<\/td>\n<\/tr>\n<tr>\n<td><a href=\"https:\/\/www.culturarecreacionydeporte.gov.co\/es\/eventos\/concierto-ofb\" hreflang=\"es\" target=\"_blank\" rel=\"noopener\"><img loading=\"lazy\" decoding=\"async\" class=\"moz-reader-block-img alignleft\" src=\"https:\/\/www.culturarecreacionydeporte.gov.co\/sites\/default\/files\/styles\/440_440_cuadrada_pixeles\/public\/images\/arpa.png?itok=2vR2I49J\" alt=\"Mujer al lado de un arpa\" width=\"200\" height=\"200\" \/><\/a><\/td>\n<td>\n<div style=\"padding-left: 40px;\">\n<p style=\"padding-left: 40px;\">OFB<\/p>\n<\/div>\n<div style=\"padding-left: 40px;\">\n<h3 style=\"padding-left: 40px;\"><a href=\"https:\/\/www.culturarecreacionydeporte.gov.co\/es\/eventos\/concierto-ofb\" hreflang=\"es\" target=\"_blank\" rel=\"noopener\">Concierto OFB <\/a><\/h3>\n<p style=\"padding-left: 40px;\"><b> 10 de Marzo <\/b><\/p>\n<p style=\"padding-left: 40px;\">La Orquesta Filarm\u00f3nica de Bogot\u00e1 llega a la localidad de La Candelaria con un concierto en el que las mujeres ser\u00e1n las protagonistas.<\/p>\n<\/div>\n<\/td>\n<\/tr>\n<tr>\n<td><span style=\"padding-left: 40px;\">Movida Local<\/span><\/td>\n<td><\/td>\n<\/tr>\n<tr>\n<td>\n<p style=\"padding-left: 40px;\"><a href=\"https:\/\/www.culturarecreacionydeporte.gov.co\/es\/eventos\/mujeres-poderosas-en-capital\" hreflang=\"es\" target=\"_blank\" rel=\"noopener\"><img loading=\"lazy\" decoding=\"async\" class=\"moz-reader-block-img alignleft\" src=\"https:\/\/www.culturarecreacionydeporte.gov.co\/sites\/default\/files\/styles\/440_440_cuadrada_pixeles\/public\/images\/poderosas.png?itok=vWHl87U7\" alt=\"Hombre y mujer sentados conversando\" width=\"200\" height=\"200\" \/><\/a><\/p>\n<p style=\"padding-left: 40px;\">Capital Sistema de Comunicaci\u00f3n P\u00fablica<\/p>\n<\/td>\n<td>\n<h3 style=\"padding-left: 40px;\"><a href=\"https:\/\/www.culturarecreacionydeporte.gov.co\/es\/eventos\/mujeres-poderosas-en-capital\" hreflang=\"es\" target=\"_blank\" rel=\"noopener\">Mujeres poderosas en Capital<\/a><\/h3>\n<p style=\"padding-left: 40px;\"><b> 13 al 17 de Marzo <\/b><\/p>\n<p style=\"padding-left: 40px;\">Conceptos relacionados con el feminismo como heteropatriarcado o empoderamiento, ser\u00e1n abordados de forma clara y sencilla en Las poderosas, la nueva serie de Capital.<\/p>\n<\/td>\n<\/tr>\n<tr>\n<td>\n<div style=\"padding-left: 40px;\">\n<div style=\"padding-left: 40px;\">\n<div style=\"padding-left: 40px;\">\n<p style=\"padding-left: 40px;\"><a href=\"https:\/\/www.culturarecreacionydeporte.gov.co\/es\/eventos\/otra-cara-de-la-plazoleta-misak\" hreflang=\"es\" target=\"_blank\" rel=\"noopener\"><img loading=\"lazy\" decoding=\"async\" class=\"moz-reader-block-img alignleft\" src=\"https:\/\/www.culturarecreacionydeporte.gov.co\/sites\/default\/files\/styles\/440_440_cuadrada_pixeles\/public\/images\/cinemateca-interior.png?itok=nRMmCz27\" alt=\"Interior de sala de la Cinemateca de Bogot\u00e1\" width=\"200\" height=\"200\" \/><\/a><\/p>\n<p style=\"padding-left: 40px;\">Idartes<\/p>\n<\/div>\n<\/div>\n<\/div>\n<\/td>\n<td>\n<div style=\"padding-left: 40px;\"><\/div>\n<div style=\"padding-left: 40px;\">\n<h3 style=\"padding-left: 40px;\"><a href=\"https:\/\/www.culturarecreacionydeporte.gov.co\/es\/eventos\/otra-cara-de-la-plazoleta-misak\" hreflang=\"es\" target=\"_blank\" rel=\"noopener\">Otra cara de la Plazoleta Misak <\/a><\/h3>\n<p style=\"padding-left: 40px;\"><b> 10 al 20 de Marzo <\/b><\/p>\n<p style=\"padding-left: 40px;\">Un acercamiento pl\u00e1stico al sitio que promueve discusiones en torno a lo patrimonial y a los procesos de memoria.<\/p>\n<\/div>\n<\/td>\n<\/tr>\n<tr>\n<td>\n<p style=\"padding-left: 40px;\"><a href=\"https:\/\/www.culturarecreacionydeporte.gov.co\/es\/eventos\/tras-las-huellas-patrimoniales\" hreflang=\"es\" target=\"_blank\" rel=\"noopener\"><img loading=\"lazy\" decoding=\"async\" class=\"moz-reader-block-img alignleft\" src=\"https:\/\/www.culturarecreacionydeporte.gov.co\/sites\/default\/files\/styles\/440_440_cuadrada_pixeles\/public\/images\/huellas.jpg?itok=SRuWOyN9\" alt=\"Mujer tomando un libro de una biblioteca\" width=\"200\" height=\"200\" \/><\/a><\/p>\n<p style=\"padding-left: 40px;\">FUGA<\/p>\n<\/td>\n<td>\n<h3 style=\"padding-left: 40px;\"><a href=\"https:\/\/www.culturarecreacionydeporte.gov.co\/es\/eventos\/tras-las-huellas-patrimoniales\" hreflang=\"es\" target=\"_blank\" rel=\"noopener\">Tras las huellas patrimoniales <\/a><\/h3>\n<p style=\"padding-left: 40px;\"><b> 16 de Marzo <\/b><\/p>\n<p style=\"padding-left: 40px;\">La Biblioteca FUGA te invita a deambular por callejones, caminos y calles de nuestra ciudad a trav\u00e9s de este divertido club.<\/p>\n<\/td>\n<\/tr>\n<tr>\n<td>\n<div style=\"padding-left: 40px;\"><\/div>\n<div style=\"padding-left: 40px;\">\n<div style=\"padding-left: 40px;\">\n<div style=\"padding-left: 40px;\">\n<p style=\"padding-left: 40px;\"><a href=\"https:\/\/www.culturarecreacionydeporte.gov.co\/es\/eventos\/fiesta-circular\" hreflang=\"es\" target=\"_blank\" rel=\"noopener\"><img loading=\"lazy\" decoding=\"async\" class=\"moz-reader-block-img alignleft\" src=\"https:\/\/www.culturarecreacionydeporte.gov.co\/sites\/default\/files\/styles\/440_440_cuadrada_pixeles\/public\/images\/personas-en-sala-labco.png?itok=Hs6RqItQ\" alt=\"Dos personas en la salsa LabCo\" width=\"200\" height=\"200\" \/><\/a><\/p>\n<p style=\"padding-left: 40px;\">BibloRed<\/p>\n<\/div>\n<\/div>\n<\/div>\n<\/td>\n<td>\n<div style=\"padding-left: 40px;\"><\/div>\n<div style=\"padding-left: 40px;\">\n<h3 style=\"padding-left: 40px;\"><a href=\"https:\/\/www.culturarecreacionydeporte.gov.co\/es\/eventos\/fiesta-circular\" hreflang=\"es\" target=\"_blank\" rel=\"noopener\">Fiesta circular<\/a><\/h3>\n<p style=\"padding-left: 40px;\"><b> 16 de Marzo <\/b><\/p>\n<p style=\"padding-left: 40px;\">Encontr\u00e9monos en\u00a0esta\u00a0fiesta en la que todas y todos podemos traer algo para compartir.<\/p>\n<\/div>\n<\/td>\n<\/tr>\n<tr>\n<td>\n<p style=\"padding-left: 40px;\"><a href=\"https:\/\/www.culturarecreacionydeporte.gov.co\/es\/eventos\/el-reto-de-derrumbar-los-estereotipos\" hreflang=\"es\" target=\"_blank\" rel=\"noopener\"><img loading=\"lazy\" decoding=\"async\" class=\"moz-reader-block-img alignleft\" src=\"https:\/\/www.culturarecreacionydeporte.gov.co\/sites\/default\/files\/styles\/440_440_cuadrada_pixeles\/public\/images\/estudiantes_1.png?itok=ieDOq-at\" alt=\"Estudiantes con uniforme posando frente a una c\u00e1mara\" width=\"200\" height=\"200\" \/><\/a><\/p>\n<p style=\"padding-left: 40px;\">Eureka tu canal<\/p>\n<\/td>\n<td>\n<h3 style=\"padding-left: 40px;\"><a href=\"https:\/\/www.culturarecreacionydeporte.gov.co\/es\/eventos\/el-reto-de-derrumbar-los-estereotipos\" hreflang=\"es\" target=\"_blank\" rel=\"noopener\">El reto de derrumbar los estereotipos <\/a><\/h3>\n<p style=\"padding-left: 40px;\"><b> 13 de Marzo <\/b><\/p>\n<p style=\"padding-left: 40px;\">Eureka tu canal contin\u00faa con la programaci\u00f3n sobre la equidad de g\u00e9nero y un especial para conmemorar el D\u00eda Internacional de la Mujer.<\/p>\n<\/td>\n<\/tr>\n<tr>\n<td>\n<div style=\"padding-left: 40px;\">\n<div style=\"padding-left: 40px;\">\n<p style=\"padding-left: 40px;\"><a href=\"https:\/\/www.culturarecreacionydeporte.gov.co\/es\/eventos\/la-maga-de-magas-de-briela-ojeda\" hreflang=\"es\" target=\"_blank\" rel=\"noopener\"><img loading=\"lazy\" decoding=\"async\" class=\"moz-reader-block-img alignleft\" src=\"https:\/\/www.culturarecreacionydeporte.gov.co\/sites\/default\/files\/styles\/440_440_cuadrada_pixeles\/public\/images\/briela-ojeda.png?itok=QdB5NtTi\" alt=\"Rostro de Briela Ojeda \" width=\"200\" height=\"200\" \/><\/a><\/p>\n<p style=\"padding-left: 40px;\">Agenda Ciudad<\/p>\n<\/div>\n<\/div>\n<\/td>\n<td>\n<div style=\"padding-left: 40px;\"><\/div>\n<div style=\"padding-left: 40px;\">\n<h3 style=\"padding-left: 40px;\"><a href=\"https:\/\/www.culturarecreacionydeporte.gov.co\/es\/eventos\/la-maga-de-magas-de-briela-ojeda\" hreflang=\"es\" target=\"_blank\" rel=\"noopener\">\u2018La maga de magas\u2019 de Briela Ojeda <\/a><\/h3>\n<p style=\"padding-left: 40px;\"><b> 12 de Marzo <\/b><\/p>\n<p style=\"padding-left: 40px;\">La cantautora nari\u00f1ense llega al escenario del Teatro Mayor con canciones impregnadas del poder y la dulzura de sus letras.<\/p>\n<\/div>\n<\/td>\n<\/tr>\n<\/tbody>\n<\/table>\n<p>&nbsp;<\/p>\n<p>&nbsp;<\/p>\n<p>&nbsp;<\/p>\n<p>&nbsp;<\/p>\n<p>&nbsp;<\/p>\n<hr \/>\n<\/div>\n<\/div>\n<\/div>\n<\/div>\n<div class=\"pvc_clear\"><\/div>\n<p id=\"pvc_stats_9645\" class=\"pvc_stats all  \" data-element-id=\"9645\" style=\"\"><i class=\"pvc-stats-icon large\" aria-hidden=\"true\"><svg aria-hidden=\"true\" focusable=\"false\" data-prefix=\"far\" data-icon=\"chart-bar\" role=\"img\" xmlns=\"http:\/\/www.w3.org\/2000\/svg\" viewBox=\"0 0 512 512\" class=\"svg-inline--fa fa-chart-bar fa-w-16 fa-2x\"><path fill=\"currentColor\" d=\"M396.8 352h22.4c6.4 0 12.8-6.4 12.8-12.8V108.8c0-6.4-6.4-12.8-12.8-12.8h-22.4c-6.4 0-12.8 6.4-12.8 12.8v230.4c0 6.4 6.4 12.8 12.8 12.8zm-192 0h22.4c6.4 0 12.8-6.4 12.8-12.8V140.8c0-6.4-6.4-12.8-12.8-12.8h-22.4c-6.4 0-12.8 6.4-12.8 12.8v198.4c0 6.4 6.4 12.8 12.8 12.8zm96 0h22.4c6.4 0 12.8-6.4 12.8-12.8V204.8c0-6.4-6.4-12.8-12.8-12.8h-22.4c-6.4 0-12.8 6.4-12.8 12.8v134.4c0 6.4 6.4 12.8 12.8 12.8zM496 400H48V80c0-8.84-7.16-16-16-16H16C7.16 64 0 71.16 0 80v336c0 17.67 14.33 32 32 32h464c8.84 0 16-7.16 16-16v-16c0-8.84-7.16-16-16-16zm-387.2-48h22.4c6.4 0 12.8-6.4 12.8-12.8v-70.4c0-6.4-6.4-12.8-12.8-12.8h-22.4c-6.4 0-12.8 6.4-12.8 12.8v70.4c0 6.4 6.4 12.8 12.8 12.8z\" class=\"\"><\/path><\/svg><\/i> <img loading=\"lazy\" decoding=\"async\" width=\"16\" height=\"16\" alt=\"Loading\" src=\"https:\/\/www.periodicolapislazuli.com\/noticias\/wp-content\/plugins\/page-views-count\/ajax-loader-2x.gif\" border=0 \/><\/p>\n<div class=\"pvc_clear\"><\/div>\n        <div class=\"booster-block booster-reactions-block\">\n            <div class=\"twp-reactions-icons\">\n                \n                <div class=\"twp-reacts-wrap\">\n                    <a react-data=\"be-react-1\" post-id=\"9645\" class=\"be-face-icons un-reacted\" href=\"javascript:void(0)\">\n                        <img decoding=\"async\" src=\"https:\/\/www.periodicolapislazuli.com\/noticias\/wp-content\/plugins\/booster-extension\/\/assets\/icon\/happy.svg\" alt=\"Happy\">\n                    <\/a>\n                    <div class=\"twp-reaction-title\">\n                        Happy                    <\/div>\n                    <div class=\"twp-count-percent\">\n                                                    <span style=\"display: none;\" class=\"twp-react-count\">0<\/span>\n                        \n                                                <span class=\"twp-react-percent\"><span>0<\/span> %<\/span>\n                                            <\/div>\n                <\/div>\n\n                <div class=\"twp-reacts-wrap\">\n                    <a react-data=\"be-react-2\" post-id=\"9645\" class=\"be-face-icons un-reacted\" href=\"javascript:void(0)\">\n                        <img decoding=\"async\" src=\"https:\/\/www.periodicolapislazuli.com\/noticias\/wp-content\/plugins\/booster-extension\/\/assets\/icon\/sad.svg\" alt=\"Sad\">\n                    <\/a>\n                    <div class=\"twp-reaction-title\">\n                        Sad                    <\/div>\n                    <div class=\"twp-count-percent\">\n                                                    <span style=\"display: none;\" class=\"twp-react-count\">0<\/span>\n                                                                        <span class=\"twp-react-percent\"><span>0<\/span> %<\/span>\n                                            <\/div>\n                <\/div>\n\n                <div class=\"twp-reacts-wrap\">\n                    <a react-data=\"be-react-3\" post-id=\"9645\" class=\"be-face-icons un-reacted\" href=\"javascript:void(0)\">\n                        <img decoding=\"async\" src=\"https:\/\/www.periodicolapislazuli.com\/noticias\/wp-content\/plugins\/booster-extension\/\/assets\/icon\/excited.svg\" alt=\"Excited\">\n                    <\/a>\n                    <div class=\"twp-reaction-title\">\n                        Excited                    <\/div>\n                    <div class=\"twp-count-percent\">\n                                                    <span style=\"display: none;\" class=\"twp-react-count\">0<\/span>\n                                                                        <span class=\"twp-react-percent\"><span>0<\/span> %<\/span>\n                                            <\/div>\n                <\/div>\n\n                <div class=\"twp-reacts-wrap\">\n                    <a react-data=\"be-react-6\" post-id=\"9645\" class=\"be-face-icons un-reacted\" href=\"javascript:void(0)\">\n                        <img decoding=\"async\" src=\"https:\/\/www.periodicolapislazuli.com\/noticias\/wp-content\/plugins\/booster-extension\/\/assets\/icon\/sleepy.svg\" alt=\"Sleepy\">\n                    <\/a>\n                    <div class=\"twp-reaction-title\">\n                        Sleepy                    <\/div>\n                    <div class=\"twp-count-percent\">\n                                                    <span style=\"display: none;\" class=\"twp-react-count\">0<\/span>\n                        \n                                                <span class=\"twp-react-percent\"><span>0<\/span> %<\/span>\n                                            <\/div>\n                <\/div>\n\n                <div class=\"twp-reacts-wrap\">\n                    <a react-data=\"be-react-4\" post-id=\"9645\" class=\"be-face-icons un-reacted\" href=\"javascript:void(0)\">\n                        <img decoding=\"async\" src=\"https:\/\/www.periodicolapislazuli.com\/noticias\/wp-content\/plugins\/booster-extension\/\/assets\/icon\/angry.svg\" alt=\"Angry\">\n                    <\/a>\n                    <div class=\"twp-reaction-title\">Angry<\/div>\n                    <div class=\"twp-count-percent\">\n                                                    <span style=\"display: none;\" class=\"twp-react-count\">0<\/span>\n                                                                        <span class=\"twp-react-percent\"><span>0<\/span> %<\/span>\n                        \n                    <\/div>\n                <\/div>\n\n                <div class=\"twp-reacts-wrap\">\n                    <a react-data=\"be-react-5\" post-id=\"9645\" class=\"be-face-icons un-reacted\" href=\"javascript:void(0)\">\n                        <img decoding=\"async\" src=\"https:\/\/www.periodicolapislazuli.com\/noticias\/wp-content\/plugins\/booster-extension\/\/assets\/icon\/surprise.svg\" alt=\"Surprise\">\n                    <\/a>\n                    <div class=\"twp-reaction-title\">Surprise<\/div>\n                    <div class=\"twp-count-percent\">\n                                                    <span style=\"display: none;\" class=\"twp-react-count\">0<\/span>\n                                                                        <span class=\"twp-react-percent\"><span>0<\/span> %<\/span>\n                                            <\/div>\n                <\/div>\n\n            <\/div>\n        <\/div>\n\n    ","protected":false},"excerpt":{"rendered":"<p>Ensamble de cornos de la OFB en el Teatro Mayor Julio Mario Santo Domingo, charlas ciudadanas, club literario<\/p>\n<div class=\"pvc_clear\"><\/div>\n<p id=\"pvc_stats_9645\" class=\"pvc_stats all  \" data-element-id=\"9645\" style=\"\"><i class=\"pvc-stats-icon large\" aria-hidden=\"true\"><svg aria-hidden=\"true\" focusable=\"false\" data-prefix=\"far\" data-icon=\"chart-bar\" role=\"img\" xmlns=\"http:\/\/www.w3.org\/2000\/svg\" viewBox=\"0 0 512 512\" class=\"svg-inline--fa fa-chart-bar fa-w-16 fa-2x\"><path fill=\"currentColor\" d=\"M396.8 352h22.4c6.4 0 12.8-6.4 12.8-12.8V108.8c0-6.4-6.4-12.8-12.8-12.8h-22.4c-6.4 0-12.8 6.4-12.8 12.8v230.4c0 6.4 6.4 12.8 12.8 12.8zm-192 0h22.4c6.4 0 12.8-6.4 12.8-12.8V140.8c0-6.4-6.4-12.8-12.8-12.8h-22.4c-6.4 0-12.8 6.4-12.8 12.8v198.4c0 6.4 6.4 12.8 12.8 12.8zm96 0h22.4c6.4 0 12.8-6.4 12.8-12.8V204.8c0-6.4-6.4-12.8-12.8-12.8h-22.4c-6.4 0-12.8 6.4-12.8 12.8v134.4c0 6.4 6.4 12.8 12.8 12.8zM496 400H48V80c0-8.84-7.16-16-16-16H16C7.16 64 0 71.16 0 80v336c0 17.67 14.33 32 32 32h464c8.84 0 16-7.16 16-16v-16c0-8.84-7.16-16-16-16zm-387.2-48h22.4c6.4 0 12.8-6.4 12.8-12.8v-70.4c0-6.4-6.4-12.8-12.8-12.8h-22.4c-6.4 0-12.8 6.4-12.8 12.8v70.4c0 6.4 6.4 12.8 12.8 12.8z\" class=\"\"><\/path><\/svg><\/i> <img loading=\"lazy\" decoding=\"async\" width=\"16\" height=\"16\" alt=\"Loading\" src=\"https:\/\/www.periodicolapislazuli.com\/noticias\/wp-content\/plugins\/page-views-count\/ajax-loader-2x.gif\" border=0 \/><\/p>\n<div class=\"pvc_clear\"><\/div>\n","protected":false},"author":3,"featured_media":9646,"comment_status":"closed","ping_status":"open","sticky":false,"template":"","format":"standard","meta":{"om_disable_all_campaigns":false,"pagelayer_contact_templates":[],"_pagelayer_content":"","_monsterinsights_skip_tracking":false,"_monsterinsights_sitenote_active":false,"_monsterinsights_sitenote_note":"","_monsterinsights_sitenote_category":0,"footnotes":""},"categories":[5],"tags":[138,3330,65,437],"class_list":["post-9645","post","type-post","status-publish","format-standard","has-post-thumbnail","hentry","category-eventos","tag-agenda","tag-imperdibles","tag-programacion","tag-scrd"],"a3_pvc":{"activated":true,"total_views":103,"today_views":0},"jetpack_featured_media_url":"https:\/\/www.periodicolapislazuli.com\/noticias\/wp-content\/uploads\/2023\/03\/imperdibles_home_10032023_0.png","_links":{"self":[{"href":"https:\/\/www.periodicolapislazuli.com\/noticias\/wp-json\/wp\/v2\/posts\/9645","targetHints":{"allow":["GET"]}}],"collection":[{"href":"https:\/\/www.periodicolapislazuli.com\/noticias\/wp-json\/wp\/v2\/posts"}],"about":[{"href":"https:\/\/www.periodicolapislazuli.com\/noticias\/wp-json\/wp\/v2\/types\/post"}],"author":[{"embeddable":true,"href":"https:\/\/www.periodicolapislazuli.com\/noticias\/wp-json\/wp\/v2\/users\/3"}],"replies":[{"embeddable":true,"href":"https:\/\/www.periodicolapislazuli.com\/noticias\/wp-json\/wp\/v2\/comments?post=9645"}],"version-history":[{"count":5,"href":"https:\/\/www.periodicolapislazuli.com\/noticias\/wp-json\/wp\/v2\/posts\/9645\/revisions"}],"predecessor-version":[{"id":9652,"href":"https:\/\/www.periodicolapislazuli.com\/noticias\/wp-json\/wp\/v2\/posts\/9645\/revisions\/9652"}],"wp:featuredmedia":[{"embeddable":true,"href":"https:\/\/www.periodicolapislazuli.com\/noticias\/wp-json\/wp\/v2\/media\/9646"}],"wp:attachment":[{"href":"https:\/\/www.periodicolapislazuli.com\/noticias\/wp-json\/wp\/v2\/media?parent=9645"}],"wp:term":[{"taxonomy":"category","embeddable":true,"href":"https:\/\/www.periodicolapislazuli.com\/noticias\/wp-json\/wp\/v2\/categories?post=9645"},{"taxonomy":"post_tag","embeddable":true,"href":"https:\/\/www.periodicolapislazuli.com\/noticias\/wp-json\/wp\/v2\/tags?post=9645"}],"curies":[{"name":"wp","href":"https:\/\/api.w.org\/{rel}","templated":true}]}}