{"id":9540,"date":"2023-02-28T08:15:21","date_gmt":"2023-02-28T08:15:21","guid":{"rendered":"https:\/\/www.periodicolapislazuli.com\/noticias\/?p=9540"},"modified":"2023-02-28T08:15:21","modified_gmt":"2023-02-28T08:15:21","slug":"descubriendo-la-fundacion-rinconesarte-internacional-de-fresno-para-el-mundo","status":"publish","type":"post","link":"https:\/\/www.periodicolapislazuli.com\/noticias\/descubriendo-la-fundacion-rinconesarte-internacional-de-fresno-para-el-mundo\/","title":{"rendered":"Descubriendo la Fundaci\u00f3n Rinconesarte Internacional: de Fresno para el Mundo"},"content":{"rendered":"<div class='booster-block booster-read-block'>\n                <div class=\"twp-read-time\">\n                \t<i class=\"booster-icon twp-clock\"><\/i> <span>Read Time:<\/span>10 Minute, 40 Second                <\/div>\n\n            <\/div><p><img fetchpriority=\"high\" decoding=\"async\" class=\"aligncenter wp-image-9542 size-full\" src=\"https:\/\/www.periodicolapislazuli.com\/noticias\/wp-content\/uploads\/2023\/02\/logo-rincoesarte.jpg\" alt=\"\" width=\"1080\" height=\"566\" srcset=\"https:\/\/www.periodicolapislazuli.com\/noticias\/wp-content\/uploads\/2023\/02\/logo-rincoesarte.jpg 1080w, https:\/\/www.periodicolapislazuli.com\/noticias\/wp-content\/uploads\/2023\/02\/logo-rincoesarte-780x409.jpg 780w, https:\/\/www.periodicolapislazuli.com\/noticias\/wp-content\/uploads\/2023\/02\/logo-rincoesarte-768x402.jpg 768w\" sizes=\"(max-width: 1080px) 100vw, 1080px\" \/><\/p>\n<p>Por: Alejandro Jim\u00e9nez Schr\u00f6der<\/p>\n<h3><\/h3>\n<h3 style=\"text-align: justify; padding-left: 40px;\">El arte como herramienta de transformaci\u00f3n social es cada d\u00eda m\u00e1s imprescindible en un mundo que clama por valores y pilares que la sustenten. Los tiempos actuales corren con tanta velocidad que a veces es imposible ver los cambios que se van dando en la sociedad, y solo deteni\u00e9ndonos y mirando al pasado, podemos encontrar luces para seguir el camino. En esta pausa, hemos tenido la grata oportunidad de entrevistar a Iv\u00e1n Rinc\u00f3n, director y fundador de la Fundaci\u00f3n Rinconesarte Internacional para conocer sobre su trasegar en el mundo del arte, conocer su historia de vida, y su camino como gestor cultural, artista y promotor de arte.<\/h3>\n<h3 style=\"text-align: justify; padding-left: 40px;\"><span style=\"font-family: trebuchet ms, geneva, sans-serif;\">\u00a0<\/span><\/h3>\n<h3 style=\"text-align: justify; padding-left: 40px;\"><span style=\"font-family: trebuchet ms, geneva, sans-serif;\"><strong><span style=\"color: #993300;\">FUNLAZULI: Cu\u00e9ntanos \u00bfc\u00f3mo empieza ese trasegar tuyo por el arte? <\/span> <\/strong><\/span><\/h3>\n<h3 style=\"text-align: justify; padding-left: 80px;\"><span style=\"font-family: trebuchet ms, geneva, sans-serif;\"><strong>Iv\u00e1n Rinc\u00f3n: <\/strong><\/span><span style=\"font-family: trebuchet ms, geneva, sans-serif;\">Iv\u00e1n Rinc\u00f3n: Es ir\u00f3nico porque yo no iba estudiar Artes. De hecho, tengo otra carrera que es ciencias naturales y educaci\u00f3n ambiental. Entonces es muy bizarro, porque eso no estaba en mis planes. El tema sobre el arte si estuvo desde muy ni\u00f1o. Recuerdo que el primer dibujo que hice fue un carro y lo pint\u00e9 todo de rojo, \u00a1llantas y todo! En ese entonces le daban a uno regla, pellizcos, calvazos \u00ab\u00a1Porque las llantas son negras! \u00a1Porque el cielo no es amarillo, es azul!\u00bb, pero el carro qued\u00f3 muy bonito. Eso fue como en segundo o tercero de primaria. Entonces, siempre estuve inmerso en el tema art\u00edstico.<\/span><\/h3>\n<p>&nbsp;<\/p>\n<p><img decoding=\"async\" class=\"aligncenter wp-image-9549 size-full\" src=\"https:\/\/www.periodicolapislazuli.com\/noticias\/wp-content\/uploads\/2023\/02\/ivan-rincon.png\" alt=\"\" width=\"1200\" height=\"710\" srcset=\"https:\/\/www.periodicolapislazuli.com\/noticias\/wp-content\/uploads\/2023\/02\/ivan-rincon.png 1200w, https:\/\/www.periodicolapislazuli.com\/noticias\/wp-content\/uploads\/2023\/02\/ivan-rincon-777x460.png 777w, https:\/\/www.periodicolapislazuli.com\/noticias\/wp-content\/uploads\/2023\/02\/ivan-rincon-1197x708.png 1197w, https:\/\/www.periodicolapislazuli.com\/noticias\/wp-content\/uploads\/2023\/02\/ivan-rincon-768x454.png 768w\" sizes=\"(max-width: 1200px) 100vw, 1200px\" \/><\/p>\n<h3><\/h3>\n<h3 style=\"text-align: justify; padding-left: 40px;\"><span style=\"color: #993300; font-family: trebuchet ms, geneva, sans-serif;\"><strong>FUNLAZULI:\u00a0<\/strong><\/span><span style=\"color: #993300;\"> \u00bfTe consideras un artista pl\u00e1stico?<\/span><\/h3>\n<h3 style=\"text-align: justify; padding-left: 80px;\"><span style=\"font-family: trebuchet ms, geneva, sans-serif;\"><strong>Iv\u00e1n Rinc\u00f3n: <\/strong><\/span><span style=\"font-family: trebuchet ms, geneva, sans-serif;\">\u00a1Yo no solo soy de la pl\u00e1stica!; yo he estado en oratoria, he sido declamador, he estado en teatros, en zanqueros, danzas. Todas las disciplinas. Hice parte de los talleres de la casa de la cultura desde muy ni\u00f1o. Dirig\u00eda obras de teatro en mi colegio, y siempre la vena art\u00edstica me caracterizaba por eso. Estuve en la banda marcial, \u00a1estuve en muchas cosas! En ese entonces mi mam\u00e1 me dec\u00eda que estudiara bellas artes, pero yo le dec\u00eda que no. \u00a1No quer\u00eda! No me parec\u00eda que s\u00f3lo por el hecho de que yo pintara tuviera que estudiar bellas artes, \u00a1Siempre quise ser profesor y estudiar Espa\u00f1ol y Literatura! Luego de graduarme en el colegio, entro al taller de maestro <span style=\"color: #800000;\">Orlando Guerrero*<\/span>, directamente a su estudio, y estudi\u00e9 carboncillo durante un a\u00f1o. \u00a1S\u00f3lo luz y sombra, no m\u00e1s! La exploraci\u00f3n del color la hice yo solo. <\/span><span style=\"font-family: trebuchet ms, geneva, sans-serif;\">De ah\u00ed me agarr\u00f3 mi maestro <span style=\"color: #800000;\">Alirio Barrag\u00e1n**<\/span> quien me ense\u00f1\u00f3 sin dejarme coger un l\u00e1piz. El motilaba el cabello en ese entonces. <\/span><\/h3>\n<h3 style=\"text-align: justify; padding-left: 80px;\"><span style=\"font-family: trebuchet ms, geneva, sans-serif;\">Iba a su barber\u00eda y me sentaba\u2026 y comenzaba a hablarme. Me pon\u00eda piezas escult\u00f3ricas en frente y yo no cog\u00eda ni un l\u00e1piz ni un pincel. En ese entonces sali\u00f3 la carrera de pedagog\u00eda en artes, y ah\u00ed pens\u00e9, vamos a hacer la carrera, le doy gusto a mi mam\u00e1 y me doy gusto yo; y a la par, iba trabajando en la Casa de la Cultura de Fresno. Yo era el monitor de artes pl\u00e1sticas del Municipio. Recorr\u00eda veredas con las maletas, con las pinturas y el resultado de ese trabajo es Rinconesarte.<\/span><\/h3>\n<h3 style=\"text-align: justify; padding-left: 40px;\"><\/h3>\n<h3 style=\"text-align: justify; padding-left: 40px;\"><span style=\"color: #993300; font-family: trebuchet ms, geneva, sans-serif;\"><strong>FUNLAZULI: <\/strong><\/span><span style=\"color: #800000;\">\u00bfDe d\u00f3nde proviene el nombre de la Fundaci\u00f3n?<\/span><\/h3>\n<h3 style=\"text-align: justify; padding-left: 80px;\"><span style=\"font-family: trebuchet ms, geneva, sans-serif;\"><strong>Iv\u00e1n Rinc\u00f3n: <\/strong><\/span>Del trabajo que se realiz\u00f3 con los ni\u00f1os del colegio de distintas veredas del pueblo; se hizo la primera muestra de pintura al aire libre. Nos tomamos todo el camell\u00f3n principal del Fresno; y all\u00ed naci\u00f3 el proyecto Rinconesarte.<\/h3>\n<h3><\/h3>\n<hr \/>\n<h3 style=\"text-align: justify; padding-left: 40px;\"><span style=\"font-family: trebuchet ms, geneva, sans-serif;\"><strong><span style=\"color: #ff0000;\"> Quiz\u00e1s te interese leer:<\/span> <a href=\"https:\/\/www.periodicolapislazuli.com\/noticias\/convocatoria-botaton-artistica-sensibilizando-desde-el-arte\/\">Convocatoria Botaton art\u00edstica: sensibilizando desde el arte<\/a><\/strong><\/span><\/h3>\n<hr \/>\n<h3><\/h3>\n<h3 style=\"text-align: justify; padding-left: 40px;\"><span style=\"color: #993300; font-family: trebuchet ms, geneva, sans-serif;\"><strong>FUNLAZULI: <\/strong><\/span><span style=\"color: #800000;\">\u00bfY c\u00f3mo empiezas con la labor de gesti\u00f3n cultural?<\/span><\/h3>\n<h3 style=\"text-align: justify; padding-left: 80px;\"><span style=\"font-family: trebuchet ms, geneva, sans-serif;\"><strong>Iv\u00e1n Rinc\u00f3n: <\/strong><\/span>Iv\u00e1n Rinc\u00f3n: En alguna ocasi\u00f3n, viendo convocatorias de exposiciones por Internet, sali\u00f3 una exposici\u00f3n; tocaba pagar 200 mil pesos para exponer un d\u00eda. Y yo dije \u00a1hagamos el esfuerzo! Reun\u00ed la plata, particip\u00e9 y le saqu\u00e9 el provecho. Estando all\u00ed me puse a pensar: \u00abYo tuve que hacer un gran esfuerzo para participar. No es justo que, habiendo tanto talento, otras personas no puedan participar por no tener la posibilidad de pagar. Entonces \u00bfqu\u00e9 hacer para que los conozcan? Y ah\u00ed naci\u00f3 ese proyecto. En ese momento s\u00f3lo era virtual, y comenc\u00e9 a ver en el Facebook que hab\u00eda grupos donde la gente compart\u00eda su obra y la ficha t\u00e9cnica, \u00fanicamente. Pens\u00e9 que la cosa deb\u00eda ser distinta. Comenc\u00e9 a compartir tutoriales, convocatorias, fotos de los artistas en el estudio.<\/h3>\n<p>&nbsp;<\/p>\n<p><img decoding=\"async\" class=\"aligncenter wp-image-9553 size-medium\" src=\"https:\/\/www.periodicolapislazuli.com\/noticias\/wp-content\/uploads\/2023\/02\/divider-4715969_1280-780x66.png\" alt=\"\" width=\"780\" height=\"66\" srcset=\"https:\/\/www.periodicolapislazuli.com\/noticias\/wp-content\/uploads\/2023\/02\/divider-4715969_1280-780x66.png 780w, https:\/\/www.periodicolapislazuli.com\/noticias\/wp-content\/uploads\/2023\/02\/divider-4715969_1280-1200x102.png 1200w, https:\/\/www.periodicolapislazuli.com\/noticias\/wp-content\/uploads\/2023\/02\/divider-4715969_1280-768x65.png 768w, https:\/\/www.periodicolapislazuli.com\/noticias\/wp-content\/uploads\/2023\/02\/divider-4715969_1280.png 1280w\" sizes=\"(max-width: 780px) 100vw, 780px\" \/><\/p>\n<p>&nbsp;<\/p>\n<p style=\"text-align: justify; padding-left: 200px;\"><span style=\"color: #ff0000; font-family: terminal, monaco, monospace;\">\u201cLa Fundaci\u00f3n Rinconesarte Internacional es una organizaci\u00f3n que, durante casi 10 a\u00f1os de trayectoria, propende por la promoci\u00f3n art\u00edstica y cultural apoyando a los artistas a nivel nacional e internacional. Instalada en Bogot\u00e1 y en Fresno, la fundaci\u00f3n ha logrado recibir diferentes reconocimientos nacionales e internacionales por nuestra gesti\u00f3n y aporte a la cultura, aporte no solo en el campo art\u00edstico, sino tambi\u00e9n en la transformaci\u00f3n social desde la labor de construcci\u00f3n de tejido y reconocimiento de derechos humanos.\u201d<\/span><\/p>\n<p style=\"padding-left: 200px; text-align: right;\"><span style=\"font-family: trebuchet ms, geneva, sans-serif;\"><strong>Iv\u00e1n Rinc\u00f3n<\/strong><\/span><\/p>\n<h3 style=\"text-align: justify; padding-left: 40px;\"><span style=\"font-family: trebuchet ms, geneva, sans-serif;\"><strong>\u00a0<\/strong><\/span><\/h3>\n<h3 style=\"text-align: justify; padding-left: 40px;\"><span style=\"color: #993300; font-family: trebuchet ms, geneva, sans-serif;\"><strong>FUNLAZULI: <\/strong><\/span><span style=\"color: #800000;\">\u00bfY en ese momento el grupo que hab\u00edas conformado era s\u00f3lo para artistas de Colombia?<\/span><\/h3>\n<h3 style=\"text-align: justify; padding-left: 80px;\"><span style=\"font-family: trebuchet ms, geneva, sans-serif;\"><strong>Iv\u00e1n Rinc\u00f3n: <\/strong><\/span>En ese momento empezaron a escribirme de Espa\u00f1a, de Italia, de la India y a publicar los contenidos en el grupo que yo hab\u00eda creado. Entonces, ya eso se estaba moviendo. Ah\u00ed me di cuenta de que ya no era un rinc\u00f3n del arte, era un \u201cTaller y galer\u00eda\u201d con el sello para la promoci\u00f3n de la cultura. \u00a1Eso siempre lo tuve completamente claro! Yo no me pod\u00eda comprometer con alguien a decirle \u00able voy a vender, le voy a comprar\u00bb Yo voy a mostrar lo que hace. Por dos a\u00f1os eso se movi\u00f3 as\u00ed, cuando alguien me dice. \u00abEso es una Fundaci\u00f3n. Usted nos apoya como artista, usted nos apoya como gestores\u00bb Y me met\u00ed eso en la cabeza, y fui directo hacer papeles y el registro.<\/h3>\n<h3 style=\"text-align: justify; padding-left: 40px;\"><span style=\"font-family: trebuchet ms, geneva, sans-serif;\"><strong>\u00a0<\/strong><\/span><\/h3>\n<h3 style=\"text-align: justify; padding-left: 40px;\"><span style=\"font-family: trebuchet ms, geneva, sans-serif;\"><strong><span style=\"color: #ff0000;\">Quiz\u00e1s te interese leer:<\/span> <a href=\"https:\/\/www.periodicolapislazuli.com\/La-gestion-del-arte-encuentra-su-espacio-en-Cambass-Gallery.html\">La gesti\u00f3n del arte encuentra su espacio en Cambass Gallery | Entrevista con Eliana Pedroza<\/a><\/strong><\/span><\/h3>\n<h3 style=\"text-align: justify; padding-left: 40px;\"><span style=\"font-family: trebuchet ms, geneva, sans-serif;\"><strong>\u00a0<\/strong><\/span><\/h3>\n<blockquote>\n<p style=\"text-align: center;\"><iframe title=\"YouTube video player\" src=\"https:\/\/www.youtube.com\/embed\/1NuXaza1sD0?controls=0\" width=\"760\" height=\"515\" frameborder=\"0\" allowfullscreen=\"allowfullscreen\"><\/iframe><\/p>\n<\/blockquote>\n<p>&nbsp;<\/p>\n<h3 style=\"text-align: justify; padding-left: 40px;\"><span style=\"color: #993300; font-family: trebuchet ms, geneva, sans-serif;\"><strong>FUNLAZULI: <\/strong><\/span><span style=\"color: #800000;\">\u00bfQu\u00e9 ha sido lo m\u00e1s dif\u00edcil en este proceso?<\/span><\/h3>\n<h3 style=\"text-align: justify; padding-left: 80px;\"><span style=\"font-family: trebuchet ms, geneva, sans-serif;\"><strong>Iv\u00e1n Rinc\u00f3n: <\/strong><\/span>No es f\u00e1cil, para nada f\u00e1cil. Hay que pensar mucho. Hay que tener mucha constancia, mucha disciplina. Hay que establecer muy buenas relaciones. \u00a1Y no hablo del oportunismo de la relaci\u00f3n personal con la otra persona! No, digo, de generar una confianza, una amistad, lazos bonitos a trav\u00e9s de esto. Porque hay sesgos, hay recelo, hay una guerra de egos impresionante entre artistas, y eso no es oculto. La mayor\u00eda lo sabe; hay muchas envidias y todo eso.<\/h3>\n<h3 style=\"text-align: justify; padding-left: 80px;\">Al principio, a m\u00ed me dieron en la cabeza muchas veces. Me robaron proyectos, me robaron ideas. Con el tiempo uno va aprendiendo tambi\u00e9n a manejar informaci\u00f3n sensible, a manejar cierta confidencialidad con los proyectos, a entender que, no a todo el mundo se le pueden contar ciertas cosas, a generar lazos de confianza con l\u00edderes, organizaciones y dem\u00e1s. Hay que saber c\u00f3mo aprender y c\u00f3mo orientar de los artistas y a los gestores de esas organizaciones. Es todo un proceso en el que todos los d\u00edas se est\u00e1 aprendiendo. \u00a1Eso es constante! Y ser muy creativo, porque debes tener la cabeza maquinando 24&#215;7 y apostarle a ser l\u00edder.<\/h3>\n<h3 style=\"text-align: justify; padding-left: 40px;\"><span style=\"font-family: trebuchet ms, geneva, sans-serif;\"><strong>\u00a0<\/strong><\/span><\/h3>\n<h3 style=\"text-align: justify; padding-left: 40px;\"><span style=\"color: #993300; font-family: trebuchet ms, geneva, sans-serif;\"><strong>FUNLAZULI: <\/strong><\/span><span style=\"color: #800000;\">Desde la labor de la Fundaci\u00f3n en el campo de las artes \u00bfc\u00f3mo vez el trabajo en cuanto a asociatividad?<\/span><\/h3>\n<h3 style=\"text-align: justify; padding-left: 80px;\"><span style=\"font-family: trebuchet ms, geneva, sans-serif;\"><strong>Iv\u00e1n Rinc\u00f3n:\u00a0 <\/strong><\/span>Cuando ingresas a la Fundaci\u00f3n tienes la posibilidad de dirigir tu proyecto y mostrar el trabajo. \u00bfQu\u00e9 quiere decir eso? Tu eres el director del colectivo \u201cPepita\u201d. Una cosa es tu trabajo como artista, y otra como l\u00edder art\u00edstico y cultural. Con tu colectivo vas a hacer una actividad, un proyecto; nos pasas la informaci\u00f3n y nosotros lo mostramos. En muchas partes no pasa eso, porque cada colectivo va por separado y cada uno mueve lo suyo.<\/h3>\n<p>&nbsp;<\/p>\n<h3 style=\"text-align: justify; padding-left: 40px;\"><span style=\"color: #993300; font-family: trebuchet ms, geneva, sans-serif;\"><strong>FUNLAZULI: <\/strong><\/span><span style=\"color: #800000;\">\u00bfQu\u00e9 canci\u00f3n te identifica?<\/span><\/h3>\n<h3 style=\"text-align: justify; padding-left: 80px;\"><span style=\"font-family: trebuchet ms, geneva, sans-serif;\"><strong>Iv\u00e1n Rinc\u00f3n: <\/strong><\/span>Hay una canci\u00f3n que siempre me hace llorar. Es la historia de la vida m\u00eda. Y yo no lloro de tristeza, lloro por todo ese proceso; se llama \u201cEl Provinciano\u201d, de Olimpo C\u00e1rdenas. Describe como es mi historia, como sal\u00ed del pueblo, como me despidieron\u2026 y con la ilusi\u00f3n siempre de volver.<\/h3>\n<p>&nbsp;<\/p>\n<h3 style=\"padding-left: 40px; text-align: center;\"><span style=\"font-family: trebuchet ms, geneva, sans-serif;\">\u201cAhora que conozco la ciudad de mis dorados sue\u00f1os<\/span><br \/>\n<span style=\"font-family: trebuchet ms, geneva, sans-serif;\">Y veo realizada la ambici\u00f3n que en mi querer forje<\/span><br \/>\n<span style=\"font-family: trebuchet ms, geneva, sans-serif;\">Es cuando el desenga\u00f1o de esta vida me entristece<\/span><br \/>\n<span style=\"font-family: trebuchet ms, geneva, sans-serif;\">Y a\u00f1oro con dolor mi dulce hogar.\u201d<\/span><\/h3>\n<p>&nbsp;<\/p>\n<h3 style=\"text-align: justify; padding-left: 40px;\"><span style=\"color: #993300; font-family: trebuchet ms, geneva, sans-serif;\"><strong>FUNLAZULI: <\/strong><\/span><span style=\"color: #800000;\">\u00bfC\u00f3mo entra Fresno en esta historia de tu vida, y de la Fundaci\u00f3n Rinconesarte?<\/span><\/h3>\n<h3 style=\"text-align: justify; padding-left: 80px;\"><span style=\"font-family: trebuchet ms, geneva, sans-serif;\"><strong>Iv\u00e1n Rinc\u00f3n: <\/strong><\/span>\u00a1Yo sal\u00ed del pueblo, pero el pueblo no se fue de m\u00ed! Una de las condiciones obligadas para los artistas que vienen de otro pa\u00eds, cuando logramos traerlos a nuestros eventos, es que tienen que ir Freno. Es obligatorio, no es opcional. Se programa una visita para que conozcan una hacienda cafetera, que conozcan el pueblo, que las autoridades locales los conozcan, que aprendan del pueblo. La meta es, ha sido, y ya la estamos construyendo, que Fresno sea un escenario internacional para las artes; por eso estamos desarrollando la casa del artista. Esto es importante porque Fresno fue culturalmente muy rico hace muchos a\u00f1os, pero lamentablemente acabaron eso. Ahora estamos retomando la parte musical y la danc\u00edstica.<\/h3>\n<h3><\/h3>\n<hr \/>\n<h3><span style=\"font-family: trebuchet ms, geneva, sans-serif;\"><strong><span style=\"color: #ff0000;\">Quiz\u00e1s te interese leer:<\/span> \u00a0<a href=\"https:\/\/artnewyork2022.itch.io\/museo-internacional-rinconesarte-2021\" target=\"_blank\" rel=\"noopener\">Visita el Museo Internacional Rinconesarte<\/a><\/strong><\/span><\/h3>\n<hr \/>\n<h3><\/h3>\n<h3 style=\"text-align: justify; padding-left: 40px;\"><span style=\"color: #993300; font-family: trebuchet ms, geneva, sans-serif;\"><strong>FUNLAZULI: <\/strong><\/span><span style=\"color: #800000;\">\u00bfQu\u00e9 nos puedes contar del proyecto \u201cCasa del artista en Fresno\u201d?<\/span><\/h3>\n<h3 style=\"text-align: justify; padding-left: 80px;\"><span style=\"font-family: trebuchet ms, geneva, sans-serif;\"><strong>Iv\u00e1n Rinc\u00f3n:<\/strong> <\/span>La idea es hacer una casa museo donde integremos a los artistas; donde los artistas puedan decir desde Espa\u00f1a: \u00abquiero ir a pasar un mes\u00bb, y en ese mes realicen talleres con ni\u00f1os, con adultos mayores. Es decir, no es venir a pasear, es venir a dejar un pedacito all\u00e1 tambi\u00e9n. Y que la gente se d\u00e9 cuenta que desde la independencia tambi\u00e9n es posible.<\/h3>\n<h3 style=\"text-align: justify; padding-left: 40px;\"><span style=\"color: #993300; font-family: trebuchet ms, geneva, sans-serif;\"><strong>FUNLAZULI: <\/strong><\/span><span style=\"color: #800000;\">Un mensaje para los lectores de Lapisl\u00e1zuli Peri\u00f3dico.<\/span><\/h3>\n<h3 style=\"text-align: justify; padding-left: 80px;\"><span style=\"font-family: trebuchet ms, geneva, sans-serif;\"><strong>Iv\u00e1n Rinc\u00f3n: <\/strong><\/span>El artista, el gestor, todo el que haga arte, que se entienda desde el Ser, no desde el saber; porque saberes hay muchos, pero seres pocos. Si usted se entiende desde el ser va a descubrir muchas cosas: va a descubrir el amor, pasi\u00f3n, disciplina, constancia. Yo tuve un maestro que se llam\u00f3 Fernando N\u00fa\u00f1ez, cuando me prepar\u00e9 como profesor, \u00e9l nos dec\u00eda \u201cUna cosa es el saber y otra el ser. El saber, cualquiera lo puede tener, pero el ser, no.\u201d Y en la pedagog\u00eda se ve mucho, porque hay maestros que tienen el saber, pero no saben c\u00f3mo ense\u00f1ar. Y el que tiene el ser, es posible que no tenga doctorado ni maestr\u00eda, pero le aseguro que va a ser el maestro que se le va quedar grabado toda la vida, como el excelente maestro, porque busca herramientas, porque genera confianza, porque genera lazos, porque se le ve el amor, la entrega y la pasi\u00f3n en lo que hace. Hay que aprender a ser, desde el Ser. El saber es importante, pero vivir todo desde la integralidad del ser: el cuerpo, la palabra, el pensamiento, las emociones, y de ah\u00ed para all\u00e1, lo dem\u00e1s es a\u00f1adidura.<\/h3>\n<p>&nbsp;<\/p>\n<h3><img decoding=\"async\" class=\"aligncenter wp-image-9553 size-medium\" src=\"https:\/\/www.periodicolapislazuli.com\/noticias\/wp-content\/uploads\/2023\/02\/divider-4715969_1280-780x66.png\" alt=\"\" width=\"780\" height=\"66\" srcset=\"https:\/\/www.periodicolapislazuli.com\/noticias\/wp-content\/uploads\/2023\/02\/divider-4715969_1280-780x66.png 780w, https:\/\/www.periodicolapislazuli.com\/noticias\/wp-content\/uploads\/2023\/02\/divider-4715969_1280-1200x102.png 1200w, https:\/\/www.periodicolapislazuli.com\/noticias\/wp-content\/uploads\/2023\/02\/divider-4715969_1280-768x65.png 768w, https:\/\/www.periodicolapislazuli.com\/noticias\/wp-content\/uploads\/2023\/02\/divider-4715969_1280.png 1280w\" sizes=\"(max-width: 780px) 100vw, 780px\" \/><\/h3>\n<hr \/>\n<p style=\"text-align: justify; padding-left: 40px;\"><strong><span style=\"color: #ff0000;\">Quiz\u00e1s te interese leer:<\/span> <a href=\"https:\/\/www.periodicolapislazuli.com\/noticias\/hasta-el-15-de-marzo-estara-abierta-la-convocatoria-exposicion-virtual-internacional-en-serie\/\">Hasta el 15 de marzo estar\u00e1 abierta la convocatoria exposici\u00f3n virtual internacional \u201cen serie\u201d<\/a><\/strong><\/p>\n<hr \/>\n<p style=\"text-align: justify; padding-left: 40px;\"><span style=\"font-family: courier new, courier, monospace;\">* <span style=\"font-size: 14px;\">Orlando Guerrero nacido en Guaduas, Cundinamarca \u2013 Colombia, el 26 de diciembre de 1958. Estudia en la Escuela de Artes, en Bogot\u00e1; viaja a Europa en 1981; recorre Alemania, Espa\u00f1a, Francia. Deja all\u00ed algunas obras que pasan a colecciones privada; viaja a Cadaqu\u00e9z a conocer a Dal\u00ed, con quien se siente muy identificado. Realiza talleres en su escuela de Figueras, luego viaja a Bilbao donde realiza talleres con varios pintores espa\u00f1oles. En 1983 realiza \u00abExposici\u00f3n de la Paz\u00bb en Bogot\u00e1. Participa en varios Salones Nacionales tratando el tema de la Paz; luego contin\u00faa una serie de muestras anuales en la capital donde vive por 14 a\u00f1os. En 1996 participa en una colectiva en el Museo Nacional en Bogot\u00e1 con motivo de los 200 a\u00f1os de Policarpa Salavarrieta, con una creaci\u00f3n sobre la Pola. Viaja por varias ciudades; pinta varios murales, como \u201cGuaduas 440 a\u00f1os\u00bb, \u00abPetr\u00f3leo, fuerza del progreso\u00bb, \u00abMilciades vive en Fresno\u00bb, \u00abEl Caf\u00e9 historia\u00bb. En el parque de Fresno instala la escultura \u00abLa arrier\u00eda y el cable\u00bb; realiza exposiciones en Ibagu\u00e9, L\u00edbano; lleva por varias ciudades su \u00faltima obra \u00abLos hilos de la Marioneta\u201d. Profesor de artes; director del departamento de arte en la corporaci\u00f3n CORAC en Fresno; y tambi\u00e9n en esta ciudad, director del Sal\u00f3n Bienal de Arte Germ\u00e1n Botero desde el a\u00f1o 1999. Su obra es marcadamente Surrealista. Se considera un so\u00f1ador, pero con los pies en la tierra. En su obra, de amplia aceptaci\u00f3n a nivel nacional e internacional, ha tratado la actualidad pol\u00edtica, social y econ\u00f3mica por la que pasa su pa\u00eds. Actualmente trabaja en diferentes personajes que hacen la historia, y lo que le espera a la humanidad.<\/span><\/span><\/p>\n<p>&nbsp;<\/p>\n<p style=\"text-align: justify; padding-left: 40px;\"><span style=\"font-family: courier new, courier, monospace;\">** <span style=\"font-size: 14px;\">Jos\u00e9 Alirio Barrag\u00e1n. Artista colombiano que deconstruye a cada instante los elementos de su obra, para adicionar fragmentos de tiempo a su composici\u00f3n durante el proceso, partiendo de un tema plenamente identificado, que encuentra su fuerza en la luz descompuesta sobre formas que fluyen para recrear imaginarios identificables muy cercanos a proyecciones de nuestro mundo biodiverso.<\/span><\/span><\/p>\n<p style=\"text-align: justify; padding-left: 40px;\"><span style=\"font-family: courier new, courier, monospace;\">\u00a0<\/span><\/p>\n<div class=\"pvc_clear\"><\/div>\n<p id=\"pvc_stats_9540\" class=\"pvc_stats all  \" data-element-id=\"9540\" style=\"\"><i class=\"pvc-stats-icon large\" aria-hidden=\"true\"><svg aria-hidden=\"true\" focusable=\"false\" data-prefix=\"far\" data-icon=\"chart-bar\" role=\"img\" xmlns=\"http:\/\/www.w3.org\/2000\/svg\" viewBox=\"0 0 512 512\" class=\"svg-inline--fa fa-chart-bar fa-w-16 fa-2x\"><path fill=\"currentColor\" d=\"M396.8 352h22.4c6.4 0 12.8-6.4 12.8-12.8V108.8c0-6.4-6.4-12.8-12.8-12.8h-22.4c-6.4 0-12.8 6.4-12.8 12.8v230.4c0 6.4 6.4 12.8 12.8 12.8zm-192 0h22.4c6.4 0 12.8-6.4 12.8-12.8V140.8c0-6.4-6.4-12.8-12.8-12.8h-22.4c-6.4 0-12.8 6.4-12.8 12.8v198.4c0 6.4 6.4 12.8 12.8 12.8zm96 0h22.4c6.4 0 12.8-6.4 12.8-12.8V204.8c0-6.4-6.4-12.8-12.8-12.8h-22.4c-6.4 0-12.8 6.4-12.8 12.8v134.4c0 6.4 6.4 12.8 12.8 12.8zM496 400H48V80c0-8.84-7.16-16-16-16H16C7.16 64 0 71.16 0 80v336c0 17.67 14.33 32 32 32h464c8.84 0 16-7.16 16-16v-16c0-8.84-7.16-16-16-16zm-387.2-48h22.4c6.4 0 12.8-6.4 12.8-12.8v-70.4c0-6.4-6.4-12.8-12.8-12.8h-22.4c-6.4 0-12.8 6.4-12.8 12.8v70.4c0 6.4 6.4 12.8 12.8 12.8z\" class=\"\"><\/path><\/svg><\/i> <img loading=\"lazy\" decoding=\"async\" width=\"16\" height=\"16\" alt=\"Loading\" src=\"https:\/\/www.periodicolapislazuli.com\/noticias\/wp-content\/plugins\/page-views-count\/ajax-loader-2x.gif\" border=0 \/><\/p>\n<div class=\"pvc_clear\"><\/div>\n        <div class=\"booster-block booster-reactions-block\">\n            <div class=\"twp-reactions-icons\">\n                \n                <div class=\"twp-reacts-wrap\">\n                    <a react-data=\"be-react-1\" post-id=\"9540\" class=\"be-face-icons un-reacted\" href=\"javascript:void(0)\">\n                        <img decoding=\"async\" src=\"https:\/\/www.periodicolapislazuli.com\/noticias\/wp-content\/plugins\/booster-extension\/\/assets\/icon\/happy.svg\" alt=\"Happy\">\n                    <\/a>\n                    <div class=\"twp-reaction-title\">\n                        Happy                    <\/div>\n                    <div class=\"twp-count-percent\">\n                                                    <span style=\"display: none;\" class=\"twp-react-count\">0<\/span>\n                        \n                                                <span class=\"twp-react-percent\"><span>0<\/span> %<\/span>\n                                            <\/div>\n                <\/div>\n\n                <div class=\"twp-reacts-wrap\">\n                    <a react-data=\"be-react-2\" post-id=\"9540\" class=\"be-face-icons un-reacted\" href=\"javascript:void(0)\">\n                        <img decoding=\"async\" src=\"https:\/\/www.periodicolapislazuli.com\/noticias\/wp-content\/plugins\/booster-extension\/\/assets\/icon\/sad.svg\" alt=\"Sad\">\n                    <\/a>\n                    <div class=\"twp-reaction-title\">\n                        Sad                    <\/div>\n                    <div class=\"twp-count-percent\">\n                                                    <span style=\"display: none;\" class=\"twp-react-count\">0<\/span>\n                                                                        <span class=\"twp-react-percent\"><span>0<\/span> %<\/span>\n                                            <\/div>\n                <\/div>\n\n                <div class=\"twp-reacts-wrap\">\n                    <a react-data=\"be-react-3\" post-id=\"9540\" class=\"be-face-icons un-reacted\" href=\"javascript:void(0)\">\n                        <img decoding=\"async\" src=\"https:\/\/www.periodicolapislazuli.com\/noticias\/wp-content\/plugins\/booster-extension\/\/assets\/icon\/excited.svg\" alt=\"Excited\">\n                    <\/a>\n                    <div class=\"twp-reaction-title\">\n                        Excited                    <\/div>\n                    <div class=\"twp-count-percent\">\n                                                    <span style=\"display: none;\" class=\"twp-react-count\">0<\/span>\n                                                                        <span class=\"twp-react-percent\"><span>0<\/span> %<\/span>\n                                            <\/div>\n                <\/div>\n\n                <div class=\"twp-reacts-wrap\">\n                    <a react-data=\"be-react-6\" post-id=\"9540\" class=\"be-face-icons un-reacted\" href=\"javascript:void(0)\">\n                        <img decoding=\"async\" src=\"https:\/\/www.periodicolapislazuli.com\/noticias\/wp-content\/plugins\/booster-extension\/\/assets\/icon\/sleepy.svg\" alt=\"Sleepy\">\n                    <\/a>\n                    <div class=\"twp-reaction-title\">\n                        Sleepy                    <\/div>\n                    <div class=\"twp-count-percent\">\n                                                    <span style=\"display: none;\" class=\"twp-react-count\">0<\/span>\n                        \n                                                <span class=\"twp-react-percent\"><span>0<\/span> %<\/span>\n                                            <\/div>\n                <\/div>\n\n                <div class=\"twp-reacts-wrap\">\n                    <a react-data=\"be-react-4\" post-id=\"9540\" class=\"be-face-icons un-reacted\" href=\"javascript:void(0)\">\n                        <img decoding=\"async\" src=\"https:\/\/www.periodicolapislazuli.com\/noticias\/wp-content\/plugins\/booster-extension\/\/assets\/icon\/angry.svg\" alt=\"Angry\">\n                    <\/a>\n                    <div class=\"twp-reaction-title\">Angry<\/div>\n                    <div class=\"twp-count-percent\">\n                                                    <span style=\"display: none;\" class=\"twp-react-count\">0<\/span>\n                                                                        <span class=\"twp-react-percent\"><span>0<\/span> %<\/span>\n                        \n                    <\/div>\n                <\/div>\n\n                <div class=\"twp-reacts-wrap\">\n                    <a react-data=\"be-react-5\" post-id=\"9540\" class=\"be-face-icons un-reacted\" href=\"javascript:void(0)\">\n                        <img decoding=\"async\" src=\"https:\/\/www.periodicolapislazuli.com\/noticias\/wp-content\/plugins\/booster-extension\/\/assets\/icon\/surprise.svg\" alt=\"Surprise\">\n                    <\/a>\n                    <div class=\"twp-reaction-title\">Surprise<\/div>\n                    <div class=\"twp-count-percent\">\n                                                    <span style=\"display: none;\" class=\"twp-react-count\">0<\/span>\n                                                                        <span class=\"twp-react-percent\"><span>0<\/span> %<\/span>\n                                            <\/div>\n                <\/div>\n\n            <\/div>\n        <\/div>\n\n    ","protected":false},"excerpt":{"rendered":"<p>Por: Alejandro Jim\u00e9nez Schr\u00f6der El arte como herramienta de transformaci\u00f3n social es cada d\u00eda m\u00e1s imprescindible en un<\/p>\n<div class=\"pvc_clear\"><\/div>\n<p id=\"pvc_stats_9540\" class=\"pvc_stats all  \" data-element-id=\"9540\" style=\"\"><i class=\"pvc-stats-icon large\" aria-hidden=\"true\"><svg aria-hidden=\"true\" focusable=\"false\" data-prefix=\"far\" data-icon=\"chart-bar\" role=\"img\" xmlns=\"http:\/\/www.w3.org\/2000\/svg\" viewBox=\"0 0 512 512\" class=\"svg-inline--fa fa-chart-bar fa-w-16 fa-2x\"><path fill=\"currentColor\" d=\"M396.8 352h22.4c6.4 0 12.8-6.4 12.8-12.8V108.8c0-6.4-6.4-12.8-12.8-12.8h-22.4c-6.4 0-12.8 6.4-12.8 12.8v230.4c0 6.4 6.4 12.8 12.8 12.8zm-192 0h22.4c6.4 0 12.8-6.4 12.8-12.8V140.8c0-6.4-6.4-12.8-12.8-12.8h-22.4c-6.4 0-12.8 6.4-12.8 12.8v198.4c0 6.4 6.4 12.8 12.8 12.8zm96 0h22.4c6.4 0 12.8-6.4 12.8-12.8V204.8c0-6.4-6.4-12.8-12.8-12.8h-22.4c-6.4 0-12.8 6.4-12.8 12.8v134.4c0 6.4 6.4 12.8 12.8 12.8zM496 400H48V80c0-8.84-7.16-16-16-16H16C7.16 64 0 71.16 0 80v336c0 17.67 14.33 32 32 32h464c8.84 0 16-7.16 16-16v-16c0-8.84-7.16-16-16-16zm-387.2-48h22.4c6.4 0 12.8-6.4 12.8-12.8v-70.4c0-6.4-6.4-12.8-12.8-12.8h-22.4c-6.4 0-12.8 6.4-12.8 12.8v70.4c0 6.4 6.4 12.8 12.8 12.8z\" class=\"\"><\/path><\/svg><\/i> <img loading=\"lazy\" decoding=\"async\" width=\"16\" height=\"16\" alt=\"Loading\" src=\"https:\/\/www.periodicolapislazuli.com\/noticias\/wp-content\/plugins\/page-views-count\/ajax-loader-2x.gif\" border=0 \/><\/p>\n<div class=\"pvc_clear\"><\/div>\n","protected":false},"author":3,"featured_media":9549,"comment_status":"closed","ping_status":"open","sticky":false,"template":"","format":"standard","meta":{"om_disable_all_campaigns":false,"pagelayer_contact_templates":[],"_pagelayer_content":"","_monsterinsights_skip_tracking":false,"_monsterinsights_sitenote_active":false,"_monsterinsights_sitenote_note":"","_monsterinsights_sitenote_category":0,"footnotes":""},"categories":[14],"tags":[1690,3308,3299],"class_list":["post-9540","post","type-post","status-publish","format-standard","has-post-thumbnail","hentry","category-biografias","tag-entrevista","tag-fresno-ivan-rincon","tag-fundacion-rinconesarte-internacional"],"a3_pvc":{"activated":true,"total_views":621,"today_views":0},"jetpack_featured_media_url":"https:\/\/www.periodicolapislazuli.com\/noticias\/wp-content\/uploads\/2023\/02\/ivan-rincon.png","_links":{"self":[{"href":"https:\/\/www.periodicolapislazuli.com\/noticias\/wp-json\/wp\/v2\/posts\/9540","targetHints":{"allow":["GET"]}}],"collection":[{"href":"https:\/\/www.periodicolapislazuli.com\/noticias\/wp-json\/wp\/v2\/posts"}],"about":[{"href":"https:\/\/www.periodicolapislazuli.com\/noticias\/wp-json\/wp\/v2\/types\/post"}],"author":[{"embeddable":true,"href":"https:\/\/www.periodicolapislazuli.com\/noticias\/wp-json\/wp\/v2\/users\/3"}],"replies":[{"embeddable":true,"href":"https:\/\/www.periodicolapislazuli.com\/noticias\/wp-json\/wp\/v2\/comments?post=9540"}],"version-history":[{"count":10,"href":"https:\/\/www.periodicolapislazuli.com\/noticias\/wp-json\/wp\/v2\/posts\/9540\/revisions"}],"predecessor-version":[{"id":9555,"href":"https:\/\/www.periodicolapislazuli.com\/noticias\/wp-json\/wp\/v2\/posts\/9540\/revisions\/9555"}],"wp:featuredmedia":[{"embeddable":true,"href":"https:\/\/www.periodicolapislazuli.com\/noticias\/wp-json\/wp\/v2\/media\/9549"}],"wp:attachment":[{"href":"https:\/\/www.periodicolapislazuli.com\/noticias\/wp-json\/wp\/v2\/media?parent=9540"}],"wp:term":[{"taxonomy":"category","embeddable":true,"href":"https:\/\/www.periodicolapislazuli.com\/noticias\/wp-json\/wp\/v2\/categories?post=9540"},{"taxonomy":"post_tag","embeddable":true,"href":"https:\/\/www.periodicolapislazuli.com\/noticias\/wp-json\/wp\/v2\/tags?post=9540"}],"curies":[{"name":"wp","href":"https:\/\/api.w.org\/{rel}","templated":true}]}}