{"id":9536,"date":"2023-02-20T17:18:44","date_gmt":"2023-02-20T17:18:44","guid":{"rendered":"https:\/\/www.periodicolapislazuli.com\/noticias\/?p=9536"},"modified":"2023-02-20T17:18:44","modified_gmt":"2023-02-20T17:18:44","slug":"convocatoria-al-taller-compania-del-laton-una-experiencia-de-teatro-dialectico","status":"publish","type":"post","link":"https:\/\/www.periodicolapislazuli.com\/noticias\/convocatoria-al-taller-compania-del-laton-una-experiencia-de-teatro-dialectico\/","title":{"rendered":"Convocatoria al Taller \u00abCompa\u00f1\u00eda del Lat\u00f3n: Una experiencia de teatro dial\u00e9ctico\u00bb"},"content":{"rendered":"<div class='booster-block booster-read-block'>\n                <div class=\"twp-read-time\">\n                \t<i class=\"booster-icon twp-clock\"><\/i> <span>Read Time:<\/span>2 Minute, 15 Second                <\/div>\n\n            <\/div><p style=\"text-align: justify; padding-left: 80px;\"><img fetchpriority=\"high\" decoding=\"async\" class=\"alignnone wp-image-9537 size-full\" src=\"https:\/\/www.periodicolapislazuli.com\/noticias\/wp-content\/uploads\/2023\/02\/Sergio-de-Carvalho-1024x604-1.webp\" alt=\"\" width=\"810\" height=\"478\" srcset=\"https:\/\/www.periodicolapislazuli.com\/noticias\/wp-content\/uploads\/2023\/02\/Sergio-de-Carvalho-1024x604-1.webp 810w, https:\/\/www.periodicolapislazuli.com\/noticias\/wp-content\/uploads\/2023\/02\/Sergio-de-Carvalho-1024x604-1-780x460.webp 780w, https:\/\/www.periodicolapislazuli.com\/noticias\/wp-content\/uploads\/2023\/02\/Sergio-de-Carvalho-1024x604-1-768x453.webp 768w\" sizes=\"(max-width: 810px) 100vw, 810px\" \/><\/p>\n<p style=\"text-align: justify; padding-left: 80px;\">La Direcci\u00f3n de Teatro de la Casa de las Am\u00e9ricas convoca al Taller \u00abCompa\u00f1\u00eda del Lat\u00f3n: Una experiencia de teatro dial\u00e9ctico\u00bb, que impartir\u00e1 el maestro brasile\u00f1o S\u00e9rgio de Carvalho, l\u00edder de la agrupaci\u00f3n. El taller se dirige a actores, directores, dramaturgos y otros profesionales de la escena, as\u00ed como a estudiantes del ISA y avanzados de la ENA.<\/p>\n<p style=\"text-align: justify; padding-left: 80px;\">S\u00e9rgio de Carvalho compartir\u00e1 los procedimientos creativos del grupo en los trabajos de la dramaturgia colaborativa y la puesta en escena dentro de la sala de ensayo, a partir de su larga experiencia en montajes como El c\u00edrculo de tiza caucasiano, La \u00f3pera de los vivos y Ning\u00fan lugar. Tambi\u00e9n incorporar\u00e1 la labor vinculada con grupos aficionados que se articulan con movimientos sociales, como la creaci\u00f3n de la \u00f3pera Caf\u00e9, con el Movimiento de los Trabajadores Rurales sin Tierra (MST).<\/p>\n<p style=\"text-align: justify; padding-left: 80px;\">S\u00e9rgio de Carvalho es dramaturgo, director de escena e investigador teatral. Adem\u00e1s de dirigir la Compa\u00f1\u00eda del Lat\u00f3n, es profesor de la Universidad de S\u00e3o Paulo, donde trabaja en el Departamento de Artes Esc\u00e9nicas desde 2005. Tiene una maestr\u00eda en Artes Esc\u00e9nicas (1995), un doctorado en Literatura Brasile\u00f1a (2003) y una c\u00e1tedra en Dramaturgia (2017) de la USP. Fue profesor de Teor\u00eda del Teatro en la UNICAM entre 1996 y 2005. Es licenciado en periodismo y ha colaborado con diversos medios de comunicaci\u00f3n, siendo columnista del diario O Estado de S\u00e3o Paulo. Ha dictado conferencias en Argentina, M\u00e9xico, Portugal, Grecia y Alemania. Recibi\u00f3 el Premio Villanueva de la Cr\u00edtica, por sus presentaciones en Cuba con El c\u00edrculo de tiza caucasiano, en 2008.<\/p>\n<blockquote>\n<p style=\"text-align: justify; padding-left: 80px;\"><strong>El taller se desarrollar\u00e1 del martes 7 al viernes 10 de marzo, de 9:00 a.m. a 1:00 p.m. en la Sala Che Guevara de la Casa de las Am\u00e9ricas.<\/strong><\/p>\n<\/blockquote>\n<p style=\"text-align: justify; padding-left: 80px;\">La matr\u00edcula ser\u00e1 selectiva, para hasta 20 participantes. A partir de la circulaci\u00f3n de la presente convocatoria se recibir\u00e1n las solicitudes de inscripci\u00f3n hasta el martes 28 de febrero de 2023.<\/p>\n<p style=\"text-align: justify; padding-left: 80px;\">Los interesados deben enviar un mensaje acompa\u00f1ado de los siguientes datos: nombre(s) y apellidos, C.I. y breve curr\u00edculo profesional. Las solicitudes se recibir\u00e1n por los correos electr\u00f3nicos teatro@casa.cult.cu, conjunto@casa.cult.cu, o personalmente por escrito en la Direcci\u00f3n de Teatro de la Casa de las Am\u00e9ricas.<\/p>\n<p style=\"text-align: justify; padding-left: 80px;\">Los talleristas aprobados recibir\u00e1n su confirmaci\u00f3n a vuelta de correo deber\u00e1n abonar hasta el lunes 6 de marzo el importe de $500.00 MN para actores\/actrices profesionales, y 100.00 pesos MN para estudiantes de teatro, lo que les dar\u00e1 derecho a acceder a una de las funciones y a otras actividades del grupo. Los talleristas con presencia en todas las sesiones recibir\u00e1n un certificado de participaci\u00f3n.<\/p>\n<p style=\"text-align: justify; padding-left: 80px;\">\n<p style=\"text-align: justify; padding-left: 80px;\">Fuente: Direcci\u00f3n de Teatro Casa de las Am\u00e9ricas<\/p>\n<div class=\"pvc_clear\"><\/div>\n<p id=\"pvc_stats_9536\" class=\"pvc_stats all  \" data-element-id=\"9536\" style=\"\"><i class=\"pvc-stats-icon large\" aria-hidden=\"true\"><svg aria-hidden=\"true\" focusable=\"false\" data-prefix=\"far\" data-icon=\"chart-bar\" role=\"img\" xmlns=\"http:\/\/www.w3.org\/2000\/svg\" viewBox=\"0 0 512 512\" class=\"svg-inline--fa fa-chart-bar fa-w-16 fa-2x\"><path fill=\"currentColor\" d=\"M396.8 352h22.4c6.4 0 12.8-6.4 12.8-12.8V108.8c0-6.4-6.4-12.8-12.8-12.8h-22.4c-6.4 0-12.8 6.4-12.8 12.8v230.4c0 6.4 6.4 12.8 12.8 12.8zm-192 0h22.4c6.4 0 12.8-6.4 12.8-12.8V140.8c0-6.4-6.4-12.8-12.8-12.8h-22.4c-6.4 0-12.8 6.4-12.8 12.8v198.4c0 6.4 6.4 12.8 12.8 12.8zm96 0h22.4c6.4 0 12.8-6.4 12.8-12.8V204.8c0-6.4-6.4-12.8-12.8-12.8h-22.4c-6.4 0-12.8 6.4-12.8 12.8v134.4c0 6.4 6.4 12.8 12.8 12.8zM496 400H48V80c0-8.84-7.16-16-16-16H16C7.16 64 0 71.16 0 80v336c0 17.67 14.33 32 32 32h464c8.84 0 16-7.16 16-16v-16c0-8.84-7.16-16-16-16zm-387.2-48h22.4c6.4 0 12.8-6.4 12.8-12.8v-70.4c0-6.4-6.4-12.8-12.8-12.8h-22.4c-6.4 0-12.8 6.4-12.8 12.8v70.4c0 6.4 6.4 12.8 12.8 12.8z\" class=\"\"><\/path><\/svg><\/i> <img decoding=\"async\" width=\"16\" height=\"16\" alt=\"Loading\" src=\"https:\/\/www.periodicolapislazuli.com\/noticias\/wp-content\/plugins\/page-views-count\/ajax-loader-2x.gif\" border=0 \/><\/p>\n<div class=\"pvc_clear\"><\/div>\n        <div class=\"booster-block booster-reactions-block\">\n            <div class=\"twp-reactions-icons\">\n                \n                <div class=\"twp-reacts-wrap\">\n                    <a react-data=\"be-react-1\" post-id=\"9536\" class=\"be-face-icons un-reacted\" href=\"javascript:void(0)\">\n                        <img decoding=\"async\" src=\"https:\/\/www.periodicolapislazuli.com\/noticias\/wp-content\/plugins\/booster-extension\/\/assets\/icon\/happy.svg\" alt=\"Happy\">\n                    <\/a>\n                    <div class=\"twp-reaction-title\">\n                        Happy                    <\/div>\n                    <div class=\"twp-count-percent\">\n                                                    <span style=\"display: none;\" class=\"twp-react-count\">0<\/span>\n                        \n                                                <span class=\"twp-react-percent\"><span>0<\/span> %<\/span>\n                                            <\/div>\n                <\/div>\n\n                <div class=\"twp-reacts-wrap\">\n                    <a react-data=\"be-react-2\" post-id=\"9536\" class=\"be-face-icons un-reacted\" href=\"javascript:void(0)\">\n                        <img decoding=\"async\" src=\"https:\/\/www.periodicolapislazuli.com\/noticias\/wp-content\/plugins\/booster-extension\/\/assets\/icon\/sad.svg\" alt=\"Sad\">\n                    <\/a>\n                    <div class=\"twp-reaction-title\">\n                        Sad                    <\/div>\n                    <div class=\"twp-count-percent\">\n                                                    <span style=\"display: none;\" class=\"twp-react-count\">0<\/span>\n                                                                        <span class=\"twp-react-percent\"><span>0<\/span> %<\/span>\n                                            <\/div>\n                <\/div>\n\n                <div class=\"twp-reacts-wrap\">\n                    <a react-data=\"be-react-3\" post-id=\"9536\" class=\"be-face-icons un-reacted\" href=\"javascript:void(0)\">\n                        <img decoding=\"async\" src=\"https:\/\/www.periodicolapislazuli.com\/noticias\/wp-content\/plugins\/booster-extension\/\/assets\/icon\/excited.svg\" alt=\"Excited\">\n                    <\/a>\n                    <div class=\"twp-reaction-title\">\n                        Excited                    <\/div>\n                    <div class=\"twp-count-percent\">\n                                                    <span style=\"display: none;\" class=\"twp-react-count\">0<\/span>\n                                                                        <span class=\"twp-react-percent\"><span>0<\/span> %<\/span>\n                                            <\/div>\n                <\/div>\n\n                <div class=\"twp-reacts-wrap\">\n                    <a react-data=\"be-react-6\" post-id=\"9536\" class=\"be-face-icons un-reacted\" href=\"javascript:void(0)\">\n                        <img decoding=\"async\" src=\"https:\/\/www.periodicolapislazuli.com\/noticias\/wp-content\/plugins\/booster-extension\/\/assets\/icon\/sleepy.svg\" alt=\"Sleepy\">\n                    <\/a>\n                    <div class=\"twp-reaction-title\">\n                        Sleepy                    <\/div>\n                    <div class=\"twp-count-percent\">\n                                                    <span style=\"display: none;\" class=\"twp-react-count\">0<\/span>\n                        \n                                                <span class=\"twp-react-percent\"><span>0<\/span> %<\/span>\n                                            <\/div>\n                <\/div>\n\n                <div class=\"twp-reacts-wrap\">\n                    <a react-data=\"be-react-4\" post-id=\"9536\" class=\"be-face-icons un-reacted\" href=\"javascript:void(0)\">\n                        <img decoding=\"async\" src=\"https:\/\/www.periodicolapislazuli.com\/noticias\/wp-content\/plugins\/booster-extension\/\/assets\/icon\/angry.svg\" alt=\"Angry\">\n                    <\/a>\n                    <div class=\"twp-reaction-title\">Angry<\/div>\n                    <div class=\"twp-count-percent\">\n                                                    <span style=\"display: none;\" class=\"twp-react-count\">0<\/span>\n                                                                        <span class=\"twp-react-percent\"><span>0<\/span> %<\/span>\n                        \n                    <\/div>\n                <\/div>\n\n                <div class=\"twp-reacts-wrap\">\n                    <a react-data=\"be-react-5\" post-id=\"9536\" class=\"be-face-icons un-reacted\" href=\"javascript:void(0)\">\n                        <img decoding=\"async\" src=\"https:\/\/www.periodicolapislazuli.com\/noticias\/wp-content\/plugins\/booster-extension\/\/assets\/icon\/surprise.svg\" alt=\"Surprise\">\n                    <\/a>\n                    <div class=\"twp-reaction-title\">Surprise<\/div>\n                    <div class=\"twp-count-percent\">\n                                                    <span style=\"display: none;\" class=\"twp-react-count\">0<\/span>\n                                                                        <span class=\"twp-react-percent\"><span>0<\/span> %<\/span>\n                                            <\/div>\n                <\/div>\n\n            <\/div>\n        <\/div>\n\n    ","protected":false},"excerpt":{"rendered":"<p>La Direcci\u00f3n de Teatro de la Casa de las Am\u00e9ricas convoca al Taller \u00abCompa\u00f1\u00eda del Lat\u00f3n: Una experiencia<\/p>\n<div class=\"pvc_clear\"><\/div>\n<p id=\"pvc_stats_9536\" class=\"pvc_stats all  \" data-element-id=\"9536\" style=\"\"><i class=\"pvc-stats-icon large\" aria-hidden=\"true\"><svg aria-hidden=\"true\" focusable=\"false\" data-prefix=\"far\" data-icon=\"chart-bar\" role=\"img\" xmlns=\"http:\/\/www.w3.org\/2000\/svg\" viewBox=\"0 0 512 512\" class=\"svg-inline--fa fa-chart-bar fa-w-16 fa-2x\"><path fill=\"currentColor\" d=\"M396.8 352h22.4c6.4 0 12.8-6.4 12.8-12.8V108.8c0-6.4-6.4-12.8-12.8-12.8h-22.4c-6.4 0-12.8 6.4-12.8 12.8v230.4c0 6.4 6.4 12.8 12.8 12.8zm-192 0h22.4c6.4 0 12.8-6.4 12.8-12.8V140.8c0-6.4-6.4-12.8-12.8-12.8h-22.4c-6.4 0-12.8 6.4-12.8 12.8v198.4c0 6.4 6.4 12.8 12.8 12.8zm96 0h22.4c6.4 0 12.8-6.4 12.8-12.8V204.8c0-6.4-6.4-12.8-12.8-12.8h-22.4c-6.4 0-12.8 6.4-12.8 12.8v134.4c0 6.4 6.4 12.8 12.8 12.8zM496 400H48V80c0-8.84-7.16-16-16-16H16C7.16 64 0 71.16 0 80v336c0 17.67 14.33 32 32 32h464c8.84 0 16-7.16 16-16v-16c0-8.84-7.16-16-16-16zm-387.2-48h22.4c6.4 0 12.8-6.4 12.8-12.8v-70.4c0-6.4-6.4-12.8-12.8-12.8h-22.4c-6.4 0-12.8 6.4-12.8 12.8v70.4c0 6.4 6.4 12.8 12.8 12.8z\" class=\"\"><\/path><\/svg><\/i> <img decoding=\"async\" width=\"16\" height=\"16\" alt=\"Loading\" src=\"https:\/\/www.periodicolapislazuli.com\/noticias\/wp-content\/plugins\/page-views-count\/ajax-loader-2x.gif\" border=0 \/><\/p>\n<div class=\"pvc_clear\"><\/div>\n","protected":false},"author":3,"featured_media":9538,"comment_status":"closed","ping_status":"open","sticky":false,"template":"","format":"standard","meta":{"om_disable_all_campaigns":false,"pagelayer_contact_templates":[],"_pagelayer_content":"","_monsterinsights_skip_tracking":false,"_monsterinsights_sitenote_active":false,"_monsterinsights_sitenote_note":"","_monsterinsights_sitenote_category":0,"footnotes":""},"categories":[15,28],"tags":[3307,39,30,40],"class_list":["post-9536","post","type-post","status-publish","format-standard","has-post-thumbnail","hentry","category-convocatorias","category-teatro","tag-compania-del-laton","tag-convocatoria","tag-taller","tag-teatro"],"a3_pvc":{"activated":true,"total_views":266,"today_views":0},"jetpack_featured_media_url":"https:\/\/www.periodicolapislazuli.com\/noticias\/wp-content\/uploads\/2023\/02\/teatro-13.jpg","_links":{"self":[{"href":"https:\/\/www.periodicolapislazuli.com\/noticias\/wp-json\/wp\/v2\/posts\/9536","targetHints":{"allow":["GET"]}}],"collection":[{"href":"https:\/\/www.periodicolapislazuli.com\/noticias\/wp-json\/wp\/v2\/posts"}],"about":[{"href":"https:\/\/www.periodicolapislazuli.com\/noticias\/wp-json\/wp\/v2\/types\/post"}],"author":[{"embeddable":true,"href":"https:\/\/www.periodicolapislazuli.com\/noticias\/wp-json\/wp\/v2\/users\/3"}],"replies":[{"embeddable":true,"href":"https:\/\/www.periodicolapislazuli.com\/noticias\/wp-json\/wp\/v2\/comments?post=9536"}],"version-history":[{"count":1,"href":"https:\/\/www.periodicolapislazuli.com\/noticias\/wp-json\/wp\/v2\/posts\/9536\/revisions"}],"predecessor-version":[{"id":9539,"href":"https:\/\/www.periodicolapislazuli.com\/noticias\/wp-json\/wp\/v2\/posts\/9536\/revisions\/9539"}],"wp:featuredmedia":[{"embeddable":true,"href":"https:\/\/www.periodicolapislazuli.com\/noticias\/wp-json\/wp\/v2\/media\/9538"}],"wp:attachment":[{"href":"https:\/\/www.periodicolapislazuli.com\/noticias\/wp-json\/wp\/v2\/media?parent=9536"}],"wp:term":[{"taxonomy":"category","embeddable":true,"href":"https:\/\/www.periodicolapislazuli.com\/noticias\/wp-json\/wp\/v2\/categories?post=9536"},{"taxonomy":"post_tag","embeddable":true,"href":"https:\/\/www.periodicolapislazuli.com\/noticias\/wp-json\/wp\/v2\/tags?post=9536"}],"curies":[{"name":"wp","href":"https:\/\/api.w.org\/{rel}","templated":true}]}}