{"id":8755,"date":"2022-09-16T13:14:35","date_gmt":"2022-09-16T13:14:35","guid":{"rendered":"https:\/\/www.periodicolapislazuli.com\/noticias\/?p=8755"},"modified":"2022-09-16T13:14:35","modified_gmt":"2022-09-16T13:14:35","slug":"el-festival-gabo-llega-por-primera-vez-a-bogota","status":"publish","type":"post","link":"https:\/\/www.periodicolapislazuli.com\/noticias\/el-festival-gabo-llega-por-primera-vez-a-bogota\/","title":{"rendered":"El Festival Gabo llega por primera vez a Bogot\u00e1"},"content":{"rendered":"<div class='booster-block booster-read-block'>\n                <div class=\"twp-read-time\">\n                \t<i class=\"booster-icon twp-clock\"><\/i> <span>Read Time:<\/span>3 Minute, 15 Second                <\/div>\n\n            <\/div><p style=\"text-align: justify; padding-left: 40px;\"><img fetchpriority=\"high\" decoding=\"async\" class=\"aligncenter wp-image-8756 size-full\" src=\"https:\/\/www.periodicolapislazuli.com\/noticias\/wp-content\/uploads\/2022\/09\/gabo.png\" alt=\"\" width=\"1200\" height=\"826\" srcset=\"https:\/\/www.periodicolapislazuli.com\/noticias\/wp-content\/uploads\/2022\/09\/gabo.png 1200w, https:\/\/www.periodicolapislazuli.com\/noticias\/wp-content\/uploads\/2022\/09\/gabo-668x460.png 668w, https:\/\/www.periodicolapislazuli.com\/noticias\/wp-content\/uploads\/2022\/09\/gabo-1029x708.png 1029w, https:\/\/www.periodicolapislazuli.com\/noticias\/wp-content\/uploads\/2022\/09\/gabo-768x529.png 768w\" sizes=\"(max-width: 1200px) 100vw, 1200px\" \/><br \/>\nEl Festival Gabo, organizado por la Fundaci\u00f3n Gabo, creada en 1995 por el propio Gabriel Garc\u00eda M\u00e1rquez, es el mayor encuentro dedicado al periodismo, la ciudadan\u00eda y la cultura de Iberoam\u00e9rica.<\/p>\n<p style=\"text-align: justify; padding-left: 40px;\">Este a\u00f1o se har\u00e1 por primera vez en Bogot\u00e1, del 21 al 23 de octubre, y ser\u00e1 el epicentro de las celebraciones por los 40 a\u00f1os del Nobel otorgado a Gabriel Garc\u00eda M\u00e1rquez.<\/p>\n<p style=\"text-align: justify; padding-left: 40px;\">En su d\u00e9cima edici\u00f3n, se inspira en el discurso La soledad de Am\u00e9rica Latina, pronunciado por Garc\u00eda M\u00e1rquez, en 1982, al convertirse en el primer y \u00fanico colombiano en recibir el premio Nobel de literatura. En uno de sus apartados m\u00e1s c\u00e9lebres Gabo dijo: \u201cPoetas y mendigos, m\u00fasicos y profetas, guerreros y malandrines, todas las criaturas de aquella realidad desaforada hemos tenido que pedirle muy poco a la imaginaci\u00f3n, porque el desaf\u00edo mayor para nosotros ha sido la insuficiencia de los recursos convencionales para hacer cre\u00edble nuestra vida. Este es, amigos, el nudo de nuestra soledad\u201d.<\/p>\n<p style=\"text-align: justify; padding-left: 40px;\">Cuarenta a\u00f1os despu\u00e9s, inmersos en esa realidad descomunal, poco ha cambiado, pero ya no estamos solos. En este espacio de celebraci\u00f3n, que cumple 10 a\u00f1os, y que evoca a ese \u201cmanantial de creaci\u00f3n insaciable\u201d, los contadores de historias de Iberoam\u00e9rica, independientes de formatos, g\u00e9neros period\u00edsticos y tem\u00e1ticas, nos unimos para buscar nuevas formas de narrar la regi\u00f3n y as\u00ed contribuir a desenredar este nudo.<br \/>\nSuscr\u00edbete y recibe las novedades<\/p>\n<p style=\"text-align: justify; padding-left: 40px;\">Tendremos encuentros que girar\u00e1n en torno al periodismo, la literatura, la poes\u00eda, la educaci\u00f3n, la diversidad, el g\u00e9nero, la creatividad y la innovaci\u00f3n. Tem\u00e1ticas que se desarrollar\u00e1n en m\u00e1s de 50 actividades entre talleres, exposiciones, charlas y encuentros, que reunir\u00e1n a 100 expertos nacionales e internacionales.<\/p>\n<p>Entre los participantes estar\u00e1n los ganadores del Premio Gabo, que se dar\u00e1n a conocer en las pr\u00f3ximas semanas. Este reconocimiento se entrega anualmente y tiene el objetivo de incentivar la b\u00fasqueda de la excelencia, la innovaci\u00f3n y la coherencia \u00e9tica en el periodismo, con inspiraci\u00f3n en los ideales y la obra de Gabriel Garc\u00eda M\u00e1rquez.<\/p>\n<h2 style=\"text-align: justify; padding-left: 40px;\">Bogot\u00e1 acoge el festival:<\/h2>\n<p style=\"text-align: justify; padding-left: 40px;\">\nEl Festival Gabo tendr\u00e1 un especial \u00e9nfasis en las audiencias, que cada d\u00eda son m\u00e1s protagonistas en el oficio del periodismo y la comunicaci\u00f3n. Por eso, aunque su punto de partida se encuentra en el periodismo, Gabo y las historias, este evento busca involucrar a todos los miembros de la ciudadan\u00eda sin importar las edades.<\/p>\n<p style=\"text-align: justify; padding-left: 40px;\">Esta es la raz\u00f3n por la que Bogot\u00e1 acoge al festival en el Gimnasio Moderno como punto central de la programaci\u00f3n, que incluye otras actividades como exposiciones fotogr\u00e1ficas, oferta gastron\u00f3mica y conciertos. Los nombres de los participantes y los horarios ser\u00e1n revelados en las pr\u00f3ximas semanas.<\/p>\n<p style=\"text-align: justify; padding-left: 40px;\">\n<strong>Gabo y Bogot\u00e1:<\/strong><br \/>\nGabriel Garc\u00eda M\u00e1rquez lleg\u00f3 por primera vez a la capital del pa\u00eds a principios de 1943 y fue all\u00ed donde comenz\u00f3 su inconclusa carrera de Derecho en la Universidad Nacional y descubri\u00f3 los paseos en tranv\u00edas y los caf\u00e9s donde se reun\u00edan poetas, escritores e intelectuales.<\/p>\n<p style=\"text-align: justify; padding-left: 40px;\">Once a\u00f1os despu\u00e9s fue contratado por El Espectador, diario en el que gan\u00f3 un espacio con la columna \u2018D\u00eda a D\u00eda\u2019. Luego puli\u00f3 su estilo hasta convertirse en un reputado cronista con textos como La reina sola, en el que insiste en el tema de la soledad y del poder, que profundiz\u00f3 en El oto\u00f1o del patriarca, su quinto libro.<\/p>\n<p>Adem\u00e1s, en 1959 nace Rodrigo, su primer hijo. Un a\u00f1o despu\u00e9s, ejerce como jefe de noticias de la Agencia Cubana de Prensa, y hacia los a\u00f1os 90, la ciudad fue el escenario del \u00faltimo libro period\u00edstico que public\u00f3, Noticia de un secuestro, y el lugar en el que adquiri\u00f3 la revista Cambio, junto con otros socios.<\/p>\n<blockquote style=\"padding-left: 40px;\">\n<p style=\"text-align: justify; padding-left: 40px;\">No te pierdas ning\u00fan detalle<br \/>\nEl Festival Gabo es el lugar de los contadores de historias del mundo Iberoamericano y la mayor fiesta del periodismo, la cultura y la activaci\u00f3n ciudadana. Este evento es posible gracias a la alianza con los grupos Bancolombia y SURA, y sus filiales de Am\u00e9rica Latina.<\/p>\n<\/blockquote>\n<div class=\"pvc_clear\"><\/div>\n<p id=\"pvc_stats_8755\" class=\"pvc_stats all  \" data-element-id=\"8755\" style=\"\"><i class=\"pvc-stats-icon large\" aria-hidden=\"true\"><svg aria-hidden=\"true\" focusable=\"false\" data-prefix=\"far\" data-icon=\"chart-bar\" role=\"img\" xmlns=\"http:\/\/www.w3.org\/2000\/svg\" viewBox=\"0 0 512 512\" class=\"svg-inline--fa fa-chart-bar fa-w-16 fa-2x\"><path fill=\"currentColor\" d=\"M396.8 352h22.4c6.4 0 12.8-6.4 12.8-12.8V108.8c0-6.4-6.4-12.8-12.8-12.8h-22.4c-6.4 0-12.8 6.4-12.8 12.8v230.4c0 6.4 6.4 12.8 12.8 12.8zm-192 0h22.4c6.4 0 12.8-6.4 12.8-12.8V140.8c0-6.4-6.4-12.8-12.8-12.8h-22.4c-6.4 0-12.8 6.4-12.8 12.8v198.4c0 6.4 6.4 12.8 12.8 12.8zm96 0h22.4c6.4 0 12.8-6.4 12.8-12.8V204.8c0-6.4-6.4-12.8-12.8-12.8h-22.4c-6.4 0-12.8 6.4-12.8 12.8v134.4c0 6.4 6.4 12.8 12.8 12.8zM496 400H48V80c0-8.84-7.16-16-16-16H16C7.16 64 0 71.16 0 80v336c0 17.67 14.33 32 32 32h464c8.84 0 16-7.16 16-16v-16c0-8.84-7.16-16-16-16zm-387.2-48h22.4c6.4 0 12.8-6.4 12.8-12.8v-70.4c0-6.4-6.4-12.8-12.8-12.8h-22.4c-6.4 0-12.8 6.4-12.8 12.8v70.4c0 6.4 6.4 12.8 12.8 12.8z\" class=\"\"><\/path><\/svg><\/i> <img decoding=\"async\" width=\"16\" height=\"16\" alt=\"Loading\" src=\"https:\/\/www.periodicolapislazuli.com\/noticias\/wp-content\/plugins\/page-views-count\/ajax-loader-2x.gif\" border=0 \/><\/p>\n<div class=\"pvc_clear\"><\/div>\n        <div class=\"booster-block booster-reactions-block\">\n            <div class=\"twp-reactions-icons\">\n                \n                <div class=\"twp-reacts-wrap\">\n                    <a react-data=\"be-react-1\" post-id=\"8755\" class=\"be-face-icons un-reacted\" href=\"javascript:void(0)\">\n                        <img decoding=\"async\" src=\"https:\/\/www.periodicolapislazuli.com\/noticias\/wp-content\/plugins\/booster-extension\/\/assets\/icon\/happy.svg\" alt=\"Happy\">\n                    <\/a>\n                    <div class=\"twp-reaction-title\">\n                        Happy                    <\/div>\n                    <div class=\"twp-count-percent\">\n                                                    <span style=\"display: none;\" class=\"twp-react-count\">0<\/span>\n                        \n                                                <span class=\"twp-react-percent\"><span>0<\/span> %<\/span>\n                                            <\/div>\n                <\/div>\n\n                <div class=\"twp-reacts-wrap\">\n                    <a react-data=\"be-react-2\" post-id=\"8755\" class=\"be-face-icons un-reacted\" href=\"javascript:void(0)\">\n                        <img decoding=\"async\" src=\"https:\/\/www.periodicolapislazuli.com\/noticias\/wp-content\/plugins\/booster-extension\/\/assets\/icon\/sad.svg\" alt=\"Sad\">\n                    <\/a>\n                    <div class=\"twp-reaction-title\">\n                        Sad                    <\/div>\n                    <div class=\"twp-count-percent\">\n                                                    <span style=\"display: none;\" class=\"twp-react-count\">0<\/span>\n                                                                        <span class=\"twp-react-percent\"><span>0<\/span> %<\/span>\n                                            <\/div>\n                <\/div>\n\n                <div class=\"twp-reacts-wrap\">\n                    <a react-data=\"be-react-3\" post-id=\"8755\" class=\"be-face-icons un-reacted\" href=\"javascript:void(0)\">\n                        <img decoding=\"async\" src=\"https:\/\/www.periodicolapislazuli.com\/noticias\/wp-content\/plugins\/booster-extension\/\/assets\/icon\/excited.svg\" alt=\"Excited\">\n                    <\/a>\n                    <div class=\"twp-reaction-title\">\n                        Excited                    <\/div>\n                    <div class=\"twp-count-percent\">\n                                                    <span style=\"display: none;\" class=\"twp-react-count\">0<\/span>\n                                                                        <span class=\"twp-react-percent\"><span>0<\/span> %<\/span>\n                                            <\/div>\n                <\/div>\n\n                <div class=\"twp-reacts-wrap\">\n                    <a react-data=\"be-react-6\" post-id=\"8755\" class=\"be-face-icons un-reacted\" href=\"javascript:void(0)\">\n                        <img decoding=\"async\" src=\"https:\/\/www.periodicolapislazuli.com\/noticias\/wp-content\/plugins\/booster-extension\/\/assets\/icon\/sleepy.svg\" alt=\"Sleepy\">\n                    <\/a>\n                    <div class=\"twp-reaction-title\">\n                        Sleepy                    <\/div>\n                    <div class=\"twp-count-percent\">\n                                                    <span style=\"display: none;\" class=\"twp-react-count\">0<\/span>\n                        \n                                                <span class=\"twp-react-percent\"><span>0<\/span> %<\/span>\n                                            <\/div>\n                <\/div>\n\n                <div class=\"twp-reacts-wrap\">\n                    <a react-data=\"be-react-4\" post-id=\"8755\" class=\"be-face-icons un-reacted\" href=\"javascript:void(0)\">\n                        <img decoding=\"async\" src=\"https:\/\/www.periodicolapislazuli.com\/noticias\/wp-content\/plugins\/booster-extension\/\/assets\/icon\/angry.svg\" alt=\"Angry\">\n                    <\/a>\n                    <div class=\"twp-reaction-title\">Angry<\/div>\n                    <div class=\"twp-count-percent\">\n                                                    <span style=\"display: none;\" class=\"twp-react-count\">0<\/span>\n                                                                        <span class=\"twp-react-percent\"><span>0<\/span> %<\/span>\n                        \n                    <\/div>\n                <\/div>\n\n                <div class=\"twp-reacts-wrap\">\n                    <a react-data=\"be-react-5\" post-id=\"8755\" class=\"be-face-icons un-reacted\" href=\"javascript:void(0)\">\n                        <img decoding=\"async\" src=\"https:\/\/www.periodicolapislazuli.com\/noticias\/wp-content\/plugins\/booster-extension\/\/assets\/icon\/surprise.svg\" alt=\"Surprise\">\n                    <\/a>\n                    <div class=\"twp-reaction-title\">Surprise<\/div>\n                    <div class=\"twp-count-percent\">\n                                                    <span style=\"display: none;\" class=\"twp-react-count\">0<\/span>\n                                                                        <span class=\"twp-react-percent\"><span>0<\/span> %<\/span>\n                                            <\/div>\n                <\/div>\n\n            <\/div>\n        <\/div>\n\n    ","protected":false},"excerpt":{"rendered":"<p>El Festival Gabo, organizado por la Fundaci\u00f3n Gabo, creada en 1995 por el propio Gabriel Garc\u00eda M\u00e1rquez, es<\/p>\n<div class=\"pvc_clear\"><\/div>\n<p id=\"pvc_stats_8755\" class=\"pvc_stats all  \" data-element-id=\"8755\" style=\"\"><i class=\"pvc-stats-icon large\" aria-hidden=\"true\"><svg aria-hidden=\"true\" focusable=\"false\" data-prefix=\"far\" data-icon=\"chart-bar\" role=\"img\" xmlns=\"http:\/\/www.w3.org\/2000\/svg\" viewBox=\"0 0 512 512\" class=\"svg-inline--fa fa-chart-bar fa-w-16 fa-2x\"><path fill=\"currentColor\" d=\"M396.8 352h22.4c6.4 0 12.8-6.4 12.8-12.8V108.8c0-6.4-6.4-12.8-12.8-12.8h-22.4c-6.4 0-12.8 6.4-12.8 12.8v230.4c0 6.4 6.4 12.8 12.8 12.8zm-192 0h22.4c6.4 0 12.8-6.4 12.8-12.8V140.8c0-6.4-6.4-12.8-12.8-12.8h-22.4c-6.4 0-12.8 6.4-12.8 12.8v198.4c0 6.4 6.4 12.8 12.8 12.8zm96 0h22.4c6.4 0 12.8-6.4 12.8-12.8V204.8c0-6.4-6.4-12.8-12.8-12.8h-22.4c-6.4 0-12.8 6.4-12.8 12.8v134.4c0 6.4 6.4 12.8 12.8 12.8zM496 400H48V80c0-8.84-7.16-16-16-16H16C7.16 64 0 71.16 0 80v336c0 17.67 14.33 32 32 32h464c8.84 0 16-7.16 16-16v-16c0-8.84-7.16-16-16-16zm-387.2-48h22.4c6.4 0 12.8-6.4 12.8-12.8v-70.4c0-6.4-6.4-12.8-12.8-12.8h-22.4c-6.4 0-12.8 6.4-12.8 12.8v70.4c0 6.4 6.4 12.8 12.8 12.8z\" class=\"\"><\/path><\/svg><\/i> <img decoding=\"async\" width=\"16\" height=\"16\" alt=\"Loading\" src=\"https:\/\/www.periodicolapislazuli.com\/noticias\/wp-content\/plugins\/page-views-count\/ajax-loader-2x.gif\" border=0 \/><\/p>\n<div class=\"pvc_clear\"><\/div>\n","protected":false},"author":3,"featured_media":8756,"comment_status":"closed","ping_status":"open","sticky":false,"template":"","format":"standard","meta":{"om_disable_all_campaigns":false,"pagelayer_contact_templates":[],"_pagelayer_content":"","_monsterinsights_skip_tracking":false,"_monsterinsights_sitenote_active":false,"_monsterinsights_sitenote_note":"","_monsterinsights_sitenote_category":0,"footnotes":""},"categories":[5,26],"tags":[48,465,716,47,404],"class_list":["post-8755","post","type-post","status-publish","format-standard","has-post-thumbnail","hentry","category-eventos","category-literatura","tag-bogota","tag-festival-gabo","tag-gabriel-garcia-marquez","tag-literatura","tag-nobel"],"a3_pvc":{"activated":true,"total_views":254,"today_views":0},"jetpack_featured_media_url":"https:\/\/www.periodicolapislazuli.com\/noticias\/wp-content\/uploads\/2022\/09\/gabo.png","_links":{"self":[{"href":"https:\/\/www.periodicolapislazuli.com\/noticias\/wp-json\/wp\/v2\/posts\/8755","targetHints":{"allow":["GET"]}}],"collection":[{"href":"https:\/\/www.periodicolapislazuli.com\/noticias\/wp-json\/wp\/v2\/posts"}],"about":[{"href":"https:\/\/www.periodicolapislazuli.com\/noticias\/wp-json\/wp\/v2\/types\/post"}],"author":[{"embeddable":true,"href":"https:\/\/www.periodicolapislazuli.com\/noticias\/wp-json\/wp\/v2\/users\/3"}],"replies":[{"embeddable":true,"href":"https:\/\/www.periodicolapislazuli.com\/noticias\/wp-json\/wp\/v2\/comments?post=8755"}],"version-history":[{"count":1,"href":"https:\/\/www.periodicolapislazuli.com\/noticias\/wp-json\/wp\/v2\/posts\/8755\/revisions"}],"predecessor-version":[{"id":8757,"href":"https:\/\/www.periodicolapislazuli.com\/noticias\/wp-json\/wp\/v2\/posts\/8755\/revisions\/8757"}],"wp:featuredmedia":[{"embeddable":true,"href":"https:\/\/www.periodicolapislazuli.com\/noticias\/wp-json\/wp\/v2\/media\/8756"}],"wp:attachment":[{"href":"https:\/\/www.periodicolapislazuli.com\/noticias\/wp-json\/wp\/v2\/media?parent=8755"}],"wp:term":[{"taxonomy":"category","embeddable":true,"href":"https:\/\/www.periodicolapislazuli.com\/noticias\/wp-json\/wp\/v2\/categories?post=8755"},{"taxonomy":"post_tag","embeddable":true,"href":"https:\/\/www.periodicolapislazuli.com\/noticias\/wp-json\/wp\/v2\/tags?post=8755"}],"curies":[{"name":"wp","href":"https:\/\/api.w.org\/{rel}","templated":true}]}}