{"id":864,"date":"2017-09-30T15:55:22","date_gmt":"2017-09-30T15:55:22","guid":{"rendered":"http:\/\/www.periodicolapislazuli.com\/noticias\/?p=864"},"modified":"2017-09-30T15:55:22","modified_gmt":"2017-09-30T15:55:22","slug":"agora-xiii-festival-cuentos-cuenteros-2017","status":"publish","type":"post","link":"https:\/\/www.periodicolapislazuli.com\/noticias\/agora-xiii-festival-cuentos-cuenteros-2017\/","title":{"rendered":"\u00c1gora XIII Festival de Cuentos y Cuenteros 2017"},"content":{"rendered":"<div class='booster-block booster-read-block'>\n                <div class=\"twp-read-time\">\n                \t<i class=\"booster-icon twp-clock\"><\/i> <span>Read Time:<\/span>2 Minute, 4 Second                <\/div>\n\n            <\/div><p>Del 30 de septiembre al 8 de octubre se realiza, en Bogot\u00e1, el \u00c1gora XIII Festival de Cuentos y Cuenteros 2017. En el evento participan cinco cuenteros ganadores de un concurso para participar del festival, narradores profesionales como Nelly Pardo, Hanna Cuenca, Alberto posada, Pablo Torres y Juan Carlos Grisales. El invitado internacional es Facundo Mercadante, de Argentina.<\/p>\n<p>&nbsp;<\/p>\n<p><!--more--><\/p>\n<div align=\"justify\">\n<blockquote><p>Se llevar\u00e1 a cabo en varios escenarios, como el Teatro Hilos M\u00e1gicos, el Centro de Memoria Hist\u00f3rica, bibliotecas p\u00fablicas y la Universidad Santo Tom\u00e1s.<\/p><\/blockquote>\n<p>&nbsp;<\/p>\n<p><img decoding=\"async\" class=\"size-medium wp-image-866 alignleft\" src=\"http:\/\/www.periodicolapislazuli.com\/noticias\/wp-content\/uploads\/2017\/09\/53e5073eb9dd5dd7b4000001-300x157.jpg\" alt=\"\" width=\"300\" height=\"157\" srcset=\"https:\/\/www.periodicolapislazuli.com\/noticias\/wp-content\/uploads\/2017\/09\/53e5073eb9dd5dd7b4000001-300x157.jpg 300w, https:\/\/www.periodicolapislazuli.com\/noticias\/wp-content\/uploads\/2017\/09\/53e5073eb9dd5dd7b4000001.jpg 350w\" sizes=\"(max-width: 300px) 100vw, 300px\" \/>\u00c1gora, Festival de cuentos y cuenteros, antes Festival Internacional Pura Palabra, se regenera con el mismo objetivo de crear espacios en los cuales la cuenter\u00eda y la narraci\u00f3n oral, puedan presentar sus exponentes y compartir sus diferentes b\u00fasquedas con el p\u00fablico por medio de la palabra. Este evento organizado por Luna Nueva Producciones, conformado por la actriz y bailarina Lina Mar\u00eda Orozco y Juan Carlos Grisales actor, cuentero y director del grupo, es una iniciativa de investigaci\u00f3n esc\u00e9nica basada en la oralidad y la narraci\u00f3n oral como base de sus procesos creativos, con un inter\u00e9s permanente en la comunicaci\u00f3n con el p\u00fablico y el deseo de resaltar la memoria colectiva.<\/p>\n<p>Cuenteros como Gonzalo Valderrama, Hanna Cuenca, Diego Beltr\u00e1n, Nelly Pardo, Alejandro Campos, Mauricio Grande, Marco Dur\u00e1n \u201cEl Garlotero\u201d y los anfitriones Juan Carlos Grisales y Lina Mar\u00eda Orozco, har\u00e1n parte de este festival que se extender\u00e1 hasta el 10 de septiembre, en el teatro Hilos M\u00e1gicos y el teatro Jorge Eliecer Gait\u00e1n en la franja Vespertinas del Municipal. \u00c1gora, Festival de cuentos y cuenteros ser\u00e1 un espacio en la que el p\u00fablico capitalino podr\u00e1 disfrutar en plan familiar escuchando cuentos.<\/p>\n<h3><\/h3>\n<h3><\/h3>\n<h3>Aqu\u00ed la programaci\u00f3n:<\/h3>\n<p><strong>Teatro Jorge Elicer Gait\u00e1n Avenida Carrera 7 # 22 \u2013 47<\/strong><\/p>\n<p>Boleta: General $6.000 Adultos mayores $3.000 Ni\u00f1os $2.000 ni\u00f1os<\/p>\n<p><strong>7 de agosto de 2016<\/strong><\/p>\n<p>El Cambalachero y su Amante .<\/p>\n<p>Grupo Luna Nueva<\/p>\n<p>Hora: 11:00 a. m.<\/p>\n<p><strong>14 de agosto de 2016<\/strong><\/p>\n<p><strong>Narrat\u00f3n<\/strong><\/p>\n<p>Hora: 11:00 a. m.<\/p>\n<p>Vespertina Narraci\u00f3n del Municipal: Gonzalo Valderrama, Alejandro Campos, Mauricio Grande y Grupo Luna Nueva<\/p>\n<p>Hora: 4:00 p. m.<\/p>\n<p><strong>21 de agosto de 2016<\/strong><\/p>\n<p>Vespertina Narraci\u00f3n del Municipal: Hanna Cuenca y Grupo Luna Nueva<\/p>\n<p>Hora: 4:00 p. m.<\/p>\n<p><strong>28 de agosto de 2016<\/strong><\/p>\n<p>Vespertina Narraci\u00f3n del Municipal: Nelly Pardo, Gonzalo Valderrama y Grupo Luna Nueva.<\/p>\n<p>Hora: 4:00 p. m.<\/p>\n<p>Teatro Hilos M\u00e1gicos Calle 71 # 12-22<\/p>\n<p>Boleta: General $20.000<\/p>\n<p>7, 8, 9 y 10 de septiembre de 2016<\/p>\n<p>Narradores varios<\/p>\n<p>Hora: 7:00 p. m.<\/p>\n<\/div>\n<div class=\"pvc_clear\"><\/div>\n<p id=\"pvc_stats_864\" class=\"pvc_stats all  \" data-element-id=\"864\" style=\"\"><i class=\"pvc-stats-icon large\" aria-hidden=\"true\"><svg aria-hidden=\"true\" focusable=\"false\" data-prefix=\"far\" data-icon=\"chart-bar\" role=\"img\" xmlns=\"http:\/\/www.w3.org\/2000\/svg\" viewBox=\"0 0 512 512\" class=\"svg-inline--fa fa-chart-bar fa-w-16 fa-2x\"><path fill=\"currentColor\" d=\"M396.8 352h22.4c6.4 0 12.8-6.4 12.8-12.8V108.8c0-6.4-6.4-12.8-12.8-12.8h-22.4c-6.4 0-12.8 6.4-12.8 12.8v230.4c0 6.4 6.4 12.8 12.8 12.8zm-192 0h22.4c6.4 0 12.8-6.4 12.8-12.8V140.8c0-6.4-6.4-12.8-12.8-12.8h-22.4c-6.4 0-12.8 6.4-12.8 12.8v198.4c0 6.4 6.4 12.8 12.8 12.8zm96 0h22.4c6.4 0 12.8-6.4 12.8-12.8V204.8c0-6.4-6.4-12.8-12.8-12.8h-22.4c-6.4 0-12.8 6.4-12.8 12.8v134.4c0 6.4 6.4 12.8 12.8 12.8zM496 400H48V80c0-8.84-7.16-16-16-16H16C7.16 64 0 71.16 0 80v336c0 17.67 14.33 32 32 32h464c8.84 0 16-7.16 16-16v-16c0-8.84-7.16-16-16-16zm-387.2-48h22.4c6.4 0 12.8-6.4 12.8-12.8v-70.4c0-6.4-6.4-12.8-12.8-12.8h-22.4c-6.4 0-12.8 6.4-12.8 12.8v70.4c0 6.4 6.4 12.8 12.8 12.8z\" class=\"\"><\/path><\/svg><\/i> <img decoding=\"async\" width=\"16\" height=\"16\" alt=\"Loading\" src=\"https:\/\/www.periodicolapislazuli.com\/noticias\/wp-content\/plugins\/page-views-count\/ajax-loader-2x.gif\" border=0 \/><\/p>\n<div class=\"pvc_clear\"><\/div>\n        <div class=\"booster-block booster-reactions-block\">\n            <div class=\"twp-reactions-icons\">\n                \n                <div class=\"twp-reacts-wrap\">\n                    <a react-data=\"be-react-1\" post-id=\"864\" class=\"be-face-icons un-reacted\" href=\"javascript:void(0)\">\n                        <img decoding=\"async\" src=\"https:\/\/www.periodicolapislazuli.com\/noticias\/wp-content\/plugins\/booster-extension\/\/assets\/icon\/happy.svg\" alt=\"Happy\">\n                    <\/a>\n                    <div class=\"twp-reaction-title\">\n                        Happy                    <\/div>\n                    <div class=\"twp-count-percent\">\n                                                    <span style=\"display: none;\" class=\"twp-react-count\">0<\/span>\n                        \n                                                <span class=\"twp-react-percent\"><span>0<\/span> %<\/span>\n                                            <\/div>\n                <\/div>\n\n                <div class=\"twp-reacts-wrap\">\n                    <a react-data=\"be-react-2\" post-id=\"864\" class=\"be-face-icons un-reacted\" href=\"javascript:void(0)\">\n                        <img decoding=\"async\" src=\"https:\/\/www.periodicolapislazuli.com\/noticias\/wp-content\/plugins\/booster-extension\/\/assets\/icon\/sad.svg\" alt=\"Sad\">\n                    <\/a>\n                    <div class=\"twp-reaction-title\">\n                        Sad                    <\/div>\n                    <div class=\"twp-count-percent\">\n                                                    <span style=\"display: none;\" class=\"twp-react-count\">0<\/span>\n                                                                        <span class=\"twp-react-percent\"><span>0<\/span> %<\/span>\n                                            <\/div>\n                <\/div>\n\n                <div class=\"twp-reacts-wrap\">\n                    <a react-data=\"be-react-3\" post-id=\"864\" class=\"be-face-icons un-reacted\" href=\"javascript:void(0)\">\n                        <img decoding=\"async\" src=\"https:\/\/www.periodicolapislazuli.com\/noticias\/wp-content\/plugins\/booster-extension\/\/assets\/icon\/excited.svg\" alt=\"Excited\">\n                    <\/a>\n                    <div class=\"twp-reaction-title\">\n                        Excited                    <\/div>\n                    <div class=\"twp-count-percent\">\n                                                    <span style=\"display: none;\" class=\"twp-react-count\">0<\/span>\n                                                                        <span class=\"twp-react-percent\"><span>0<\/span> %<\/span>\n                                            <\/div>\n                <\/div>\n\n                <div class=\"twp-reacts-wrap\">\n                    <a react-data=\"be-react-6\" post-id=\"864\" class=\"be-face-icons un-reacted\" href=\"javascript:void(0)\">\n                        <img decoding=\"async\" src=\"https:\/\/www.periodicolapislazuli.com\/noticias\/wp-content\/plugins\/booster-extension\/\/assets\/icon\/sleepy.svg\" alt=\"Sleepy\">\n                    <\/a>\n                    <div class=\"twp-reaction-title\">\n                        Sleepy                    <\/div>\n                    <div class=\"twp-count-percent\">\n                                                    <span style=\"display: none;\" class=\"twp-react-count\">0<\/span>\n                        \n                                                <span class=\"twp-react-percent\"><span>0<\/span> %<\/span>\n                                            <\/div>\n                <\/div>\n\n                <div class=\"twp-reacts-wrap\">\n                    <a react-data=\"be-react-4\" post-id=\"864\" class=\"be-face-icons un-reacted\" href=\"javascript:void(0)\">\n                        <img decoding=\"async\" src=\"https:\/\/www.periodicolapislazuli.com\/noticias\/wp-content\/plugins\/booster-extension\/\/assets\/icon\/angry.svg\" alt=\"Angry\">\n                    <\/a>\n                    <div class=\"twp-reaction-title\">Angry<\/div>\n                    <div class=\"twp-count-percent\">\n                                                    <span style=\"display: none;\" class=\"twp-react-count\">0<\/span>\n                                                                        <span class=\"twp-react-percent\"><span>0<\/span> %<\/span>\n                        \n                    <\/div>\n                <\/div>\n\n                <div class=\"twp-reacts-wrap\">\n                    <a react-data=\"be-react-5\" post-id=\"864\" class=\"be-face-icons un-reacted\" href=\"javascript:void(0)\">\n                        <img decoding=\"async\" src=\"https:\/\/www.periodicolapislazuli.com\/noticias\/wp-content\/plugins\/booster-extension\/\/assets\/icon\/surprise.svg\" alt=\"Surprise\">\n                    <\/a>\n                    <div class=\"twp-reaction-title\">Surprise<\/div>\n                    <div class=\"twp-count-percent\">\n                                                    <span style=\"display: none;\" class=\"twp-react-count\">0<\/span>\n                                                                        <span class=\"twp-react-percent\"><span>0<\/span> %<\/span>\n                                            <\/div>\n                <\/div>\n\n            <\/div>\n        <\/div>\n\n    ","protected":false},"excerpt":{"rendered":"<p>Del 30 de septiembre al 8 de octubre se realiza, en Bogot\u00e1, el \u00c1gora XIII Festival de Cuentos<\/p>\n<div class=\"pvc_clear\"><\/div>\n<p id=\"pvc_stats_864\" class=\"pvc_stats all  \" data-element-id=\"864\" style=\"\"><i class=\"pvc-stats-icon large\" aria-hidden=\"true\"><svg aria-hidden=\"true\" focusable=\"false\" data-prefix=\"far\" data-icon=\"chart-bar\" role=\"img\" xmlns=\"http:\/\/www.w3.org\/2000\/svg\" viewBox=\"0 0 512 512\" class=\"svg-inline--fa fa-chart-bar fa-w-16 fa-2x\"><path fill=\"currentColor\" d=\"M396.8 352h22.4c6.4 0 12.8-6.4 12.8-12.8V108.8c0-6.4-6.4-12.8-12.8-12.8h-22.4c-6.4 0-12.8 6.4-12.8 12.8v230.4c0 6.4 6.4 12.8 12.8 12.8zm-192 0h22.4c6.4 0 12.8-6.4 12.8-12.8V140.8c0-6.4-6.4-12.8-12.8-12.8h-22.4c-6.4 0-12.8 6.4-12.8 12.8v198.4c0 6.4 6.4 12.8 12.8 12.8zm96 0h22.4c6.4 0 12.8-6.4 12.8-12.8V204.8c0-6.4-6.4-12.8-12.8-12.8h-22.4c-6.4 0-12.8 6.4-12.8 12.8v134.4c0 6.4 6.4 12.8 12.8 12.8zM496 400H48V80c0-8.84-7.16-16-16-16H16C7.16 64 0 71.16 0 80v336c0 17.67 14.33 32 32 32h464c8.84 0 16-7.16 16-16v-16c0-8.84-7.16-16-16-16zm-387.2-48h22.4c6.4 0 12.8-6.4 12.8-12.8v-70.4c0-6.4-6.4-12.8-12.8-12.8h-22.4c-6.4 0-12.8 6.4-12.8 12.8v70.4c0 6.4 6.4 12.8 12.8 12.8z\" class=\"\"><\/path><\/svg><\/i> <img decoding=\"async\" width=\"16\" height=\"16\" alt=\"Loading\" src=\"https:\/\/www.periodicolapislazuli.com\/noticias\/wp-content\/plugins\/page-views-count\/ajax-loader-2x.gif\" border=0 \/><\/p>\n<div class=\"pvc_clear\"><\/div>\n","protected":false},"author":1,"featured_media":865,"comment_status":"closed","ping_status":"open","sticky":false,"template":"","format":"standard","meta":{"om_disable_all_campaigns":false,"pagelayer_contact_templates":[],"_pagelayer_content":"","_monsterinsights_skip_tracking":false,"_monsterinsights_sitenote_active":false,"_monsterinsights_sitenote_note":"","_monsterinsights_sitenote_category":0,"footnotes":""},"categories":[28,5],"tags":[273,272,274,275,276,197,235,278,280,262,281,282,283,41,279,122,277,284,285,286,287,288,65,289,155,290],"class_list":["post-864","post","type-post","status-publish","format-standard","has-post-thumbnail","hentry","category-teatro","category-eventos","tag-actor-agosto","tag-agora","tag-bailarina","tag-colectiva","tag-cuenteria","tag-cuentos","tag-director","tag-eliecer","tag-escenica","tag-evento","tag-exponentes","tag-extendera","tag-familiar","tag-festival","tag-gaitan","tag-internacional","tag-jorge","tag-magicos","tag-municipal","tag-narradores","tag-palabra","tag-producciones","tag-programacion","tag-pura","tag-septiembre","tag-valderrama"],"a3_pvc":{"activated":true,"total_views":212,"today_views":0},"jetpack_featured_media_url":"https:\/\/www.periodicolapislazuli.com\/noticias\/wp-content\/uploads\/2017\/09\/EL-CAMBALACHERO-Y-SU-AMANTE-Juan-Carlos-Grisales-657x360.jpg","_links":{"self":[{"href":"https:\/\/www.periodicolapislazuli.com\/noticias\/wp-json\/wp\/v2\/posts\/864","targetHints":{"allow":["GET"]}}],"collection":[{"href":"https:\/\/www.periodicolapislazuli.com\/noticias\/wp-json\/wp\/v2\/posts"}],"about":[{"href":"https:\/\/www.periodicolapislazuli.com\/noticias\/wp-json\/wp\/v2\/types\/post"}],"author":[{"embeddable":true,"href":"https:\/\/www.periodicolapislazuli.com\/noticias\/wp-json\/wp\/v2\/users\/1"}],"replies":[{"embeddable":true,"href":"https:\/\/www.periodicolapislazuli.com\/noticias\/wp-json\/wp\/v2\/comments?post=864"}],"version-history":[{"count":1,"href":"https:\/\/www.periodicolapislazuli.com\/noticias\/wp-json\/wp\/v2\/posts\/864\/revisions"}],"predecessor-version":[{"id":867,"href":"https:\/\/www.periodicolapislazuli.com\/noticias\/wp-json\/wp\/v2\/posts\/864\/revisions\/867"}],"wp:featuredmedia":[{"embeddable":true,"href":"https:\/\/www.periodicolapislazuli.com\/noticias\/wp-json\/wp\/v2\/media\/865"}],"wp:attachment":[{"href":"https:\/\/www.periodicolapislazuli.com\/noticias\/wp-json\/wp\/v2\/media?parent=864"}],"wp:term":[{"taxonomy":"category","embeddable":true,"href":"https:\/\/www.periodicolapislazuli.com\/noticias\/wp-json\/wp\/v2\/categories?post=864"},{"taxonomy":"post_tag","embeddable":true,"href":"https:\/\/www.periodicolapislazuli.com\/noticias\/wp-json\/wp\/v2\/tags?post=864"}],"curies":[{"name":"wp","href":"https:\/\/api.w.org\/{rel}","templated":true}]}}