{"id":830,"date":"2017-11-02T17:20:44","date_gmt":"2017-11-02T17:20:44","guid":{"rendered":"http:\/\/www.periodicolapislazuli.com\/noticias\/?p=830"},"modified":"2017-11-03T09:02:46","modified_gmt":"2017-11-03T09:02:46","slug":"alfredo-gomez-muller-nihilismo-capital","status":"publish","type":"post","link":"https:\/\/www.periodicolapislazuli.com\/noticias\/alfredo-gomez-muller-nihilismo-capital\/","title":{"rendered":"Alfredo G\u00f3mez Muller de nihilismo y capital.  [Ediciones desde abajo]"},"content":{"rendered":"<div class='booster-block booster-read-block'>\n                <div class=\"twp-read-time\">\n                \t<i class=\"booster-icon twp-clock\"><\/i> <span>Read Time:<\/span>6 Minute, 40 Second                <\/div>\n\n            <\/div><p>Nihilismo y capitalismo &#8211;\u00a0 Alfredo G\u00f3mez Muller.<\/p>\n<p>Nuestra \u00e9poca va adquiriendo conciencia de que la crisis econ\u00f3mica mundial como la devastaci\u00f3n generalizada del medio natural son aspectos particulares de una crisis m\u00e1s amplia que concierne los modos de vivir, y por ende el sentido y valor que conferimos a la vida y a la existencia en general. La crisis de la sociedad es una crisis de la cultura o de la \u201ccivilizaci\u00f3n\u201d, esto es, la de un determinado modo de vida articulado por una representaci\u00f3n globalizante del mundo, y encarnado en modelos espec\u00edficos de subjetividad y de subjetivaci\u00f3n [Nihilismo].<\/p>\n<div align=\"justify\">\n<p>Desde el siglo XIX por lo menos, hombres y mujeres muy diversos han descrito los aspectos m\u00e1s caracter\u00edsticos de este modelo de subjetividad, que ya se ven\u00eda generalizando por aquel entonces. Seg\u00fan tal modelo, una subjetividad es un \u201cindividuo\u201d esencialmente separado de otros individuos, de la sociedad, de los dem\u00e1s seres vivos y de la materialidad que lo sustenta. La sociedad es entendida como una simple colecci\u00f3n de individuos que se pretenden absolutamente soberanos y se instituyen en \u201csujetos\u201d engarzados en relaciones de competencia con otros \u201csujetos\u201d para la apropiaci\u00f3n privada y acumulativa de la materialidad, de lo viviente y del trabajo social. Esta actividad de apropiaci\u00f3n privativa de la realidad humana y no humana, que determina el horizonte de vida de cada individuo, supone una representaci\u00f3n de las cosas, de lo viviente, del trabajo social y del mundo en general como algo apropiable de manera privada y acumulativa. La significaci\u00f3n de lo real como ente apropiable elimina toda simb\u00f3lica que relacione solidariamente a las subjetividades unas con otras y con los animales, las plantas, las piedras, los r\u00edos y las estrellas del firmamento. As\u00ed, las creaciones simb\u00f3licas de la cultura que confieren sentido y valor al mundo y a la actividad humana van desapareciendo. Nietzsche llam\u00f3 \u201cmuerte de Dios\u201d o \u201cnihilismo\u201d este desplome del sentido y del valor, que es asimismo un desplome de la simb\u00f3lica del estar-en-relaci\u00f3n o de la dimensi\u00f3n espiritual de la vida, en el sentido que los \u201crom\u00e1nticos\u201d del siglo XIX daban a la palabra \u201cesp\u00edritu\u201d.<\/p>\n<blockquote><p>El nihilismo es el producto hist\u00f3rico de un r\u00e9gimen social y econ\u00f3mico donde tiende a borrarse la capacidad humana de (re)crear sentido existencial y valores, y en el que la actividad social tiende a reducirse a la reproducci\u00f3n perpetua de medios y fines sometidos a la finalidad absoluta del poseer y del poder sobre lo humano y lo no humano. Desde el mismo siglo XIX, tal modelo de sociedad ha sido caracterizado como capitalista. El capitalismo \u2013ya sea privado o de Estado\u2013 es un r\u00e9gimen de clausura de lo posible que asigna al humano y todo lo que existe el significado absoluto de recurso disponible en vista de la acumulaci\u00f3n de poseer y de poder. Por ello, el capitalismo es en s\u00ed un r\u00e9gimen de devastaci\u00f3n de lo humano y de la naturaleza no humana, r\u00e9gimen que resulta incompatible con la cultura cuyo significado primero es, record\u00e9moslo, el cultivo de la tierra \u2013antes de ser el cultivo de lo humano\u2013. El nihilismo \u2013pensado a partir de Nietzsche como desencadenamiento de la \u201cvoluntad de poder\u201d\u2013 es la representaci\u00f3n general del mundo que sustenta al capitalismo, y el estatuto de esta representaci\u00f3n no escultural sino ideol\u00f3gico \u2013en el sentido propio del concepto de ideolog\u00eda elaborado inicialmente por Marx\u2013.<\/p><\/blockquote>\n<p>Al igual que en el siglo XIX, la cr\u00edtica del r\u00e9gimen \u201cmoderno\u201d de devastaci\u00f3n de la vida humana y de la vida en general pasa hoy d\u00eda por una cr\u00edtica cultural del capitalismo, que asumir\u00eda el hecho de que el capitalismo no es simplemente un modo de producci\u00f3n sino tambi\u00e9n y ante todo un r\u00e9gimen de confinamiento de lo humano en el corral de una racionalidad meramente instrumental y calculadora orientada hacia la finalidad absoluta del poseer acumulativo y del poder sobre los otros y sobre las cosas. Un r\u00e9gimen que engendra una subjetividad \u201cunidimensional\u201d capaz de finalidades utilitarias pero incapaz de (re)crear social e incesantemente una simb\u00f3lica del sentido existencial. Una subjetividad sin esp\u00edritu, como la de aquel \u201c\u00faltimo hombre\u201d descrito par Nietzsche: un hombre que a fuerza de mirar hacia abajo ya no logra entender el significado de la palabra \u201cestrella\u201d.<\/p>\n<p>La cr\u00edtica de la clausura capitalista de lo simb\u00f3lico no implica en modo alguno que sea necesario volver a los relatos de sentido y valor que exist\u00edan en la \u00e9poca de Nietzsche \u2013como lo pretenden ciertos integrismos religiosos y pol\u00edticos del presente\u2013. Hay en efecto una \u201cverdad\u201d del pensamiento de Nietzsche sobre el nihilismo: frente a la afirmaci\u00f3n dogm\u00e1tica y esencialista de la absoluta \u201cobjetividad\u201d del sentido existencial y de los valores, que defiende una tradici\u00f3n metaf\u00edsica y ontoteol\u00f3gica, la cr\u00edtica nietzscheana de los \u201cvalores\u201d representa sin duda el advenimiento de una nueva lucidez. Hemos perdido la creencia en fines y valores preestablecidos por la Raz\u00f3n o por Dios, nos ha abandonado la certidumbre del Progreso o de un acaecer feliz de la humanidad dictado por leyes inexorables de la Evoluci\u00f3n, la Historia, la Raz\u00f3n o la Divinidad. En esto observamos sin duda la huella de la exigencia cr\u00edtica del pensar, que recorre la historia de todas las culturas. La cr\u00edtica cultural del capitalismo es una modalidad de tal exigencia, aplic\u00e1ndola igualmente al dogmatismo \u201cnihilista\u201d que concibe la ausencia de sentido y valor como una especie de atributo \u201contol\u00f3gico\u201d de la existencia. Ella nos invita a repensar hist\u00f3ricamente las condiciones del sentido existencial y del valor, m\u00e1s all\u00e1 de toda dogm\u00e1tica y m\u00e1s ac\u00e1 de las dicotom\u00edas establecidas entre la \u201crealidad\u201d y la \u201cutop\u00eda\u201d, la \u201craz\u00f3n\u201d y la \u201cimaginaci\u00f3n\u201d, lo \u201cvisible\u201d y lo \u201cinvisible\u201d. Entiende de este modo contribuir a liberar un espacio de pensamiento y de pasi\u00f3n en vista a la (re)creaci\u00f3n de las \u201cenerg\u00edas ut\u00f3picas\u201d de lo humano o, para decirlo tal vez m\u00e1s sencillamente, del esp\u00edritu humano.<\/p>\n<p>En las p\u00e1ginas que siguen, este libro busca proponer, de manera sucinta, una serie de puntos de referencia hist\u00f3ricos y tem\u00e1ticos de la cr\u00edtica cultural del capitalismo.<\/p>\n<hr \/>\n<p><strong>Alfredo G\u00f3mez Muller.<\/strong> es profesor de Estudios Latinoamericanos y de Filosof\u00eda en la Universidad Fran\u00e7ois-Rabelais de Tours (Francia). Integra los grupos de investigaci\u00f3n Interacciones Culturales y Discursivas (ICD, Universidad de Tours) y Teor\u00eda Pol\u00edtica Contempor\u00e1nea (Teopoco, Universidad Nacional de Colombia, Bogot\u00e1).<\/p>\n<hr \/>\n<h3>\u00cdndice<\/h3>\n<p>La cr\u00edtica cultural del capitalismo<\/p>\n<p>I. La conciencia del nihilismo<\/p>\n<p>II. Nihilismo y capitalismo<\/p>\n<p>III. Anticapitalismo y cultura(s)<\/p>\n<p>IV. M\u00e1s all\u00e1 del nihilismo<\/p>\n<hr \/>\n<h6>\u00a0Fuente:\u00a0 Fondo Editorial <a id=\"reader-domain\" class=\"domain\" href=\"https:\/\/www.desdeabajo.info\/fondo-editorial\/item\/29973-nihilismo-y-capitalismo.html\" target=\"_blank\" rel=\"noopener\">desdeabajo.info<\/a><\/h6>\n<hr \/>\n<\/div>\n<div><\/div>\n<div>\n<p>En un cambio de \u00e9poca, como el que hoy vivimos, los movimientos y actores sociales deben estar atentos a las transformaciones cognitivas, culturales, y de todo orden en marcha, aprehenderlas en su vasta complejidad y desde su comprensi\u00f3n renovar sus discursos y propuestas. La colecci\u00f3n Primeros Pasos, al publicar reflexiones de punta, pretende actuar como acicate para que esta acci\u00f3n social-reflexiva sea una realidad.<\/p>\n<p>La experiencia nihilista de vivir en un mundo sin sentido se correlaciona con la generalizaci\u00f3n de una racionalidad meramente instrumental y calculadora orientada hacia la finalidad absoluta del poseer acumulativo y del poder sobre los otros y sobre las cosas. Un r\u00e9gimen que engendra una subjetividad \u00abunidimensional\u00bb capaz de finalidades utilitarias pero incapaz de (re)crear social e incesantemente una simb\u00f3lica del sentido existencial. Por ello, la cr\u00edtica del r\u00e9gimen \u00abmoderno\u00bb de devastaci\u00f3n de la vida humana y de la vida en general pasa hoy d\u00eda por una cr\u00edtica cultural del capitalismo, que asumir\u00eda el hecho de que este no es simplemente un modo de producci\u00f3n sino tambi\u00e9n y ante todo un r\u00e9gimen de devastaci\u00f3n de la capacidad humana de crear y conferir sentido y valor al mundo y a la actividad humana como tal.<\/p>\n<p>Este libro propone, de manera sucinta, una serie de puntos de referencia hist\u00f3ricos y tem\u00e1ticos de la cr\u00edtica cultural del capitalismo.<\/p>\n<p>Alfredo G\u00f3mez M\u00fcller es profesor de Estudios Latinoamericanos y de Filosof\u00eda en la Universidad Francois-Rabelais deTours (Francia). Integra los grupos de investigaci\u00f3n \u00abInteracciones Culturales y Discursivas\u00bb (ICD, Universidad deTours) y \u00abTeor\u00eda Pol\u00edtica Contempor\u00e1nea\u00bb (Teopoco, Universidad Nacional de Colombia, Bogot\u00e1).<\/p>\n<\/div>\n<div class=\"pvc_clear\"><\/div>\n<p id=\"pvc_stats_830\" class=\"pvc_stats all  \" data-element-id=\"830\" style=\"\"><i class=\"pvc-stats-icon large\" aria-hidden=\"true\"><svg aria-hidden=\"true\" focusable=\"false\" data-prefix=\"far\" data-icon=\"chart-bar\" role=\"img\" xmlns=\"http:\/\/www.w3.org\/2000\/svg\" viewBox=\"0 0 512 512\" class=\"svg-inline--fa fa-chart-bar fa-w-16 fa-2x\"><path fill=\"currentColor\" d=\"M396.8 352h22.4c6.4 0 12.8-6.4 12.8-12.8V108.8c0-6.4-6.4-12.8-12.8-12.8h-22.4c-6.4 0-12.8 6.4-12.8 12.8v230.4c0 6.4 6.4 12.8 12.8 12.8zm-192 0h22.4c6.4 0 12.8-6.4 12.8-12.8V140.8c0-6.4-6.4-12.8-12.8-12.8h-22.4c-6.4 0-12.8 6.4-12.8 12.8v198.4c0 6.4 6.4 12.8 12.8 12.8zm96 0h22.4c6.4 0 12.8-6.4 12.8-12.8V204.8c0-6.4-6.4-12.8-12.8-12.8h-22.4c-6.4 0-12.8 6.4-12.8 12.8v134.4c0 6.4 6.4 12.8 12.8 12.8zM496 400H48V80c0-8.84-7.16-16-16-16H16C7.16 64 0 71.16 0 80v336c0 17.67 14.33 32 32 32h464c8.84 0 16-7.16 16-16v-16c0-8.84-7.16-16-16-16zm-387.2-48h22.4c6.4 0 12.8-6.4 12.8-12.8v-70.4c0-6.4-6.4-12.8-12.8-12.8h-22.4c-6.4 0-12.8 6.4-12.8 12.8v70.4c0 6.4 6.4 12.8 12.8 12.8z\" class=\"\"><\/path><\/svg><\/i> <img decoding=\"async\" width=\"16\" height=\"16\" alt=\"Loading\" src=\"https:\/\/www.periodicolapislazuli.com\/noticias\/wp-content\/plugins\/page-views-count\/ajax-loader-2x.gif\" border=0 \/><\/p>\n<div class=\"pvc_clear\"><\/div>\n        <div class=\"booster-block booster-reactions-block\">\n            <div class=\"twp-reactions-icons\">\n                \n                <div class=\"twp-reacts-wrap\">\n                    <a react-data=\"be-react-1\" post-id=\"830\" class=\"be-face-icons un-reacted\" href=\"javascript:void(0)\">\n                        <img decoding=\"async\" src=\"https:\/\/www.periodicolapislazuli.com\/noticias\/wp-content\/plugins\/booster-extension\/\/assets\/icon\/happy.svg\" alt=\"Happy\">\n                    <\/a>\n                    <div class=\"twp-reaction-title\">\n                        Happy                    <\/div>\n                    <div class=\"twp-count-percent\">\n                                                    <span style=\"display: none;\" class=\"twp-react-count\">0<\/span>\n                        \n                                                <span class=\"twp-react-percent\"><span>0<\/span> %<\/span>\n                                            <\/div>\n                <\/div>\n\n                <div class=\"twp-reacts-wrap\">\n                    <a react-data=\"be-react-2\" post-id=\"830\" class=\"be-face-icons un-reacted\" href=\"javascript:void(0)\">\n                        <img decoding=\"async\" src=\"https:\/\/www.periodicolapislazuli.com\/noticias\/wp-content\/plugins\/booster-extension\/\/assets\/icon\/sad.svg\" alt=\"Sad\">\n                    <\/a>\n                    <div class=\"twp-reaction-title\">\n                        Sad                    <\/div>\n                    <div class=\"twp-count-percent\">\n                                                    <span style=\"display: none;\" class=\"twp-react-count\">0<\/span>\n                                                                        <span class=\"twp-react-percent\"><span>0<\/span> %<\/span>\n                                            <\/div>\n                <\/div>\n\n                <div class=\"twp-reacts-wrap\">\n                    <a react-data=\"be-react-3\" post-id=\"830\" class=\"be-face-icons un-reacted\" href=\"javascript:void(0)\">\n                        <img decoding=\"async\" src=\"https:\/\/www.periodicolapislazuli.com\/noticias\/wp-content\/plugins\/booster-extension\/\/assets\/icon\/excited.svg\" alt=\"Excited\">\n                    <\/a>\n                    <div class=\"twp-reaction-title\">\n                        Excited                    <\/div>\n                    <div class=\"twp-count-percent\">\n                                                    <span style=\"display: none;\" class=\"twp-react-count\">0<\/span>\n                                                                        <span class=\"twp-react-percent\"><span>0<\/span> %<\/span>\n                                            <\/div>\n                <\/div>\n\n                <div class=\"twp-reacts-wrap\">\n                    <a react-data=\"be-react-6\" post-id=\"830\" class=\"be-face-icons un-reacted\" href=\"javascript:void(0)\">\n                        <img decoding=\"async\" src=\"https:\/\/www.periodicolapislazuli.com\/noticias\/wp-content\/plugins\/booster-extension\/\/assets\/icon\/sleepy.svg\" alt=\"Sleepy\">\n                    <\/a>\n                    <div class=\"twp-reaction-title\">\n                        Sleepy                    <\/div>\n                    <div class=\"twp-count-percent\">\n                                                    <span style=\"display: none;\" class=\"twp-react-count\">0<\/span>\n                        \n                                                <span class=\"twp-react-percent\"><span>0<\/span> %<\/span>\n                                            <\/div>\n                <\/div>\n\n                <div class=\"twp-reacts-wrap\">\n                    <a react-data=\"be-react-4\" post-id=\"830\" class=\"be-face-icons un-reacted\" href=\"javascript:void(0)\">\n                        <img decoding=\"async\" src=\"https:\/\/www.periodicolapislazuli.com\/noticias\/wp-content\/plugins\/booster-extension\/\/assets\/icon\/angry.svg\" alt=\"Angry\">\n                    <\/a>\n                    <div class=\"twp-reaction-title\">Angry<\/div>\n                    <div class=\"twp-count-percent\">\n                                                    <span style=\"display: none;\" class=\"twp-react-count\">0<\/span>\n                                                                        <span class=\"twp-react-percent\"><span>0<\/span> %<\/span>\n                        \n                    <\/div>\n                <\/div>\n\n                <div class=\"twp-reacts-wrap\">\n                    <a react-data=\"be-react-5\" post-id=\"830\" class=\"be-face-icons un-reacted\" href=\"javascript:void(0)\">\n                        <img decoding=\"async\" src=\"https:\/\/www.periodicolapislazuli.com\/noticias\/wp-content\/plugins\/booster-extension\/\/assets\/icon\/surprise.svg\" alt=\"Surprise\">\n                    <\/a>\n                    <div class=\"twp-reaction-title\">Surprise<\/div>\n                    <div class=\"twp-count-percent\">\n                                                    <span style=\"display: none;\" class=\"twp-react-count\">0<\/span>\n                                                                        <span class=\"twp-react-percent\"><span>0<\/span> %<\/span>\n                                            <\/div>\n                <\/div>\n\n            <\/div>\n        <\/div>\n\n    ","protected":false},"excerpt":{"rendered":"<p>Nihilismo y capitalismo &#8211;\u00a0 Alfredo G\u00f3mez Muller. Nuestra \u00e9poca va adquiriendo conciencia de que la crisis econ\u00f3mica mundial<\/p>\n<div class=\"pvc_clear\"><\/div>\n<p id=\"pvc_stats_830\" class=\"pvc_stats all  \" data-element-id=\"830\" style=\"\"><i class=\"pvc-stats-icon large\" aria-hidden=\"true\"><svg aria-hidden=\"true\" focusable=\"false\" data-prefix=\"far\" data-icon=\"chart-bar\" role=\"img\" xmlns=\"http:\/\/www.w3.org\/2000\/svg\" viewBox=\"0 0 512 512\" class=\"svg-inline--fa fa-chart-bar fa-w-16 fa-2x\"><path fill=\"currentColor\" d=\"M396.8 352h22.4c6.4 0 12.8-6.4 12.8-12.8V108.8c0-6.4-6.4-12.8-12.8-12.8h-22.4c-6.4 0-12.8 6.4-12.8 12.8v230.4c0 6.4 6.4 12.8 12.8 12.8zm-192 0h22.4c6.4 0 12.8-6.4 12.8-12.8V140.8c0-6.4-6.4-12.8-12.8-12.8h-22.4c-6.4 0-12.8 6.4-12.8 12.8v198.4c0 6.4 6.4 12.8 12.8 12.8zm96 0h22.4c6.4 0 12.8-6.4 12.8-12.8V204.8c0-6.4-6.4-12.8-12.8-12.8h-22.4c-6.4 0-12.8 6.4-12.8 12.8v134.4c0 6.4 6.4 12.8 12.8 12.8zM496 400H48V80c0-8.84-7.16-16-16-16H16C7.16 64 0 71.16 0 80v336c0 17.67 14.33 32 32 32h464c8.84 0 16-7.16 16-16v-16c0-8.84-7.16-16-16-16zm-387.2-48h22.4c6.4 0 12.8-6.4 12.8-12.8v-70.4c0-6.4-6.4-12.8-12.8-12.8h-22.4c-6.4 0-12.8 6.4-12.8 12.8v70.4c0 6.4 6.4 12.8 12.8 12.8z\" class=\"\"><\/path><\/svg><\/i> <img decoding=\"async\" width=\"16\" height=\"16\" alt=\"Loading\" src=\"https:\/\/www.periodicolapislazuli.com\/noticias\/wp-content\/plugins\/page-views-count\/ajax-loader-2x.gif\" border=0 \/><\/p>\n<div class=\"pvc_clear\"><\/div>\n","protected":false},"author":1,"featured_media":1070,"comment_status":"closed","ping_status":"open","sticky":false,"template":"","format":"standard","meta":{"om_disable_all_campaigns":false,"pagelayer_contact_templates":[],"_pagelayer_content":"","_monsterinsights_skip_tracking":false,"_monsterinsights_sitenote_active":false,"_monsterinsights_sitenote_note":"","_monsterinsights_sitenote_category":0,"footnotes":""},"categories":[16,17],"tags":[561,559,77,560,190],"class_list":["post-830","post","type-post","status-publish","format-standard","has-post-thumbnail","hentry","category-cultura-digital","category-sociedad","tag-alfredo-gomez-muller","tag-capitalismo","tag-libros","tag-marx","tag-sociedad"],"a3_pvc":{"activated":true,"total_views":395,"today_views":1},"jetpack_featured_media_url":"https:\/\/www.periodicolapislazuli.com\/noticias\/wp-content\/uploads\/2017\/11\/nihilismo-y-capitalismo-9789588926322.jpg","_links":{"self":[{"href":"https:\/\/www.periodicolapislazuli.com\/noticias\/wp-json\/wp\/v2\/posts\/830","targetHints":{"allow":["GET"]}}],"collection":[{"href":"https:\/\/www.periodicolapislazuli.com\/noticias\/wp-json\/wp\/v2\/posts"}],"about":[{"href":"https:\/\/www.periodicolapislazuli.com\/noticias\/wp-json\/wp\/v2\/types\/post"}],"author":[{"embeddable":true,"href":"https:\/\/www.periodicolapislazuli.com\/noticias\/wp-json\/wp\/v2\/users\/1"}],"replies":[{"embeddable":true,"href":"https:\/\/www.periodicolapislazuli.com\/noticias\/wp-json\/wp\/v2\/comments?post=830"}],"version-history":[{"count":4,"href":"https:\/\/www.periodicolapislazuli.com\/noticias\/wp-json\/wp\/v2\/posts\/830\/revisions"}],"predecessor-version":[{"id":1079,"href":"https:\/\/www.periodicolapislazuli.com\/noticias\/wp-json\/wp\/v2\/posts\/830\/revisions\/1079"}],"wp:featuredmedia":[{"embeddable":true,"href":"https:\/\/www.periodicolapislazuli.com\/noticias\/wp-json\/wp\/v2\/media\/1070"}],"wp:attachment":[{"href":"https:\/\/www.periodicolapislazuli.com\/noticias\/wp-json\/wp\/v2\/media?parent=830"}],"wp:term":[{"taxonomy":"category","embeddable":true,"href":"https:\/\/www.periodicolapislazuli.com\/noticias\/wp-json\/wp\/v2\/categories?post=830"},{"taxonomy":"post_tag","embeddable":true,"href":"https:\/\/www.periodicolapislazuli.com\/noticias\/wp-json\/wp\/v2\/tags?post=830"}],"curies":[{"name":"wp","href":"https:\/\/api.w.org\/{rel}","templated":true}]}}