{"id":7878,"date":"2022-07-28T12:58:49","date_gmt":"2022-07-28T12:58:49","guid":{"rendered":"https:\/\/www.periodicolapislazuli.com\/noticias\/?p=7878"},"modified":"2022-07-28T13:03:50","modified_gmt":"2022-07-28T13:03:50","slug":"la-feria-popular-del-libro-regresa-al-centro-de-bogota","status":"publish","type":"post","link":"https:\/\/www.periodicolapislazuli.com\/noticias\/la-feria-popular-del-libro-regresa-al-centro-de-bogota\/","title":{"rendered":"La Feria Popular del Libro regresa al centro de Bogot\u00e1"},"content":{"rendered":"<div class='booster-block booster-read-block'>\n                <div class=\"twp-read-time\">\n                \t<i class=\"booster-icon twp-clock\"><\/i> <span>Read Time:<\/span>4 Minute, 11 Second                <\/div>\n\n            <\/div><p><img fetchpriority=\"high\" decoding=\"async\" class=\"aligncenter wp-image-7882 size-full\" src=\"https:\/\/www.periodicolapislazuli.com\/noticias\/wp-content\/uploads\/2022\/07\/2feria-popular-librobta.jpg\" alt=\"\" width=\"1140\" height=\"411\" srcset=\"https:\/\/www.periodicolapislazuli.com\/noticias\/wp-content\/uploads\/2022\/07\/2feria-popular-librobta.jpg 1140w, https:\/\/www.periodicolapislazuli.com\/noticias\/wp-content\/uploads\/2022\/07\/2feria-popular-librobta-780x281.jpg 780w, https:\/\/www.periodicolapislazuli.com\/noticias\/wp-content\/uploads\/2022\/07\/2feria-popular-librobta-768x277.jpg 768w\" sizes=\"(max-width: 1140px) 100vw, 1140px\" \/><\/p>\n<p>&nbsp;<\/p>\n<p>&nbsp;<\/p>\n<p><img decoding=\"async\" class=\"size-medium wp-image-7879 alignleft\" src=\"https:\/\/www.periodicolapislazuli.com\/noticias\/wp-content\/uploads\/2022\/07\/feria-popular-librobta-378x460.jpg\" alt=\"\" width=\"378\" height=\"460\" srcset=\"https:\/\/www.periodicolapislazuli.com\/noticias\/wp-content\/uploads\/2022\/07\/feria-popular-librobta-378x460.jpg 378w, https:\/\/www.periodicolapislazuli.com\/noticias\/wp-content\/uploads\/2022\/07\/feria-popular-librobta.jpg 499w\" sizes=\"(max-width: 378px) 100vw, 378px\" \/><\/p>\n<blockquote>\n<p style=\"text-align: justify;\">Libros usados y nuevos a un buen precio se podr\u00e1n comprar en esta Feria, que se realiza en la capital desde 1936.<\/p>\n<\/blockquote>\n<p style=\"text-align: justify;\">Luego de su \u00faltima edici\u00f3n en 2019, vuelve a la ciudad la Feria Popular del Libro, que regresa con m\u00e1s fuerza que nunca del s\u00e1bado 30 de julio al s\u00e1bado 20 de agosto en la Plazoleta del Rosario, para mostrar el porqu\u00e9 es uno de los eventos m\u00e1s ic\u00f3nicos de Bogot\u00e1, ciudad a la que ha acompa\u00f1ado desde 1936 en todos sus momentos hist\u00f3ricos.<\/p>\n<p style=\"text-align: justify;\">Durante esta Feria, que es organizada por el Instituto Distrital de las Artes &#8211; Idartes, la Secretar\u00eda de Cultura Recreaci\u00f3n y Deporte, a trav\u00e9s de la Red Distrital de Bibliotecas P\u00fablicas de Bogot\u00e1, BibloRed, y las asociaciones de libreros del centro de la ciudad, el p\u00fablico capitalino encontrar\u00e1 libros nuevos y usados a buen precio que, en muchas ocasiones, no se hallan en las librer\u00edas de la ciudad. Todo esto acompa\u00f1ado de una oferta cultural que incluye promoci\u00f3n de lectura con Libro al Viento y BibloRed, trueque de material bibliogr\u00e1fico, acceso a los recursos del BibloM\u00f3vil, afiliaci\u00f3n a BibloRed, lecturas en voz alta del informe final de la Comisi\u00f3n de la Verdad entre otras actividades.<\/p>\n<p style=\"text-align: justify;\">De acuerdo con Adriana Mart\u00ednez, gerente de Literatura de Idartes, \u201ccon el desarrollo de esta actividad se busca promover el acceso a ejemplares usados, el libre comercio de las publicaciones y la reactivaci\u00f3n de quienes dependen econ\u00f3micamente de este negocio y, de paso, animamos a que la ciudadan\u00eda se acerque a la lectura\u201d.<\/p>\n<p style=\"text-align: justify;\">A este punto de vista se suma Miryam S\u00e1nchez de la Asociaci\u00f3n Asobolibreros, quien asegura que esta es \u201cla feria de todos, en la que todo el mundo tiene cabida y una oportunidad para llevarse grandes t\u00edtulos a precios completamente accesibles, de ah\u00ed que este sea un evento para oxigenar a los libreros tradicionales de la capital, quienes ofrecer\u00e1n todo lo que no han podido vender al p\u00fablico en sus tiendas, pero tambi\u00e9n es un escenario para oxigenar el bolsillo de los consumidores culturales, padres de familia y estudiantes. As\u00ed las cosas, vamos a prestar servicio desde las 8:00 a. m. hasta las 7:00 p.m. durante los 20 d\u00edas, incluyendo dominicales y festivos. Esperamos que los ciudadanos nos apoyen y que disfruten de las ofertas que tendremos para ellos.\u201d<\/p>\n<p style=\"text-align: justify;\">Esta actividad se desarrolla en el marco del Plan Distrital de lectura, escritura y oralidad Leer para la vida, cuyo prop\u00f3sito es ampliar el acceso de los habitantes de Bogot\u00e1 a la lectura, la escritura y la oralidad, contribuyendo as\u00ed a la construcci\u00f3n de una ciudad comprometida con el desarrollo de la vida digna de sus ciudadanos.<\/p>\n<blockquote>\n<p style=\"text-align: justify; padding-left: 40px;\">\u201cEn el marco de nuestro Plan de lectura trabajamos por dinamizar el ecosistema del libro y la industria editorial, muestra de ello fue la edici\u00f3n de la primera Feria de Editoriales Independientes: La Vuelta, que hicimos en diciembre del 2021 en la Biblioteca Virgilio Barco, y que tendr\u00e1 su segunda versi\u00f3n este a\u00f1o. As\u00ed como el apoyo que damos a escenarios como esta Feria Popular del Libro, los cuales aseguran una oferta de lecturas diversas y de alta calidad para los ciudadanos, y facilitan los circuitos de distribuci\u00f3n y acceso al libro\u201d, asegur\u00f3 Consuelo Gait\u00e1n, directora de BibloRed.<\/p>\n<p><strong>Testigo de la historia bogotana<\/strong><\/p><\/blockquote>\n<p style=\"text-align: justify;\">Sin duda, la Feria Popular del Libro es patrimonio cultural de Bogot\u00e1, pues su primera versi\u00f3n se remonta al a\u00f1o de 1936. M\u00e1s tarde, entre 1988 y 1990, se fue consolidando la tradici\u00f3n de realizar dos ferias al a\u00f1o, una en el Parque Santander y otra en la Plazoleta del Rosario. De all\u00ed en adelante, las diferentes administraciones de la ciudad han mantenido esta iniciativa con el pr\u00e9stamo de los espacios y el desarrollo de actividades culturales como presentaci\u00f3n de escritores y espacios de promoci\u00f3n de lectura.<br \/>\n\u201cCon este panorama en mente es evidente que este espacio ya hace parte de las tradiciones bogotanas y, por ende, hace parte de la idiosincrasia de la capital, raz\u00f3n por la que se considera importante seguir generando este encuentro en el que la ciudadan\u00eda puede acceder de manera real a la cultura mediante la letra escrita y a un pedacito de la historia de su ciudad\u201d indica Adriana Mart\u00ednez.<\/p>\n<p><strong>El BibloM\u00f3vil llega a la Feria Popular del Libro<\/strong><\/p>\n<p style=\"text-align: justify;\">Los visitantes podr\u00e1n acercarse al maravilloso mundo de la m\u00fasica, el arte y la literatura de manera gratuita con el BibloM\u00f3vil de la Red Distrital de Bibliotecas P\u00fablicas de Bogot\u00e1, que estar\u00e1 presente los d\u00edas 2, 4, 9 y 11 de agosto, desde la 1:00 p.m. en la Feria Popular del Libro.<\/p>\n<p style=\"text-align: justify;\">El BibloM\u00f3vil contar\u00e1 con alrededor de 500 libros, audios y con las mejores propuestas de arte para dejar volar la imaginaci\u00f3n. Desde 2019 ha llevado a muchos ciudadanos la oportunidad de la lectura y el arte en otros espacios. En este a\u00f1o el desarrollo de actividades por medio del BibloM\u00f3vil se ha consolidado en espacios abiertos que promueven el acceso a la lectura en todos los rincones de la ciudad.<\/p>\n<div class=\"pvc_clear\"><\/div>\n<p id=\"pvc_stats_7878\" class=\"pvc_stats all  \" data-element-id=\"7878\" style=\"\"><i class=\"pvc-stats-icon large\" aria-hidden=\"true\"><svg aria-hidden=\"true\" focusable=\"false\" data-prefix=\"far\" data-icon=\"chart-bar\" role=\"img\" xmlns=\"http:\/\/www.w3.org\/2000\/svg\" viewBox=\"0 0 512 512\" class=\"svg-inline--fa fa-chart-bar fa-w-16 fa-2x\"><path fill=\"currentColor\" d=\"M396.8 352h22.4c6.4 0 12.8-6.4 12.8-12.8V108.8c0-6.4-6.4-12.8-12.8-12.8h-22.4c-6.4 0-12.8 6.4-12.8 12.8v230.4c0 6.4 6.4 12.8 12.8 12.8zm-192 0h22.4c6.4 0 12.8-6.4 12.8-12.8V140.8c0-6.4-6.4-12.8-12.8-12.8h-22.4c-6.4 0-12.8 6.4-12.8 12.8v198.4c0 6.4 6.4 12.8 12.8 12.8zm96 0h22.4c6.4 0 12.8-6.4 12.8-12.8V204.8c0-6.4-6.4-12.8-12.8-12.8h-22.4c-6.4 0-12.8 6.4-12.8 12.8v134.4c0 6.4 6.4 12.8 12.8 12.8zM496 400H48V80c0-8.84-7.16-16-16-16H16C7.16 64 0 71.16 0 80v336c0 17.67 14.33 32 32 32h464c8.84 0 16-7.16 16-16v-16c0-8.84-7.16-16-16-16zm-387.2-48h22.4c6.4 0 12.8-6.4 12.8-12.8v-70.4c0-6.4-6.4-12.8-12.8-12.8h-22.4c-6.4 0-12.8 6.4-12.8 12.8v70.4c0 6.4 6.4 12.8 12.8 12.8z\" class=\"\"><\/path><\/svg><\/i> <img decoding=\"async\" width=\"16\" height=\"16\" alt=\"Loading\" src=\"https:\/\/www.periodicolapislazuli.com\/noticias\/wp-content\/plugins\/page-views-count\/ajax-loader-2x.gif\" border=0 \/><\/p>\n<div class=\"pvc_clear\"><\/div>\n        <div class=\"booster-block booster-reactions-block\">\n            <div class=\"twp-reactions-icons\">\n                \n                <div class=\"twp-reacts-wrap\">\n                    <a react-data=\"be-react-1\" post-id=\"7878\" class=\"be-face-icons un-reacted\" href=\"javascript:void(0)\">\n                        <img decoding=\"async\" src=\"https:\/\/www.periodicolapislazuli.com\/noticias\/wp-content\/plugins\/booster-extension\/\/assets\/icon\/happy.svg\" alt=\"Happy\">\n                    <\/a>\n                    <div class=\"twp-reaction-title\">\n                        Happy                    <\/div>\n                    <div class=\"twp-count-percent\">\n                                                    <span style=\"display: none;\" class=\"twp-react-count\">0<\/span>\n                        \n                                                <span class=\"twp-react-percent\"><span>0<\/span> %<\/span>\n                                            <\/div>\n                <\/div>\n\n                <div class=\"twp-reacts-wrap\">\n                    <a react-data=\"be-react-2\" post-id=\"7878\" class=\"be-face-icons un-reacted\" href=\"javascript:void(0)\">\n                        <img decoding=\"async\" src=\"https:\/\/www.periodicolapislazuli.com\/noticias\/wp-content\/plugins\/booster-extension\/\/assets\/icon\/sad.svg\" alt=\"Sad\">\n                    <\/a>\n                    <div class=\"twp-reaction-title\">\n                        Sad                    <\/div>\n                    <div class=\"twp-count-percent\">\n                                                    <span style=\"display: none;\" class=\"twp-react-count\">0<\/span>\n                                                                        <span class=\"twp-react-percent\"><span>0<\/span> %<\/span>\n                                            <\/div>\n                <\/div>\n\n                <div class=\"twp-reacts-wrap\">\n                    <a react-data=\"be-react-3\" post-id=\"7878\" class=\"be-face-icons un-reacted\" href=\"javascript:void(0)\">\n                        <img decoding=\"async\" src=\"https:\/\/www.periodicolapislazuli.com\/noticias\/wp-content\/plugins\/booster-extension\/\/assets\/icon\/excited.svg\" alt=\"Excited\">\n                    <\/a>\n                    <div class=\"twp-reaction-title\">\n                        Excited                    <\/div>\n                    <div class=\"twp-count-percent\">\n                                                    <span style=\"display: none;\" class=\"twp-react-count\">0<\/span>\n                                                                        <span class=\"twp-react-percent\"><span>0<\/span> %<\/span>\n                                            <\/div>\n                <\/div>\n\n                <div class=\"twp-reacts-wrap\">\n                    <a react-data=\"be-react-6\" post-id=\"7878\" class=\"be-face-icons un-reacted\" href=\"javascript:void(0)\">\n                        <img decoding=\"async\" src=\"https:\/\/www.periodicolapislazuli.com\/noticias\/wp-content\/plugins\/booster-extension\/\/assets\/icon\/sleepy.svg\" alt=\"Sleepy\">\n                    <\/a>\n                    <div class=\"twp-reaction-title\">\n                        Sleepy                    <\/div>\n                    <div class=\"twp-count-percent\">\n                                                    <span style=\"display: none;\" class=\"twp-react-count\">0<\/span>\n                        \n                                                <span class=\"twp-react-percent\"><span>0<\/span> %<\/span>\n                                            <\/div>\n                <\/div>\n\n                <div class=\"twp-reacts-wrap\">\n                    <a react-data=\"be-react-4\" post-id=\"7878\" class=\"be-face-icons un-reacted\" href=\"javascript:void(0)\">\n                        <img decoding=\"async\" src=\"https:\/\/www.periodicolapislazuli.com\/noticias\/wp-content\/plugins\/booster-extension\/\/assets\/icon\/angry.svg\" alt=\"Angry\">\n                    <\/a>\n                    <div class=\"twp-reaction-title\">Angry<\/div>\n                    <div class=\"twp-count-percent\">\n                                                    <span style=\"display: none;\" class=\"twp-react-count\">0<\/span>\n                                                                        <span class=\"twp-react-percent\"><span>0<\/span> %<\/span>\n                        \n                    <\/div>\n                <\/div>\n\n                <div class=\"twp-reacts-wrap\">\n                    <a react-data=\"be-react-5\" post-id=\"7878\" class=\"be-face-icons un-reacted\" href=\"javascript:void(0)\">\n                        <img decoding=\"async\" src=\"https:\/\/www.periodicolapislazuli.com\/noticias\/wp-content\/plugins\/booster-extension\/\/assets\/icon\/surprise.svg\" alt=\"Surprise\">\n                    <\/a>\n                    <div class=\"twp-reaction-title\">Surprise<\/div>\n                    <div class=\"twp-count-percent\">\n                                                    <span style=\"display: none;\" class=\"twp-react-count\">0<\/span>\n                                                                        <span class=\"twp-react-percent\"><span>0<\/span> %<\/span>\n                                            <\/div>\n                <\/div>\n\n            <\/div>\n        <\/div>\n\n    ","protected":false},"excerpt":{"rendered":"<p>&nbsp; &nbsp; Libros usados y nuevos a un buen precio se podr\u00e1n comprar en esta Feria, que se<\/p>\n<div class=\"pvc_clear\"><\/div>\n<p id=\"pvc_stats_7878\" class=\"pvc_stats all  \" data-element-id=\"7878\" style=\"\"><i class=\"pvc-stats-icon large\" aria-hidden=\"true\"><svg aria-hidden=\"true\" focusable=\"false\" data-prefix=\"far\" data-icon=\"chart-bar\" role=\"img\" xmlns=\"http:\/\/www.w3.org\/2000\/svg\" viewBox=\"0 0 512 512\" class=\"svg-inline--fa fa-chart-bar fa-w-16 fa-2x\"><path fill=\"currentColor\" d=\"M396.8 352h22.4c6.4 0 12.8-6.4 12.8-12.8V108.8c0-6.4-6.4-12.8-12.8-12.8h-22.4c-6.4 0-12.8 6.4-12.8 12.8v230.4c0 6.4 6.4 12.8 12.8 12.8zm-192 0h22.4c6.4 0 12.8-6.4 12.8-12.8V140.8c0-6.4-6.4-12.8-12.8-12.8h-22.4c-6.4 0-12.8 6.4-12.8 12.8v198.4c0 6.4 6.4 12.8 12.8 12.8zm96 0h22.4c6.4 0 12.8-6.4 12.8-12.8V204.8c0-6.4-6.4-12.8-12.8-12.8h-22.4c-6.4 0-12.8 6.4-12.8 12.8v134.4c0 6.4 6.4 12.8 12.8 12.8zM496 400H48V80c0-8.84-7.16-16-16-16H16C7.16 64 0 71.16 0 80v336c0 17.67 14.33 32 32 32h464c8.84 0 16-7.16 16-16v-16c0-8.84-7.16-16-16-16zm-387.2-48h22.4c6.4 0 12.8-6.4 12.8-12.8v-70.4c0-6.4-6.4-12.8-12.8-12.8h-22.4c-6.4 0-12.8 6.4-12.8 12.8v70.4c0 6.4 6.4 12.8 12.8 12.8z\" class=\"\"><\/path><\/svg><\/i> <img decoding=\"async\" width=\"16\" height=\"16\" alt=\"Loading\" src=\"https:\/\/www.periodicolapislazuli.com\/noticias\/wp-content\/plugins\/page-views-count\/ajax-loader-2x.gif\" border=0 \/><\/p>\n<div class=\"pvc_clear\"><\/div>\n","protected":false},"author":3,"featured_media":7879,"comment_status":"closed","ping_status":"open","sticky":false,"template":"","format":"standard","meta":{"om_disable_all_campaigns":false,"pagelayer_contact_templates":[],"_pagelayer_content":"","_monsterinsights_skip_tracking":false,"_monsterinsights_sitenote_active":false,"_monsterinsights_sitenote_note":"","_monsterinsights_sitenote_category":0,"footnotes":""},"categories":[5,26],"tags":[48,461,76,954],"class_list":["post-7878","post","type-post","status-publish","format-standard","has-post-thumbnail","hentry","category-eventos","category-literatura","tag-bogota","tag-feria","tag-libro","tag-popular"],"a3_pvc":{"activated":true,"total_views":144,"today_views":0},"jetpack_featured_media_url":"https:\/\/www.periodicolapislazuli.com\/noticias\/wp-content\/uploads\/2022\/07\/feria-popular-librobta.jpg","_links":{"self":[{"href":"https:\/\/www.periodicolapislazuli.com\/noticias\/wp-json\/wp\/v2\/posts\/7878","targetHints":{"allow":["GET"]}}],"collection":[{"href":"https:\/\/www.periodicolapislazuli.com\/noticias\/wp-json\/wp\/v2\/posts"}],"about":[{"href":"https:\/\/www.periodicolapislazuli.com\/noticias\/wp-json\/wp\/v2\/types\/post"}],"author":[{"embeddable":true,"href":"https:\/\/www.periodicolapislazuli.com\/noticias\/wp-json\/wp\/v2\/users\/3"}],"replies":[{"embeddable":true,"href":"https:\/\/www.periodicolapislazuli.com\/noticias\/wp-json\/wp\/v2\/comments?post=7878"}],"version-history":[{"count":3,"href":"https:\/\/www.periodicolapislazuli.com\/noticias\/wp-json\/wp\/v2\/posts\/7878\/revisions"}],"predecessor-version":[{"id":7883,"href":"https:\/\/www.periodicolapislazuli.com\/noticias\/wp-json\/wp\/v2\/posts\/7878\/revisions\/7883"}],"wp:featuredmedia":[{"embeddable":true,"href":"https:\/\/www.periodicolapislazuli.com\/noticias\/wp-json\/wp\/v2\/media\/7879"}],"wp:attachment":[{"href":"https:\/\/www.periodicolapislazuli.com\/noticias\/wp-json\/wp\/v2\/media?parent=7878"}],"wp:term":[{"taxonomy":"category","embeddable":true,"href":"https:\/\/www.periodicolapislazuli.com\/noticias\/wp-json\/wp\/v2\/categories?post=7878"},{"taxonomy":"post_tag","embeddable":true,"href":"https:\/\/www.periodicolapislazuli.com\/noticias\/wp-json\/wp\/v2\/tags?post=7878"}],"curies":[{"name":"wp","href":"https:\/\/api.w.org\/{rel}","templated":true}]}}