{"id":7815,"date":"2022-07-01T14:47:23","date_gmt":"2022-07-01T14:47:23","guid":{"rendered":"https:\/\/www.periodicolapislazuli.com\/noticias\/?p=7815"},"modified":"2022-07-18T15:24:22","modified_gmt":"2022-07-18T15:24:22","slug":"2-encuentro-internacional-de-economia-creativa-y-cultural-cali-2022","status":"publish","type":"post","link":"https:\/\/www.periodicolapislazuli.com\/noticias\/2-encuentro-internacional-de-economia-creativa-y-cultural-cali-2022\/","title":{"rendered":"2\u00b0 Encuentro Internacional de Econom\u00eda Creativa y Cultural Cali 2022"},"content":{"rendered":"<div class='booster-block booster-read-block'>\n                <div class=\"twp-read-time\">\n                \t<i class=\"booster-icon twp-clock\"><\/i> <span>Read Time:<\/span>2 Minute, 31 Second                <\/div>\n\n            <\/div><p><img fetchpriority=\"high\" decoding=\"async\" class=\"aligncenter wp-image-7865 size-full\" src=\"https:\/\/www.periodicolapislazuli.com\/noticias\/wp-content\/uploads\/2022\/07\/cultura-int-cali.jpg\" alt=\"\" width=\"700\" height=\"260\" \/><\/p>\r\n<p>&nbsp;<\/p>\r\n<blockquote>\r\n<p style=\"text-align: justify;\">Los d\u00edas 7 y 8 de julio de 2022 se llevar\u00e1 a cabo en Cali el \u2018Segundo Encuentro Internacional de Econom\u00eda Creativa y Cultural\u2019, espacio anual de reflexi\u00f3n sobre la dimensi\u00f3n econ\u00f3mica de la cultura, como uno de los pilares de proyecci\u00f3n y sostenibilidad del sector.<\/p>\r\n<\/blockquote>\r\n<hr \/><hr \/>\r\n<p><img decoding=\"async\" class=\"wp-image-7864 size-full alignleft\" src=\"https:\/\/www.periodicolapislazuli.com\/noticias\/wp-content\/uploads\/2022\/07\/cali-cultura.webp\" alt=\"\" width=\"256\" height=\"400\" \/><\/p>\r\n<p style=\"text-align: justify;\">El evento acad\u00e9mico es organizado por la Administraci\u00f3n Distrital, el Ministerio de Cultura de Colombia, la Fundaci\u00f3n Bibliotec, la Universidad Aut\u00f3noma de Occidente y el Observatorio de Econom\u00eda Creativa y Cultural de Cali.<\/p>\r\n<p style=\"text-align: justify;\">El Encuentro est\u00e1 en l\u00ednea con el llamado de la Asamblea de las Naciones Unidas, que declar\u00f3 2021 como el A\u00f1o Internacional de la Econom\u00eda Creativa para el Desarrollo Sostenible. As\u00ed, la ciudad viene trabajando en la implementaci\u00f3n de su estrategia de Econom\u00eda Creativa, incluida desde 2018 en las pol\u00edticas p\u00fablicas de la ciudad.<\/p>\r\n<p style=\"text-align: justify;\">Para Liliana Sierra, secretaria de Desarrollo Econ\u00f3mico Distrital, es un espacio de reflexi\u00f3n sobre la dimensi\u00f3n del arte y la cultura como pilares de reactivaci\u00f3n econ\u00f3mica y sostenibilidad; as\u00ed como de consolidaci\u00f3n, an\u00e1lisis, diagn\u00f3stico y proyecci\u00f3n nacional e internacional de pol\u00edticas p\u00fablicas de la ciudad, en consonancia con las pol\u00edticas desarrolladas por el Ministerio de Cultura.<\/p>\r\n<p style=\"text-align: justify;\">\u201cEste Encuentro tiene como objetivo generar un di\u00e1logo desde diversos \u00e1mbitos, nacionales e internacionales, como la academia, el sector empresarial, la sociedad civil, la gesti\u00f3n cultural y los formuladores de pol\u00edticas p\u00fablicas, para reflexionar sobre la Econom\u00eda Creativa como eje del desarrollo humano sostenible\u201d, complement\u00f3 la funcionaria de la Alcald\u00eda de Cali.<\/p>\r\n<p>&nbsp;<\/p>\r\n<p>&nbsp;<\/p>\r\n<p style=\"text-align: justify;\">As\u00ed y en un espacio de dos d\u00edas, se abordar\u00e1n diversos temas como la experiencia de Observatorios de Econom\u00eda nacionales e internacionales; el papel de la cultura como cuarto eje de sostenibilidad y su incidencia en la generaci\u00f3n de capacidades para el desarrollo humano; integrando enfoques y perspectivas sobre las cuales se est\u00e1 construyendo la Econom\u00eda Creativa en la regi\u00f3n.<\/p>\r\n<p style=\"text-align: justify;\">\u00a0<\/p>\r\n<blockquote>\r\n<h2 style=\"text-align: justify;\">Participa del 2\u00b0 Encuentro Internacional de Econom\u00eda Creativa y Cultural Cali<\/h2>\r\n<h2 style=\"text-align: justify;\">2022<\/h2>\r\n<\/blockquote>\r\n<p style=\"text-align: justify;\">La Gobernaci\u00f3n del Valle del Cauca, a trav\u00e9s de su Secretar\u00eda de Cultura invitan a participar del 2\u00b0 Encuentro Internacional de Econom\u00eda Creativa y Cultural Cali 2022, que se llevar\u00e1 a cabo el 7 y 8 de julio, en el Auditorio Principal de la C\u00e1mara de Comercio de Cali.<\/p>\r\n<p style=\"text-align: justify;\">Este es un espacio anual de reflexi\u00f3n sobre la dimensi\u00f3n econ\u00f3mica de la cultura y de la creatividad, organizado por la Alcald\u00eda de Santiago de Cali, el Ministerio de Cultura de Colombia, la Fundaci\u00f3n Bibliotec, la Universidad Aut\u00f3noma de Occidente y el Observatorio de Econom\u00eda Creativa y Cultural de Cali, con el prop\u00f3sito de poder discutir temas sobre el alcance de la Econom\u00eda Creativa y su impacto en el desarrollo humano y sostenible en Cali y el pa\u00eds.<\/p>\r\n<p style=\"text-align: justify;\">Dicho encuentro acad\u00e9mico est\u00e1 dirigido al p\u00fablico general y especializado de la ciudad, con el fin de reunir a expertos internacionales y nacionales, representantes de la academia, de la gesti\u00f3n cultural, del sector empresarial, formuladores de pol\u00edticas p\u00fablicas y la sociedad civil.<\/p>\r\n<p style=\"text-align: justify;\">Por tanto, quienes est\u00e9n interesados en participar deben inscribirse, de forma gratuita, a trav\u00e9s del siguiente link<\/p>\r\n<div class=\"pvc_clear\"><\/div><p id=\"pvc_stats_7815\" class=\"pvc_stats all  \" data-element-id=\"7815\" style=\"\"><i class=\"pvc-stats-icon large\" aria-hidden=\"true\"><svg aria-hidden=\"true\" focusable=\"false\" data-prefix=\"far\" data-icon=\"chart-bar\" role=\"img\" xmlns=\"http:\/\/www.w3.org\/2000\/svg\" viewBox=\"0 0 512 512\" class=\"svg-inline--fa fa-chart-bar fa-w-16 fa-2x\"><path fill=\"currentColor\" d=\"M396.8 352h22.4c6.4 0 12.8-6.4 12.8-12.8V108.8c0-6.4-6.4-12.8-12.8-12.8h-22.4c-6.4 0-12.8 6.4-12.8 12.8v230.4c0 6.4 6.4 12.8 12.8 12.8zm-192 0h22.4c6.4 0 12.8-6.4 12.8-12.8V140.8c0-6.4-6.4-12.8-12.8-12.8h-22.4c-6.4 0-12.8 6.4-12.8 12.8v198.4c0 6.4 6.4 12.8 12.8 12.8zm96 0h22.4c6.4 0 12.8-6.4 12.8-12.8V204.8c0-6.4-6.4-12.8-12.8-12.8h-22.4c-6.4 0-12.8 6.4-12.8 12.8v134.4c0 6.4 6.4 12.8 12.8 12.8zM496 400H48V80c0-8.84-7.16-16-16-16H16C7.16 64 0 71.16 0 80v336c0 17.67 14.33 32 32 32h464c8.84 0 16-7.16 16-16v-16c0-8.84-7.16-16-16-16zm-387.2-48h22.4c6.4 0 12.8-6.4 12.8-12.8v-70.4c0-6.4-6.4-12.8-12.8-12.8h-22.4c-6.4 0-12.8 6.4-12.8 12.8v70.4c0 6.4 6.4 12.8 12.8 12.8z\" class=\"\"><\/path><\/svg><\/i> <img decoding=\"async\" width=\"16\" height=\"16\" alt=\"Loading\" src=\"https:\/\/www.periodicolapislazuli.com\/noticias\/wp-content\/plugins\/page-views-count\/ajax-loader-2x.gif\" border=0 \/><\/p><div class=\"pvc_clear\"><\/div>        <div class=\"booster-block booster-reactions-block\">\n            <div class=\"twp-reactions-icons\">\n                \n                <div class=\"twp-reacts-wrap\">\n                    <a react-data=\"be-react-1\" post-id=\"7815\" class=\"be-face-icons un-reacted\" href=\"javascript:void(0)\">\n                        <img decoding=\"async\" src=\"https:\/\/www.periodicolapislazuli.com\/noticias\/wp-content\/plugins\/booster-extension\/\/assets\/icon\/happy.svg\" alt=\"Happy\">\n                    <\/a>\n                    <div class=\"twp-reaction-title\">\n                        Happy                    <\/div>\n                    <div class=\"twp-count-percent\">\n                                                    <span style=\"display: none;\" class=\"twp-react-count\">0<\/span>\n                        \n                                                <span class=\"twp-react-percent\"><span>0<\/span> %<\/span>\n                                            <\/div>\n                <\/div>\n\n                <div class=\"twp-reacts-wrap\">\n                    <a react-data=\"be-react-2\" post-id=\"7815\" class=\"be-face-icons un-reacted\" href=\"javascript:void(0)\">\n                        <img decoding=\"async\" src=\"https:\/\/www.periodicolapislazuli.com\/noticias\/wp-content\/plugins\/booster-extension\/\/assets\/icon\/sad.svg\" alt=\"Sad\">\n                    <\/a>\n                    <div class=\"twp-reaction-title\">\n                        Sad                    <\/div>\n                    <div class=\"twp-count-percent\">\n                                                    <span style=\"display: none;\" class=\"twp-react-count\">0<\/span>\n                                                                        <span class=\"twp-react-percent\"><span>0<\/span> %<\/span>\n                                            <\/div>\n                <\/div>\n\n                <div class=\"twp-reacts-wrap\">\n                    <a react-data=\"be-react-3\" post-id=\"7815\" class=\"be-face-icons un-reacted\" href=\"javascript:void(0)\">\n                        <img decoding=\"async\" src=\"https:\/\/www.periodicolapislazuli.com\/noticias\/wp-content\/plugins\/booster-extension\/\/assets\/icon\/excited.svg\" alt=\"Excited\">\n                    <\/a>\n                    <div class=\"twp-reaction-title\">\n                        Excited                    <\/div>\n                    <div class=\"twp-count-percent\">\n                                                    <span style=\"display: none;\" class=\"twp-react-count\">0<\/span>\n                                                                        <span class=\"twp-react-percent\"><span>0<\/span> %<\/span>\n                                            <\/div>\n                <\/div>\n\n                <div class=\"twp-reacts-wrap\">\n                    <a react-data=\"be-react-6\" post-id=\"7815\" class=\"be-face-icons un-reacted\" href=\"javascript:void(0)\">\n                        <img decoding=\"async\" src=\"https:\/\/www.periodicolapislazuli.com\/noticias\/wp-content\/plugins\/booster-extension\/\/assets\/icon\/sleepy.svg\" alt=\"Sleepy\">\n                    <\/a>\n                    <div class=\"twp-reaction-title\">\n                        Sleepy                    <\/div>\n                    <div class=\"twp-count-percent\">\n                                                    <span style=\"display: none;\" class=\"twp-react-count\">0<\/span>\n                        \n                                                <span class=\"twp-react-percent\"><span>0<\/span> %<\/span>\n                                            <\/div>\n                <\/div>\n\n                <div class=\"twp-reacts-wrap\">\n                    <a react-data=\"be-react-4\" post-id=\"7815\" class=\"be-face-icons un-reacted\" href=\"javascript:void(0)\">\n                        <img decoding=\"async\" src=\"https:\/\/www.periodicolapislazuli.com\/noticias\/wp-content\/plugins\/booster-extension\/\/assets\/icon\/angry.svg\" alt=\"Angry\">\n                    <\/a>\n                    <div class=\"twp-reaction-title\">Angry<\/div>\n                    <div class=\"twp-count-percent\">\n                                                    <span style=\"display: none;\" class=\"twp-react-count\">0<\/span>\n                                                                        <span class=\"twp-react-percent\"><span>0<\/span> %<\/span>\n                        \n                    <\/div>\n                <\/div>\n\n                <div class=\"twp-reacts-wrap\">\n                    <a react-data=\"be-react-5\" post-id=\"7815\" class=\"be-face-icons un-reacted\" href=\"javascript:void(0)\">\n                        <img decoding=\"async\" src=\"https:\/\/www.periodicolapislazuli.com\/noticias\/wp-content\/plugins\/booster-extension\/\/assets\/icon\/surprise.svg\" alt=\"Surprise\">\n                    <\/a>\n                    <div class=\"twp-reaction-title\">Surprise<\/div>\n                    <div class=\"twp-count-percent\">\n                                                    <span style=\"display: none;\" class=\"twp-react-count\">0<\/span>\n                                                                        <span class=\"twp-react-percent\"><span>0<\/span> %<\/span>\n                                            <\/div>\n                <\/div>\n\n            <\/div>\n        <\/div>\n\n    ","protected":false},"excerpt":{"rendered":"<p>&nbsp; Los d\u00edas 7 y 8 de julio de 2022 se llevar\u00e1 a cabo en Cali el \u2018Segundo<\/p>\n<div class=\"pvc_clear\"><\/div>\n<p id=\"pvc_stats_7815\" class=\"pvc_stats all  \" data-element-id=\"7815\" style=\"\"><i class=\"pvc-stats-icon large\" aria-hidden=\"true\"><svg aria-hidden=\"true\" focusable=\"false\" data-prefix=\"far\" data-icon=\"chart-bar\" role=\"img\" xmlns=\"http:\/\/www.w3.org\/2000\/svg\" viewBox=\"0 0 512 512\" class=\"svg-inline--fa fa-chart-bar fa-w-16 fa-2x\"><path fill=\"currentColor\" d=\"M396.8 352h22.4c6.4 0 12.8-6.4 12.8-12.8V108.8c0-6.4-6.4-12.8-12.8-12.8h-22.4c-6.4 0-12.8 6.4-12.8 12.8v230.4c0 6.4 6.4 12.8 12.8 12.8zm-192 0h22.4c6.4 0 12.8-6.4 12.8-12.8V140.8c0-6.4-6.4-12.8-12.8-12.8h-22.4c-6.4 0-12.8 6.4-12.8 12.8v198.4c0 6.4 6.4 12.8 12.8 12.8zm96 0h22.4c6.4 0 12.8-6.4 12.8-12.8V204.8c0-6.4-6.4-12.8-12.8-12.8h-22.4c-6.4 0-12.8 6.4-12.8 12.8v134.4c0 6.4 6.4 12.8 12.8 12.8zM496 400H48V80c0-8.84-7.16-16-16-16H16C7.16 64 0 71.16 0 80v336c0 17.67 14.33 32 32 32h464c8.84 0 16-7.16 16-16v-16c0-8.84-7.16-16-16-16zm-387.2-48h22.4c6.4 0 12.8-6.4 12.8-12.8v-70.4c0-6.4-6.4-12.8-12.8-12.8h-22.4c-6.4 0-12.8 6.4-12.8 12.8v70.4c0 6.4 6.4 12.8 12.8 12.8z\" class=\"\"><\/path><\/svg><\/i> <img decoding=\"async\" width=\"16\" height=\"16\" alt=\"Loading\" src=\"https:\/\/www.periodicolapislazuli.com\/noticias\/wp-content\/plugins\/page-views-count\/ajax-loader-2x.gif\" border=0 \/><\/p>\n<div class=\"pvc_clear\"><\/div>\n","protected":false},"author":3,"featured_media":7864,"comment_status":"closed","ping_status":"open","sticky":false,"template":"","format":"standard","meta":{"om_disable_all_campaigns":false,"pagelayer_contact_templates":[],"_pagelayer_content":"","_monsterinsights_skip_tracking":false,"_monsterinsights_sitenote_active":false,"_monsterinsights_sitenote_note":"","_monsterinsights_sitenote_category":0,"footnotes":""},"categories":[3,5],"tags":[70,139,3053,153,122],"class_list":["post-7815","post","type-post","status-publish","format-standard","has-post-thumbnail","hentry","category-actualidad","category-eventos","tag-cali","tag-cultural","tag-economia-creativa","tag-encuentro","tag-internacional"],"a3_pvc":{"activated":true,"total_views":325,"today_views":1},"jetpack_featured_media_url":"https:\/\/www.periodicolapislazuli.com\/noticias\/wp-content\/uploads\/2022\/07\/cali-cultura.webp","_links":{"self":[{"href":"https:\/\/www.periodicolapislazuli.com\/noticias\/wp-json\/wp\/v2\/posts\/7815","targetHints":{"allow":["GET"]}}],"collection":[{"href":"https:\/\/www.periodicolapislazuli.com\/noticias\/wp-json\/wp\/v2\/posts"}],"about":[{"href":"https:\/\/www.periodicolapislazuli.com\/noticias\/wp-json\/wp\/v2\/types\/post"}],"author":[{"embeddable":true,"href":"https:\/\/www.periodicolapislazuli.com\/noticias\/wp-json\/wp\/v2\/users\/3"}],"replies":[{"embeddable":true,"href":"https:\/\/www.periodicolapislazuli.com\/noticias\/wp-json\/wp\/v2\/comments?post=7815"}],"version-history":[{"count":2,"href":"https:\/\/www.periodicolapislazuli.com\/noticias\/wp-json\/wp\/v2\/posts\/7815\/revisions"}],"predecessor-version":[{"id":7866,"href":"https:\/\/www.periodicolapislazuli.com\/noticias\/wp-json\/wp\/v2\/posts\/7815\/revisions\/7866"}],"wp:featuredmedia":[{"embeddable":true,"href":"https:\/\/www.periodicolapislazuli.com\/noticias\/wp-json\/wp\/v2\/media\/7864"}],"wp:attachment":[{"href":"https:\/\/www.periodicolapislazuli.com\/noticias\/wp-json\/wp\/v2\/media?parent=7815"}],"wp:term":[{"taxonomy":"category","embeddable":true,"href":"https:\/\/www.periodicolapislazuli.com\/noticias\/wp-json\/wp\/v2\/categories?post=7815"},{"taxonomy":"post_tag","embeddable":true,"href":"https:\/\/www.periodicolapislazuli.com\/noticias\/wp-json\/wp\/v2\/tags?post=7815"}],"curies":[{"name":"wp","href":"https:\/\/api.w.org\/{rel}","templated":true}]}}