{"id":7808,"date":"2022-06-22T16:22:53","date_gmt":"2022-06-22T16:22:53","guid":{"rendered":"https:\/\/www.periodicolapislazuli.com\/noticias\/?p=7808"},"modified":"2022-06-22T16:22:53","modified_gmt":"2022-06-22T16:22:53","slug":"fecibogota-7a-feria-internacional-de-cine-independiente-de-bogota","status":"publish","type":"post","link":"https:\/\/www.periodicolapislazuli.com\/noticias\/fecibogota-7a-feria-internacional-de-cine-independiente-de-bogota\/","title":{"rendered":"FECIBogot\u00e1 &#8211; 7\u00aa Feria Internacional de Cine Independiente de Bogot\u00e1"},"content":{"rendered":"<div class='booster-block booster-read-block'>\n                <div class=\"twp-read-time\">\n                \t<i class=\"booster-icon twp-clock\"><\/i> <span>Read Time:<\/span>8 Minute, 23 Second                <\/div>\n\n            <\/div><p><img fetchpriority=\"high\" decoding=\"async\" class=\"aligncenter wp-image-7809 size-full\" src=\"https:\/\/www.periodicolapislazuli.com\/noticias\/wp-content\/uploads\/2022\/06\/El-cine-independiente-se-toma-Bogota-scaled.jpg\" alt=\"\" width=\"1200\" height=\"722\" srcset=\"https:\/\/www.periodicolapislazuli.com\/noticias\/wp-content\/uploads\/2022\/06\/El-cine-independiente-se-toma-Bogota-scaled.jpg 1200w, https:\/\/www.periodicolapislazuli.com\/noticias\/wp-content\/uploads\/2022\/06\/El-cine-independiente-se-toma-Bogota-765x460.jpg 765w, https:\/\/www.periodicolapislazuli.com\/noticias\/wp-content\/uploads\/2022\/06\/El-cine-independiente-se-toma-Bogota-1177x708.jpg 1177w, https:\/\/www.periodicolapislazuli.com\/noticias\/wp-content\/uploads\/2022\/06\/El-cine-independiente-se-toma-Bogota-200x120.jpg 200w, https:\/\/www.periodicolapislazuli.com\/noticias\/wp-content\/uploads\/2022\/06\/El-cine-independiente-se-toma-Bogota-768x462.jpg 768w\" sizes=\"(max-width: 1200px) 100vw, 1200px\" \/><\/p>\n<p style=\"text-align: justify;\">La Feria Internacional de Cine Independiente de Bogot\u00e1 (FECI) ha regresado para celebrar su s\u00e9ptima edici\u00f3n con un cartel de 86 producciones entre las que destacan cortos, largometrajes, documentales y videoclips de 16 pa\u00edses. Este espacio se ha convertido en el escenario ideal para el fomento del buen cine independiente, alternativo, experimental y disruptor.<\/p>\n<p style=\"text-align: justify;\">La curadur\u00eda de la feria, seg\u00fan los organizadores del evento, busca apoyar al sector audiovisual independiente. Para esta ocasi\u00f3n, las proyecciones se realizar\u00e1n en cinco espacios distintos de la ciudad: la Cinemateca de Bogot\u00e1, el Charlot Teatro, Acto Latino, Open House Bogot\u00e1 y Asilo Bar. Habr\u00e1n cinco categor\u00edas: documental, ficci\u00f3n, animaci\u00f3n, experimental-videoclip y animaci\u00f3n experimental.<\/p>\n<p style=\"text-align: justify;\">Algunas de las piezas m\u00e1s interesantes, en cuanto a largos, que se podr\u00e1n ver son el documental <i>NO SOMOS NADA<\/i>, dirigido por Javier Corcuera, en el que se aborda la historia de La Polla Records, la agrupaci\u00f3n vasca de punk rock. Se trata de un recorrido por su \u00faltima gira en 2021, despu\u00e9s de 40 a\u00f1os de actividad. Y la cinta franco-norteamericana <i>Sisters With Transistors<\/i>, en la que Lisa Rovner re\u00fane a artistas vanguardistas como Laurie Anderson, Delia Derbyshire, Dafne Oram, entre otras; pioneras de la m\u00fasica electr\u00f3nica y olvidadas por la industria musical. Una destacada producci\u00f3n del 2021 que se ver\u00e1 por primera vez en Colombia. El evento de estreno contar\u00e1 con la presentaci\u00f3n de la artista Ana Mar\u00eda Romano.<\/p>\n<p style=\"text-align: justify;\">Entre el 14 y el 18 de junio se realizar\u00e1 el seminario \u2018EL PEQUE\u00d1O CAOS: Fassbinder y el Nuevo Cine Alem\u00e1n\u2019 en la Cinemateca de Bogot\u00e1. Un homenaje del FECIBogot\u00e1 a los 40 a\u00f1os de la muerte del prol\u00edfico artista alem\u00e1n de cine Reiner Werner Fassbinder, quien produjo alrededor de 50 t\u00edtulos a lo largo de 37 a\u00f1os y fue premiado en el Festival de Cine de Venecia. El seminario constar\u00e1 de cinco sesiones de dos horas y estar\u00e1 a cargo de Henry Mu\u00f1oz, el director de FECI.<\/p>\n<p>&nbsp;<\/p>\n<p><img decoding=\"async\" class=\"aligncenter wp-image-7810 size-full\" src=\"https:\/\/www.periodicolapislazuli.com\/noticias\/wp-content\/uploads\/2022\/06\/cinemateca.jpg\" alt=\"\" width=\"1200\" height=\"675\" srcset=\"https:\/\/www.periodicolapislazuli.com\/noticias\/wp-content\/uploads\/2022\/06\/cinemateca.jpg 1200w, https:\/\/www.periodicolapislazuli.com\/noticias\/wp-content\/uploads\/2022\/06\/cinemateca-780x439.jpg 780w, https:\/\/www.periodicolapislazuli.com\/noticias\/wp-content\/uploads\/2022\/06\/cinemateca-768x432.jpg 768w\" sizes=\"(max-width: 1200px) 100vw, 1200px\" \/><\/p>\n<p style=\"text-align: justify;\">La feria inicia el d\u00eda 14 de junio y se extender\u00e1 hasta el 25 del mismo mes. Para el d\u00eda 15, en la Cinemateca Distrital, se proyectar\u00e1 una selecci\u00f3n de cortometrajes de Espa\u00f1a, M\u00e9xico, Portugal y China, y habr\u00e1 una fiesta en El Goce Pagano. La entrada ser\u00e1 libre a ambos momentos de la jornada. Los cortos que podr\u00e1n apreciarse son:<\/p>\n<p style=\"text-align: justify;\">-Bancal de Rafael Montezuma (Espa\u00f1a, 2021)<\/p>\n<p style=\"text-align: justify;\">-Childrens Corner de Haotian Huan (China, 2021)<\/p>\n<p style=\"text-align: justify;\">-Los d\u00edas que (nunca) fueron de Pedro Rivero y Kevin Iglesias Rodr\u00edguez (Espa\u00f1a, 2022)<\/p>\n<p style=\"text-align: justify;\">-Musgo de Alexandra Guimar\u00e3es y Gon\u00e7alo L. Almeida (Portugal, 2021)<\/p>\n<p style=\"text-align: justify;\">-Apocalypsie Notes de Pierre Gaffi\u00e9 (Francia, 2020)<\/p>\n<p style=\"text-align: justify;\">-Mujer esp\u00edritu de Adriana Ronquillo V\u00e1squez (M\u00e9xico, 2021).<\/p>\n<p>&nbsp;<\/p>\n<hr \/>\n<div style=\"text-align: justify;\">\n<hr \/>\n<p><img decoding=\"async\" class=\"moz-reader-block-img alignleft\" src=\"https:\/\/cloudfront-us-east-1.images.arcpublishing.com\/infobae\/AYUG55LPDVACBJN3ULC2HOGPDY.jpeg\" alt=\"(Cortes\u00eda).\" width=\"318\" height=\"460\" \/><\/p>\n<\/div>\n<p style=\"text-align: justify;\"><b>Programaci\u00f3n<\/b><\/p>\n<p style=\"text-align: justify;\"><b>FICCI\u00d3N # 1 (91 minutos) (junio 15\/Acto Latino\/4 pm)<\/b><\/p>\n<p style=\"text-align: justify;\">CONOCE AL MONSTRUO. Natasha \u00c1lvarez Tancovich. Ficci\u00f3n. Digital. Argentina. 2021. 20 min<\/p>\n<p style=\"text-align: justify;\">HERALDO. Steven Nathan Herdijaya. Ficci\u00f3n. 35mm. Indonesia. 2021. 10 min.<\/p>\n<p style=\"text-align: justify;\">POR ENCIMA DEL HOMBRE. Diego Fernando Becerra, Luis Jos\u00e9 Galvis. Ficci\u00f3n. Digital. Colombia. 2021. 16 min.<\/p>\n<p style=\"text-align: justify;\">CIUDAD DE SAL. James Di Martino. Ficci\u00f3n. Digital. Australia. 2021. 5 min.<\/p>\n<p style=\"text-align: justify;\">VOCES Y CANDADOS. Ilham Bak\u0131r. Ficci\u00f3n. Digital. Turqu\u00eda. 2022. 20 min.<\/p>\n<p style=\"text-align: justify;\">NOCHE DE VAMPIROS. Roberto Lopez. Ficci\u00f3n. Digital. Estados Unidos. 2021. 20 min.<\/p>\n<p style=\"text-align: justify;\"><b>FICCI\u00d3N # 2 (88 minutos) (junio 16\/Acto Latino\/4 pm)<\/b><\/p>\n<p style=\"text-align: justify;\">EL BOT\u00d3N. Adolfo Pe\u00f1a. Ficci\u00f3n. Digital. Espa\u00f1a. 2021. 20 min.<\/p>\n<p style=\"text-align: justify;\">IMAGINARIO. Cristian Beteta. Ficci\u00f3n. Digital. Espa\u00f1a. 2021. 20 min.<\/p>\n<p style=\"text-align: justify;\">M.O.M.. Patricia Huguet. Ficci\u00f3n. Digital. Espa\u00f1a. 2021. 20 min.<\/p>\n<p style=\"text-align: justify;\">RAPSODIA DE UNA MANZANA. Carlos Calvar. Ficci\u00f3n. Digital. Espa\u00f1a. 2021. 9 min.<\/p>\n<p style=\"text-align: justify;\">EL REPETIDOR. Grete Suarez. Ficci\u00f3n. Digital. Espa\u00f1a. 2021. 19 min.<\/p>\n<p style=\"text-align: justify;\"><b>FICCI\u00d3N # 3 (93 minutos) (junio 17\/Cinemateca\/4 pm) \/ (junio 16\/Cinemateca\/6 pm).<\/b><\/p>\n<p style=\"text-align: justify;\">CUANDO EL TIEMPO PARA RECORDAR ES SUFICIENTE. Felipe Quadra. Ficci\u00f3n. Digital. Brasil. 2021. 15 min.<\/p>\n<p style=\"text-align: justify;\">ESTA ES LA \u00daLTIMA VEZ QUE ESTOY HACIENDO ESTO. Sorina Gajewski. Ficci\u00f3n. Digital. Alemania. 2022. 14 min.<\/p>\n<p style=\"text-align: justify;\">LA MAGUA. H\u00e9ctor Garc\u00eda. Ficci\u00f3n. Digital. Espa\u00f1a. 2021. 4 min.<\/p>\n<p style=\"text-align: justify;\">\u201cNOTAS DE APOCALIPSIS\u201d (\u00a1LA M\u00daSICA EST\u00c1 EN PELIGRO!). Pierre Gaffi\u00e9. Ficci\u00f3n. Digital. Francia. 2020. 8 min.<\/p>\n<p style=\"text-align: justify;\">RETO. Juan Fernando Collazos. Ficci\u00f3n. Digital. Argentina. 2022. 20 min.<\/p>\n<p style=\"text-align: justify;\">POR LA RAZ\u00d3N O LA FUERZA. Giarella Araya Vega. Ficci\u00f3n. Digital. Chile. 2021. 18 min.<\/p>\n<p style=\"text-align: justify;\">ESPECIAL DEL DIA. Ortiz De Zarate, Dartagnan Zavalla. Ficci\u00f3n. Digital. Brasil. 2021. 14 min.<\/p>\n<p style=\"text-align: justify;\"><b>FICCI\u00d3N # 4 (91 minutos) (junio 18\/Cinemateca\/4 pm) \/ (junio 24\/Cinemateca\/5 pm).<\/b><\/p>\n<p style=\"text-align: justify;\">ERROR. Ehsan Eslami. Ficci\u00f3n. Digital. Ir\u00e1n. 2022. 4 min.<\/p>\n<p style=\"text-align: justify;\">UN PEQUE\u00d1O ERROR. Kiyanoosh Ahmadi. Ficci\u00f3n. Digital. Ir\u00e1n. 2022. 8 min.<\/p>\n<p style=\"text-align: justify;\">L\u00cdNEAS. Reza Mirzaei. Ficci\u00f3n. Digital. Ir\u00e1n. 2021. 9 min.<\/p>\n<p style=\"text-align: justify;\">COO-COO. Svetlana Belorussova. Ficci\u00f3n. Digital. Rusia. 2021. 20 min.<\/p>\n<p style=\"text-align: justify;\">FUSI\u00d3N CHINA. Siyu Yan. Ficci\u00f3n. Digital. China. 2021. 27 min.<\/p>\n<p style=\"text-align: justify;\">RINC\u00d3N DE LOS NI\u00d1OS. Haotian Guan. Ficci\u00f3n. Digital. China. 2021. 23 min.<\/p>\n<p style=\"text-align: justify;\"><b>FICCI\u00d3N # 5 (84 minutos) (junio 17\/Acto Latino\/6 pm)<\/b><\/p>\n<p style=\"text-align: justify;\">SILLAGE: RETRATO DE UN ESPECTADOR. Farhad Delaram. Ficci\u00f3n. Digital. Alemania. 2022. 22 min.<\/p>\n<p style=\"text-align: justify;\">LOS OJOS DE \u00c9REBO. Javier Barbero Montes. Ficci\u00f3n. Digital. Espa\u00f1a. 2021. 16 min.<\/p>\n<p style=\"text-align: justify;\">LUZ. Cristina Urgel Garcia. Ficci\u00f3n. Digital. Espa\u00f1a. 2021. 16 min.<\/p>\n<p style=\"text-align: justify;\">MALAS NOTICIAS. Santiago Cardel\u00fas, Pablo Manchado. Ficci\u00f3n. Digital. Espa\u00f1a. 2021. 15 min.<\/p>\n<p style=\"text-align: justify;\">ENGA\u00d1AR. Sadegh Ebrahimi. Ficci\u00f3n. Digital. Ir\u00e1n. 2021. 15 min.<\/p>\n<p style=\"text-align: justify;\"><b>FICCI\u00d3N # 6 (84 minutos) (junio 22\/Asilo\/8 pm)<\/b><\/p>\n<p style=\"text-align: justify;\">GHAMIR. Javad Ghasemlou. Ficci\u00f3n. Digital . Ir\u00e1n. 2021. 19 min.<\/p>\n<p style=\"text-align: justify;\">UNA JEREMIADA A COLOR AZUL. Meraj Bahrami. Ficci\u00f3n. Digital . Ir\u00e1n. 2021. 15 min.<\/p>\n<p style=\"text-align: justify;\">EL DIABLO PAGAR\u00c1. Kiarash Asgari. Ficci\u00f3n. Digital. Ir\u00e1n. 2021. 13 min.<\/p>\n<p style=\"text-align: justify;\">PIEL. Hossein nasiri. Ficci\u00f3n. Digital. Ir\u00e1n. 2021. 22 min.<\/p>\n<p style=\"text-align: justify;\">AS\u00cd VIVIMOS. Rand Abou Fakher. Ficci\u00f3n. Digital. B\u00e9lgica. 2020. 15 min.<\/p>\n<p style=\"text-align: justify;\"><b>FICCI\u00d3N # 7 (96 minutos) (junio 20\/Cinemateca Distrital\/7pm) \/ (junio 23\/Cinemateca\/5 pm).<\/b><\/p>\n<p style=\"text-align: justify;\">EL RECREO. Navid Nikkhah Azad. Ficci\u00f3n. Digital. Ir\u00e1n. 2021. 12 min.<\/p>\n<p style=\"text-align: justify;\">MADREEMIGA. Dannier Orozco. Ficci\u00f3n. Digital. Costa Rica. 2022. 13 min.<\/p>\n<p style=\"text-align: justify;\">TODOS TERMINAMOS AQU\u00cd. Ana Paula Machado de Oliveira, Vitor Stringuetti Artese. Ficci\u00f3n. Digital. Brasil. 2022. 20 min.<\/p>\n<p style=\"text-align: justify;\">PRESA. Victoria De Michele, Noelia Segui. Ficci\u00f3n. Digital. Argentina. 2022. 7 min.<\/p>\n<p style=\"text-align: justify;\">MUSGO. Alexandra Guimar\u00e3es, Gon\u00e7alo L. Almeida. Ficci\u00f3n. Digital. Portugal. 2021. 16 min.<\/p>\n<p style=\"text-align: justify;\">AZUL. Frederic Bayer Azem. Ficci\u00f3n. Digital. Francia. 2021. 28 min.<\/p>\n<p style=\"text-align: justify;\"><b>FICCI\u00d3N # 8 (97 minutos) (junio 22\/Teatro Charlot\/4 pm)<\/b><\/p>\n<p style=\"text-align: justify;\">LA MIRADA CADENTE. Luis Castro. Ficci\u00f3n. Digital. Ecuador. 2022. 23 min.<\/p>\n<p style=\"text-align: justify;\">DOS AL TANGO. Dimitri Sterkens. Ficci\u00f3n. Digital. B\u00e9lgica. 2021. 19 min.<\/p>\n<p style=\"text-align: justify;\">NOCHE DE POLILLA. Nicolas Toniollo. Ficci\u00f3n. Digital. Brasil. 2021. 55 min.<\/p>\n<p style=\"text-align: justify;\"><b>FICCI\u00d3N # 9 (71 minutos) (junio 19\/Open House\/6 pm)<\/b><\/p>\n<p style=\"text-align: justify;\">UN D\u00cdA M\u00c1S. Lufe Berto. Ficci\u00f3n. Digital. Brasil. 2022. 23 min.<\/p>\n<p style=\"text-align: justify;\">EL ABREBOTELLAS. Julien Dewitte. Ficci\u00f3n. Digital. B\u00e9lgica. 2022. 15 min.<\/p>\n<p style=\"text-align: justify;\">LA VOZ. Carlos Arenal. Ficci\u00f3n. Digital. Espa\u00f1a. 2022. 22 min.<\/p>\n<p style=\"text-align: justify;\">VISITANTES. Juan Castrill\u00f3n. Ficci\u00f3n. Digital. Colombia. 2020. 11 min.<\/p>\n<p style=\"text-align: justify;\"><b>DOCUMENTAL # 1 (71 minutos) (junio 17\/Cinemateca\/7 pm) \/ (junio 22\/Cinemateca\/5 pm).<\/b><\/p>\n<p style=\"text-align: justify;\">LA MIRADA OBSTINADA. Mario Bravo Gallardo. Documental. Digital. Argentina, Chile. 2021. 21 min.<\/p>\n<p style=\"text-align: justify;\">LA GUERRA DEL OLVIDADO. Nicol\u00e1s Guti\u00e9rrez. Documental. Digital. Colombia. 2021. 23 min.<\/p>\n<p style=\"text-align: justify;\">PINTURA Y DOLOR. Mohammad Sajad Aghajani. Documental. Digital. Ir\u00e1n. 2021. 13 min.<\/p>\n<p style=\"text-align: justify;\">ENTRE VIDRIO Y PAREDES. Razan Hassan. Documental. Digital. Pa\u00edses Bajos. 2022. 14 min.<\/p>\n<p style=\"text-align: justify;\"><b>DOCUMENTAL # 2 (74 minutos) (junio 18\/Cinemateca\/7 pm) \/ (junio 22\/Asilo\/8 pm).<\/b><\/p>\n<p style=\"text-align: justify;\">LA QUEBRADILLA. V\u00edctor Villegas. Documental. Digital. Chile. 2021. 30 min.<\/p>\n<p style=\"text-align: justify;\">DAJLA: CINE Y OLVIDO. Arturo Due\u00f1as Herrero. Documental. Digital. Sahara Occidental. 2020. 15 min.<\/p>\n<p style=\"text-align: justify;\">BANCAL. Rafael Montezuma. Documental, Experimental. Digital. Espa\u00f1a. 2021. 29 min.<\/p>\n<p style=\"text-align: justify;\"><b>DOCUMENTAL # 3 (67 minutos) (junio 23\/Teatro Charlot\/4 pm)<\/b><\/p>\n<p style=\"text-align: justify;\">LA GUERRA DEL OLVIDADO. Nicol\u00e1s Guti\u00e9rrez. Documental. Digital. Colombia. 2021. 23 min.<\/p>\n<p style=\"text-align: justify;\">L.A. SE LEVANTA. GB Young &amp; Oliver Ponce. Documental. Digital. Estados Unidos. 2021. 10 min.<\/p>\n<p style=\"text-align: justify;\">CRUCERO. Felix Bartke, Nils Ramme. Documental, Experimental. Digital, 16mm. Alemania. 2022. 22 min.<\/p>\n<p style=\"text-align: justify;\">DESASTRE TOTAL. Keil Orion Troisi, Molly Gore. Documental. Digital. Francia. 2022. 12 min.<\/p>\n<p style=\"text-align: justify;\"><b>ANIMACI\u00d3N (93 minutos) (junio 18\/Asilo\/8 pm)<\/b><\/p>\n<p style=\"text-align: justify;\">LA INCRE\u00cdBLE SE\u00d1ORA LIEN MOURLEN. Eleni Xoupa. Animaci\u00f3n. Digital. Grecia. 2021. 7 min.<\/p>\n<p style=\"text-align: justify;\">HOY LLOVER\u00c1. Mariana Correa Gonz\u00e1lez. Animaci\u00f3n. Digital. Colombia. 2021. 7 min.<\/p>\n<p style=\"text-align: justify;\">LOS MEL\u00d3MANOS. Marc-Aur\u00e8le Versini. Animaci\u00f3n. Digital. B\u00e9lgica. 2021. 2 min.<\/p>\n<p style=\"text-align: justify;\">OSURA. Lucas Martinez. Animaci\u00f3n. Digital. Argentina. 2021. 15 min.<\/p>\n<p style=\"text-align: justify;\">EL GIGANTE REENCARNADO. Han Yang. Animaci\u00f3n. Digital. China. 2021. 18 min.<\/p>\n<p style=\"text-align: justify;\">LOS D\u00cdAS QUE (NUNCA) FUERON. Pedro Rivero, Kevin Iglesias Rodr\u00edguez. Animaci\u00f3n. Digital. Espa\u00f1a. 2022. 11 min.<\/p>\n<p style=\"text-align: justify;\">TICHO: LO PROFUNDO DE LA TIERRA. Adriana Ronquillo V\u00e1squez. Animaci\u00f3n. Digital. Alemania, M\u00e9xico. 2017. 17 min.<\/p>\n<p style=\"text-align: justify;\">MUJER ESP\u00cdRITU. Adriana Ronquillo V\u00e1squez, Ampersan. Animaci\u00f3n. Digital. M\u00e9xico. 2021. 6 min.<\/p>\n<p style=\"text-align: justify;\">LA TRANQUILIDAD. Radheya Jegatheva. Animaci\u00f3n. Digital. Australia. 2020. 10 min.<\/p>\n<p style=\"text-align: justify;\"><b>ANIMACI\u00d3N &amp; EXPERIMENTAL (90 minutos) (junio 19\/Cinemateca\/7 pm) \/ (junio 24\/Cinemateca\/7 pm).<\/b><\/p>\n<p style=\"text-align: justify;\">VALS DE LAS HORAS. Joseba Garc\u00eda Plazuelo. Animaci\u00f3n. Digital. Espa\u00f1a. 2020. 3 min.<\/p>\n<p style=\"text-align: justify;\">PARA APAGAR LAS ESTRELLAS. Margot Cavret. Animaci\u00f3n. Digital. Francia. 2021. 4 min.<\/p>\n<p style=\"text-align: justify;\">CORT\u00c1ZAR. Argyris Germanidis &amp; Katerina Strauch. Experimental. Digital. Alemania, Grecia. 2021. 10 min.<\/p>\n<p style=\"text-align: justify;\">TERCER MUNDO. Juliana Hern\u00e1ndez Rocha. Experimental. Digital. Colombia. 2021. 7 min.<\/p>\n<p style=\"text-align: justify;\">LOS GUSANOS SE COMIERON MI CARNE. Nigel Braddock. Experimental. Digital. Alemania. 2021. 5 min.<\/p>\n<p style=\"text-align: justify;\">LA IGNORADA ALOPECIA DEL MOSC\u00d3N. Nacho Recio. Experimental. Digital. Espa\u00f1a. 2021. 9 min.<\/p>\n<p style=\"text-align: justify;\">DESPU\u00c9S DE DICIEMBRE. Fran\u00e7ois Pirotte. Experimental. Digital. B\u00e9lgica. 2021. 20 min.<\/p>\n<p style=\"text-align: justify;\">DECLARACI\u00d3N. Saba Moghaddami. Experimental. Digital. Ir\u00e1n. 2022. 19 min.<\/p>\n<p style=\"text-align: justify;\">IDENTIDADES ARRUINADAS. Ali Hadavandi. Experimental. Digital . Ir\u00e1n. 2021. 13 min.<\/p>\n<p style=\"text-align: justify;\"><b>EXPERIMENTAL &amp; VIDEO CLIP (48 minutos) (junio 17\/Asilo\/8 pm)<\/b><\/p>\n<p style=\"text-align: justify;\">GIGI-MYOMYO. Kyungmin Kim. Experimental. Digital, 35mm. Rep\u00fablica de Corea. 2021. 8 min.<\/p>\n<p style=\"text-align: justify;\">TIEMPEROS DEL ANTROPOCENO: TOLCHIKAUALISTLI. Federico Cuatlacuatl. Experimental. Digital. M\u00e9xico. 2022. 9 min.<\/p>\n<p style=\"text-align: justify;\">NEXUM. Flavia Mazzanti. Experimental. Digital. Austria. 2021. 5 min.<\/p>\n<p style=\"text-align: justify;\">TAL COMPLEJIDAD\/AIRE Y MADERA. Pamela Falkenberg, Jack Cochran. Experimental. Digital. Estados Unidos. 2020. 5 min.<\/p>\n<p style=\"text-align: justify;\">BELTON &#8211; ODA A UN IMPLEMENTO. Hannes Denker. Experimental. Digital. Alemania. 2022. 3 min.<\/p>\n<p style=\"text-align: justify;\">DANZA DEL HAMBRE. John Watson. Video Clip. Digital. Bielorrusia. 2020. 8 min.<\/p>\n<p style=\"text-align: justify;\">\u201cTOCADISCOS\u201d AJR X DAISY THE GREAT. Yuval Haker. Video Clip. Digital. Estados Unidos. 2021. 3 min.<\/p>\n<p style=\"text-align: justify;\">SUBIENDO EN ESPIRAL. D\u00e9bora Mendes, Elmano Diogo. Video Clip. Digital. B\u00e9lgica, Portugal. 2021. 3 min.<\/p>\n<p style=\"text-align: justify;\">CHIMUNQUERO. Joaquin Zunino, Ramiro Zunino. Video Clip. Digital. Argentina. 2022. 4 min.<\/p>\n<p style=\"text-align: justify;\"><b>LARGOMETRAJES<\/b><\/p>\n<p style=\"text-align: justify;\">NO SOMOS NADA. Javier Corcuera. Documental. Per\u00fa 2021.<\/p>\n<p style=\"text-align: justify;\">(junio 16\/Asilo\/8 pm) \/ (junio 22\/Cinemateca\/7 pm) \/ (junio 25\/Cinemateca\/8 pm).<\/p>\n<p style=\"text-align: justify;\">SISTERS WITH TRANSISTORS. Lisa Rovner. Documental. Digital. Reino Unido. 2020. 90 min.<\/p>\n<p style=\"text-align: justify;\">(junio 17\/Cinemateca\/7 pm) \/ (junio 23\/Cinemateca\/7 pm).<\/p>\n<p style=\"text-align: justify;\">DO BAIRRO. Diogo Varela Silva. Documental. Digital. Portugal. 2021. 75 min.<\/p>\n<div class=\"pvc_clear\"><\/div>\n<p id=\"pvc_stats_7808\" class=\"pvc_stats all  \" data-element-id=\"7808\" style=\"\"><i class=\"pvc-stats-icon large\" aria-hidden=\"true\"><svg aria-hidden=\"true\" focusable=\"false\" data-prefix=\"far\" data-icon=\"chart-bar\" role=\"img\" xmlns=\"http:\/\/www.w3.org\/2000\/svg\" viewBox=\"0 0 512 512\" class=\"svg-inline--fa fa-chart-bar fa-w-16 fa-2x\"><path fill=\"currentColor\" d=\"M396.8 352h22.4c6.4 0 12.8-6.4 12.8-12.8V108.8c0-6.4-6.4-12.8-12.8-12.8h-22.4c-6.4 0-12.8 6.4-12.8 12.8v230.4c0 6.4 6.4 12.8 12.8 12.8zm-192 0h22.4c6.4 0 12.8-6.4 12.8-12.8V140.8c0-6.4-6.4-12.8-12.8-12.8h-22.4c-6.4 0-12.8 6.4-12.8 12.8v198.4c0 6.4 6.4 12.8 12.8 12.8zm96 0h22.4c6.4 0 12.8-6.4 12.8-12.8V204.8c0-6.4-6.4-12.8-12.8-12.8h-22.4c-6.4 0-12.8 6.4-12.8 12.8v134.4c0 6.4 6.4 12.8 12.8 12.8zM496 400H48V80c0-8.84-7.16-16-16-16H16C7.16 64 0 71.16 0 80v336c0 17.67 14.33 32 32 32h464c8.84 0 16-7.16 16-16v-16c0-8.84-7.16-16-16-16zm-387.2-48h22.4c6.4 0 12.8-6.4 12.8-12.8v-70.4c0-6.4-6.4-12.8-12.8-12.8h-22.4c-6.4 0-12.8 6.4-12.8 12.8v70.4c0 6.4 6.4 12.8 12.8 12.8z\" class=\"\"><\/path><\/svg><\/i> <img loading=\"lazy\" decoding=\"async\" width=\"16\" height=\"16\" alt=\"Loading\" src=\"https:\/\/www.periodicolapislazuli.com\/noticias\/wp-content\/plugins\/page-views-count\/ajax-loader-2x.gif\" border=0 \/><\/p>\n<div class=\"pvc_clear\"><\/div>\n        <div class=\"booster-block booster-reactions-block\">\n            <div class=\"twp-reactions-icons\">\n                \n                <div class=\"twp-reacts-wrap\">\n                    <a react-data=\"be-react-1\" post-id=\"7808\" class=\"be-face-icons un-reacted\" href=\"javascript:void(0)\">\n                        <img decoding=\"async\" src=\"https:\/\/www.periodicolapislazuli.com\/noticias\/wp-content\/plugins\/booster-extension\/\/assets\/icon\/happy.svg\" alt=\"Happy\">\n                    <\/a>\n                    <div class=\"twp-reaction-title\">\n                        Happy                    <\/div>\n                    <div class=\"twp-count-percent\">\n                                                    <span style=\"display: none;\" class=\"twp-react-count\">0<\/span>\n                        \n                                                <span class=\"twp-react-percent\"><span>0<\/span> %<\/span>\n                                            <\/div>\n                <\/div>\n\n                <div class=\"twp-reacts-wrap\">\n                    <a react-data=\"be-react-2\" post-id=\"7808\" class=\"be-face-icons un-reacted\" href=\"javascript:void(0)\">\n                        <img decoding=\"async\" src=\"https:\/\/www.periodicolapislazuli.com\/noticias\/wp-content\/plugins\/booster-extension\/\/assets\/icon\/sad.svg\" alt=\"Sad\">\n                    <\/a>\n                    <div class=\"twp-reaction-title\">\n                        Sad                    <\/div>\n                    <div class=\"twp-count-percent\">\n                                                    <span style=\"display: none;\" class=\"twp-react-count\">0<\/span>\n                                                                        <span class=\"twp-react-percent\"><span>0<\/span> %<\/span>\n                                            <\/div>\n                <\/div>\n\n                <div class=\"twp-reacts-wrap\">\n                    <a react-data=\"be-react-3\" post-id=\"7808\" class=\"be-face-icons un-reacted\" href=\"javascript:void(0)\">\n                        <img decoding=\"async\" src=\"https:\/\/www.periodicolapislazuli.com\/noticias\/wp-content\/plugins\/booster-extension\/\/assets\/icon\/excited.svg\" alt=\"Excited\">\n                    <\/a>\n                    <div class=\"twp-reaction-title\">\n                        Excited                    <\/div>\n                    <div class=\"twp-count-percent\">\n                                                    <span style=\"display: none;\" class=\"twp-react-count\">0<\/span>\n                                                                        <span class=\"twp-react-percent\"><span>0<\/span> %<\/span>\n                                            <\/div>\n                <\/div>\n\n                <div class=\"twp-reacts-wrap\">\n                    <a react-data=\"be-react-6\" post-id=\"7808\" class=\"be-face-icons un-reacted\" href=\"javascript:void(0)\">\n                        <img decoding=\"async\" src=\"https:\/\/www.periodicolapislazuli.com\/noticias\/wp-content\/plugins\/booster-extension\/\/assets\/icon\/sleepy.svg\" alt=\"Sleepy\">\n                    <\/a>\n                    <div class=\"twp-reaction-title\">\n                        Sleepy                    <\/div>\n                    <div class=\"twp-count-percent\">\n                                                    <span style=\"display: none;\" class=\"twp-react-count\">0<\/span>\n                        \n                                                <span class=\"twp-react-percent\"><span>0<\/span> %<\/span>\n                                            <\/div>\n                <\/div>\n\n                <div class=\"twp-reacts-wrap\">\n                    <a react-data=\"be-react-4\" post-id=\"7808\" class=\"be-face-icons un-reacted\" href=\"javascript:void(0)\">\n                        <img decoding=\"async\" src=\"https:\/\/www.periodicolapislazuli.com\/noticias\/wp-content\/plugins\/booster-extension\/\/assets\/icon\/angry.svg\" alt=\"Angry\">\n                    <\/a>\n                    <div class=\"twp-reaction-title\">Angry<\/div>\n                    <div class=\"twp-count-percent\">\n                                                    <span style=\"display: none;\" class=\"twp-react-count\">0<\/span>\n                                                                        <span class=\"twp-react-percent\"><span>0<\/span> %<\/span>\n                        \n                    <\/div>\n                <\/div>\n\n                <div class=\"twp-reacts-wrap\">\n                    <a react-data=\"be-react-5\" post-id=\"7808\" class=\"be-face-icons un-reacted\" href=\"javascript:void(0)\">\n                        <img decoding=\"async\" src=\"https:\/\/www.periodicolapislazuli.com\/noticias\/wp-content\/plugins\/booster-extension\/\/assets\/icon\/surprise.svg\" alt=\"Surprise\">\n                    <\/a>\n                    <div class=\"twp-reaction-title\">Surprise<\/div>\n                    <div class=\"twp-count-percent\">\n                                                    <span style=\"display: none;\" class=\"twp-react-count\">0<\/span>\n                                                                        <span class=\"twp-react-percent\"><span>0<\/span> %<\/span>\n                                            <\/div>\n                <\/div>\n\n            <\/div>\n        <\/div>\n\n    ","protected":false},"excerpt":{"rendered":"<p>La Feria Internacional de Cine Independiente de Bogot\u00e1 (FECI) ha regresado para celebrar su s\u00e9ptima edici\u00f3n con un<\/p>\n<div class=\"pvc_clear\"><\/div>\n<p id=\"pvc_stats_7808\" class=\"pvc_stats all  \" data-element-id=\"7808\" style=\"\"><i class=\"pvc-stats-icon large\" aria-hidden=\"true\"><svg aria-hidden=\"true\" focusable=\"false\" data-prefix=\"far\" data-icon=\"chart-bar\" role=\"img\" xmlns=\"http:\/\/www.w3.org\/2000\/svg\" viewBox=\"0 0 512 512\" class=\"svg-inline--fa fa-chart-bar fa-w-16 fa-2x\"><path fill=\"currentColor\" d=\"M396.8 352h22.4c6.4 0 12.8-6.4 12.8-12.8V108.8c0-6.4-6.4-12.8-12.8-12.8h-22.4c-6.4 0-12.8 6.4-12.8 12.8v230.4c0 6.4 6.4 12.8 12.8 12.8zm-192 0h22.4c6.4 0 12.8-6.4 12.8-12.8V140.8c0-6.4-6.4-12.8-12.8-12.8h-22.4c-6.4 0-12.8 6.4-12.8 12.8v198.4c0 6.4 6.4 12.8 12.8 12.8zm96 0h22.4c6.4 0 12.8-6.4 12.8-12.8V204.8c0-6.4-6.4-12.8-12.8-12.8h-22.4c-6.4 0-12.8 6.4-12.8 12.8v134.4c0 6.4 6.4 12.8 12.8 12.8zM496 400H48V80c0-8.84-7.16-16-16-16H16C7.16 64 0 71.16 0 80v336c0 17.67 14.33 32 32 32h464c8.84 0 16-7.16 16-16v-16c0-8.84-7.16-16-16-16zm-387.2-48h22.4c6.4 0 12.8-6.4 12.8-12.8v-70.4c0-6.4-6.4-12.8-12.8-12.8h-22.4c-6.4 0-12.8 6.4-12.8 12.8v70.4c0 6.4 6.4 12.8 12.8 12.8z\" class=\"\"><\/path><\/svg><\/i> <img loading=\"lazy\" decoding=\"async\" width=\"16\" height=\"16\" alt=\"Loading\" src=\"https:\/\/www.periodicolapislazuli.com\/noticias\/wp-content\/plugins\/page-views-count\/ajax-loader-2x.gif\" border=0 \/><\/p>\n<div class=\"pvc_clear\"><\/div>\n","protected":false},"author":3,"featured_media":7809,"comment_status":"closed","ping_status":"open","sticky":false,"template":"","format":"standard","meta":{"om_disable_all_campaigns":false,"pagelayer_contact_templates":[],"_pagelayer_content":"","_monsterinsights_skip_tracking":false,"_monsterinsights_sitenote_active":false,"_monsterinsights_sitenote_note":"","_monsterinsights_sitenote_category":0,"footnotes":""},"categories":[24,5],"tags":[48,163,3042,461,1298,122],"class_list":["post-7808","post","type-post","status-publish","format-standard","has-post-thumbnail","hentry","category-cine","category-eventos","tag-bogota","tag-cine","tag-fecibogota","tag-feria","tag-independiente","tag-internacional"],"a3_pvc":{"activated":true,"total_views":190,"today_views":1},"jetpack_featured_media_url":"https:\/\/www.periodicolapislazuli.com\/noticias\/wp-content\/uploads\/2022\/06\/El-cine-independiente-se-toma-Bogota-scaled.jpg","_links":{"self":[{"href":"https:\/\/www.periodicolapislazuli.com\/noticias\/wp-json\/wp\/v2\/posts\/7808","targetHints":{"allow":["GET"]}}],"collection":[{"href":"https:\/\/www.periodicolapislazuli.com\/noticias\/wp-json\/wp\/v2\/posts"}],"about":[{"href":"https:\/\/www.periodicolapislazuli.com\/noticias\/wp-json\/wp\/v2\/types\/post"}],"author":[{"embeddable":true,"href":"https:\/\/www.periodicolapislazuli.com\/noticias\/wp-json\/wp\/v2\/users\/3"}],"replies":[{"embeddable":true,"href":"https:\/\/www.periodicolapislazuli.com\/noticias\/wp-json\/wp\/v2\/comments?post=7808"}],"version-history":[{"count":1,"href":"https:\/\/www.periodicolapislazuli.com\/noticias\/wp-json\/wp\/v2\/posts\/7808\/revisions"}],"predecessor-version":[{"id":7811,"href":"https:\/\/www.periodicolapislazuli.com\/noticias\/wp-json\/wp\/v2\/posts\/7808\/revisions\/7811"}],"wp:featuredmedia":[{"embeddable":true,"href":"https:\/\/www.periodicolapislazuli.com\/noticias\/wp-json\/wp\/v2\/media\/7809"}],"wp:attachment":[{"href":"https:\/\/www.periodicolapislazuli.com\/noticias\/wp-json\/wp\/v2\/media?parent=7808"}],"wp:term":[{"taxonomy":"category","embeddable":true,"href":"https:\/\/www.periodicolapislazuli.com\/noticias\/wp-json\/wp\/v2\/categories?post=7808"},{"taxonomy":"post_tag","embeddable":true,"href":"https:\/\/www.periodicolapislazuli.com\/noticias\/wp-json\/wp\/v2\/tags?post=7808"}],"curies":[{"name":"wp","href":"https:\/\/api.w.org\/{rel}","templated":true}]}}