{"id":7774,"date":"2022-06-01T19:44:21","date_gmt":"2022-06-01T19:44:21","guid":{"rendered":"https:\/\/www.periodicolapislazuli.com\/noticias\/?p=7774"},"modified":"2022-06-01T19:44:21","modified_gmt":"2022-06-01T19:44:21","slug":"asi-sera-inaudito-magdalena-la-nueva-edicion-del-salon-nacional-de-artistas","status":"publish","type":"post","link":"https:\/\/www.periodicolapislazuli.com\/noticias\/asi-sera-inaudito-magdalena-la-nueva-edicion-del-salon-nacional-de-artistas\/","title":{"rendered":"As\u00ed ser\u00e1 \u00abInaudito Magdalena\u00bb la nueva edici\u00f3n del Sal\u00f3n Nacional de Artistas"},"content":{"rendered":"<div class='booster-block booster-read-block'>\n                <div class=\"twp-read-time\">\n                \t<i class=\"booster-icon twp-clock\"><\/i> <span>Read Time:<\/span>2 Minute, 22 Second                <\/div>\n\n            <\/div><p><img fetchpriority=\"high\" decoding=\"async\" class=\"aligncenter wp-image-7775 size-full\" src=\"https:\/\/www.periodicolapislazuli.com\/noticias\/wp-content\/uploads\/2022\/06\/caracoltv.brightspotcdn.com_.jpg\" alt=\"\" width=\"1000\" height=\"625\" srcset=\"https:\/\/www.periodicolapislazuli.com\/noticias\/wp-content\/uploads\/2022\/06\/caracoltv.brightspotcdn.com_.jpg 1000w, https:\/\/www.periodicolapislazuli.com\/noticias\/wp-content\/uploads\/2022\/06\/caracoltv.brightspotcdn.com_-736x460.jpg 736w, https:\/\/www.periodicolapislazuli.com\/noticias\/wp-content\/uploads\/2022\/06\/caracoltv.brightspotcdn.com_-768x480.jpg 768w\" sizes=\"(max-width: 1000px) 100vw, 1000px\" \/><\/p>\n<p>&nbsp;<\/p>\n<p style=\"text-align: justify;\">El programa de exposiciones de <strong>Inaudito Magdalena<\/strong> llevar\u00e1 a cabo en diferentes territorios de la cuenca del R\u00edo Magdalena a partir de abril de 2022 y estar\u00e1 compuesto de proyectos comisionados, exposiciones en sala, obras en espacio p\u00fablico y muestras en espacios no convencionales.<\/p>\n<p style=\"text-align: justify;\">El<strong> Sal\u00f3n Nacional de Artistas<\/strong> es uno de los eventos culturales m\u00e1s antiguos del pa\u00eds, creado en 1940 como un espacio de encuentro entre los artistas y los p\u00fablicos. Durante sus primeras 30 ediciones su sede fue Bogot\u00e1, pero en 1987 se realiz\u00f3 en Medell\u00edn y la siguiente versi\u00f3n en Cartagena. Se trataba de una exposici\u00f3n de gran formato acompa\u00f1ada de un cat\u00e1logo, algunas conferencias y visitas comentadas.<\/p>\n<p style=\"text-align: justify;\">A comienzos del siglo XXI se reformul\u00f3 su estructura de manera que desde la versi\u00f3n 40 ha sido el resultado de procesos de investigaci\u00f3n curatorial que han involucrado componentes de formaci\u00f3n as\u00ed como publicaciones diversas. Desde ese momento se ha organizado por el Ministerio de Cultura, en colaboraci\u00f3n con los gobiernos municipales y departamentales que le sirven de sede.<\/p>\n<p style=\"text-align: justify;\"><strong>La versi\u00f3n 46 del Sal\u00f3n Nacional en el 2022<\/strong> tendr\u00e1 lugar en la cuenca del r\u00edo Magdalena, que se despliega por gran parte del territorio colombiano. El Sal\u00f3n incluir\u00e1 laboratorios, residencias y exposiciones en 25 sedes: Laguna de la Magdalena (Cauca, Huila) San Agust\u00edn, Garz\u00f3n\u2013La Jagua, Neiva (Huila). El Espinal, Ibagu\u00e9, Ambalema, Mariquita, Honda (Tolima). La Dorada. (Caldas). Puerto Salgar, Girardot (Cundinamarca). Bogot\u00e1. Puerto Triunfo, Puerto Berr\u00edo (Antioquia). Puerto Boyac\u00e1 (Boyac\u00e1). Barrancabermeja, Puerto Wilches (Santander). Gamarra (Cesar). El Banco, Plato (Magdalena). Mompox (Bol\u00edvar). Barranquilla, Suan (Atl\u00e1ntico).<br \/>\nComponente de formaci\u00f3n<\/p>\n<p style=\"text-align: justify;\">El componente de formaci\u00f3n de Inaudito Magdalena consta de un programa de residencias\/laboratorios en diferentes municipios de la cuenca del R\u00edo Magdalena. Las residencias\/laboratorios plantean el encuentro entre un artista, curador, editor o gestor que provenga de otro lugar del pa\u00eds (o fuera de \u00e9l) a quien se suma un par local para intercambiar saberes en una vivencia de entre 3 y 6 semanas en las que surja una iniciativa para desarrollar proyectos propios. Las residencias dan origen a procesos de formaci\u00f3n denominados laboratorios, orientados por los residentes. Las residencias\/laboratorio se llevar\u00e1n a cabo desde octubre de 2021 hasta junio de 2022<\/p>\n<p style=\"text-align: justify;\">Las residencias\/laboratorios del <strong>46SNA<\/strong> operan a trav\u00e9s de varios focos de inter\u00e9s. Residencia\/laboratorio de creaci\u00f3n: Proceso enfocado en el ejercicio de diferentes pr\u00e1cticas art\u00edsticas. Residencia\/laboratorio de curadur\u00eda: Proceso enfocado en pr\u00e1cticas curatoriales ligadas a las artes y y al estudio de diversas expresiones culturales. Residencia\/laboratorio de edici\u00f3n: Enfocado en procesos de recolecci\u00f3n y edici\u00f3n de contenido en diversos formatos, audio, texto, imagen\u2026 con el fin de crear publicaciones. Espacio en residencia: Espacios art\u00edsticos que se trasladan temporalmente y operan desde un municipio distinto al de su origen. En este periodo de tiempo desarrollan una programaci\u00f3n art\u00edstica mediante, exposiciones, charlas, talleres.<\/p>\n<hr \/>\n<p style=\"text-align: justify;\">Fuente: hjck.com<\/p>\n<p style=\"text-align: justify;\">\n<div class=\"pvc_clear\"><\/div>\n<p id=\"pvc_stats_7774\" class=\"pvc_stats all  \" data-element-id=\"7774\" style=\"\"><i class=\"pvc-stats-icon large\" aria-hidden=\"true\"><svg aria-hidden=\"true\" focusable=\"false\" data-prefix=\"far\" data-icon=\"chart-bar\" role=\"img\" xmlns=\"http:\/\/www.w3.org\/2000\/svg\" viewBox=\"0 0 512 512\" class=\"svg-inline--fa fa-chart-bar fa-w-16 fa-2x\"><path fill=\"currentColor\" d=\"M396.8 352h22.4c6.4 0 12.8-6.4 12.8-12.8V108.8c0-6.4-6.4-12.8-12.8-12.8h-22.4c-6.4 0-12.8 6.4-12.8 12.8v230.4c0 6.4 6.4 12.8 12.8 12.8zm-192 0h22.4c6.4 0 12.8-6.4 12.8-12.8V140.8c0-6.4-6.4-12.8-12.8-12.8h-22.4c-6.4 0-12.8 6.4-12.8 12.8v198.4c0 6.4 6.4 12.8 12.8 12.8zm96 0h22.4c6.4 0 12.8-6.4 12.8-12.8V204.8c0-6.4-6.4-12.8-12.8-12.8h-22.4c-6.4 0-12.8 6.4-12.8 12.8v134.4c0 6.4 6.4 12.8 12.8 12.8zM496 400H48V80c0-8.84-7.16-16-16-16H16C7.16 64 0 71.16 0 80v336c0 17.67 14.33 32 32 32h464c8.84 0 16-7.16 16-16v-16c0-8.84-7.16-16-16-16zm-387.2-48h22.4c6.4 0 12.8-6.4 12.8-12.8v-70.4c0-6.4-6.4-12.8-12.8-12.8h-22.4c-6.4 0-12.8 6.4-12.8 12.8v70.4c0 6.4 6.4 12.8 12.8 12.8z\" class=\"\"><\/path><\/svg><\/i> <img decoding=\"async\" width=\"16\" height=\"16\" alt=\"Loading\" src=\"https:\/\/www.periodicolapislazuli.com\/noticias\/wp-content\/plugins\/page-views-count\/ajax-loader-2x.gif\" border=0 \/><\/p>\n<div class=\"pvc_clear\"><\/div>\n        <div class=\"booster-block booster-reactions-block\">\n            <div class=\"twp-reactions-icons\">\n                \n                <div class=\"twp-reacts-wrap\">\n                    <a react-data=\"be-react-1\" post-id=\"7774\" class=\"be-face-icons un-reacted\" href=\"javascript:void(0)\">\n                        <img decoding=\"async\" src=\"https:\/\/www.periodicolapislazuli.com\/noticias\/wp-content\/plugins\/booster-extension\/\/assets\/icon\/happy.svg\" alt=\"Happy\">\n                    <\/a>\n                    <div class=\"twp-reaction-title\">\n                        Happy                    <\/div>\n                    <div class=\"twp-count-percent\">\n                                                    <span style=\"display: none;\" class=\"twp-react-count\">0<\/span>\n                        \n                                                <span class=\"twp-react-percent\"><span>0<\/span> %<\/span>\n                                            <\/div>\n                <\/div>\n\n                <div class=\"twp-reacts-wrap\">\n                    <a react-data=\"be-react-2\" post-id=\"7774\" class=\"be-face-icons un-reacted\" href=\"javascript:void(0)\">\n                        <img decoding=\"async\" src=\"https:\/\/www.periodicolapislazuli.com\/noticias\/wp-content\/plugins\/booster-extension\/\/assets\/icon\/sad.svg\" alt=\"Sad\">\n                    <\/a>\n                    <div class=\"twp-reaction-title\">\n                        Sad                    <\/div>\n                    <div class=\"twp-count-percent\">\n                                                    <span style=\"display: none;\" class=\"twp-react-count\">0<\/span>\n                                                                        <span class=\"twp-react-percent\"><span>0<\/span> %<\/span>\n                                            <\/div>\n                <\/div>\n\n                <div class=\"twp-reacts-wrap\">\n                    <a react-data=\"be-react-3\" post-id=\"7774\" class=\"be-face-icons un-reacted\" href=\"javascript:void(0)\">\n                        <img decoding=\"async\" src=\"https:\/\/www.periodicolapislazuli.com\/noticias\/wp-content\/plugins\/booster-extension\/\/assets\/icon\/excited.svg\" alt=\"Excited\">\n                    <\/a>\n                    <div class=\"twp-reaction-title\">\n                        Excited                    <\/div>\n                    <div class=\"twp-count-percent\">\n                                                    <span style=\"display: none;\" class=\"twp-react-count\">0<\/span>\n                                                                        <span class=\"twp-react-percent\"><span>0<\/span> %<\/span>\n                                            <\/div>\n                <\/div>\n\n                <div class=\"twp-reacts-wrap\">\n                    <a react-data=\"be-react-6\" post-id=\"7774\" class=\"be-face-icons un-reacted\" href=\"javascript:void(0)\">\n                        <img decoding=\"async\" src=\"https:\/\/www.periodicolapislazuli.com\/noticias\/wp-content\/plugins\/booster-extension\/\/assets\/icon\/sleepy.svg\" alt=\"Sleepy\">\n                    <\/a>\n                    <div class=\"twp-reaction-title\">\n                        Sleepy                    <\/div>\n                    <div class=\"twp-count-percent\">\n                                                    <span style=\"display: none;\" class=\"twp-react-count\">0<\/span>\n                        \n                                                <span class=\"twp-react-percent\"><span>0<\/span> %<\/span>\n                                            <\/div>\n                <\/div>\n\n                <div class=\"twp-reacts-wrap\">\n                    <a react-data=\"be-react-4\" post-id=\"7774\" class=\"be-face-icons un-reacted\" href=\"javascript:void(0)\">\n                        <img decoding=\"async\" src=\"https:\/\/www.periodicolapislazuli.com\/noticias\/wp-content\/plugins\/booster-extension\/\/assets\/icon\/angry.svg\" alt=\"Angry\">\n                    <\/a>\n                    <div class=\"twp-reaction-title\">Angry<\/div>\n                    <div class=\"twp-count-percent\">\n                                                    <span style=\"display: none;\" class=\"twp-react-count\">0<\/span>\n                                                                        <span class=\"twp-react-percent\"><span>0<\/span> %<\/span>\n                        \n                    <\/div>\n                <\/div>\n\n                <div class=\"twp-reacts-wrap\">\n                    <a react-data=\"be-react-5\" post-id=\"7774\" class=\"be-face-icons un-reacted\" href=\"javascript:void(0)\">\n                        <img decoding=\"async\" src=\"https:\/\/www.periodicolapislazuli.com\/noticias\/wp-content\/plugins\/booster-extension\/\/assets\/icon\/surprise.svg\" alt=\"Surprise\">\n                    <\/a>\n                    <div class=\"twp-reaction-title\">Surprise<\/div>\n                    <div class=\"twp-count-percent\">\n                                                    <span style=\"display: none;\" class=\"twp-react-count\">0<\/span>\n                                                                        <span class=\"twp-react-percent\"><span>0<\/span> %<\/span>\n                                            <\/div>\n                <\/div>\n\n            <\/div>\n        <\/div>\n\n    ","protected":false},"excerpt":{"rendered":"<p>&nbsp; El programa de exposiciones de Inaudito Magdalena llevar\u00e1 a cabo en diferentes territorios de la cuenca del<\/p>\n<div class=\"pvc_clear\"><\/div>\n<p id=\"pvc_stats_7774\" class=\"pvc_stats all  \" data-element-id=\"7774\" style=\"\"><i class=\"pvc-stats-icon large\" aria-hidden=\"true\"><svg aria-hidden=\"true\" focusable=\"false\" data-prefix=\"far\" data-icon=\"chart-bar\" role=\"img\" xmlns=\"http:\/\/www.w3.org\/2000\/svg\" viewBox=\"0 0 512 512\" class=\"svg-inline--fa fa-chart-bar fa-w-16 fa-2x\"><path fill=\"currentColor\" d=\"M396.8 352h22.4c6.4 0 12.8-6.4 12.8-12.8V108.8c0-6.4-6.4-12.8-12.8-12.8h-22.4c-6.4 0-12.8 6.4-12.8 12.8v230.4c0 6.4 6.4 12.8 12.8 12.8zm-192 0h22.4c6.4 0 12.8-6.4 12.8-12.8V140.8c0-6.4-6.4-12.8-12.8-12.8h-22.4c-6.4 0-12.8 6.4-12.8 12.8v198.4c0 6.4 6.4 12.8 12.8 12.8zm96 0h22.4c6.4 0 12.8-6.4 12.8-12.8V204.8c0-6.4-6.4-12.8-12.8-12.8h-22.4c-6.4 0-12.8 6.4-12.8 12.8v134.4c0 6.4 6.4 12.8 12.8 12.8zM496 400H48V80c0-8.84-7.16-16-16-16H16C7.16 64 0 71.16 0 80v336c0 17.67 14.33 32 32 32h464c8.84 0 16-7.16 16-16v-16c0-8.84-7.16-16-16-16zm-387.2-48h22.4c6.4 0 12.8-6.4 12.8-12.8v-70.4c0-6.4-6.4-12.8-12.8-12.8h-22.4c-6.4 0-12.8 6.4-12.8 12.8v70.4c0 6.4 6.4 12.8 12.8 12.8z\" class=\"\"><\/path><\/svg><\/i> <img decoding=\"async\" width=\"16\" height=\"16\" alt=\"Loading\" src=\"https:\/\/www.periodicolapislazuli.com\/noticias\/wp-content\/plugins\/page-views-count\/ajax-loader-2x.gif\" border=0 \/><\/p>\n<div class=\"pvc_clear\"><\/div>\n","protected":false},"author":3,"featured_media":7775,"comment_status":"closed","ping_status":"open","sticky":false,"template":"","format":"standard","meta":{"om_disable_all_campaigns":false,"pagelayer_contact_templates":[],"_pagelayer_content":"","_monsterinsights_skip_tracking":false,"_monsterinsights_sitenote_active":false,"_monsterinsights_sitenote_note":"","_monsterinsights_sitenote_category":0,"footnotes":""},"categories":[3,5],"tags":[146,3034,163,3035],"class_list":["post-7774","post","type-post","status-publish","format-standard","has-post-thumbnail","hentry","category-actualidad","category-eventos","tag-arte","tag-arte-colombiano","tag-cine","tag-exposiciones-de-arte"],"a3_pvc":{"activated":true,"total_views":427,"today_views":0},"jetpack_featured_media_url":"https:\/\/www.periodicolapislazuli.com\/noticias\/wp-content\/uploads\/2022\/06\/caracoltv.brightspotcdn.com_.jpg","_links":{"self":[{"href":"https:\/\/www.periodicolapislazuli.com\/noticias\/wp-json\/wp\/v2\/posts\/7774","targetHints":{"allow":["GET"]}}],"collection":[{"href":"https:\/\/www.periodicolapislazuli.com\/noticias\/wp-json\/wp\/v2\/posts"}],"about":[{"href":"https:\/\/www.periodicolapislazuli.com\/noticias\/wp-json\/wp\/v2\/types\/post"}],"author":[{"embeddable":true,"href":"https:\/\/www.periodicolapislazuli.com\/noticias\/wp-json\/wp\/v2\/users\/3"}],"replies":[{"embeddable":true,"href":"https:\/\/www.periodicolapislazuli.com\/noticias\/wp-json\/wp\/v2\/comments?post=7774"}],"version-history":[{"count":2,"href":"https:\/\/www.periodicolapislazuli.com\/noticias\/wp-json\/wp\/v2\/posts\/7774\/revisions"}],"predecessor-version":[{"id":7789,"href":"https:\/\/www.periodicolapislazuli.com\/noticias\/wp-json\/wp\/v2\/posts\/7774\/revisions\/7789"}],"wp:featuredmedia":[{"embeddable":true,"href":"https:\/\/www.periodicolapislazuli.com\/noticias\/wp-json\/wp\/v2\/media\/7775"}],"wp:attachment":[{"href":"https:\/\/www.periodicolapislazuli.com\/noticias\/wp-json\/wp\/v2\/media?parent=7774"}],"wp:term":[{"taxonomy":"category","embeddable":true,"href":"https:\/\/www.periodicolapislazuli.com\/noticias\/wp-json\/wp\/v2\/categories?post=7774"},{"taxonomy":"post_tag","embeddable":true,"href":"https:\/\/www.periodicolapislazuli.com\/noticias\/wp-json\/wp\/v2\/tags?post=7774"}],"curies":[{"name":"wp","href":"https:\/\/api.w.org\/{rel}","templated":true}]}}