{"id":7618,"date":"2022-03-14T03:44:03","date_gmt":"2022-03-14T03:44:03","guid":{"rendered":"https:\/\/www.periodicolapislazuli.com\/noticias\/?p=7618"},"modified":"2022-04-14T03:49:19","modified_gmt":"2022-04-14T03:49:19","slug":"los-escritores-mas-reconocidos-de-cada-provincia","status":"publish","type":"post","link":"https:\/\/www.periodicolapislazuli.com\/noticias\/los-escritores-mas-reconocidos-de-cada-provincia\/","title":{"rendered":"Los escritores m\u00e1s reconocidos de cada provincia"},"content":{"rendered":"<div class='booster-block booster-read-block'>\n                <div class=\"twp-read-time\">\n                \t<i class=\"booster-icon twp-clock\"><\/i> <span>Read Time:<\/span>16 Minute, 39 Second                <\/div>\n\n            <\/div><p>&nbsp;<\/p>\n<p><img fetchpriority=\"high\" decoding=\"async\" class=\" wp-image-7619 aligncenter\" src=\"https:\/\/www.periodicolapislazuli.com\/noticias\/wp-content\/uploads\/2022\/04\/EPS6WJQ7OFFKBFWPTGOSBQ3X5U.webp\" alt=\"\" width=\"780\" height=\"520\" \/><\/p>\n<section>Espa\u00f1a es tierra de <a href=\"https:\/\/www.larazon.es\/tags\/federico-garcia-lorca\/\" target=\"_blank\" rel=\"noopener\">Federico Garc\u00eda Lorca<\/a>, de Miguel de Cervantes, Rosal\u00eda de Castro, Lope de Vega, Francisco de Quevedo, Concepci\u00f3n Arenal, <a href=\"https:\/\/www.larazon.es\/tags\/miguel-de-unamuno\/\" target=\"_blank\" rel=\"noopener\">Miguel de Unamuno<\/a>, Emilia Pardo Baz\u00e1n, Gustavo Adolfo B\u00e9cquer, Mar\u00eda Moliner, Benito P\u00e9rez Gald\u00f3s,<a href=\"https:\/\/www.larazon.es\/cultura\/literatura\/20220116\/sgo3433mgfhcfe5qqpi3fwkufu.html\" target=\"_blank\" rel=\"noopener\"> Camilo Jos\u00e9 Cela<\/a>, Carmen Laforet&#8230; <strong>Espa\u00f1a es un <\/strong><a href=\"https:\/\/www.larazon.es\/cultura\/literatura\/\" target=\"_blank\" rel=\"noopener\"><strong>pa\u00eds de letras,<\/strong><\/a><strong> de tradici\u00f3n literaria y lujo narrativo<\/strong>. Cada autor mencionado, entre muchos otros, es reconocido a nivel internacional por un impecable legado bibliogr\u00e1fico, as\u00ed como sus obras contin\u00faan siendo estudiadas y tomadas como referencia intelectual.<\/p>\n<p>Cada provincia de nuestro pa\u00eds ha dejado un nombre y apellido literario inolvidable, que ha marcado tanto la cultura de su zona como el devenir cultural a nivel general. <strong>Desde la Sevilla de B\u00e9cquer o Machado hasta la Gran Canaria de Gald\u00f3s, pasando por el Madrid de Lope de Vega o el Valladolid de Delibes<\/strong>, en cada rinc\u00f3n se esconde una bibliograf\u00eda y una historia, siendo el paisaje y entorno siempre claves en la creaci\u00f3n de una obra.<\/p>\n<p>No obstante, esta tradici\u00f3n literaria no es cosa del pasado, sino que tambi\u00e9n <strong>actualmente figuran nombres de escritores espa\u00f1oles que destacan por la excelencia de su obra<\/strong>, tanto a nivel nacional como internacional. A continuaci\u00f3n, una lista de los autores actuales vivos m\u00e1s reconocidos de cada provincia, ordenados alfab\u00e9ticamente y sin que funcione de selecci\u00f3n definitiva.<\/p>\n<figure class=\"image--is-responsive\">\n<div class=\"img-reserved-space\">\n<div class=\"reserved-space-inside\"><picture><source srcset=\"https:\/\/www.larazon.es\/resizer\/eLGOfi0tJeISNizBU1C_RliNNCE=\/600x0\/smart\/filters:format(webp):quality(65)\/cloudfront-eu-central-1.images.arcpublishing.com\/larazon\/EPS6WJQ7OFFKBFWPTGOSBQ3X5U.png 600w, \nhttps:\/\/www.larazon.es\/resizer\/-m_m1sZtHLBr_uF45Zfn8wd_7Xk=\/420x0\/smart\/filters:format(webp):quality(65)\/cloudfront-eu-central-1.images.arcpublishing.com\/larazon\/EPS6WJQ7OFFKBFWPTGOSBQ3X5U.png 420w\" type=\"image\/webp\" \/><img decoding=\"async\" src=\"https:\/\/www.larazon.es\/resizer\/-cM7_hLtKC7uLpjif8nIJAvrexc=\/600x0\/smart\/filters:format(jpg)\/cloudfront-eu-central-1.images.arcpublishing.com\/larazon\/EPS6WJQ7OFFKBFWPTGOSBQ3X5U.png\" sizes=\"(max-width: 420px) 420px, 600px\" srcset=\"https:\/\/www.larazon.es\/resizer\/-cM7_hLtKC7uLpjif8nIJAvrexc=\/600x0\/smart\/filters:format(jpg)\/cloudfront-eu-central-1.images.arcpublishing.com\/larazon\/EPS6WJQ7OFFKBFWPTGOSBQ3X5U.png 600w,\nhttps:\/\/www.larazon.es\/resizer\/OCFPH72ysA0NdYhX6y3yNyO628g=\/420x0\/smart\/filters:format(jpg)\/cloudfront-eu-central-1.images.arcpublishing.com\/larazon\/EPS6WJQ7OFFKBFWPTGOSBQ3X5U.png 420w\" alt=\"Escritores espa\u00f1oles\" width=\"100%\" \/><\/picture><\/div>\n<\/div><figcaption>Escritores espa\u00f1oles<span class=\"image__meta figcaption-author\"> FOTO: Jos\u00e9 Luis Montoro<\/span><\/figcaption><\/figure>\n<h4 class=\"font--primary body-components__header\">Andaluc\u00eda<\/h4>\n<p><strong>Almer\u00eda. <\/strong>Juan Manuel Gil (Almer\u00eda, 1979). A sus 43 a\u00f1os, es autor de obras como \u201cInopia\u201d (2008) o \u201cTrigo limpio\u201d (2021), obra por la que obtuvo el Premio Biblioteca Breve de la editorial Seix Barral el a\u00f1o pasado, y que est\u00e1 ambientada en un barrio perif\u00e9rico de Almer\u00eda. El tambi\u00e9n profesor obtuvo el Premio Andaluc\u00eda Joven de Poes\u00eda y fue becado por la Fundaci\u00f3n Antonio Gala, as\u00ed como en su obra tambi\u00e9n destaca \u201cLas islas vertebradas\u201d (2017).<\/p>\n<p><strong>C\u00e1diz. <\/strong>Elvira Lindo (C\u00e1diz, 1962). Puede que hasta que falleciera recientemente Caballero Bonald le hiciera competencia, pero Linda es sin duda una de las escritoras m\u00e1s reconocidas y valoradas de nuestro pa\u00eds. La creadora de Manolito Gafotas tambi\u00e9n ejerce de periodista, as\u00ed como, adem\u00e1s de las ic\u00f3nicas obras protagonizadas por Manolito, ha publicado libros como \u201cUna palabra tuya\u201d (2005), \u201cA coraz\u00f3n abierto\u201d (2020) o \u201cEl otro barrio\u201d (1998).<\/p>\n<p><strong>C\u00f3rdoba. <\/strong>Jos\u00e9 Calvo Poyato (Cabra, 1951). Se trata del ex pol\u00edtico, historiador y novelista m\u00e1s reconocido de su tierra. Si bien no escogemos a Antonio Gala por ser nacido en Ciudad Real, a pesar de residir en C\u00f3rdoba desde hace tantos a\u00f1os, Poyato destaca por sus obras como \u201cLa biblia negra\u201d (2000), \u201cLa ruta infinita\u201d (2019), \u201cSangre en la calle del turco\u201d (2011) o \u201cEl esp\u00eda del rey\u201d (2017).<\/p>\n<p><strong>Granada. <\/strong>Luis Garc\u00eda Montero (Granada, 1958). Poeta, ensayista y cr\u00edtico literario espa\u00f1ol, pareja inseparable de la reci\u00e9n fallecida Almudena Grandes, Garc\u00eda Montero forma parte de la \u201cpoes\u00eda de la experiencia\u201d, caracterizada por alejarse de la individualidad estil\u00edstica y acercarse con la tradici\u00f3n po\u00e9tica anterior, entre Cernuda, Gil de Biedma o Machado.<\/p>\n<p><strong>Huelva. <\/strong>Elvira Navarro (Huelva, 1978). Licenciada en Filosof\u00eda y colaboradora en algunos medios de comunicaci\u00f3n, Navarro es reconocida por obras como \u201cLa trabajadora\u201d (2014), \u201cRabbit Island\u201d (2021), \u201cLa ciudad feliz\u201d (2009), \u201cLa isla de los conejos\u201d (2015) o \u201cLa ciudad en invierno\u201d (2007).<\/p>\n<p><strong>Ja\u00e9n. <\/strong>Juan Eslava Gal\u00e1n (Arjona, 1948). Es uno de los autores espa\u00f1oles de g\u00e9nero hist\u00f3rico m\u00e1s reconocidos de nuestro pa\u00eds, ya sea en la ficci\u00f3n o en la no ficci\u00f3n. Si bien ha publicado algunas novelas bajo el seud\u00f3nimo de Nicholas Wilcox, de Gal\u00e1n destacan las obras \u201cHistoria de Espa\u00f1a contada para esc\u00e9pticos\u201d (1995, as\u00ed como \u201cEl comedido hidalgo\u201d (1994), \u201cEl mercenario de Granada\u201d (2007) o \u201cEn busca del unicornio\u201d (1987), obra por la que se alz\u00f3 con el Premio Planeta.<\/p>\n<figure class=\"image--is-responsive\">\n<div class=\"img-reserved-space\">\n<div class=\"reserved-space-inside\"><picture><source srcset=\"https:\/\/www.larazon.es\/resizer\/grplHlE6QltyJB6jQnWmaq2_sIs=\/600x0\/smart\/filters:format(webp):quality(65)\/cloudfront-eu-central-1.images.arcpublishing.com\/larazon\/2UJ3B7TFURDI5M7NRUM5X6L2GY.jpg 600w, \nhttps:\/\/www.larazon.es\/resizer\/MRLXZP9kcIpHxD6ohYsgXszhIgU=\/420x0\/smart\/filters:format(webp):quality(65)\/cloudfront-eu-central-1.images.arcpublishing.com\/larazon\/2UJ3B7TFURDI5M7NRUM5X6L2GY.jpg 420w\" type=\"image\/webp\" \/><img decoding=\"async\" src=\"https:\/\/www.larazon.es\/resizer\/cINhUrSlbJfaB6L1NK90C08pJAQ=\/600x0\/smart\/filters:format(jpg)\/cloudfront-eu-central-1.images.arcpublishing.com\/larazon\/2UJ3B7TFURDI5M7NRUM5X6L2GY.jpg\" sizes=\"(max-width: 420px) 420px, 600px\" srcset=\"https:\/\/www.larazon.es\/resizer\/cINhUrSlbJfaB6L1NK90C08pJAQ=\/600x0\/smart\/filters:format(jpg)\/cloudfront-eu-central-1.images.arcpublishing.com\/larazon\/2UJ3B7TFURDI5M7NRUM5X6L2GY.jpg 600w,\nhttps:\/\/www.larazon.es\/resizer\/QY8rBeXxqvcbPV4R-EoYL68eCtM=\/420x0\/smart\/filters:format(jpg)\/cloudfront-eu-central-1.images.arcpublishing.com\/larazon\/2UJ3B7TFURDI5M7NRUM5X6L2GY.jpg 420w\" alt=\"Juan Eslava Gal\u00e1n\" width=\"100%\" \/><\/picture><\/div>\n<\/div><figcaption>Juan Eslava Gal\u00e1n<\/figcaption><\/figure>\n<p><strong>M\u00e1laga. <\/strong>Emilio Calder\u00f3n. Licenciado en Historia Moderna, arranc\u00f3 escribiendo ensayos hist\u00f3ricos, como \u201cAmores y desamores de Felipe II\u201d (1991). Ha escrito novelas jueniles y cuentos para ni\u00f1os, entre los que destacan t\u00edtulos como \u201cLa momia que me am\u00f3\u201d (1998) o \u201cRoma no paga traidores\u201d (2005). Su obra \u201cEl mapa del creador\u201d (2006) ha sido publicada en 23 pa\u00edses, \u00e9xito que le ha llevado a publicar otras obras para adultos como \u201cEl jud\u00edo de Shangh\u00e1i\u201d (2008, Premio Fernando Lara) o \u201cLa bailarina y el ingl\u00e9s\u201d (2009, obra finalista del Premio Planeta).<\/p>\n<p><strong>Sevilla. <\/strong>Blue Jeans (Sevilla, 1978). Su nombre real es Francisco de Paula Fern\u00e1ndez y es sin duda uno de los autores m\u00e1s reconocidos dentro del p\u00fablico juvenil. Escritor de literatura rom\u00e1ntica y polic\u00edaca para adolescentes, destacan en su obra t\u00edtulos como \u201cCanciones para Paula\u201d (2009), \u201cLa chica invisible\u201d (2018), \u201cLa promesa de Julia\u201d (2020) o \u201cEl campamento\u201d (2021).<\/p>\n<h4 class=\"font--primary body-components__header\">Arag\u00f3n<\/h4>\n<p><strong>Huesca. <\/strong>Manuel Vilas (Barbastro, 1962). Con una clara competencia con la tambi\u00e9n oscense Luz Gab\u00e1s, autora de \u201cPalmeras en la nieve\u201d (2012), Vilas destaca por ser el autor actual m\u00e1s reconocido de su provincia. El poeta y escritor fue finalista del Premio Planeta en 2019 por su obra \u201cAlegr\u00eda\u201d, as\u00ed como es conocido por sus obras \u201cEl cielo\u201d (2000), \u201cResurrecci\u00f3n\u201d (2005), \u201cOrdesa\u201d (2018) o \u201cEl hundimiento\u201d (2015).<\/p>\n<p><strong>Teruel. <\/strong>Javier Sierra (Teruel, 1971). Es tan reconocido como querido en su provincia y ciudad natal. Sierra fue merecedor del Premio Planeta con \u201cEl fuego invisible\u201d en 2017, as\u00ed como es el \u00fanico autor espa\u00f1ol cuyas novelas han llegado a la lista de los m\u00e1s vendidos en Estados Unidos. Son conocidas sus obras \u201cEl mensaje de Pandora\u201d, \u201cEl maestro del Prado\u201d, \u201cEl \u00e1ngel perdido\u201d o \u201cLa cena secreta\u201d.<\/p>\n<p><strong>Zaragoza. <\/strong>Soledad Pu\u00e9rtolas (Zaragoza, 1947). La escritora y licenciada en Periodismo es, desde 2010, acad\u00e9mica de la Real Academia Espa\u00f1ola (RAE). A sus 74 a\u00f1os, ha publicado grandes obras como \u201cBurdeos\u201d (1986), \u201cD\u00edas del arenal\u201d (1992), \u201cMi amor en vano\u201d (2012), \u201cLa vida oculta\u201d (1993) o, el m\u00e1s reciente, \u201cCuarteto\u201d (2021).<\/p>\n<figure class=\"image--is-responsive\">\n<div class=\"img-reserved-space\">\n<div class=\"reserved-space-inside\"><picture><source srcset=\"https:\/\/www.larazon.es\/resizer\/3MJEd142vgTZQAiC7zMBFuXBBTw=\/600x0\/smart\/filters:format(webp):quality(65)\/cloudfront-eu-central-1.images.arcpublishing.com\/larazon\/3BJ4JUKVDJEPTBRTWHLJBIDKVI.jpg 600w, \nhttps:\/\/www.larazon.es\/resizer\/ukgYF1C6PrgfesWPRYYKI5qRzVM=\/420x0\/smart\/filters:format(webp):quality(65)\/cloudfront-eu-central-1.images.arcpublishing.com\/larazon\/3BJ4JUKVDJEPTBRTWHLJBIDKVI.jpg 420w\" type=\"image\/webp\" \/><img decoding=\"async\" src=\"https:\/\/www.larazon.es\/resizer\/yOvOFD3P-Pe_sg9eFi_fzfmd3t0=\/600x0\/smart\/filters:format(jpg)\/cloudfront-eu-central-1.images.arcpublishing.com\/larazon\/3BJ4JUKVDJEPTBRTWHLJBIDKVI.jpg\" sizes=\"(max-width: 420px) 420px, 600px\" srcset=\"https:\/\/www.larazon.es\/resizer\/yOvOFD3P-Pe_sg9eFi_fzfmd3t0=\/600x0\/smart\/filters:format(jpg)\/cloudfront-eu-central-1.images.arcpublishing.com\/larazon\/3BJ4JUKVDJEPTBRTWHLJBIDKVI.jpg 600w,\nhttps:\/\/www.larazon.es\/resizer\/KPSfbKJUEAItNvDbJ_PWFRnOdW4=\/420x0\/smart\/filters:format(jpg)\/cloudfront-eu-central-1.images.arcpublishing.com\/larazon\/3BJ4JUKVDJEPTBRTWHLJBIDKVI.jpg 420w\" alt=\"Javier Sierra\" width=\"100%\" \/><\/picture><\/div>\n<\/div><figcaption>Javier Sierra<span class=\"image__meta figcaption-author\"> FOTO: Alberto R. Rold\u00e1n<\/span><span class=\"image__meta figcaption-affiliation\"> La Raz\u00f3n<\/span><\/figcaption><\/figure>\n<h4 class=\"font--primary body-components__header\">Asturias<\/h4>\n<p>\u00c1ngeles Caso (Gij\u00f3n, 1959). La escritora, traductora, periodista, editora y feminista \u00c1ngeles Caso es una de las creadoras m\u00e1s conocidas de la comunidad asturiana. Desde que comenz\u00f3 en el mundo de la escritura en 1985, ha publicado obras como \u201cEl mundo desde el cielo\u201d (1997), \u201cLas olvidadas\u201d (2005), \u201cUn largo silencio\u201d (2000) o \u201cContra el viento\u201d (2009).<\/p>\n<h4 class=\"font--primary body-components__header\">Cantabria<\/h4>\n<p>\u00c1lvaro Pombo (Santander, 1939). En la regi\u00f3n de Cantabria destaca \u00c1lvaro Pombo, poeta y novelista que, a sus 82 a\u00f1os, guarda una bibliograf\u00eda reconocida a nivel nacional. Destacan entre sus publicaciones \u201cDonde las mujeres\u201d (1996), \u201cEl metro de platino iridiado\u201d (1990), \u201cEl h\u00e9roe de las mansardas de Mansard\u201d (1983), \u201cContra natura\u201d (2005), \u201cEl cielo raso\u201d (2000) o \u201cLa fortuna de Matilda Turpin\u201d (2006).<\/p>\n<h4 class=\"font--primary body-components__header\">Castilla-La Mancha<\/h4>\n<p><strong>Albacete. <\/strong>Alicia Gim\u00e9nez Bartlett (Almansa, 1951). Ganadora, entre otros, del Premio Nadal en 2011 y el Planeta en 2014, la escritora y fil\u00f3loga es conocida especialmente por sus novelas de g\u00e9nero polic\u00edaco protagonizadas por la inspectora Petra Delicado. As\u00ed, destacan t\u00edtulos como \u201cRitos de muerte\u201d (1996), \u201cD\u00eda de perros\u201d (1997), \u201cMensajeros de la oscuridad\u201d (1999) o \u201cMuertos de papel\u201d (2000).<\/p>\n<p><strong>Ciudad Real. <\/strong>Mar\u00eda Due\u00f1as (Puertollano, 1964). El reconocimiento nacional de Mar\u00eda Due\u00f1as se centra en un t\u00edtulo en concreto: \u201cEl tiempo entre costuras\u201d, su primera novela que public\u00f3 en 2009 y que se convirti\u00f3 en una de las obras m\u00e1s vendidas de la literatura espa\u00f1ola en los \u00faltimos a\u00f1os. Asimismo, destacan otros libros como \u201cSira\u201d (2021), \u201cLas hijas del capit\u00e1n\u201d (2018) o \u201cLa templanza\u201d (2015).<\/p>\n<figure class=\"image--is-responsive\">\n<div class=\"img-reserved-space\">\n<div class=\"reserved-space-inside\"><picture><source srcset=\"https:\/\/www.larazon.es\/resizer\/qRy5-dQxIDnYGFtwYmdZhFPsVgI=\/600x0\/smart\/filters:format(webp):quality(65)\/cloudfront-eu-central-1.images.arcpublishing.com\/larazon\/F5PD2UHAONAG5KQYXM54RKCIXA.jpg 600w, \nhttps:\/\/www.larazon.es\/resizer\/lLaYw7baw7M-mxiNvhq7FesfVQU=\/420x0\/smart\/filters:format(webp):quality(65)\/cloudfront-eu-central-1.images.arcpublishing.com\/larazon\/F5PD2UHAONAG5KQYXM54RKCIXA.jpg 420w\" type=\"image\/webp\" \/><img decoding=\"async\" src=\"https:\/\/www.larazon.es\/resizer\/PeJG2nGkB4q6Rd2yn0Bn2vffvQk=\/600x0\/smart\/filters:format(jpg)\/cloudfront-eu-central-1.images.arcpublishing.com\/larazon\/F5PD2UHAONAG5KQYXM54RKCIXA.jpg\" sizes=\"(max-width: 420px) 420px, 600px\" srcset=\"https:\/\/www.larazon.es\/resizer\/PeJG2nGkB4q6Rd2yn0Bn2vffvQk=\/600x0\/smart\/filters:format(jpg)\/cloudfront-eu-central-1.images.arcpublishing.com\/larazon\/F5PD2UHAONAG5KQYXM54RKCIXA.jpg 600w,\nhttps:\/\/www.larazon.es\/resizer\/5HuFYzj4UG08VYfMPHZi0Au0rWg=\/420x0\/smart\/filters:format(jpg)\/cloudfront-eu-central-1.images.arcpublishing.com\/larazon\/F5PD2UHAONAG5KQYXM54RKCIXA.jpg 420w\" alt=\"La escritora Mar\u00eda Due\u00f1as\" width=\"100%\" \/><\/picture><\/div>\n<\/div><figcaption>La escritora Mar\u00eda Due\u00f1as<span class=\"image__meta figcaption-author\"> FOTO: Alberto Ortega <\/span><\/figcaption><\/figure>\n<p><strong>Cuenca. <\/strong>Gregorio Casamayor (Ca\u00f1adajuncosa, 1955). Es autor de \u201cBorr\u00f3n y cuenta nueva\u201d (2005), un libro de relatos cortos, as\u00ed como ha publicado novelas como \u201cLa sopa de Dios\u201d (2009), Premio Memorial Silverio Ca\u00f1ada 2010, \u201cLa vida y las muertes de Ethel Jurado\u201d (2011) o \u201cLos d\u00edas rotos\u201d (2018). Su \u00faltima obra la public\u00f3 el a\u00f1o pasado, bajo el t\u00edtulo \u201cEst\u00e1s muerto y t\u00fa lo sabes\u201d.<\/p>\n<p><strong>Guadalajara. <\/strong>Clara S\u00e1nchez (Guadalajara, 1955). En 1989 public\u00f3 la novela \u201cPiedras preciosas\u201d, a la que siguieron, entre otras, \u201c\u00daltimas noticias del para\u00edso\u201d (2000, Premio Alfaguara de Novela). S\u00e1nchez fue distinguida en 2010 con el Premio Nadal de Novela, por la obra \u201cLo que esconde tu nombre\u201d, as\u00ed como en 2013 obtuvo el Planeta por \u201cEl cielo ha vuelto. Su bibliograf\u00eda ha sido traducida a m\u00e1s de 20 idiomas.<\/p>\n<p><strong>Toledo. <\/strong>Baltasar Magro (Domingo P\u00e9rez, 1949). El periodista y escritor public\u00f3 su \u00faltima obra en 2020, bajo el t\u00edtulo \u201cMar\u00eda Blanchard: como una sombra\u201d. Asimismo, destaca entre sus creaciones t\u00edtulos como \u201cLa hora de Quevedo\u201d (2008), \u201cEl c\u00edrculo de Juanelo\u201d (2002), \u201cEl secreto de las hormigas\u201d (2019) o \u201cLa luz del Guernica\u201d (2012).<\/p>\n<h4 class=\"font--primary body-components__header\">Castilla y Le\u00f3n<\/h4>\n<p><strong>\u00c1vila. <\/strong>Jos\u00e9 Mar\u00eda Mu\u00f1oz Quir\u00f3s (\u00c1vila, 1957). El poeta y catedr\u00e1tico ha publicado libros como \u201cRitual de los espejos\u201d (1991), \u201cDibujo de la luz\u201d (1998), \u201cEl rostro de la niebla\u201d (2009), \u201cCelada de pidra\u201d (2005), \u201cEn \u00c1vila mis ojos\u201d (2000) o \u201cCarpe diem\u201d (1986).<\/p>\n<p><strong>Burgos. <\/strong>\u00d3scar Esquivias (Burgos, 1972). Escritor de obras como \u201cInquietud en el Para\u00edso\u201d (2005), \u201cLa marca de Creta\u201d (2008), \u201cViene la noche\u201d (2007) o \u201cPampanitos verdes\u201d (2010). Ha ganado el Premio de la Cr\u00edtica de Castilla y Le\u00f3n, en 2006, as\u00ed como el SEtenil de cuentos en 2008 o el Castilla y Le\u00f3n de las Letras en 2016.<\/p>\n<p><strong>Le\u00f3n. <\/strong>Julio Llamazares (Vegami\u00e1n, 1955). Fue dos veces finalista al Premio Nacional de Literatura, por sus obras \u201cLuna de lobos\u201d y \u201cLa lluvia amarilla\u201d. El autor, tambi\u00e9n guionista de cine y poeta, destaca por otras obras como \u201cEl cielo de Madrid\u201d (2005), \u201cMemoria de la nieve\u201d (1982) o \u201cEl r\u00edo del olvido\u201d (1990).<\/p>\n<p><strong>Palencia. <\/strong>Esperanza Ortega (Palencia, 1953). Escritora, poeta, editora y cr\u00edtica espa\u00f1ola, pareja de Gustavo Mart\u00edn Garzo y autora de libros como \u201cHilo solo\u201d (1995), \u201cComo si fuera una palabra\u201d (2002), \u201cLas cosas como eran\u201d (2009) o \u201cLas palabras y los d\u00edas\u201d (2020).<\/p>\n<p><strong>Salamanca. <\/strong>Jos\u00e9 Luis Puerto (Salamanca, 1953). Poeta, ensayista, etn\u00f3grafo, traductor, editor y catedr\u00e1tico de Lengua y Literatura espa\u00f1ola. Ha publicado t\u00edtulos como \u201cEl tiempo que nos teje\u201d (1982), \u201cUn jard\u00edn al olvido\u201d (1987), \u201cDe la intemperie\u201d (2004) o \u201cTrazar la salvaguarda\u201d (2013).<\/p>\n<p><strong>Segovia. <\/strong>Elvira Sastre (Segovia, 1992). Gracias a la influencia de su padre, Antonio Sastre, esta joven escritora se aficion\u00f3 al mundo de la lectura a temprana edad, escribiendo su primer poema a los 12 a\u00f1os. Destacan sus obras \u201cBaluarte\u201d (2014), \u201cAquella orilla nuestra\u201d (2018) o \u201cD\u00edas sin ti\u201d (2019).<\/p>\n<p><strong>Soria. <\/strong>Jos\u00e9 \u00c1ngel Gonz\u00e1lez Sainz (Soria, 1956). Ha ganado el Premio Anagrama, as\u00ed como el de las Letras de Castilla y Le\u00f3n, gracias a su obra \u201cVolver al mundo\u201d (2003). Tambi\u00e9n ha obtenido gran reconocimiento de la mano de libros como \u201cLa vida peque\u00f1a: el arte de la fuga\u201d (2021), \u201cOjos que no ven\u201d (2010) o \u201cUn mundo exasperado\u201d (1995).<\/p>\n<p><strong>Valladolid. <\/strong>Gustavo Mart\u00edn Garzo (Valladolid, 1948). De su obra destacan sus impecables referencias a temas mitol\u00f3gicos, b\u00edblicos, leyendas y cuentos tradicionales, as\u00ed como su inspiraci\u00f3n en el universo femenino. Destacan sus obras \u201cLa princesa manca\u201d (1995), \u201cEl lenguaje de las fuentes\u201d (1993) o \u201cTres cuentos de hadas\u201d (2003).<\/p>\n<p><strong>Zamora. <\/strong>Jes\u00fas Ferrero (Zamora, 1952). Ya obtuvo reconocimiento con su primera obra: \u201cB\u00e9lver Yin\u201d, que public\u00f3 en 1981 y por la que obtendr\u00eda el Premio Ciudad de Barcelona. Una obra que, seg\u00fan el cr\u00edtico Rafael Conte, es \u201cla primera novela m\u00e1s sorprendente, espl\u00e9ndida y fascinante de los \u00faltimos lustros de la literatura espa\u00f1ola\u201d. Tambi\u00e9n destaca Ferrero por \u201cLas trece rosas\u201d (2003) o \u201cDoctor Zibelius\u201d (2014).<\/p>\n<figure class=\"image--is-responsive\">\n<div class=\"img-reserved-space\">\n<div class=\"reserved-space-inside\"><picture><source srcset=\"https:\/\/www.larazon.es\/resizer\/5FhXmeehMK--0HpVDGus_riUjmQ=\/600x0\/smart\/filters:format(webp):quality(65)\/cloudfront-eu-central-1.images.arcpublishing.com\/larazon\/5JQ6QQXKAFAQFLA3KZ2SDUOVDI.jpg 600w, \nhttps:\/\/www.larazon.es\/resizer\/dPmObRoHfwC-E08PMjF8z-gRJtQ=\/420x0\/smart\/filters:format(webp):quality(65)\/cloudfront-eu-central-1.images.arcpublishing.com\/larazon\/5JQ6QQXKAFAQFLA3KZ2SDUOVDI.jpg 420w\" type=\"image\/webp\" \/><img decoding=\"async\" src=\"https:\/\/www.larazon.es\/resizer\/Zr1gI5Hyu9ql6RKXWSu9zqcm1_c=\/600x0\/smart\/filters:format(jpg)\/cloudfront-eu-central-1.images.arcpublishing.com\/larazon\/5JQ6QQXKAFAQFLA3KZ2SDUOVDI.jpg\" sizes=\"(max-width: 420px) 420px, 600px\" srcset=\"https:\/\/www.larazon.es\/resizer\/Zr1gI5Hyu9ql6RKXWSu9zqcm1_c=\/600x0\/smart\/filters:format(jpg)\/cloudfront-eu-central-1.images.arcpublishing.com\/larazon\/5JQ6QQXKAFAQFLA3KZ2SDUOVDI.jpg 600w,\nhttps:\/\/www.larazon.es\/resizer\/QAGj0CqXcyKlgJTjnyqnS8Kt9lo=\/420x0\/smart\/filters:format(jpg)\/cloudfront-eu-central-1.images.arcpublishing.com\/larazon\/5JQ6QQXKAFAQFLA3KZ2SDUOVDI.jpg 420w\" alt=\"Gustavo Mart\u00edn Garzo\" width=\"100%\" \/><\/picture><\/div>\n<\/div><figcaption>Gustavo Mart\u00edn Garzo<span class=\"image__meta figcaption-author\"> FOTO: Luis Diaz<\/span><\/figcaption><\/figure>\n<h4 class=\"font--primary body-components__header\">Catalu\u00f1a<\/h4>\n<p><strong>Barcelona. <\/strong>Eduardo Mendoza (Barcelona, 1943). Entre Ildefonso Falcones, Enrique Vila-Matas, Carlos Ruiz Zaf\u00f3n, Maruja Torres, Juan Goytisolo, Jorge Molist o Albert Espinosa, quiz\u00e1 destaca ante todo la obra de Mendoza. Destaca entre su gran bibliograf\u00eda \u201cSin noticias de Gurb\u201d (1990), as\u00ed como \u201cLa ciudad de los prodigios\u201d (1986), \u201cEl misterio de la cripta embrujada\u201d (1978) o \u201cUna comedia ligera\u201d (1996).<\/p>\n<p><strong>Lleida. <\/strong>Josep Vallverd\u00fa (Lleida, 1923). Narrador, dramaturgo, ling\u00fcista, traductor y ensayista, reconocido por su obra literaria infantil. Destacan sus obras \u201cRovell\u00f3\u201d (1969), \u201cUn caballo contra Roma\u201d (1975) o \u201cTrampa bajo las aguas\u201d (1986).<\/p>\n<p><strong>Girona. <\/strong>N\u00faria Esponell\u00e0 (Celr\u00e1, 1959). Autora de poemarios y novelas, gan\u00f3 el Premio N\u00e9stor Luj\u00e1n de novela hist\u00f3rica en 2009 gracias a su obra \u201cTras los muros\u201d. Tambi\u00e9n destacan de su bibliograf\u00eda \u201cLa hija de la nieve\u201d (2016), as\u00ed como la reciente \u00bb \u00c0nima de tramuntna\u201d (2020).<\/p>\n<p><strong>Tarragona. <\/strong>Carme Mart\u00ed (Montblanc, 1972). Licenciada en filolog\u00eda catalana, ha dedicado la mayor parte de su obra a la recuperaci\u00f3n de la memoria hist\u00f3rica. Destacan sus obras \u201cEl cam\u00ed de les Aig\u00fces\u201d (2017) o \u201cLa paloma de Ravensbr\u00fcck\u201d (2012).<\/p>\n<h4 class=\"font--primary body-components__header\">Extremadura<\/h4>\n<p><strong>Badajoz. <\/strong>Luis Landero (Alburquerque, 1948). Junto con Inma Chac\u00f3n o Jes\u00fas Carrasco, destaca en esta provincia extreme\u00f1a Landero, autor de obras como \u201cLluvia fina\u201d (2019), \u201cJuegos de la edad tard\u00eda\u201d (1989) o \u201cEl huerto de Emerson\u201d (2021).<\/p>\n<p><strong>C\u00e1ceres. <\/strong>Javier Cercas (Ibahernando, 1962). El ganador en 2019 del Premio Planeta por \u201cTerra Alta\u201d, naci\u00f3 en Ibahernando, un municipio ubicado en la Comarca de Trujillo. Si bien su obra m\u00e1s exitosa es \u201cSoldados de Salamina\u201d (2001), que ha sido traducida a m\u00e1s de 30 idiomas, tambi\u00e9n destacan \u201cEl impostor\u201d (2014), \u201cLas leyes de la frontera\u201d (2012) o \u201cAnatom\u00eda de un instante\u201d (2009).<\/p>\n<figure class=\"image--is-responsive\">\n<div class=\"img-reserved-space\">\n<div class=\"reserved-space-inside\"><picture><source srcset=\"https:\/\/www.larazon.es\/resizer\/iTR6ov7emFFHvdR2WHw6jKQwr0M=\/600x0\/smart\/filters:format(webp):quality(65)\/cloudfront-eu-central-1.images.arcpublishing.com\/larazon\/MBXEZZOFZFAFZJRZUSNV7SZEUQ.JPG 600w, \nhttps:\/\/www.larazon.es\/resizer\/ilrUXqD3g_qB9p8YIzvhWQ2W1FI=\/420x0\/smart\/filters:format(webp):quality(65)\/cloudfront-eu-central-1.images.arcpublishing.com\/larazon\/MBXEZZOFZFAFZJRZUSNV7SZEUQ.JPG 420w\" type=\"image\/webp\" \/><img decoding=\"async\" src=\"https:\/\/www.larazon.es\/resizer\/6zqUw1LTVfKBFEfdeeqNlk9mVJM=\/600x0\/smart\/filters:format(jpg)\/cloudfront-eu-central-1.images.arcpublishing.com\/larazon\/MBXEZZOFZFAFZJRZUSNV7SZEUQ.JPG\" sizes=\"(max-width: 420px) 420px, 600px\" srcset=\"https:\/\/www.larazon.es\/resizer\/6zqUw1LTVfKBFEfdeeqNlk9mVJM=\/600x0\/smart\/filters:format(jpg)\/cloudfront-eu-central-1.images.arcpublishing.com\/larazon\/MBXEZZOFZFAFZJRZUSNV7SZEUQ.JPG 600w,\nhttps:\/\/www.larazon.es\/resizer\/y7fQChjYrEthinsFntSULrCfD-8=\/420x0\/smart\/filters:format(jpg)\/cloudfront-eu-central-1.images.arcpublishing.com\/larazon\/MBXEZZOFZFAFZJRZUSNV7SZEUQ.JPG 420w\" alt=\"Javier Cercas\" width=\"100%\" \/><\/picture><\/div>\n<\/div><figcaption>Javier Cercas<span class=\"image__meta figcaption-author\"> FOTO: Miquel Gonz\u00e1lez de la Fuente<\/span><span class=\"image__meta figcaption-affiliation\"> Miquel Gonz\u00e1lez \/ Shooting<\/span><\/figcaption><\/figure>\n<h4 class=\"font--primary body-components__header\">Galicia<\/h4>\n<p><strong>A Coru\u00f1a. <\/strong>Cristina S\u00e1nchez-Andrade (Santiago de Compostela, 1968). En tierra de Rosal\u00eda de Castro o Camilo Jos\u00e9 Cela, destaca en esta provincia gallega la obra de S\u00e1nchez-Andrade, por sus abundantes referencias a la tradici\u00f3n oral, una de las principales fuentes de inspiraci\u00f3n de la autora de obras como \u201cLas inviernas\u201d (2014), \u201cYa no pisa la tierra tu rey\u201d (2004) o \u201cEl ni\u00f1o que com\u00eda lana\u201d (2019).<\/p>\n<p><strong>Lugo.<\/strong> Marta Rivera de la Cruz (Lugo, 1970). La escritora y pol\u00edtica fue finalista del Premio Planeta en 2006 por \u201cEn tiempo de prodigios\u201d, su obra m\u00e1s reconocida junto con otros t\u00edtulos, como \u201cLa boda de Kate\u201d (2013), \u201cQue veinte a\u00f1os no es nada\u201d (1998), \u201cLa primera tarde despu\u00e9s de Navidad\u201d (2008) o \u201cLa vida despu\u00e9s\u201d (2011).<\/p>\n<p><strong>Ourense. <\/strong>Alfredo Conde (Allariz, 1945). \u201cEl Griff\u00f3n\u201d (1984), \u201cLukum\u00ed\u201d (2006), \u201cLos otros d\u00edas\u201d (1991) y \u201cSiempre me matan\u201d (1995), son algunas de las obras principales de Conde. Escritor y pol\u00edtico, escribe tanto en lengua castellana como gallega, y durante su carrera ha ganado el Premio Nadal, en 1991 por \u201cLos otros d\u00edas\u201d, as\u00ed como el Premio Nacional de Literatura, en 1986 por \u201cYa va el grifi\u00f3n en el viento\u201d.<\/p>\n<p><strong>Pontevedra. <\/strong>Manel Loureiro (Pontevedra, 1975). Destaca en su bibliograf\u00eda su obra m\u00e1s reciente, \u201cLa puerta\u201d, as\u00ed como la serie de \u201cApocalipsis Z\u201d, \u201cEl \u00faltimo pasajero\u201d (2013) o \u201cVeinte\u201d (2017). Colaborador en medios de comunicaci\u00f3n y habiendo trabajado tambi\u00e9n en televisi\u00f3n y radio, desde 2016 tiene una secci\u00f3n peri\u00f3dica en un programa que casa bien con su principal g\u00e9nero literario: en \u201cCuarto Milenio\u201d.<\/p>\n<h4 class=\"font--primary body-components__header\">Islas Baleares<\/h4>\n<p>Carme Riera (Palma, 1948). Escribe en castellano y catal\u00e1n, y presidi\u00f3 CEDRO desde junio de 2015 hasta junio de 2019. Elegida en 2012 miembro de n\u00famero de la Real Academia Espa\u00f1ola (RAE), ha recibido numerosos premios, entre los que destacan el Nacional de Narrativa de 1995 por \u201cEn el \u00faltimo azul\u201d. Destacan tambi\u00e9n sus obras \u201cLa mitad del alma\u201d (2004) o \u201cNaturaleza casi muerta\u201d (2011).<\/p>\n<h4 class=\"font--primary body-components__header\">Islas Canarias<\/h4>\n<p><strong>Las Palmas. <\/strong>Jos\u00e9 Luis Correa (Las Palmas de Gran Canaria, 1962). En la tierra de Benito P\u00e9rez Gald\u00f3s, destacan autores como Alexis Ravelo, Lola Su\u00e1rez o, en este caso, Correa. Escritor de poes\u00eda, narrativa y relato, forma parte de la llamada \u201cGeneraci\u00f3n 21\u2033 de nuevos autores canarios, destacando sus obras \u201cUn rastro de sirena\u201d (2010), \u201cQuince d\u00edas de noviembre\u201d (2003), \u201cLas dos Amelias\u201d (2020) o \u201cEl detective nost\u00e1lgico\u201d (2017).<\/p>\n<p><strong>Santa Cruz de Tenerife. <\/strong>Alberto V\u00e1zquez-Figueroa (Santa Cruz de Tenerife, 1936). Autor de m\u00e1s de cien liros, es uno de los autores contempor\u00e1neos m\u00e1s le\u00eddos no solo en Espa\u00f1a, sino tambi\u00e9n a nivel internacional. Destacan sus libros \u201cTuareg\u201d (1980), \u201cLos ojos del tuareg\u201d (2000), \u201cEl \u00faltimo tuareg\u201d (2014), \u201cCienfuegos\u201d (1988) o \u201cColt\u00e1n\u201d (2008).<\/p>\n<h4 class=\"font--primary body-components__header\">La Rioja<\/h4>\n<p>Andr\u00e9s Pascual (Logro\u00f1o, 1969). Adem\u00e1s de pianista y abogado, Pascual es un novelista y viajero incansable, cuyas aventuras alrededor del mundo siempre le han servido como inspiraci\u00f3n para sus creaciones. Ha escrito obras como \u201cEl oso, el tigre y el drag\u00f3n\u201d (2017), \u201cEl sol brilla por la noche en Cachemira\u201d (2012), \u201cEl guardi\u00e1n de la flor de loto\u201d (2007) o \u201cA merced de un dios salvaje\u201d (2018).<\/p>\n<h4 class=\"font--primary body-components__header\">Madrid<\/h4>\n<p>Javier Mar\u00edas (Madrid, 1951). Sin poder contar, desafortunadamente, con Almudena Grandes, y con una clara rivalidad con otros autores como Juan G\u00f3mez-Jurado, Julia Navarro, Lorenzo Silva, Gonzalo Giner o Rosa Montero, podr\u00edamos destacar de la capital la obra de Mar\u00edas. El autor y miembro de la RAE es uno de los m\u00e1s reconocidos de nuestro pa\u00eds, gracias a libros como \u201cCoraz\u00f3n tan blanco\u201d (1992), \u201cBerta Isla\u201d (2017), \u201cCuando fui mortal\u201d (1996) o \u201cAs\u00ed empieza lo malo\u201d (2014).<\/p>\n<h4 class=\"font--primary body-components__header\">Murcia<\/h4>\n<p>Arturo P\u00e9rez-Reverte (Cartagena, 1951). Destaca su obra sobre conflictos armados y guerras, as\u00ed como es el creador de ic\u00f3nicas sagas como \u201cLas aventuras del capit\u00e1n Alatriste\u201d o la trilog\u00eda de \u201cFalc\u00f3\u201d. Miembro de la RAE desde 2003, ha publicado reconocidos t\u00edtulos como \u201cLa reina del sur\u201d (2002), \u201cEl club Dumas\u201d (1993), \u201cEl italiano\u201d (2021) o \u201cLa tabla de Flandes\u201d (1990).<\/p>\n<figure class=\"image--is-responsive\">\n<div class=\"img-reserved-space\">\n<div class=\"reserved-space-inside\"><picture><source srcset=\"https:\/\/www.larazon.es\/resizer\/kcD6O6C2E8LAGf1IkzRCiED3DUw=\/600x0\/smart\/filters:format(webp):quality(65)\/cloudfront-eu-central-1.images.arcpublishing.com\/larazon\/6MYTTPWBOFE4ZFKNX4OWIBAEFA.jpg 600w, \nhttps:\/\/www.larazon.es\/resizer\/njwh3i1ZQchg53magSLaXmO1H6Y=\/420x0\/smart\/filters:format(webp):quality(65)\/cloudfront-eu-central-1.images.arcpublishing.com\/larazon\/6MYTTPWBOFE4ZFKNX4OWIBAEFA.jpg 420w\" type=\"image\/webp\" \/><img decoding=\"async\" src=\"https:\/\/www.larazon.es\/resizer\/PWARnUKmww-2aDBkkWZtk2kVhYc=\/600x0\/smart\/filters:format(jpg)\/cloudfront-eu-central-1.images.arcpublishing.com\/larazon\/6MYTTPWBOFE4ZFKNX4OWIBAEFA.jpg\" sizes=\"(max-width: 420px) 420px, 600px\" srcset=\"https:\/\/www.larazon.es\/resizer\/PWARnUKmww-2aDBkkWZtk2kVhYc=\/600x0\/smart\/filters:format(jpg)\/cloudfront-eu-central-1.images.arcpublishing.com\/larazon\/6MYTTPWBOFE4ZFKNX4OWIBAEFA.jpg 600w,\nhttps:\/\/www.larazon.es\/resizer\/N80LkA0L3hkz0HbljdlXtClDJQE=\/420x0\/smart\/filters:format(jpg)\/cloudfront-eu-central-1.images.arcpublishing.com\/larazon\/6MYTTPWBOFE4ZFKNX4OWIBAEFA.jpg 420w\" alt=\"Arturo P\u00e9rez-Reverte con la bah\u00eda de Algeciras al fondo, donde se desarrolla la acci\u00f3n de &quot;El italiano&quot;\" width=\"100%\" \/><\/picture><\/div>\n<\/div><figcaption>Arturo P\u00e9rez-Reverte con la bah\u00eda de Algeciras al fondo, donde se desarrolla la acci\u00f3n de \u00abEl italiano\u00bb<span class=\"image__meta figcaption-author\"> FOTO: Jeosm<\/span><span class=\"image__meta figcaption-affiliation\"> Editorial Alfaguara<\/span><\/figcaption><\/figure>\n<h4 class=\"font--primary body-components__header\">Navarra<\/h4>\n<p>J. J. Ben\u00edtez (Pamplona, 1946). Juan Jos\u00e9 Ben\u00edtez, m\u00e1s conocido por su firma, J. J. Ben\u00edtez, destaca por su saga novel\u00edstica \u201cCaballo de Troya\u201d, en la que relata un ficticio experimento de los Estados Unidos. Un escritor destacado por ser experto a la hora de escribir sobre la ufolog\u00eda, disciplina que estudia los ovnis u objetos voladores no identificados.<\/p>\n<h4 class=\"font--primary body-components__header\">Pa\u00eds Vasco<\/h4>\n<p><strong>\u00c1lava. <\/strong>Toti Martinez de Lezea (Vitoria-Gasteiz, 1949). La autora escribe en castellano y euskera, y su obra se caracteriza principalmente por su inter\u00e9s hacia el Medioevo europeo, as\u00ed como hacia la historia y tradiciones espa\u00f1olas. Ha escrito obras como \u201cEl mensajero del rey\u201d (2002) o, la m\u00e1s reciente, \u201cLa editorial\u201d (2020).<\/p>\n<p><strong>Bizkaia. <\/strong>Espido Freire (Bilbao, 1974). Es, hasta la fecha, la escritora m\u00e1s joven en ganar un Premio Planeta, galard\u00f3n por el que se alz\u00f3 por su obra \u201cMelocotones helados\u201d (1999). Asimismo, destaca en su obra \u201cEl chico de la flecha\u201d (2016), \u201cTras los pasos de Jane Austen\u201d (2021) o \u201cLa flor del Norte\u201d (2011).<\/p>\n<p><strong>Guip\u00fazcoa. <\/strong>Fernando Aramburu (San Sebasti\u00e1n, 1959). Entre los tambi\u00e9n bastante reconocidos Dolores Redondo, Bernardo Atxaga y Fernando Savater, Aramburu destaca por la repercusi\u00f3n de su obra \u201cPatria\u201d (2016). Ganador del Nacional de Literatura y el Francisco Umbral al Libro del A\u00f1o, recientemente ha publicado la tambi\u00e9n aclamada obra \u201cLos vencejos\u201d (2021).<\/p>\n<figure class=\"image--is-responsive\">\n<div class=\"img-reserved-space\">\n<div class=\"reserved-space-inside\"><picture><source srcset=\"https:\/\/www.larazon.es\/resizer\/ERL59ZJ1NRm-k-pHXbs3jggqXls=\/600x0\/smart\/filters:format(webp):quality(65)\/cloudfront-eu-central-1.images.arcpublishing.com\/larazon\/5CU6UTZC7NFWFMJDBXNMQH72GA.jpg 600w, \nhttps:\/\/www.larazon.es\/resizer\/sGdWEx2wpVr67urtwXhwe_dNAaI=\/420x0\/smart\/filters:format(webp):quality(65)\/cloudfront-eu-central-1.images.arcpublishing.com\/larazon\/5CU6UTZC7NFWFMJDBXNMQH72GA.jpg 420w\" type=\"image\/webp\" \/><img decoding=\"async\" src=\"https:\/\/www.larazon.es\/resizer\/xKUbux9WDqAgjieLyShavTMyTbc=\/600x0\/smart\/filters:format(jpg)\/cloudfront-eu-central-1.images.arcpublishing.com\/larazon\/5CU6UTZC7NFWFMJDBXNMQH72GA.jpg\" sizes=\"(max-width: 420px) 420px, 600px\" srcset=\"https:\/\/www.larazon.es\/resizer\/xKUbux9WDqAgjieLyShavTMyTbc=\/600x0\/smart\/filters:format(jpg)\/cloudfront-eu-central-1.images.arcpublishing.com\/larazon\/5CU6UTZC7NFWFMJDBXNMQH72GA.jpg 600w,\nhttps:\/\/www.larazon.es\/resizer\/26vvoUo34Iva2nClKVwEWOreWaE=\/420x0\/smart\/filters:format(jpg)\/cloudfront-eu-central-1.images.arcpublishing.com\/larazon\/5CU6UTZC7NFWFMJDBXNMQH72GA.jpg 420w\" alt=\"Espido Freire\" width=\"100%\" \/><\/picture><\/div>\n<\/div><figcaption>Espido Freire<\/figcaption><\/figure>\n<h4 class=\"font--primary body-components__header\">Valencia<\/h4>\n<p><strong>Alicante. <\/strong>Vicente Molina Foix (Elche, 1946). Escritor y director de cine, ha cultivado la poes\u00eda, la narrativa, la autobiograf\u00eda, la dramaturgia y el ensayo. Entre sus t\u00edtulos m\u00e1s destacados, podr\u00edamos resaltar \u201cEl ni\u00f1o con orejas\u201d (1991), \u201cEl abrecartas\u201d (2006), \u201cFan fatal\u201d (1987) o \u201cEl invitado amargo\u201d (2014).<\/p>\n<p><strong>Castell\u00f3n. <\/strong>Manuel Vicent (Castell\u00f3n, 1936). Si bien de esta provincia tambi\u00e9n es reconocido el joven Eloy Moreno, Vicent destaca como ganador del Premio Nadal y el Alfaguara de Novela. Ha escrito t\u00edtulos como \u201cSon de mar\u201d (1999), \u201cAva en la noche\u201d (2020), \u201cBalada de Ca\u00edn\u201d (1987) o \u201cLa novia de Matisse\u201d (2000).<\/p>\n<p><strong>Valencia. <\/strong>Santiago Posteguillo (Valencia, 1967). Entre los valencianos Rafael Chirbes, Juan Jos\u00e9 Mill\u00e1s, Lucia Etxebarria, Jos\u00e9 Sanchis Sinisterra o Laura Gallego, resulta inconfundible la obra de Posteguillo. Ganador en 2018 del Planeta por \u201cYo, Julia\u201d, es bastante reconocido por su impecable escritura de novela hist\u00f3rica, concretamente sobre la antigua Roma: destacan \u201cLos asesinos del emperador\u201d (2011), \u201cY Julia ret\u00f3 a los dioses\u201d (2020) o \u201cTrilog\u00eda de Trajano\u201d (2016).<\/p>\n<h4 class=\"font--primary body-components__header\">Ceuta<\/h4>\n<p>Ezequiel Teodoro (Ceuta, 1971). Ha vivido en M\u00e1laga, Sevilla o Madrid, y sus experiencias vitales le han llevado a conocer distintas culturas, que despu\u00e9s ha volcado en su obra escrita. Destaca su obra \u201cEl manuscrito de Avicena\u201d (2015), as\u00ed como \u201cCorrupci\u00f3n en Espa\u00f1a: los trapos sucios\u201d (2015).<\/p>\n<h4 class=\"font--primary body-components__header\">Melilla<\/h4>\n<p>Fernando Arrabal (Melilla, 1932). Dramaturgo, poeta, novelista, cineasta y artista pl\u00e1stico, fund\u00f3 en 1962 el Movimiento P\u00e1nico, una intensa b\u00fasqueda por trascender la sociedad aristot\u00e9lica e impulsar a la humanidad hacia una nueva perspectiva. Ha publicado libros como \u201cPicnic\u201d (1952) o \u201cLa virgen roja\u201d (1987).<\/p>\n<\/section>\n<p>&nbsp;<\/p>\n<div class=\"pvc_clear\"><\/div>\n<p id=\"pvc_stats_7618\" class=\"pvc_stats all  \" data-element-id=\"7618\" style=\"\"><i class=\"pvc-stats-icon large\" aria-hidden=\"true\"><svg aria-hidden=\"true\" focusable=\"false\" data-prefix=\"far\" data-icon=\"chart-bar\" role=\"img\" xmlns=\"http:\/\/www.w3.org\/2000\/svg\" viewBox=\"0 0 512 512\" class=\"svg-inline--fa fa-chart-bar fa-w-16 fa-2x\"><path fill=\"currentColor\" d=\"M396.8 352h22.4c6.4 0 12.8-6.4 12.8-12.8V108.8c0-6.4-6.4-12.8-12.8-12.8h-22.4c-6.4 0-12.8 6.4-12.8 12.8v230.4c0 6.4 6.4 12.8 12.8 12.8zm-192 0h22.4c6.4 0 12.8-6.4 12.8-12.8V140.8c0-6.4-6.4-12.8-12.8-12.8h-22.4c-6.4 0-12.8 6.4-12.8 12.8v198.4c0 6.4 6.4 12.8 12.8 12.8zm96 0h22.4c6.4 0 12.8-6.4 12.8-12.8V204.8c0-6.4-6.4-12.8-12.8-12.8h-22.4c-6.4 0-12.8 6.4-12.8 12.8v134.4c0 6.4 6.4 12.8 12.8 12.8zM496 400H48V80c0-8.84-7.16-16-16-16H16C7.16 64 0 71.16 0 80v336c0 17.67 14.33 32 32 32h464c8.84 0 16-7.16 16-16v-16c0-8.84-7.16-16-16-16zm-387.2-48h22.4c6.4 0 12.8-6.4 12.8-12.8v-70.4c0-6.4-6.4-12.8-12.8-12.8h-22.4c-6.4 0-12.8 6.4-12.8 12.8v70.4c0 6.4 6.4 12.8 12.8 12.8z\" class=\"\"><\/path><\/svg><\/i> <img decoding=\"async\" width=\"16\" height=\"16\" alt=\"Loading\" src=\"https:\/\/www.periodicolapislazuli.com\/noticias\/wp-content\/plugins\/page-views-count\/ajax-loader-2x.gif\" border=0 \/><\/p>\n<div class=\"pvc_clear\"><\/div>\n        <div class=\"booster-block booster-reactions-block\">\n            <div class=\"twp-reactions-icons\">\n                \n                <div class=\"twp-reacts-wrap\">\n                    <a react-data=\"be-react-1\" post-id=\"7618\" class=\"be-face-icons un-reacted\" href=\"javascript:void(0)\">\n                        <img decoding=\"async\" src=\"https:\/\/www.periodicolapislazuli.com\/noticias\/wp-content\/plugins\/booster-extension\/\/assets\/icon\/happy.svg\" alt=\"Happy\">\n                    <\/a>\n                    <div class=\"twp-reaction-title\">\n                        Happy                    <\/div>\n                    <div class=\"twp-count-percent\">\n                                                    <span style=\"display: none;\" class=\"twp-react-count\">0<\/span>\n                        \n                                                <span class=\"twp-react-percent\"><span>0<\/span> %<\/span>\n                                            <\/div>\n                <\/div>\n\n                <div class=\"twp-reacts-wrap\">\n                    <a react-data=\"be-react-2\" post-id=\"7618\" class=\"be-face-icons un-reacted\" href=\"javascript:void(0)\">\n                        <img decoding=\"async\" src=\"https:\/\/www.periodicolapislazuli.com\/noticias\/wp-content\/plugins\/booster-extension\/\/assets\/icon\/sad.svg\" alt=\"Sad\">\n                    <\/a>\n                    <div class=\"twp-reaction-title\">\n                        Sad                    <\/div>\n                    <div class=\"twp-count-percent\">\n                                                    <span style=\"display: none;\" class=\"twp-react-count\">0<\/span>\n                                                                        <span class=\"twp-react-percent\"><span>0<\/span> %<\/span>\n                                            <\/div>\n                <\/div>\n\n                <div class=\"twp-reacts-wrap\">\n                    <a react-data=\"be-react-3\" post-id=\"7618\" class=\"be-face-icons un-reacted\" href=\"javascript:void(0)\">\n                        <img decoding=\"async\" src=\"https:\/\/www.periodicolapislazuli.com\/noticias\/wp-content\/plugins\/booster-extension\/\/assets\/icon\/excited.svg\" alt=\"Excited\">\n                    <\/a>\n                    <div class=\"twp-reaction-title\">\n                        Excited                    <\/div>\n                    <div class=\"twp-count-percent\">\n                                                    <span style=\"display: none;\" class=\"twp-react-count\">0<\/span>\n                                                                        <span class=\"twp-react-percent\"><span>0<\/span> %<\/span>\n                                            <\/div>\n                <\/div>\n\n                <div class=\"twp-reacts-wrap\">\n                    <a react-data=\"be-react-6\" post-id=\"7618\" class=\"be-face-icons un-reacted\" href=\"javascript:void(0)\">\n                        <img decoding=\"async\" src=\"https:\/\/www.periodicolapislazuli.com\/noticias\/wp-content\/plugins\/booster-extension\/\/assets\/icon\/sleepy.svg\" alt=\"Sleepy\">\n                    <\/a>\n                    <div class=\"twp-reaction-title\">\n                        Sleepy                    <\/div>\n                    <div class=\"twp-count-percent\">\n                                                    <span style=\"display: none;\" class=\"twp-react-count\">0<\/span>\n                        \n                                                <span class=\"twp-react-percent\"><span>0<\/span> %<\/span>\n                                            <\/div>\n                <\/div>\n\n                <div class=\"twp-reacts-wrap\">\n                    <a react-data=\"be-react-4\" post-id=\"7618\" class=\"be-face-icons un-reacted\" href=\"javascript:void(0)\">\n                        <img decoding=\"async\" src=\"https:\/\/www.periodicolapislazuli.com\/noticias\/wp-content\/plugins\/booster-extension\/\/assets\/icon\/angry.svg\" alt=\"Angry\">\n                    <\/a>\n                    <div class=\"twp-reaction-title\">Angry<\/div>\n                    <div class=\"twp-count-percent\">\n                                                    <span style=\"display: none;\" class=\"twp-react-count\">0<\/span>\n                                                                        <span class=\"twp-react-percent\"><span>0<\/span> %<\/span>\n                        \n                    <\/div>\n                <\/div>\n\n                <div class=\"twp-reacts-wrap\">\n                    <a react-data=\"be-react-5\" post-id=\"7618\" class=\"be-face-icons un-reacted\" href=\"javascript:void(0)\">\n                        <img decoding=\"async\" src=\"https:\/\/www.periodicolapislazuli.com\/noticias\/wp-content\/plugins\/booster-extension\/\/assets\/icon\/surprise.svg\" alt=\"Surprise\">\n                    <\/a>\n                    <div class=\"twp-reaction-title\">Surprise<\/div>\n                    <div class=\"twp-count-percent\">\n                                                    <span style=\"display: none;\" class=\"twp-react-count\">0<\/span>\n                                                                        <span class=\"twp-react-percent\"><span>0<\/span> %<\/span>\n                                            <\/div>\n                <\/div>\n\n            <\/div>\n        <\/div>\n\n    ","protected":false},"excerpt":{"rendered":"<p>&nbsp; Espa\u00f1a es tierra de Federico Garc\u00eda Lorca, de Miguel de Cervantes, Rosal\u00eda de Castro, Lope de Vega,<\/p>\n<div class=\"pvc_clear\"><\/div>\n<p id=\"pvc_stats_7618\" class=\"pvc_stats all  \" data-element-id=\"7618\" style=\"\"><i class=\"pvc-stats-icon large\" aria-hidden=\"true\"><svg aria-hidden=\"true\" focusable=\"false\" data-prefix=\"far\" data-icon=\"chart-bar\" role=\"img\" xmlns=\"http:\/\/www.w3.org\/2000\/svg\" viewBox=\"0 0 512 512\" class=\"svg-inline--fa fa-chart-bar fa-w-16 fa-2x\"><path fill=\"currentColor\" d=\"M396.8 352h22.4c6.4 0 12.8-6.4 12.8-12.8V108.8c0-6.4-6.4-12.8-12.8-12.8h-22.4c-6.4 0-12.8 6.4-12.8 12.8v230.4c0 6.4 6.4 12.8 12.8 12.8zm-192 0h22.4c6.4 0 12.8-6.4 12.8-12.8V140.8c0-6.4-6.4-12.8-12.8-12.8h-22.4c-6.4 0-12.8 6.4-12.8 12.8v198.4c0 6.4 6.4 12.8 12.8 12.8zm96 0h22.4c6.4 0 12.8-6.4 12.8-12.8V204.8c0-6.4-6.4-12.8-12.8-12.8h-22.4c-6.4 0-12.8 6.4-12.8 12.8v134.4c0 6.4 6.4 12.8 12.8 12.8zM496 400H48V80c0-8.84-7.16-16-16-16H16C7.16 64 0 71.16 0 80v336c0 17.67 14.33 32 32 32h464c8.84 0 16-7.16 16-16v-16c0-8.84-7.16-16-16-16zm-387.2-48h22.4c6.4 0 12.8-6.4 12.8-12.8v-70.4c0-6.4-6.4-12.8-12.8-12.8h-22.4c-6.4 0-12.8 6.4-12.8 12.8v70.4c0 6.4 6.4 12.8 12.8 12.8z\" class=\"\"><\/path><\/svg><\/i> <img decoding=\"async\" width=\"16\" height=\"16\" alt=\"Loading\" src=\"https:\/\/www.periodicolapislazuli.com\/noticias\/wp-content\/plugins\/page-views-count\/ajax-loader-2x.gif\" border=0 \/><\/p>\n<div class=\"pvc_clear\"><\/div>\n","protected":false},"author":3,"featured_media":7619,"comment_status":"closed","ping_status":"open","sticky":false,"template":"","format":"standard","meta":{"om_disable_all_campaigns":false,"pagelayer_contact_templates":[],"_pagelayer_content":"","_monsterinsights_skip_tracking":false,"_monsterinsights_sitenote_active":false,"_monsterinsights_sitenote_note":"","_monsterinsights_sitenote_category":0,"footnotes":""},"categories":[3,26],"tags":[53,2982,2981],"class_list":["post-7618","post","type-post","status-publish","format-standard","has-post-thumbnail","hentry","category-actualidad","category-literatura","tag-escritores","tag-espanam-provincias","tag-reconocidos"],"a3_pvc":{"activated":true,"total_views":370,"today_views":1},"jetpack_featured_media_url":"https:\/\/www.periodicolapislazuli.com\/noticias\/wp-content\/uploads\/2022\/04\/EPS6WJQ7OFFKBFWPTGOSBQ3X5U.webp","_links":{"self":[{"href":"https:\/\/www.periodicolapislazuli.com\/noticias\/wp-json\/wp\/v2\/posts\/7618","targetHints":{"allow":["GET"]}}],"collection":[{"href":"https:\/\/www.periodicolapislazuli.com\/noticias\/wp-json\/wp\/v2\/posts"}],"about":[{"href":"https:\/\/www.periodicolapislazuli.com\/noticias\/wp-json\/wp\/v2\/types\/post"}],"author":[{"embeddable":true,"href":"https:\/\/www.periodicolapislazuli.com\/noticias\/wp-json\/wp\/v2\/users\/3"}],"replies":[{"embeddable":true,"href":"https:\/\/www.periodicolapislazuli.com\/noticias\/wp-json\/wp\/v2\/comments?post=7618"}],"version-history":[{"count":1,"href":"https:\/\/www.periodicolapislazuli.com\/noticias\/wp-json\/wp\/v2\/posts\/7618\/revisions"}],"predecessor-version":[{"id":7620,"href":"https:\/\/www.periodicolapislazuli.com\/noticias\/wp-json\/wp\/v2\/posts\/7618\/revisions\/7620"}],"wp:featuredmedia":[{"embeddable":true,"href":"https:\/\/www.periodicolapislazuli.com\/noticias\/wp-json\/wp\/v2\/media\/7619"}],"wp:attachment":[{"href":"https:\/\/www.periodicolapislazuli.com\/noticias\/wp-json\/wp\/v2\/media?parent=7618"}],"wp:term":[{"taxonomy":"category","embeddable":true,"href":"https:\/\/www.periodicolapislazuli.com\/noticias\/wp-json\/wp\/v2\/categories?post=7618"},{"taxonomy":"post_tag","embeddable":true,"href":"https:\/\/www.periodicolapislazuli.com\/noticias\/wp-json\/wp\/v2\/tags?post=7618"}],"curies":[{"name":"wp","href":"https:\/\/api.w.org\/{rel}","templated":true}]}}