{"id":7567,"date":"2022-03-14T14:51:15","date_gmt":"2022-03-14T14:51:15","guid":{"rendered":"https:\/\/www.periodicolapislazuli.com\/noticias\/?p=7567"},"modified":"2022-03-14T14:51:15","modified_gmt":"2022-03-14T14:51:15","slug":"postulate-20-colombianos-de-comunidades-etnicas-se-capacitaran-como-guionistas-con-grandes-profesionales-del-cine","status":"publish","type":"post","link":"https:\/\/www.periodicolapislazuli.com\/noticias\/postulate-20-colombianos-de-comunidades-etnicas-se-capacitaran-como-guionistas-con-grandes-profesionales-del-cine\/","title":{"rendered":"\u00a1Post\u00falate! 20 colombianos de comunidades \u00e9tnicas se capacitar\u00e1n como guionistas con grandes profesionales del cine"},"content":{"rendered":"<div class=\"content\">\n<div class=\"moz-reader-content reader-show-element\">\n<div id=\"readability-page-1\" class=\"page\">\n<div id=\"arti2\" aria-labelledby=\"ctl00_PlaceHolderMain_ctl08_label\">\n<ul>\n<li style=\"text-align: justify;\">\u200b<em>Hasta el pr\u00f3ximo 30 de marzo, narradores, escritores, guionistas y realizadores audiovisuales pertenecientes a comunidades negras, afrocolombianas, raizales, palenqueras e ind\u00edgenas de Colombia podr\u00e1n postularse a la Residencia de Guion \u2018Desde la Ra\u00edz\u2019 en <a href=\"https:\/\/www.algoencomun.co\/desde-la-raiz\">https:\/\/www.algoencomun.co\/desde-la-raiz<\/a>.<\/em><\/li>\n<li style=\"text-align: justify;\"><em>El programa est\u00e1 compuesto por actividades virtuales y presenciales, entre ellas una inmersi\u00f3n de dos semanas en la ciudad de Santiago de Cali que incluir\u00e1 alojamiento, alimentaci\u00f3n y transporte. Adem\u00e1s, los seleccionados recibir\u00e1n un est\u00edmulo econ\u00f3mico por 2 millones de pesos.<\/em><\/li>\n<li style=\"text-align: justify;\"><em>\u201cEsta convocatoria busca el desarrollo de proyectos de largometraje de ficci\u00f3n en su etapa de escritura, dentro de un ambiente intercultural, colaborativo y creativo, que nos permita mostrar nuestras historias y toda la diversidad cultural con la que cuenta nuestro pa\u00eds\u201d, indic\u00f3 la ministra de Cultura, Ang\u00e9lica Mayolo Obreg\u00f3n.<\/em><\/li>\n<\/ul>\n<p style=\"text-align: justify;\"><strong><em>Cali, 28 de febrero de 2021 (@MinCultura). <\/em><\/strong>El Ministerio de Cultura en alianza con la Fundaci\u00f3n Algo en Com\u00fan y la Corporaci\u00f3n Manos Visibles lanzan la Residencia de Guion \u2018Desde la Ra\u00edz\u2019, que tendr\u00e1 lugar desde el 19 de abril hasta el 22 de julio, en modalidad virtual y presencial.<\/p>\n<p style=\"text-align: justify;\">Este programa de formaci\u00f3n y creaci\u00f3n seleccionar\u00e1 y becar\u00e1 a veinte (20) talentos para su preparaci\u00f3n como guionistas, as\u00ed como para el apoyo y acompa\u00f1amiento en la escritura de sus nuevos largometrajes de ficci\u00f3n bajo la asesor\u00eda de mentores nacionales y extranjeros.<\/p>\n<p style=\"text-align: justify;\">La convocatoria, que estar\u00e1 vigente hasta el 30 de marzo, est\u00e1 dirigida a narradores\/as, escritores\/as, guionistas y realizadores\/as audiovisuales pertenecientes a las comunidades negras, afrocolombianas, raizales, palenqueras e ind\u00edgenas de Colombia.<\/p>\n<p style=\"text-align: justify;\"><em>\u201cQueremos fortalecer la diversidad en las producciones audiovisuales. Por eso, hemos unido esfuerzos con la Corporaci\u00f3n Manos Visibles y la Fundaci\u00f3n Algo en Com\u00fan para llegar a los territorios de Colombia a trav\u00e9s del programa Residencia de Guion \u2018Desde La Ra\u00edz\u2019, una apuesta con la que buscamos que 20 colombianos pertenecientes a comunidades \u00e9tnicas reciban mentor\u00edas en desarrollo de guiones a trav\u00e9s de grandes profesionales del cine, herramientas para potenciar sus historias, est\u00edmulos financieros, acceso a laboratorios y poder ingresar a una comunidad creativa. Con esta oportunidad abrimos las puertas de producciones audiovisuales bajo una narrativa de inclusi\u00f3n y diversa\u201d<\/em>, expres\u00f3 la ministra de Cultura, Ang\u00e9lica Mayolo Obreg\u00f3n.<\/p>\n<p style=\"text-align: justify;\">La Residencia de Guion \u2018Desde la Ra\u00edz\u2019 ser\u00e1 un espacio que, desde la colectividad y el ejercicio creativo, ir\u00e1 al coraz\u00f3n de las historias y acompa\u00f1ar\u00e1 la escritura de nuevos proyectos de largometraje de ficci\u00f3n. Adem\u00e1s, permitir\u00e1 dar continuidad a los procesos y entregar herramientas para que los nuevos talentos puedan posicionar sus voces en m\u00faltiples escenarios y llevar a cabo sus proyectos de escritura de guion cinematogr\u00e1fico.<\/p>\n<p style=\"text-align: justify;\">El programa est\u00e1 compuesto por actividades virtuales y presenciales, entre ellas una inmersi\u00f3n de dos (2) semanas en la ciudad de Santiago de Cali que incluir\u00e1 alojamiento, alimentaci\u00f3n y transporte para las personas seleccionadas. Adem\u00e1s, los seleccionados recibir\u00e1n un est\u00edmulo econ\u00f3mico por 2 millones de pesos y tres meses de sesiones creativas en la plataforma <a href=\"https:\/\/www.enparalelo.club\/\" target=\"_blank\" rel=\"noopener\">www.enparalelo.club<\/a>.<\/p>\n<p style=\"text-align: justify;\">Al terminar la residencia las personas participantes contar\u00e1n con habilidades y conocimientos para la escritura de guion; una primera versi\u00f3n de guion de largometraje de ficci\u00f3n asesorada; aptitudes fortalecidas para la presentaci\u00f3n, b\u00fasqueda de financiaci\u00f3n y gesti\u00f3n de sus proyectos, y nuevas conexiones con profesionales vinculados a la industria audiovisual.<\/p>\n<p style=\"text-align: justify;\"><em>\u201cEsta convocatoria busca el desarrollo de proyectos de largometraje de ficci\u00f3n en su etapa de escritura, dentro de un ambiente intercultural, colaborativo y creativo, que nos permita mostrar nuestras historias y toda la diversidad cultural con la que cuenta nuestro pa\u00eds. \u00a1Post\u00falate y participa para seguir moviendo nuestra cultura desde los territorios!\u201d<\/em>, agreg\u00f3 la ministra de Cultura.<\/p>\n<p style=\"text-align: justify;\">Las personas que deseen conocer m\u00e1s sobre la convocatoria, pueden encontrar los t\u00e9rminos de referencia y el formulario de inscripci\u00f3n en <a href=\"https:\/\/www.algoencomun.co\/desde-la-raiz\" target=\"_blank\" rel=\"noopener\">https:\/\/www.algoencomun.co\/desde-la-raiz<\/a>.<\/p>\n<\/div>\n<\/div>\n<\/div>\n<\/div>\n","protected":false},"excerpt":{"rendered":"<p>\u200bHasta el pr\u00f3ximo 30 de marzo, narradores, escritores, guionistas y realizadores audiovisuales pertenecientes a comunidades negras, afrocolombianas, raizales,<\/p>\n","protected":false},"author":1,"featured_media":7568,"comment_status":"closed","ping_status":"open","sticky":false,"template":"","format":"standard","meta":{"om_disable_all_campaigns":false,"pagelayer_contact_templates":[],"_pagelayer_content":"","_monsterinsights_skip_tracking":false,"footnotes":""},"categories":[3,15],"tags":[163,1258,2961,39,2962],"class_list":["post-7567","post","type-post","status-publish","format-standard","has-post-thumbnail","hentry","category-actualidad","category-convocatorias","tag-cine","tag-colombianos","tag-comunidades-etnicas-s","tag-convocatoria","tag-guionistas"],"jetpack_featured_media_url":"https:\/\/www.periodicolapislazuli.com\/noticias\/wp-content\/uploads\/2022\/03\/Residencia-de-guion-desde-la-raiz-600x600-1.png","_links":{"self":[{"href":"https:\/\/www.periodicolapislazuli.com\/noticias\/wp-json\/wp\/v2\/posts\/7567","targetHints":{"allow":["GET"]}}],"collection":[{"href":"https:\/\/www.periodicolapislazuli.com\/noticias\/wp-json\/wp\/v2\/posts"}],"about":[{"href":"https:\/\/www.periodicolapislazuli.com\/noticias\/wp-json\/wp\/v2\/types\/post"}],"author":[{"embeddable":true,"href":"https:\/\/www.periodicolapislazuli.com\/noticias\/wp-json\/wp\/v2\/users\/1"}],"replies":[{"embeddable":true,"href":"https:\/\/www.periodicolapislazuli.com\/noticias\/wp-json\/wp\/v2\/comments?post=7567"}],"version-history":[{"count":2,"href":"https:\/\/www.periodicolapislazuli.com\/noticias\/wp-json\/wp\/v2\/posts\/7567\/revisions"}],"predecessor-version":[{"id":7572,"href":"https:\/\/www.periodicolapislazuli.com\/noticias\/wp-json\/wp\/v2\/posts\/7567\/revisions\/7572"}],"wp:featuredmedia":[{"embeddable":true,"href":"https:\/\/www.periodicolapislazuli.com\/noticias\/wp-json\/wp\/v2\/media\/7568"}],"wp:attachment":[{"href":"https:\/\/www.periodicolapislazuli.com\/noticias\/wp-json\/wp\/v2\/media?parent=7567"}],"wp:term":[{"taxonomy":"category","embeddable":true,"href":"https:\/\/www.periodicolapislazuli.com\/noticias\/wp-json\/wp\/v2\/categories?post=7567"},{"taxonomy":"post_tag","embeddable":true,"href":"https:\/\/www.periodicolapislazuli.com\/noticias\/wp-json\/wp\/v2\/tags?post=7567"}],"curies":[{"name":"wp","href":"https:\/\/api.w.org\/{rel}","templated":true}]}}