{"id":7255,"date":"2021-08-09T17:31:05","date_gmt":"2021-08-09T17:31:05","guid":{"rendered":"https:\/\/www.periodicolapislazuli.com\/noticias\/?p=7255"},"modified":"2021-08-09T17:31:05","modified_gmt":"2021-08-09T17:31:05","slug":"relatos-en-serie-proimagenes-colombia","status":"publish","type":"post","link":"https:\/\/www.periodicolapislazuli.com\/noticias\/relatos-en-serie-proimagenes-colombia\/","title":{"rendered":"Invitaci\u00f3n para Comunidades Negras, Afrodescendientes, Raizales y Palenqueras: Relatos En Serie"},"content":{"rendered":"<div class='booster-block booster-read-block'>\n                <div class=\"twp-read-time\">\n                \t<i class=\"booster-icon twp-clock\"><\/i> <span>Read Time:<\/span>13 Minute, 2 Second                <\/div>\n\n            <\/div><div id=\"mainWrapper\">\n<header class=\"pageHeader smallHeader\">\n<div class=\"maxW\">\n<div class=\"logoPage\"><strong>RELATOS EN SERIE<\/strong><\/div>\n<\/div>\n<\/header>\n<\/div>\n<div id=\"mainWrapper\">\n<section class=\"gMSection gIntern\">\n<div class=\"maxW\">\n<div class=\"gStruc\">\n<div class=\"principal\">\n<div class=\"container\">\n<div class=\"row\">\n<div class=\"col-md-12\">\n<h3><strong>Invitaci\u00f3n para Comunidades Negras, Afrodescendientes, Raizales y Palenqueras<\/strong><\/h3>\n<p style=\"text-align: justify;\">La corporaci\u00f3n Fondo Mixto de Promoci\u00f3n Cinematogr\u00e1fica \u2018Proim\u00e1genes Colombia\u2019 presenta, en el marco del convenio interadministrativo No. 434 de 2021 con Teveandina Ltda, y con el apoyo del Ministerio de la Informaci\u00f3n y las Comunicaciones. \u2013MINTIC\u2013, la invitaci\u00f3n \u00abRelatos en Serie\u00bb para participar en un proceso de selecci\u00f3n y posterior adquisici\u00f3n de derechos de comunicaci\u00f3n para televisi\u00f3n de <strong>10 miniseries audiovisuales<\/strong> producidas por personas naturales pertenecientes a comunidades NARP (negras, afrodescendientes, raizales y palenqueras).<\/p>\n<p style=\"text-align: justify;\">Esta invitaci\u00f3n busca apoyar y fortalecer la capacidad de producci\u00f3n audiovisual de <strong>personas naturales pertenecientes a las comunidades NARP de Colombia<\/strong>, al igual que enriquecer las se\u00f1ales televisivas y plataformas web de los canales de televisi\u00f3n p\u00fablica del pa\u00eds, seleccionando y adquiriendo miniseries audiovisuales de g\u00e9neros de ficci\u00f3n y no ficci\u00f3n, aptas para todo p\u00fablico, de tem\u00e1tica libre que den cuenta y se aproximen desde el lenguaje audiovisual a las realidades, imaginarios y aportes culturales de estas comunidades al pa\u00eds.<\/p>\n<p style=\"text-align: justify;\">Se espera incentivar, en las comunidades NARP, la apropiaci\u00f3n del lenguaje audiovisual con todas sus posibilidades narrativas, art\u00edsticas, est\u00e9ticas y t\u00e9cnicas, de tal manera que la creaci\u00f3n audiovisual sea una herramienta para contarse, y explorar sus necesidades creativas y modos de expresi\u00f3n.<\/p>\n<h3>Par\u00e1metros b\u00e1sicos<\/h3>\n<ul>\n<li style=\"text-align: justify;\">-Esta invitaci\u00f3n se dirige a seleccionar y adquirir miniseries audiovisuales de <strong>tres cap\u00edtulos<\/strong>. Cada cap\u00edtulo con una duraci\u00f3n de entre<strong> 7 y 10 minutos<\/strong>, presentadas por personas naturales pertenecientes a las comunidades NARP: negras, afrodescendientes, raizales y palenqueras.<\/li>\n<\/ul>\n<p>&nbsp;<\/p>\n<table border=\"1\" cellspacing=\"1\" cellpadding=\"1\">\n<tbody>\n<tr>\n<td><strong>Qui\u00e9nes pueden concursar<\/strong><\/td>\n<td><strong>No pueden concursar<\/strong><\/td>\n<\/tr>\n<tr>\n<td>\u00a0En esta invitaci\u00f3n pueden\u00a0\u00a0\u00a0\u00a0\u00a0\u00a0 participar:<\/p>\n<ul>\n<li>-Personas naturales pertenecientes a la comunidad NARP: negras, afrodescendientes, raizales, palenqueras en Colombia.<\/li>\n<\/ul>\n<\/td>\n<td>\n<ul>\n<li>-Quienes est\u00e9n incursos en alguna de las restricciones generales establecidas en esta invitaci\u00f3n.<\/li>\n<li>-Quienes no cumplan con las exigencias espec\u00edficas para concursar.<\/li>\n<li>-Quienes est\u00e9n incursos en incumplimientos con Proim\u00e1genes Colombia y\/o Teveandina LTDA.<\/li>\n<li>-Quienes no se encuentren al d\u00eda con sus obligaciones con el Fondo \u00danico TIC<\/li>\n<li>-Personas Jur\u00eddicas.<\/li>\n<li>-Quienes no pertenezcan a comunidades NARP: negras, afrodescendientes, raizales, palenqueras a las que se dirige la presente invitaci\u00f3n.<\/li>\n<\/ul>\n<p>Para conocer las reglas\u00a0 generales de la invitaci\u00f3n, por favor revise el enlace <a href=\"https:\/\/www.proimagenescolombia.com\/relatos\/index.php?mode=generalidades\" target=\"_blank\" rel=\"noopener\">Generalidades de Invitaci\u00f3n<\/a>.<\/td>\n<\/tr>\n<\/tbody>\n<\/table>\n<ul>\n<li>-El concursante (PRODUCTOR DE LA SERIE) solo podr\u00e1 postular un <strong>(1) proyecto<\/strong>.<\/li>\n<li>-Quienes tengan la calidad de director(a), productor(a) y guionista\/investigador(a) del proyecto deber\u00e1n ser de la comunidad NARP. Ninguna de las personas que desempe\u00f1en estos roles pueden participar en otros proyectos que se presenten a esta invitaci\u00f3n.<\/li>\n<li>-El formato de rodaje y la tem\u00e1tica son libres. El formato de entrega debe tener las siguientes especificaciones t\u00e9cnicas tanto de v\u00eddeo como de audio:\n<ul>\n<li><strong>*V\u00cdDEO<\/strong>:<br \/>\nCalidad: Full HD 1920 x 1080 <u>(NO EXPORTAR EN UNA CALIDAD SUPERIOR)<\/u><br \/>\nExtensi\u00f3n: .mov<br \/>\nFormato de compresi\u00f3n de v\u00eddeo: H.264 o XDCAM.\u00a0 HD 422 (50 mb\/s)<br \/>\nRelaci\u00f3n de aspecto: 16:9<br \/>\nPESO M\u00c1XIMO DE CADA ARCHIVO AUDIOVISUAL: 7 GB<br \/>\nFrame rate: 29,97<br \/>\nNiveles de video: 0% a 100%<\/li>\n<li><strong>*SONIDO<\/strong>:<br \/>\nNiveles: Es importante que todas las piezas se puedan escuchar sin tener que hacer un esfuerzo, es decir m\u00e1ximo 12 dB.<\/li>\n<\/ul>\n<\/li>\n<\/ul>\n<h3>Cronograma<\/h3>\n<table border=\"1\" cellspacing=\"1\" cellpadding=\"1\">\n<tbody>\n<tr>\n<td><strong>Apertura de plataforma para<br \/>\npostulaci\u00f3n de proyectos<\/strong><\/td>\n<td><strong>Cierre<\/strong><\/td>\n<td><strong>Reuniones comit\u00e9 evaluador<\/strong><\/td>\n<td><strong>Publicaci\u00f3n de resultados<\/strong><\/td>\n<td><strong>Plazo m\u00e1ximo para la entrega de contenidos de los beneficiarios a Proim\u00e1genes<\/strong><\/td>\n<\/tr>\n<tr>\n<td>09 de julio de 2021<\/td>\n<td>09 de agosto de 2021<\/td>\n<td>06 de septiembre de 2021<\/td>\n<td>08 de septiembre de 2021<\/td>\n<td>17 de noviembre de 2021<\/td>\n<\/tr>\n<\/tbody>\n<\/table>\n<p>Toda la informaci\u00f3n y documentaci\u00f3n necesaria para concursar puede cargarse a trav\u00e9s de la plataforma de registro:<strong>\u00a0<a href=\"https:\/\/www.proimagenescolombia.com\/relatos\/index.php?mode=inicio\" target=\"_blank\" rel=\"noopener\">https:\/\/www.proimagenescolombia.com\/relatos\/inscripcion<\/a><\/strong>.<\/p>\n<p>&nbsp;<\/p>\n<p style=\"text-align: justify;\">La plataforma en l\u00ednea para la postulaci\u00f3n de proyectos, quedar\u00e1 deshabilitada a las 5:00 p.m., hora legal de la Rep\u00fablica de Colombia (UTC\/GMT-5), del d\u00eda de cierre. Se recomienda realizar la postulaci\u00f3n de proyectos con suficiente antelaci\u00f3n, no se suspender\u00e1n t\u00e9rminos ni se ampliar\u00e1n plazos por eventuales fallas o inconvenientes t\u00e9cnicos que se presenten.<\/p>\n<h3>Recursos para adquisici\u00f3n de derechos<\/h3>\n<p>El monto total destinado para esta invitaci\u00f3n es de trescientos millones de pesos ($300.000.000), con recursos para adquirir contenidos as\u00ed:<\/p>\n<ul>\n<li><strong>-Miniseries de ficci\u00f3n de 3 cap\u00edtulos<\/strong>: Hasta por treinta millones de pesos ($30.000.000) cada una.<\/li>\n<li><strong>-Miniseries de no ficci\u00f3n de 3 cap\u00edtulos<\/strong>: Hasta por veintisiete millones de pesos ($27.000.000) cada una.<\/li>\n<\/ul>\n<p><strong>Nota<\/strong>: El formato <strong>magaz\u00edn<\/strong> es el \u00fanico que no se aceptar\u00e1 para la adquisici\u00f3n de contenidos de no ficci\u00f3n.<\/p>\n<h3>Requisitos para concursar<\/h3>\n<table border=\"1\" cellspacing=\"1\" cellpadding=\"1\">\n<tbody>\n<tr>\n<td><\/td>\n<td><strong>Requisitos<br \/>\nNota: aseg\u00farese de proveer todos los requisitos ac\u00e1 solicitados. En el formulario en l\u00ednea se pedir\u00e1 ingresar los siguientes requisitos.<\/strong><\/td>\n<td><strong>Persona natural<\/strong><\/td>\n<td><strong>\u00bfSubsanable?<\/strong><\/td>\n<\/tr>\n<tr>\n<td>1.<\/td>\n<td><strong>Informaci\u00f3n\u00a0 del concursante<\/strong> y del proyecto. (Formulario diligenciable en l\u00ednea a partir del nueve de julio.)<br \/>\nNota: la persona natural concursante deber\u00e1 ser el o la productora de la serie.<\/td>\n<td>S\u00ed<\/td>\n<td>No<\/td>\n<\/tr>\n<tr>\n<td>2.<\/td>\n<td><strong>C\u00e9dula<\/strong> de ciudadan\u00eda del concursante, por ambas caras. (Documento en pdf).<\/td>\n<td>S\u00ed<\/td>\n<td>S\u00ed<\/td>\n<\/tr>\n<tr>\n<td>3.<\/td>\n<td><strong>Documento de auto-reconocimento<\/strong> expedido por el Ministerio del Interior para el director(a), productor(a), y guionista o investigador(a): <a href=\"https:\/\/sidacn.mininterior.gov.co\/dacn\/miembros\/createpublic\" target=\"_blank\" rel=\"noopener\">https:\/\/sidacn.mininterior.gov.co\/dacn\/miembros\/createpublic<\/a> . (Documento en pdf).<br \/>\nO, en su defecto:<br \/>\n<strong>Anexo 1<\/strong>: declaraciones juramentadas (en notar\u00eda p\u00fablica) de auto-reconocimiento como miembro de la comunidad NARP de director(a), productor(a), y guionista o investigador(a) (declaraci\u00f3n juramentada &#8211; descargable). (Documento en pdf).<br \/>\nPuede descargar el pdf de ejemplo <a href=\"https:\/\/www.proimagenescolombia.com\/relatos\/archivos\/anexo_1.pdf\" target=\"_blank\" rel=\"noopener\">aqu\u00ed<\/a>.<\/td>\n<td>S\u00ed<\/td>\n<td>S\u00ed<\/td>\n<\/tr>\n<tr>\n<td>4.<\/td>\n<td><strong>Perfil<\/strong> de director(a), perfil de productor(a), perfil de guionista o investigador(a). Puede incluir lista de trabajos audiovisuales realizados (diligenciable en la plataforma en l\u00ednea, m\u00e1ximo 2500 caracteres cada uno).<\/td>\n<td>S\u00ed<\/td>\n<td>No<\/td>\n<\/tr>\n<tr>\n<td>5.<\/td>\n<td><strong>Gui\u00f3n<\/strong> o texto en el que se describa suficientemente la estructura narrativa de la miniserie (tres cap\u00edtulos). Puede resolver preguntas como: \u00bfqu\u00e9 historia quiero contar?, descripci\u00f3n de personajes y lugares donde ocurre, temas o giros narrativos de cada cap\u00edtulo, lista de situaciones que quiero contar, investigaci\u00f3n. (Documento en pdf).<br \/>\nNota: los guiones y las estructuras narrativas no deben contener pornograf\u00eda, pornograf\u00eda infantil, maltrato de animales, videos snaff y todo aquello que atente contra la integridad de seres vivos, pues no ser\u00e1n admitidos.<\/td>\n<td>S\u00ed<\/td>\n<td>No<\/td>\n<\/tr>\n<tr>\n<td>6.<\/td>\n<td><strong>Tratamiento audiovisual<\/strong>: descripci\u00f3n de los elementos visuales y sonoros de la miniserie. Puede responder preguntas como: \u00bfpor qu\u00e9 esta historia debe contarse?, \u00bfc\u00f3mo piensa usar la c\u00e1mara?, \u00bfc\u00f3mo sonar\u00e1 la serie?, \u00bfusar\u00e1 m\u00fasica? \u00bfen cu\u00e1les lugares grabar\u00e1?, \u00bfcu\u00e1les son los colores de la miniserie?, descripci\u00f3n sobre el tiempo estimado, personajes o cualquier otro que sea determinante para definir la obra final. (Documento en pdf, tres p\u00e1ginas aproximadamente).<\/td>\n<td>S\u00ed<\/td>\n<td>No<\/td>\n<\/tr>\n<tr>\n<td>7.<\/td>\n<td><strong>Enlace en Vimeo o Youtube<\/strong> con un video en el que las personas que realizar\u00e1n el proyecto hablen sobre la miniserie, su relevancia, motivaciones, la importancia para la comunidad a la que pertenecen; c\u00f3mo ser\u00e1 la conformaci\u00f3n del equipo de trabajo. Puede hablar tambi\u00e9n de la historia que se quiere contar y la descripci\u00f3n de los elementos visuales y sonoros de la miniserie. (entre 3 y 7 minutos).<br \/>\nRecomendaci\u00f3n: intente(n) aportar informaci\u00f3n nueva, que no est\u00e9 consignada en ninguno de los otros documentos<\/td>\n<td>S\u00ed<\/td>\n<td>No<\/td>\n<\/tr>\n<tr>\n<td>8.<\/td>\n<td><strong>Cronograma de actividades<\/strong>: este documento debe plasmar todas las actividades necesarias para la finalizaci\u00f3n del proyecto a lo largo de m\u00e1ximo 8 semanas. (Documento en pdf).<\/td>\n<td>S\u00ed<\/td>\n<td>No<\/td>\n<\/tr>\n<tr>\n<td>9.<\/td>\n<td><strong>Anexo 2<\/strong>.\u00a0 Formato de presupuesto 2021. El uso de este formato es opcional (El presupuesto puede ser presentado en otro formato). Incluye\u00a0 costos de desarrollo, preproducci\u00f3n, producci\u00f3n y posproducci\u00f3n.<br \/>\n(Documento en excel).<br \/>\nPuede descargar el excel de ejemplo <a href=\"https:\/\/www.proimagenescolombia.com\/relatos\/archivos\/anexo_2.xlsx\" target=\"_blank\" rel=\"noopener\">aqu\u00ed<\/a>.<\/td>\n<td>S\u00ed<\/td>\n<td>No<\/td>\n<\/tr>\n<tr>\n<td>10.<\/td>\n<td><strong>Anexo 3<\/strong>. Autorizaci\u00f3n de uso de obras \u2013 relatos en serie. (Documento en pdf).<br \/>\nPuede descargar el pdf de ejemplo <a href=\"https:\/\/www.proimagenescolombia.com\/relatos\/archivos\/anexo_3.pdf\" target=\"_blank\" rel=\"noopener\">aqu\u00ed<\/a>.<\/td>\n<td>S\u00ed<\/td>\n<td>S\u00ed<\/td>\n<\/tr>\n<\/tbody>\n<\/table>\n<h3>Criterios de evaluaci\u00f3n<\/h3>\n<p>Se evaluar\u00e1 el cumplimiento de los par\u00e1metros descritos planteados en los requisitos de esta invitaci\u00f3n.<\/p>\n<p>Se conformar\u00e1 un comit\u00e9 evaluador conformado por expertos audiovisuales que revisar\u00e1 los proyectos de acuerdo a los siguientes criterios y puntajes:<\/p>\n<p><strong>Art\u00edsticos, t\u00e9cnicos y conceptuales (hasta 40 puntos):<\/strong> la historia, la coherencia narrativa de los cap\u00edtulos que componen la serie, estructura dram\u00e1tica, t\u00e9cnica narrativa, coherencia y solidez de los personajes; lenguaje audiovisual propuesto, motivaci\u00f3n y relevancia del proyecto; estructura narrativa.<\/p>\n<p><strong>Viabilidad (hasta 40 puntos)<\/strong>:\u00a0la solidez y coherencia en la estimaci\u00f3n de costos acorde con las necesidades del proyecto; y la capacidad art\u00edstica y t\u00e9cnica del equipo.\u00a0Se valorar\u00e1 la capacidad para desarrollar, producir y posproducir la serie en un periodo m\u00e1ximo de ocho (8) semanas a partir de la firma del contrato que legaliza el recurso.<\/p>\n<p><strong>Pertinencia del proyecto (hasta 20 puntos)<\/strong>: Manera como el proyecto audiovisual visibiliza y le da relevancia a la comunidad \u00e9tnica, a un territorio particular, su cultura, din\u00e1micas y tem\u00e1ticas. Igualmente eval\u00faa la pertinencia del contenido para p\u00fablico en general.<\/p>\n<p>El Ministerio de la Informaci\u00f3n y las Comunicaciones. \u2013 MINTIC &#8211; Proim\u00e1genes Colombia y TvAndina LTDA determinar\u00e1n el(los) comit\u00e9(s) para la lectura, selecci\u00f3n y\/o evaluaci\u00f3n de proyectos presentados a esta invitaci\u00f3n.<\/p>\n<p>Solo los proyectos que obtengan m\u00e1s de 75 puntos en la evaluaci\u00f3n conjunta del comit\u00e9 evaluador, ser\u00e1n susceptibles de recibir el recurso econ\u00f3mico y ser los beneficiarios de la invitaci\u00f3n.<\/p>\n<h4>Metodolog\u00eda de evaluaci\u00f3n de proyectos:<\/h4>\n<ol>\n<li style=\"text-align: justify;\"><strong>Verificaci\u00f3n de contenido y condiciones<\/strong> (del 09 al 16 de agosto de 2021) En esta etapa un equipo revisor verificar\u00e1 los documentos legales y los soportes que dan cuenta del proyecto audiovisual postulado.<\/li>\n<li style=\"text-align: justify;\"><strong>Etapa aclaratoria<\/strong>: (del 09 al 16 de agosto de 2021) En esta etapa, Proim\u00e1genes Colombia podr\u00e1 solicitar aclaraciones sobre los documentos subsanables (VER REQUISITOS OBLIGATORIOS): c\u00e9dula de ciudadan\u00eda del concursante, documento(s) o declaraciones juramentadas de autoreconocimiento y ANEXO 3. Tales aclaraciones se solicitar\u00e1n mediante comunicaci\u00f3n al correo electr\u00f3nico del participante. Teniendo como plazo de respuesta a la solicitud de aclaraci\u00f3n, dos (2) d\u00edas calendario.<\/li>\n<li style=\"text-align: justify;\"><strong>Evaluaci\u00f3n de Comit\u00e9<\/strong>: (del 17 de agosto al 06 de septiembre de 2021) En esta etapa un comit\u00e9 de expertos audiovisuales, evaluar\u00e1 los proyectos de acuerdo a los criterios arriba mencionados y elegir\u00e1 hasta diez (10) miniseries audiovisuales que ir\u00e1n a alimentar la parrilla y plataformas web de los canales de televisi\u00f3n p\u00fablica del pa\u00eds.<\/li>\n<li style=\"text-align: justify;\"><strong>Publicaci\u00f3n de beneficiarios<\/strong>: (08 de septiembre de 2021) Se publicar\u00e1 el listado de hasta diez (10) beneficiarios de la presente invitaci\u00f3n.<\/li>\n<\/ol>\n<h4 style=\"text-align: justify;\">Criterios de desempate:<\/h4>\n<p style=\"text-align: justify;\">En caso de existir empate en el puntaje total en proyectos presentados, Proim\u00e1genes atender\u00e1 al orden de los siguientes criterios de desempate:<\/p>\n<ul style=\"text-align: justify;\">\n<li>-Ser\u00e1 ganador el proyecto que haya obtenido el mayor puntaje en el criterio \u00ab<strong>Art\u00edsticos, t\u00e9cnicos y conceptuales<\/strong>\u00ab<\/li>\n<li>-En caso de persistir empate en el puntaje final, ser\u00e1 ganador el proyecto que haya obtenido el mayor puntaje en el criterio \u201c<strong>Viabilidad econ\u00f3mica<\/strong>\u201d.<\/li>\n<li>-En caso de persistir alg\u00fan empate, ser\u00e1 ganador el proyecto que haya obtenido el mayor puntaje en el criterio \u201c<strong>Pertinencia del proyecto<\/strong>\u201d.<\/li>\n<\/ul>\n<p style=\"text-align: justify;\">Agotados los criterios de desempate anteriores, y en caso de persistir empate en el puntaje total de los proyectos, se reunir\u00e1 un n\u00famero impar de miembros del equipo t\u00e9cnico evaluador y proceder\u00e1 a realizar deliberaci\u00f3n para designar la propuesta creativa ganadora atendiendo los criterios de evaluaci\u00f3n y ponderaci\u00f3n descritos en el presente numeral.<\/p>\n<h3>Compromisos espec\u00edficos de los beneficiarios<\/h3>\n<p style=\"text-align: justify;\">Adem\u00e1s de los compromisos m\u00ednimos establecidos en esta invitaci\u00f3n, con su participaci\u00f3n el beneficiario, se obliga a cumplir con los siguientes:<\/p>\n<ol>\n<li style=\"text-align: justify;\">Suscribir un contrato con Proim\u00e1genes Colombia donde se establecer\u00e1n plazos, par\u00e1metros de desembolsos, cesi\u00f3n de derechos patrimoniales de autor de la obra audiovisual (solo de comunicaci\u00f3n p\u00fablica para las diferentes se\u00f1ales de los operadores de televisi\u00f3n p\u00fablica en Colombia y sus plataformas web.)<\/li>\n<li style=\"text-align: justify;\">Expedici\u00f3n de la p\u00f3liza de cumplimiento.<\/li>\n<li style=\"text-align: justify;\">Abstenerse de cambiar el director o el g\u00e9nero de la serie.<\/li>\n<li style=\"text-align: justify;\">Entregar el proyecto finalizado en un periodo m\u00e1ximo de ocho (8) semanas, a partir de la firma del contrato de acuerdo con las especificaciones t\u00e9cnicas descritas en los par\u00e1metros b\u00e1sicos.<\/li>\n<li style=\"text-align: justify;\">Entregar las autorizaciones de uso de imagen: Documento firmado por el talento actoral y\/o personajes que aparecen frente a c\u00e1mara (principales, secundarios, figurantes, extras, dem\u00e1s), en donde se autorice al productor el uso de la imagen personal para todos los efectos de la obra.<\/li>\n<li style=\"text-align: justify;\">Entregar las autorizaciones de uso de obras (propiedad intelectual): El concursante debe entregar las autorizaciones de uso de las obras incorporadas a la miniserie, debidamente diligenciadas y firmadas por quienes corresponda (director, guionista\/ investigador, m\u00fasicos, y dibujantes).<\/li>\n<li style=\"text-align: justify;\">Presentar copia de la solicitud de registro ante el \u201cRegistro Nacional de Derecho de Autor\u201d de la miniserie, a nombre del beneficiario.<\/li>\n<li style=\"text-align: justify;\">Entregar piezas promocionales de la obra. Pueden ser afiche de la obra, reel y\/o fragmentos de los cap\u00edtulos de la miniserie.<\/li>\n<\/ol>\n<h3>Desembolsos del recurso:<\/h3>\n<p style=\"text-align: justify;\">En relaci\u00f3n con los desembolsos se aclara que:<\/p>\n<ol style=\"text-align: justify;\">\n<li>El beneficiario recibir\u00e1 el pago por concepto de la cesi\u00f3n de derechos patrimoniales de comunicaci\u00f3n p\u00fablica para el uso de televisi\u00f3n p\u00fablica colombiana, tanto para emisi\u00f3n por distintas se\u00f1ales, como en plataformas web de los contenidos entregados.<\/li>\n<li>El beneficiario podr\u00e1 darle cualquier otro uso a la obra tanto nacional como internacional para fines diferentes a la televisi\u00f3n p\u00fablica y sus plataformas web.<\/li>\n<li>El beneficiario se obliga a realizar el proceso de producci\u00f3n y postproducci\u00f3n del proyecto seleccionado tal y como fue presentado a la invitaci\u00f3n.<\/li>\n<li>El beneficiario deber\u00e1:\u00a0 -Cumplir con la entrega de la miniserie, finalizada seg\u00fan el cronograma de entrega estipulado. -Incluir en cada cap\u00edtulo de la miniserie los logos de MINTIC, Teveandina LTDA y Proim\u00e1genes, mediante una cortinilla de cierre (logos descargables aqu\u00ed).\u00a0 -Ceder los derechos patrimoniales de autor espec\u00edficamente necesarios para realizar comunicaci\u00f3n p\u00fablica para las distintas se\u00f1ales de los canales de televisi\u00f3n p\u00fablica en Colombia, tanto en su emisi\u00f3n, como en sus plataformas web.<\/li>\n<li>El beneficiario no debe esperar a la entrega del recurso para la producci\u00f3n de su contenido audiovisual, dado que debe cumplir con las fechas de entrega de la obra audiovisual en los t\u00e9rminos expuestos en este documento, independientemente de la fecha en la que reciba el primer desembolso.<\/li>\n<li>El beneficiario es el exclusivo responsable del proyecto y, por consiguiente, el \u00fanico encargado de dar cumplimiento a la regulaci\u00f3n vigente en materia tributaria, de propiedad intelectual, de seguridad social, y cualquier otra que incida en la realizaci\u00f3n del proyecto.\u00a0 El beneficiario mantendr\u00e1 indemnes a Proim\u00e1genes y a Teveandina ante cualquier sanci\u00f3n y\/o responsabilidad que provenga de omisiones sobre lo anterior.\u00a0 El esquema de desembolsos para los proyectos beneficiados es el siguiente:<\/li>\n<\/ol>\n<table border=\"1\" cellspacing=\"1\" cellpadding=\"1\">\n<tbody>\n<tr>\n<td><strong>No. de desembolso<\/strong><\/td>\n<td><strong>Valor<\/strong><\/td>\n<td><strong>Condiciones y\/o requisitos<\/strong><\/td>\n<\/tr>\n<tr>\n<td rowspan=\"4\">\u00a0Primero<\/td>\n<td rowspan=\"4\">50%<\/td>\n<td>Aprobaci\u00f3n de la Garant\u00eda de cumplimiento pactada en el contrato (sujeta a aprobaci\u00f3n).<\/td>\n<\/tr>\n<tr>\n<td>Guiones o estructuras narrativas definitivas de los tres cap\u00edtulos de la miniserie.<\/td>\n<\/tr>\n<tr>\n<td>Una copia de los contratos suscritos entre el concursante (productor) con director(a) y guionista \u00f3 investigador(a).<\/td>\n<\/tr>\n<tr>\n<td>El plan de grabaci\u00f3n definitivo para la miniserie.<\/td>\n<\/tr>\n<tr>\n<td rowspan=\"2\">\u00a0Segundo<\/td>\n<td rowspan=\"2\">30%<\/td>\n<td>Corte de edici\u00f3n del primer cap\u00edtulo de la miniserie.<\/td>\n<\/tr>\n<tr>\n<td>Certificaci\u00f3n firmada por el beneficiario en la que indique la fecha en la que finaliz\u00f3 la grabaci\u00f3n de los tres cap\u00edtulos de la miniserie.<\/td>\n<\/tr>\n<tr>\n<td rowspan=\"7\">\u00a0Tercero<\/td>\n<td rowspan=\"7\">20%<\/td>\n<td>Entrega de los tres cap\u00edtulos de la miniserie en el formato que Proim\u00e1genes Colombia indique y seg\u00fan especificaciones t\u00e9cnicas descritas en los t\u00e9rminos de la convocatoria.<\/td>\n<\/tr>\n<tr>\n<td>Reporte de revisi\u00f3n t\u00e9cnica emitido por Proim\u00e1genes Colombia o por quien dicha organizaci\u00f3n designe para tal fin.<\/td>\n<\/tr>\n<tr>\n<td>Ficha t\u00e9cnica definitiva de la miniserie.<\/td>\n<\/tr>\n<tr>\n<td>Piezas promocionales (en formato digital)<\/td>\n<\/tr>\n<tr>\n<td>Autorizaciones de uso de imagen: Documento firmado por el talento actoral que aparece frente a c\u00e1mara (principales, secundarios, figurantes, extras, dem\u00e1s), en donde se autorice al productor el uso de la imagen personal para todos los efectos de la obra.<\/td>\n<\/tr>\n<tr>\n<td>Autorizaci\u00f3n de uso de obra (propiedad intelectual): El beneficiario debe entregar las autorizaciones de uso de las obras incorporadas a la miniserie debidamente diligenciadas y firmadas por quienes corresponda (director, guionista\/ investigador, m\u00fasicos, y dibujantes).<\/td>\n<\/tr>\n<tr>\n<td>Radicaci\u00f3n de la solicitud del registro ante el Registro Nacional de Derecho de Autor de la miniserie, a nombre del beneficiario.<\/td>\n<\/tr>\n<\/tbody>\n<\/table>\n<div><\/div>\n<h4>Postule su proyecto aqu\u00ed:\u00a0<a href=\"https:\/\/www.proimagenescolombia.com\/relatos\/index.php?mode=inicio\" target=\"_blank\" rel=\"noopener\">https:\/\/www.proimagenescolombia.com\/relatos\/inscripcion<\/a>.<\/h4>\n<h4>En caso de preguntas e inquietudes relacionadas con la presente invitaci\u00f3n, comun\u00edquese a: <a href=\"mailto:convocatorianarp@proimagenescolombia.com\">convocatorianarp@proimagenescolombia.com<\/a><\/h4>\n<\/div>\n<\/div>\n<\/div>\n<\/div>\n<\/div>\n<div><img decoding=\"async\" src=\"https:\/\/www.proimagenescolombia.com\/relatos\/images\/footer_final.png\" alt=\"\" \/><\/div>\n<\/div>\n<\/section>\n<div id=\"contSiteMap\" class=\"contSiteMap\">\n<div class=\"maxW\"><\/div>\n<\/div>\n<footer class=\"pageFooter\">\n<div class=\"maxW\">\n<div class=\"copyFooter\"><\/div>\n<\/div>\n<\/footer>\n<\/div>\n<div class=\"pvc_clear\"><\/div>\n<p id=\"pvc_stats_7255\" class=\"pvc_stats all  \" data-element-id=\"7255\" style=\"\"><i class=\"pvc-stats-icon large\" aria-hidden=\"true\"><svg aria-hidden=\"true\" focusable=\"false\" data-prefix=\"far\" data-icon=\"chart-bar\" role=\"img\" xmlns=\"http:\/\/www.w3.org\/2000\/svg\" viewBox=\"0 0 512 512\" class=\"svg-inline--fa fa-chart-bar fa-w-16 fa-2x\"><path fill=\"currentColor\" d=\"M396.8 352h22.4c6.4 0 12.8-6.4 12.8-12.8V108.8c0-6.4-6.4-12.8-12.8-12.8h-22.4c-6.4 0-12.8 6.4-12.8 12.8v230.4c0 6.4 6.4 12.8 12.8 12.8zm-192 0h22.4c6.4 0 12.8-6.4 12.8-12.8V140.8c0-6.4-6.4-12.8-12.8-12.8h-22.4c-6.4 0-12.8 6.4-12.8 12.8v198.4c0 6.4 6.4 12.8 12.8 12.8zm96 0h22.4c6.4 0 12.8-6.4 12.8-12.8V204.8c0-6.4-6.4-12.8-12.8-12.8h-22.4c-6.4 0-12.8 6.4-12.8 12.8v134.4c0 6.4 6.4 12.8 12.8 12.8zM496 400H48V80c0-8.84-7.16-16-16-16H16C7.16 64 0 71.16 0 80v336c0 17.67 14.33 32 32 32h464c8.84 0 16-7.16 16-16v-16c0-8.84-7.16-16-16-16zm-387.2-48h22.4c6.4 0 12.8-6.4 12.8-12.8v-70.4c0-6.4-6.4-12.8-12.8-12.8h-22.4c-6.4 0-12.8 6.4-12.8 12.8v70.4c0 6.4 6.4 12.8 12.8 12.8z\" class=\"\"><\/path><\/svg><\/i> <img decoding=\"async\" width=\"16\" height=\"16\" alt=\"Loading\" src=\"https:\/\/www.periodicolapislazuli.com\/noticias\/wp-content\/plugins\/page-views-count\/ajax-loader-2x.gif\" border=0 \/><\/p>\n<div class=\"pvc_clear\"><\/div>\n        <div class=\"booster-block booster-reactions-block\">\n            <div class=\"twp-reactions-icons\">\n                \n                <div class=\"twp-reacts-wrap\">\n                    <a react-data=\"be-react-1\" post-id=\"7255\" class=\"be-face-icons un-reacted\" href=\"javascript:void(0)\">\n                        <img decoding=\"async\" src=\"https:\/\/www.periodicolapislazuli.com\/noticias\/wp-content\/plugins\/booster-extension\/\/assets\/icon\/happy.svg\" alt=\"Happy\">\n                    <\/a>\n                    <div class=\"twp-reaction-title\">\n                        Happy                    <\/div>\n                    <div class=\"twp-count-percent\">\n                                                    <span style=\"display: none;\" class=\"twp-react-count\">0<\/span>\n                        \n                                                <span class=\"twp-react-percent\"><span>0<\/span> %<\/span>\n                                            <\/div>\n                <\/div>\n\n                <div class=\"twp-reacts-wrap\">\n                    <a react-data=\"be-react-2\" post-id=\"7255\" class=\"be-face-icons un-reacted\" href=\"javascript:void(0)\">\n                        <img decoding=\"async\" src=\"https:\/\/www.periodicolapislazuli.com\/noticias\/wp-content\/plugins\/booster-extension\/\/assets\/icon\/sad.svg\" alt=\"Sad\">\n                    <\/a>\n                    <div class=\"twp-reaction-title\">\n                        Sad                    <\/div>\n                    <div class=\"twp-count-percent\">\n                                                    <span style=\"display: none;\" class=\"twp-react-count\">0<\/span>\n                                                                        <span class=\"twp-react-percent\"><span>0<\/span> %<\/span>\n                                            <\/div>\n                <\/div>\n\n                <div class=\"twp-reacts-wrap\">\n                    <a react-data=\"be-react-3\" post-id=\"7255\" class=\"be-face-icons un-reacted\" href=\"javascript:void(0)\">\n                        <img decoding=\"async\" src=\"https:\/\/www.periodicolapislazuli.com\/noticias\/wp-content\/plugins\/booster-extension\/\/assets\/icon\/excited.svg\" alt=\"Excited\">\n                    <\/a>\n                    <div class=\"twp-reaction-title\">\n                        Excited                    <\/div>\n                    <div class=\"twp-count-percent\">\n                                                    <span style=\"display: none;\" class=\"twp-react-count\">0<\/span>\n                                                                        <span class=\"twp-react-percent\"><span>0<\/span> %<\/span>\n                                            <\/div>\n                <\/div>\n\n                <div class=\"twp-reacts-wrap\">\n                    <a react-data=\"be-react-6\" post-id=\"7255\" class=\"be-face-icons un-reacted\" href=\"javascript:void(0)\">\n                        <img decoding=\"async\" src=\"https:\/\/www.periodicolapislazuli.com\/noticias\/wp-content\/plugins\/booster-extension\/\/assets\/icon\/sleepy.svg\" alt=\"Sleepy\">\n                    <\/a>\n                    <div class=\"twp-reaction-title\">\n                        Sleepy                    <\/div>\n                    <div class=\"twp-count-percent\">\n                                                    <span style=\"display: none;\" class=\"twp-react-count\">0<\/span>\n                        \n                                                <span class=\"twp-react-percent\"><span>0<\/span> %<\/span>\n                                            <\/div>\n                <\/div>\n\n                <div class=\"twp-reacts-wrap\">\n                    <a react-data=\"be-react-4\" post-id=\"7255\" class=\"be-face-icons un-reacted\" href=\"javascript:void(0)\">\n                        <img decoding=\"async\" src=\"https:\/\/www.periodicolapislazuli.com\/noticias\/wp-content\/plugins\/booster-extension\/\/assets\/icon\/angry.svg\" alt=\"Angry\">\n                    <\/a>\n                    <div class=\"twp-reaction-title\">Angry<\/div>\n                    <div class=\"twp-count-percent\">\n                                                    <span style=\"display: none;\" class=\"twp-react-count\">0<\/span>\n                                                                        <span class=\"twp-react-percent\"><span>0<\/span> %<\/span>\n                        \n                    <\/div>\n                <\/div>\n\n                <div class=\"twp-reacts-wrap\">\n                    <a react-data=\"be-react-5\" post-id=\"7255\" class=\"be-face-icons un-reacted\" href=\"javascript:void(0)\">\n                        <img decoding=\"async\" src=\"https:\/\/www.periodicolapislazuli.com\/noticias\/wp-content\/plugins\/booster-extension\/\/assets\/icon\/surprise.svg\" alt=\"Surprise\">\n                    <\/a>\n                    <div class=\"twp-reaction-title\">Surprise<\/div>\n                    <div class=\"twp-count-percent\">\n                                                    <span style=\"display: none;\" class=\"twp-react-count\">0<\/span>\n                                                                        <span class=\"twp-react-percent\"><span>0<\/span> %<\/span>\n                                            <\/div>\n                <\/div>\n\n            <\/div>\n        <\/div>\n\n    ","protected":false},"excerpt":{"rendered":"<p>RELATOS EN SERIE Invitaci\u00f3n para Comunidades Negras, Afrodescendientes, Raizales y Palenqueras La corporaci\u00f3n Fondo Mixto de Promoci\u00f3n Cinematogr\u00e1fica<\/p>\n<div class=\"pvc_clear\"><\/div>\n<p id=\"pvc_stats_7255\" class=\"pvc_stats all  \" data-element-id=\"7255\" style=\"\"><i class=\"pvc-stats-icon large\" aria-hidden=\"true\"><svg aria-hidden=\"true\" focusable=\"false\" data-prefix=\"far\" data-icon=\"chart-bar\" role=\"img\" xmlns=\"http:\/\/www.w3.org\/2000\/svg\" viewBox=\"0 0 512 512\" class=\"svg-inline--fa fa-chart-bar fa-w-16 fa-2x\"><path fill=\"currentColor\" d=\"M396.8 352h22.4c6.4 0 12.8-6.4 12.8-12.8V108.8c0-6.4-6.4-12.8-12.8-12.8h-22.4c-6.4 0-12.8 6.4-12.8 12.8v230.4c0 6.4 6.4 12.8 12.8 12.8zm-192 0h22.4c6.4 0 12.8-6.4 12.8-12.8V140.8c0-6.4-6.4-12.8-12.8-12.8h-22.4c-6.4 0-12.8 6.4-12.8 12.8v198.4c0 6.4 6.4 12.8 12.8 12.8zm96 0h22.4c6.4 0 12.8-6.4 12.8-12.8V204.8c0-6.4-6.4-12.8-12.8-12.8h-22.4c-6.4 0-12.8 6.4-12.8 12.8v134.4c0 6.4 6.4 12.8 12.8 12.8zM496 400H48V80c0-8.84-7.16-16-16-16H16C7.16 64 0 71.16 0 80v336c0 17.67 14.33 32 32 32h464c8.84 0 16-7.16 16-16v-16c0-8.84-7.16-16-16-16zm-387.2-48h22.4c6.4 0 12.8-6.4 12.8-12.8v-70.4c0-6.4-6.4-12.8-12.8-12.8h-22.4c-6.4 0-12.8 6.4-12.8 12.8v70.4c0 6.4 6.4 12.8 12.8 12.8z\" class=\"\"><\/path><\/svg><\/i> <img decoding=\"async\" width=\"16\" height=\"16\" alt=\"Loading\" src=\"https:\/\/www.periodicolapislazuli.com\/noticias\/wp-content\/plugins\/page-views-count\/ajax-loader-2x.gif\" border=0 \/><\/p>\n<div class=\"pvc_clear\"><\/div>\n","protected":false},"author":3,"featured_media":7256,"comment_status":"closed","ping_status":"open","sticky":false,"template":"","format":"standard","meta":{"om_disable_all_campaigns":false,"pagelayer_contact_templates":[],"_pagelayer_content":"","_monsterinsights_skip_tracking":false,"_monsterinsights_sitenote_active":false,"_monsterinsights_sitenote_note":"","_monsterinsights_sitenote_category":0,"footnotes":""},"categories":[24,15],"tags":[2852,2854,163,1712,2297,60,39,2848,1684,161,2849,2855,2850,2853,417,2851,131,395],"class_list":["post-7255","post","type-post","status-publish","format-standard","has-post-thumbnail","hentry","category-cine","category-convocatorias","tag-tengounapelicula","tag-volvemosalcine","tag-cine","tag-cine-colombiano","tag-cinematografica","tag-colombia","tag-convocatoria","tag-convocatorias-fdc-2021","tag-cortometrajes","tag-documental","tag-festivales","tag-la-casa-del-cine","tag-largometrajes","tag-pantalla-colombia","tag-peliculas","tag-proimagenes","tag-proyectos","tag-talleres"],"a3_pvc":{"activated":true,"total_views":291,"today_views":1},"jetpack_featured_media_url":"https:\/\/www.periodicolapislazuli.com\/noticias\/wp-content\/uploads\/2021\/08\/logo_mujer.png","_links":{"self":[{"href":"https:\/\/www.periodicolapislazuli.com\/noticias\/wp-json\/wp\/v2\/posts\/7255","targetHints":{"allow":["GET"]}}],"collection":[{"href":"https:\/\/www.periodicolapislazuli.com\/noticias\/wp-json\/wp\/v2\/posts"}],"about":[{"href":"https:\/\/www.periodicolapislazuli.com\/noticias\/wp-json\/wp\/v2\/types\/post"}],"author":[{"embeddable":true,"href":"https:\/\/www.periodicolapislazuli.com\/noticias\/wp-json\/wp\/v2\/users\/3"}],"replies":[{"embeddable":true,"href":"https:\/\/www.periodicolapislazuli.com\/noticias\/wp-json\/wp\/v2\/comments?post=7255"}],"version-history":[{"count":4,"href":"https:\/\/www.periodicolapislazuli.com\/noticias\/wp-json\/wp\/v2\/posts\/7255\/revisions"}],"predecessor-version":[{"id":7260,"href":"https:\/\/www.periodicolapislazuli.com\/noticias\/wp-json\/wp\/v2\/posts\/7255\/revisions\/7260"}],"wp:featuredmedia":[{"embeddable":true,"href":"https:\/\/www.periodicolapislazuli.com\/noticias\/wp-json\/wp\/v2\/media\/7256"}],"wp:attachment":[{"href":"https:\/\/www.periodicolapislazuli.com\/noticias\/wp-json\/wp\/v2\/media?parent=7255"}],"wp:term":[{"taxonomy":"category","embeddable":true,"href":"https:\/\/www.periodicolapislazuli.com\/noticias\/wp-json\/wp\/v2\/categories?post=7255"},{"taxonomy":"post_tag","embeddable":true,"href":"https:\/\/www.periodicolapislazuli.com\/noticias\/wp-json\/wp\/v2\/tags?post=7255"}],"curies":[{"name":"wp","href":"https:\/\/api.w.org\/{rel}","templated":true}]}}