{"id":6911,"date":"2021-03-19T15:30:22","date_gmt":"2021-03-19T15:30:22","guid":{"rendered":"https:\/\/www.periodicolapislazuli.com\/noticias\/?p=6911"},"modified":"2021-03-19T15:34:04","modified_gmt":"2021-03-19T15:34:04","slug":"conmemoracion-dia-internacional-del-hombre-silencio-y-poder","status":"publish","type":"post","link":"https:\/\/www.periodicolapislazuli.com\/noticias\/conmemoracion-dia-internacional-del-hombre-silencio-y-poder\/","title":{"rendered":"Conmemoraci\u00f3n D\u00eda Internacional del Hombre: Silencio y Poder"},"content":{"rendered":"<div class='booster-block booster-read-block'>\n                <div class=\"twp-read-time\">\n                \t<i class=\"booster-icon twp-clock\"><\/i> <span>Read Time:<\/span>5 Minute, 49 Second                <\/div>\n\n            <\/div><p style=\"text-align: justify;\"><img decoding=\"async\" class=\"wp-image-6910 alignright\" src=\"https:\/\/www.periodicolapislazuli.com\/noticias\/wp-content\/uploads\/2021\/03\/AlejandroJS.jpg\" alt=\"\" width=\"141\" height=\"88\" \/>Por: Lapisl\u00e1zuli Peri\u00f3dico | <a href=\"https:\/\/twitter.com\/funlazuli\" target=\"_blank\" rel=\"noopener\">@funlazuli<\/a><\/p>\n<p style=\"text-align: justify;\"><span style=\"font-family: tahoma, arial, helvetica, sans-serif;\"><strong>Alejandro Jim\u00e9nez-Schr\u00f6der<\/strong><\/span><\/p>\n<p>&nbsp;<\/p>\n<hr \/>\n<p style=\"text-align: justify;\">Quiz\u00e1 por desconocimiento, paradigma o simplemente por err\u00f3nea informaci\u00f3n, crees que la celebraci\u00f3n del <strong>D\u00eda del hombre<\/strong> es un asunto menor. Quiz\u00e1 pienses que la explicaci\u00f3n de su origen est\u00e9 en el modelo capitalista que ha sabido sacar provecho de cada momento u ocasi\u00f3n para \u201ccelebrar\u201d y convertirnos en meros consumidores. Quiz\u00e1, s\u00f3lo quiz\u00e1s crees que esta es una celebraci\u00f3n que se origin\u00f3 como respuesta a la conmemoraci\u00f3n del D\u00eda de la mujer. Sin embargo, la explicaci\u00f3n lejos de todos estos argumentos, la podr\u00e1s encontrar\u00e1s aqu\u00ed y en este especial de <strong>Lapisl\u00e1zuli Peri\u00f3dico<\/strong>, donde te contaremos cu\u00e1l fue el origen de esta conmemoraci\u00f3n y el por qu\u00e9 deber\u00eda ser importante para todos como sociedad.<\/p>\n<p style=\"text-align: justify;\">Empezar\u00e9 por decir que lejos de ser una tendencia o una moda, el reconocimiento del <strong>D\u00eda Internacional del hombre<\/strong> se torna fundamental cuando buscamos una igualdad en derechos en cualquier sociedad, y buscamos el bienestar de todas las personas sin importar su condici\u00f3n. Una sociedad regida por el respeto, en donde el trato a las personas se d\u00e9 lejos de prejuicios, maltratos y estigmatizaci\u00f3n.<\/p>\n<p style=\"text-align: justify;\">\u00bfPoseen los hombres condiciones justas y equitativas que les permita una vida digna?\u00a0 Esta pregunta se la formularon un grupo de acad\u00e9micos hacia la d\u00e9cada de los a\u00f1os 90 para reflexionar en torno a las formas en que se relacionan los hombres, y ver en qu\u00e9 manera influye o afecta el sistema en las personas. Luego de investigar, llegaron a la conclusi\u00f3n que, al igual que las mujeres, los hombres se ven afectados por discriminaci\u00f3n, inequidad y distintos tipos de violencia. A partir de estos resultados, vieron la necesidad de instaurar el \u00a0D\u00eda Internacional del Hombre.<\/p>\n<p style=\"text-align: justify;\">La fecha que fue instituida en 1992 y fue popularizada en 1999. El objetivo es <strong>promover modelos masculinos positivos de la vida cotidiana, celebrar las contribuciones positivas de los hombres a la sociedad, mejorar las relaciones de g\u00e9nero en pos de igualdad y se centra especialmente en el cuidado de la salud integral<\/strong>. Aunque en el resto del mundo, este d\u00eda se celebra el 19 de noviembre; en Colombia, la celebraci\u00f3n pas\u00f3 a celebrarse el 19 de marzo (Solap\u00e1ndose con la fiesta cat\u00f3lica del D\u00eda de san Jos\u00e9) con lo cual gener\u00f3 las primeras distorsiones\u00a0 de esta conmemoraci\u00f3n.<\/p>\n<p>&nbsp;<\/p>\n<hr \/>\n<blockquote>\n<p style=\"text-align: left;\"><strong>\u00bfQuiz\u00e1s quieras leer?\u00a0 <\/strong><a href=\"https:\/\/www.periodicolapislazuli.com\/noticias\/dia-de-hombre-el-eterno-silencio\/\"><strong>D\u00eda de hombre: El eterno Silencio\u00a0 \u00a0\u00a0<\/strong><\/a><\/p>\n<\/blockquote>\n<hr \/>\n<p><img fetchpriority=\"high\" decoding=\"async\" class=\"size-medium wp-image-6914 aligncenter\" src=\"https:\/\/www.periodicolapislazuli.com\/noticias\/wp-content\/uploads\/2021\/03\/NTT_307357_f56d696281c344e4a85304d91775556d_humor_abrazos_entre_hombres_thumb_fb-780x408.jpg\" alt=\"\" width=\"780\" height=\"408\" srcset=\"https:\/\/www.periodicolapislazuli.com\/noticias\/wp-content\/uploads\/2021\/03\/NTT_307357_f56d696281c344e4a85304d91775556d_humor_abrazos_entre_hombres_thumb_fb-780x408.jpg 780w, https:\/\/www.periodicolapislazuli.com\/noticias\/wp-content\/uploads\/2021\/03\/NTT_307357_f56d696281c344e4a85304d91775556d_humor_abrazos_entre_hombres_thumb_fb-scaled.jpg 1200w, https:\/\/www.periodicolapislazuli.com\/noticias\/wp-content\/uploads\/2021\/03\/NTT_307357_f56d696281c344e4a85304d91775556d_humor_abrazos_entre_hombres_thumb_fb-768x402.jpg 768w, https:\/\/www.periodicolapislazuli.com\/noticias\/wp-content\/uploads\/2021\/03\/NTT_307357_f56d696281c344e4a85304d91775556d_humor_abrazos_entre_hombres_thumb_fb-1536x804.jpg 1536w, https:\/\/www.periodicolapislazuli.com\/noticias\/wp-content\/uploads\/2021\/03\/NTT_307357_f56d696281c344e4a85304d91775556d_humor_abrazos_entre_hombres_thumb_fb-2048x1072.jpg 2048w\" sizes=\"(max-width: 780px) 100vw, 780px\" \/><\/p>\n<h3><\/h3>\n<h3 style=\"text-align: justify;\"><span style=\"color: #800000;\"><strong>Motivos para conmemorar el D\u00eda internacional del hombre <\/strong><\/span><\/h3>\n<p style=\"text-align: justify;\">Aunque con mucha menos rimbombancia, la celebraci\u00f3n del D\u00eda internacional de hombre es una fecha que poco a poco va tomando relevancia en el mundo para lograr una equidad entre g\u00e9neros y tener una ocasi\u00f3n para reconocer a seres fundamentales para la sociedad. \u00a0Cuenta la historia que <strong>el 19 de noviembre del 1992, <\/strong>el profesor \u00a0<strong>Thomas Oaster<\/strong>, de la Universidad de Missouri, instaur\u00f3 el D\u00eda del hombre con motivo de enaltecer los logros de los hombres y recalcar su rol en la humanidad. A pesar de ello, fue solo hasta 1999 que la fecha tuvo reconocimiento por organismos internacionales y empez\u00f3 a festejarse en todo el mundo. En ese mismo a\u00f1o, el <strong>Programa Mujeres y Cultura de Paz<\/strong> de la Organizaci\u00f3n de las Naciones Unidas para la Educaci\u00f3n, la Ciencia y la Cultura de la UNESCO, aval\u00f3 y reconoci\u00f3 la fecha para que los hombres tuvieran la misma participaci\u00f3n que las mujeres.<\/p>\n<p style=\"text-align: justify;\"><strong>La celebraci\u00f3n del D\u00eda del hombre <\/strong>se centra en<strong> varios puntos <\/strong>relevantes. Seg\u00fan la Organizaci\u00f3n Mundial de la Salud (OMS), los Derechos Humanos Internacionales (DIH) y otros organismos independientes de la Organizaci\u00f3n de las Naciones Unidas (ONG), son los cimientos sobre los cuales se fundamenta la conmemoraci\u00f3n del D\u00eda del hombre, que est\u00e1n fijados en 6 pilares que deber\u00edan instaurarse en la sociedad:<\/p>\n<ol style=\"text-align: justify;\">\n<li><strong>Derribar estereotipos masculinos<\/strong>: Generalmente vemos a hombres fuertes y musculosos posar para marcas de deportes, autom\u00f3viles, construcci\u00f3n, salud o bienestar, pero pocas veces vemos a los hombres que viven el d\u00eda a d\u00eda; que son padres, estudiantes, hijos y dem\u00e1s.<\/li>\n<li><strong>Contribuciones del hombre en la sociedad<\/strong>: Al igual que las mujeres, los hombres buscan el reconocimiento de la comunidad frente a temas como el medio ambiente, la familia, el rol como padres, esposos y trabajadores.<\/li>\n<li><strong>Discriminaci\u00f3n contra los hombres<\/strong>: Aunque son pocos los que hablan de este tema, los hombres tambi\u00e9n sufren discriminaci\u00f3n en los trabajos, establecimientos educativos, entre otros, por el hecho de ser hombres. Estas conductas pueden vulnerar el derecho al buen vivir y perjudicar la salud mental.<\/li>\n<li><strong>Relaciones de g\u00e9nero<\/strong>: Como ya lo hab\u00edamos dicho, los hombres tambi\u00e9n trabajan hombro a hombro con las mujeres para hacer del mundo una sociedad m\u00e1s igualitaria. Por ello, en este d\u00eda, los hombres tambi\u00e9n alzan sus voces para decirles a todas las personas que los derechos son para todos y el respeto debe reinar sin importar el g\u00e9nero.<\/li>\n<li><strong>Bienestar y salud:<\/strong> Hay que tener en cuenta que uno de los fines de instaurar el d\u00eda del hombre fue el de priorizar el bienestar y salud f\u00edsica y mental de ellos. Durante muchos a\u00f1os cargaron a sus espaldas responsabilidades que los hac\u00edan tener hasta m\u00e1s de dos trabajos, lo que perjudicaba su vida en general. Aunque en la actualidad esto ha cambiado, todav\u00eda hay quienes no prestan atenci\u00f3n a las enfermedades causadas por el estr\u00e9s, la sobrecarga laboral y el cansancio cotidiano, por lo que es fundamental hablar de esto con los hombres y que el tema se convierta en algo serio.<\/li>\n<li><strong>Darse la mano unos a otros<\/strong>: Los hombres tambi\u00e9n quieren que todo el g\u00e9nero masculino logre sus cometidos, eso s\u00ed, sin lastimar a nadie o pasar por encima de los dem\u00e1s. La solidaridad masculina busca que todos sean complemente libres, emprendedores y potencialmente productivos.<\/li>\n<\/ol>\n<p style=\"text-align: justify;\"><strong>\u00bfConmemorar o celebrar? \u00a1Los hombres tambi\u00e9n merecen un regalo en este d\u00eda!<\/strong><\/p>\n<p style=\"text-align: justify;\">La dicotom\u00eda entre celebrar o conmemorar pareciera ser una discusi\u00f3n bizantina con la cual se pretendiera evitar la discusi\u00f3n. Por ello, en <strong>@FUNLAZULI <\/strong>consideramos que es loable quienes creen que es un d\u00eda para conmemorar, reflexionar y abrir espacios de debate.\u00a0 As\u00ed mismo, quienes consideren que la mejor manera de expresar afecto es entregando un regalo en el d\u00eda del hombre, siempre regalar un libro, un\u00a0 cuadro, m\u00fasica, arte y cultura, ser\u00e1 la mejor manera de enriquecer el alma.<\/p>\n<p>&nbsp;<\/p>\n<hr \/>\n<blockquote><p><strong>Quiz\u00e1 quieras ver: <a href=\"https:\/\/www.periodicolapislazuli.com\/video-comprar-tirar-comprar.html\">Obsolescencia programada &#8211; (comprar, tirar, comprar)<\/a> <\/strong><\/p><\/blockquote>\n<hr \/>\n<p style=\"text-align: justify;\">Si te levantas a diario convencido que luchas por un mundo m\u00e1s incluyente, por la pariedad y por la igualdad de los derechos entre g\u00e9neros, y el reconocimiento de los menos favorecidos, es probable que este articulo sea para ti un bocadito de principio a fin, pues a trav\u00e9s de \u00e9ste podr\u00edas reconocer que las luchas que tenemos tanto hombres como mujeres, son tan diferentes y tan similares al final. Luchas por el reconocimiento del individuo y la destrucci\u00f3n de prejuicios y estereotipos que pesan sobre hombres y mujeres por igual, y que en la vida tienen efectos devastadores.<\/p>\n<p style=\"text-align: justify;\"><strong>Ahora, cu\u00e9ntanos \u00bfQu\u00e9 opinas t\u00fa de esta conmemoraci\u00f3n? \u00bfCu\u00e1les crees que son las principales luchas que tienen los hombres para lograr una real equidad de g\u00e9nero?<\/strong><\/p>\n<p>&nbsp;<\/p>\n<p style=\"text-align: justify;\"><img decoding=\"async\" class=\"size-medium wp-image-6909\" src=\"https:\/\/www.periodicolapislazuli.com\/noticias\/wp-content\/uploads\/2021\/03\/2-international-women-s-day-2021-762x460.jpg\" alt=\"\" width=\"762\" height=\"460\" srcset=\"https:\/\/www.periodicolapislazuli.com\/noticias\/wp-content\/uploads\/2021\/03\/2-international-women-s-day-2021-762x460.jpg 762w, https:\/\/www.periodicolapislazuli.com\/noticias\/wp-content\/uploads\/2021\/03\/2-international-women-s-day-2021-200x120.jpg 200w, https:\/\/www.periodicolapislazuli.com\/noticias\/wp-content\/uploads\/2021\/03\/2-international-women-s-day-2021-768x464.jpg 768w, https:\/\/www.periodicolapislazuli.com\/noticias\/wp-content\/uploads\/2021\/03\/2-international-women-s-day-2021.jpg 1108w\" sizes=\"(max-width: 762px) 100vw, 762px\" \/><\/p>\n<div class=\"pvc_clear\"><\/div>\n<p id=\"pvc_stats_6911\" class=\"pvc_stats all  \" data-element-id=\"6911\" style=\"\"><i class=\"pvc-stats-icon large\" aria-hidden=\"true\"><svg aria-hidden=\"true\" focusable=\"false\" data-prefix=\"far\" data-icon=\"chart-bar\" role=\"img\" xmlns=\"http:\/\/www.w3.org\/2000\/svg\" viewBox=\"0 0 512 512\" class=\"svg-inline--fa fa-chart-bar fa-w-16 fa-2x\"><path fill=\"currentColor\" d=\"M396.8 352h22.4c6.4 0 12.8-6.4 12.8-12.8V108.8c0-6.4-6.4-12.8-12.8-12.8h-22.4c-6.4 0-12.8 6.4-12.8 12.8v230.4c0 6.4 6.4 12.8 12.8 12.8zm-192 0h22.4c6.4 0 12.8-6.4 12.8-12.8V140.8c0-6.4-6.4-12.8-12.8-12.8h-22.4c-6.4 0-12.8 6.4-12.8 12.8v198.4c0 6.4 6.4 12.8 12.8 12.8zm96 0h22.4c6.4 0 12.8-6.4 12.8-12.8V204.8c0-6.4-6.4-12.8-12.8-12.8h-22.4c-6.4 0-12.8 6.4-12.8 12.8v134.4c0 6.4 6.4 12.8 12.8 12.8zM496 400H48V80c0-8.84-7.16-16-16-16H16C7.16 64 0 71.16 0 80v336c0 17.67 14.33 32 32 32h464c8.84 0 16-7.16 16-16v-16c0-8.84-7.16-16-16-16zm-387.2-48h22.4c6.4 0 12.8-6.4 12.8-12.8v-70.4c0-6.4-6.4-12.8-12.8-12.8h-22.4c-6.4 0-12.8 6.4-12.8 12.8v70.4c0 6.4 6.4 12.8 12.8 12.8z\" class=\"\"><\/path><\/svg><\/i> <img loading=\"lazy\" decoding=\"async\" width=\"16\" height=\"16\" alt=\"Loading\" src=\"https:\/\/www.periodicolapislazuli.com\/noticias\/wp-content\/plugins\/page-views-count\/ajax-loader-2x.gif\" border=0 \/><\/p>\n<div class=\"pvc_clear\"><\/div>\n        <div class=\"booster-block booster-reactions-block\">\n            <div class=\"twp-reactions-icons\">\n                \n                <div class=\"twp-reacts-wrap\">\n                    <a react-data=\"be-react-1\" post-id=\"6911\" class=\"be-face-icons un-reacted\" href=\"javascript:void(0)\">\n                        <img decoding=\"async\" src=\"https:\/\/www.periodicolapislazuli.com\/noticias\/wp-content\/plugins\/booster-extension\/\/assets\/icon\/happy.svg\" alt=\"Happy\">\n                    <\/a>\n                    <div class=\"twp-reaction-title\">\n                        Happy                    <\/div>\n                    <div class=\"twp-count-percent\">\n                                                    <span style=\"display: none;\" class=\"twp-react-count\">0<\/span>\n                        \n                                                <span class=\"twp-react-percent\"><span>0<\/span> %<\/span>\n                                            <\/div>\n                <\/div>\n\n                <div class=\"twp-reacts-wrap\">\n                    <a react-data=\"be-react-2\" post-id=\"6911\" class=\"be-face-icons un-reacted\" href=\"javascript:void(0)\">\n                        <img decoding=\"async\" src=\"https:\/\/www.periodicolapislazuli.com\/noticias\/wp-content\/plugins\/booster-extension\/\/assets\/icon\/sad.svg\" alt=\"Sad\">\n                    <\/a>\n                    <div class=\"twp-reaction-title\">\n                        Sad                    <\/div>\n                    <div class=\"twp-count-percent\">\n                                                    <span style=\"display: none;\" class=\"twp-react-count\">0<\/span>\n                                                                        <span class=\"twp-react-percent\"><span>0<\/span> %<\/span>\n                                            <\/div>\n                <\/div>\n\n                <div class=\"twp-reacts-wrap\">\n                    <a react-data=\"be-react-3\" post-id=\"6911\" class=\"be-face-icons un-reacted\" href=\"javascript:void(0)\">\n                        <img decoding=\"async\" src=\"https:\/\/www.periodicolapislazuli.com\/noticias\/wp-content\/plugins\/booster-extension\/\/assets\/icon\/excited.svg\" alt=\"Excited\">\n                    <\/a>\n                    <div class=\"twp-reaction-title\">\n                        Excited                    <\/div>\n                    <div class=\"twp-count-percent\">\n                                                    <span style=\"display: none;\" class=\"twp-react-count\">0<\/span>\n                                                                        <span class=\"twp-react-percent\"><span>0<\/span> %<\/span>\n                                            <\/div>\n                <\/div>\n\n                <div class=\"twp-reacts-wrap\">\n                    <a react-data=\"be-react-6\" post-id=\"6911\" class=\"be-face-icons un-reacted\" href=\"javascript:void(0)\">\n                        <img decoding=\"async\" src=\"https:\/\/www.periodicolapislazuli.com\/noticias\/wp-content\/plugins\/booster-extension\/\/assets\/icon\/sleepy.svg\" alt=\"Sleepy\">\n                    <\/a>\n                    <div class=\"twp-reaction-title\">\n                        Sleepy                    <\/div>\n                    <div class=\"twp-count-percent\">\n                                                    <span style=\"display: none;\" class=\"twp-react-count\">0<\/span>\n                        \n                                                <span class=\"twp-react-percent\"><span>0<\/span> %<\/span>\n                                            <\/div>\n                <\/div>\n\n                <div class=\"twp-reacts-wrap\">\n                    <a react-data=\"be-react-4\" post-id=\"6911\" class=\"be-face-icons un-reacted\" href=\"javascript:void(0)\">\n                        <img decoding=\"async\" src=\"https:\/\/www.periodicolapislazuli.com\/noticias\/wp-content\/plugins\/booster-extension\/\/assets\/icon\/angry.svg\" alt=\"Angry\">\n                    <\/a>\n                    <div class=\"twp-reaction-title\">Angry<\/div>\n                    <div class=\"twp-count-percent\">\n                                                    <span style=\"display: none;\" class=\"twp-react-count\">0<\/span>\n                                                                        <span class=\"twp-react-percent\"><span>0<\/span> %<\/span>\n                        \n                    <\/div>\n                <\/div>\n\n                <div class=\"twp-reacts-wrap\">\n                    <a react-data=\"be-react-5\" post-id=\"6911\" class=\"be-face-icons un-reacted\" href=\"javascript:void(0)\">\n                        <img decoding=\"async\" src=\"https:\/\/www.periodicolapislazuli.com\/noticias\/wp-content\/plugins\/booster-extension\/\/assets\/icon\/surprise.svg\" alt=\"Surprise\">\n                    <\/a>\n                    <div class=\"twp-reaction-title\">Surprise<\/div>\n                    <div class=\"twp-count-percent\">\n                                                    <span style=\"display: none;\" class=\"twp-react-count\">0<\/span>\n                                                                        <span class=\"twp-react-percent\"><span>0<\/span> %<\/span>\n                                            <\/div>\n                <\/div>\n\n            <\/div>\n        <\/div>\n\n    ","protected":false},"excerpt":{"rendered":"<p>Por: Lapisl\u00e1zuli Peri\u00f3dico | @funlazuli Alejandro Jim\u00e9nez-Schr\u00f6der &nbsp; Quiz\u00e1 por desconocimiento, paradigma o simplemente por err\u00f3nea informaci\u00f3n, crees<\/p>\n<div class=\"pvc_clear\"><\/div>\n<p id=\"pvc_stats_6911\" class=\"pvc_stats all  \" data-element-id=\"6911\" style=\"\"><i class=\"pvc-stats-icon large\" aria-hidden=\"true\"><svg aria-hidden=\"true\" focusable=\"false\" data-prefix=\"far\" data-icon=\"chart-bar\" role=\"img\" xmlns=\"http:\/\/www.w3.org\/2000\/svg\" viewBox=\"0 0 512 512\" class=\"svg-inline--fa fa-chart-bar fa-w-16 fa-2x\"><path fill=\"currentColor\" d=\"M396.8 352h22.4c6.4 0 12.8-6.4 12.8-12.8V108.8c0-6.4-6.4-12.8-12.8-12.8h-22.4c-6.4 0-12.8 6.4-12.8 12.8v230.4c0 6.4 6.4 12.8 12.8 12.8zm-192 0h22.4c6.4 0 12.8-6.4 12.8-12.8V140.8c0-6.4-6.4-12.8-12.8-12.8h-22.4c-6.4 0-12.8 6.4-12.8 12.8v198.4c0 6.4 6.4 12.8 12.8 12.8zm96 0h22.4c6.4 0 12.8-6.4 12.8-12.8V204.8c0-6.4-6.4-12.8-12.8-12.8h-22.4c-6.4 0-12.8 6.4-12.8 12.8v134.4c0 6.4 6.4 12.8 12.8 12.8zM496 400H48V80c0-8.84-7.16-16-16-16H16C7.16 64 0 71.16 0 80v336c0 17.67 14.33 32 32 32h464c8.84 0 16-7.16 16-16v-16c0-8.84-7.16-16-16-16zm-387.2-48h22.4c6.4 0 12.8-6.4 12.8-12.8v-70.4c0-6.4-6.4-12.8-12.8-12.8h-22.4c-6.4 0-12.8 6.4-12.8 12.8v70.4c0 6.4 6.4 12.8 12.8 12.8z\" class=\"\"><\/path><\/svg><\/i> <img loading=\"lazy\" decoding=\"async\" width=\"16\" height=\"16\" alt=\"Loading\" src=\"https:\/\/www.periodicolapislazuli.com\/noticias\/wp-content\/plugins\/page-views-count\/ajax-loader-2x.gif\" border=0 \/><\/p>\n<div class=\"pvc_clear\"><\/div>\n","protected":false},"author":3,"featured_media":6913,"comment_status":"closed","ping_status":"open","sticky":false,"template":"","format":"quote","meta":{"om_disable_all_campaigns":false,"pagelayer_contact_templates":[],"_pagelayer_content":"","_monsterinsights_skip_tracking":false,"_monsterinsights_sitenote_active":false,"_monsterinsights_sitenote_note":"","_monsterinsights_sitenote_category":0,"footnotes":""},"categories":[8],"tags":[2719,170,2720,2722,2721,2718,190],"class_list":["post-6911","post","type-post","status-publish","format-quote","has-post-thumbnail","hentry","category-opinion","tag-conmemoracion","tag-derechos","tag-dia-internacional-del-hombre","tag-hombre","tag-poder","tag-silencio","tag-sociedad","post_format-post-format-quote"],"a3_pvc":{"activated":true,"total_views":334,"today_views":0},"jetpack_featured_media_url":"https:\/\/www.periodicolapislazuli.com\/noticias\/wp-content\/uploads\/2021\/03\/men-hugging-1000x500-1.jpg","_links":{"self":[{"href":"https:\/\/www.periodicolapislazuli.com\/noticias\/wp-json\/wp\/v2\/posts\/6911","targetHints":{"allow":["GET"]}}],"collection":[{"href":"https:\/\/www.periodicolapislazuli.com\/noticias\/wp-json\/wp\/v2\/posts"}],"about":[{"href":"https:\/\/www.periodicolapislazuli.com\/noticias\/wp-json\/wp\/v2\/types\/post"}],"author":[{"embeddable":true,"href":"https:\/\/www.periodicolapislazuli.com\/noticias\/wp-json\/wp\/v2\/users\/3"}],"replies":[{"embeddable":true,"href":"https:\/\/www.periodicolapislazuli.com\/noticias\/wp-json\/wp\/v2\/comments?post=6911"}],"version-history":[{"count":1,"href":"https:\/\/www.periodicolapislazuli.com\/noticias\/wp-json\/wp\/v2\/posts\/6911\/revisions"}],"predecessor-version":[{"id":6915,"href":"https:\/\/www.periodicolapislazuli.com\/noticias\/wp-json\/wp\/v2\/posts\/6911\/revisions\/6915"}],"wp:featuredmedia":[{"embeddable":true,"href":"https:\/\/www.periodicolapislazuli.com\/noticias\/wp-json\/wp\/v2\/media\/6913"}],"wp:attachment":[{"href":"https:\/\/www.periodicolapislazuli.com\/noticias\/wp-json\/wp\/v2\/media?parent=6911"}],"wp:term":[{"taxonomy":"category","embeddable":true,"href":"https:\/\/www.periodicolapislazuli.com\/noticias\/wp-json\/wp\/v2\/categories?post=6911"},{"taxonomy":"post_tag","embeddable":true,"href":"https:\/\/www.periodicolapislazuli.com\/noticias\/wp-json\/wp\/v2\/tags?post=6911"}],"curies":[{"name":"wp","href":"https:\/\/api.w.org\/{rel}","templated":true}]}}