{"id":685,"date":"2017-09-21T16:38:25","date_gmt":"2017-09-21T16:38:25","guid":{"rendered":"http:\/\/www.periodicolapislazuli.com\/noticias\/?p=685"},"modified":"2017-09-21T16:38:25","modified_gmt":"2017-09-21T16:38:25","slug":"vuelve-lectura-los-arboles-festival-literatura-al-aire-libre-mas-grande-del-pais","status":"publish","type":"post","link":"https:\/\/www.periodicolapislazuli.com\/noticias\/vuelve-lectura-los-arboles-festival-literatura-al-aire-libre-mas-grande-del-pais\/","title":{"rendered":"Vuelve Lectura Bajo los \u00c1rboles, el festival de literatura al aire libre m\u00e1s grande del pa\u00eds"},"content":{"rendered":"<div class='booster-block booster-read-block'>\n                <div class=\"twp-read-time\">\n                \t<i class=\"booster-icon twp-clock\"><\/i> <span>Read Time:<\/span>4 Minute, 54 Second                <\/div>\n\n            <\/div><p>Con m\u00e1s de 40 actividades e invitados como los autores Dani Umpi (Uruguay), Jos\u00e9 Javier Villarreal (M\u00e9xico), Mar\u00eda del Sol Peralta y H\u00e9ctor J. Freire (Argentina), entre otros, el festival se realizar\u00e1 en el Parque Nacional el s\u00e1bado 23 y domingo 24 de septiembre<!--more--><\/p>\n<p>Por: <strong>Jorge Marciales<\/strong><\/p>\n<p><img fetchpriority=\"high\" decoding=\"async\" class=\"alignnone wp-image-687 size-medium_large\" src=\"http:\/\/www.periodicolapislazuli.com\/noticias\/wp-content\/uploads\/2017\/09\/Lectura-Arboles-IDARTES-768x768.jpg\" alt=\"\" width=\"768\" height=\"768\" srcset=\"https:\/\/www.periodicolapislazuli.com\/noticias\/wp-content\/uploads\/2017\/09\/Lectura-Arboles-IDARTES-768x768.jpg 768w, https:\/\/www.periodicolapislazuli.com\/noticias\/wp-content\/uploads\/2017\/09\/Lectura-Arboles-IDARTES-150x150.jpg 150w, https:\/\/www.periodicolapislazuli.com\/noticias\/wp-content\/uploads\/2017\/09\/Lectura-Arboles-IDARTES-300x300.jpg 300w, https:\/\/www.periodicolapislazuli.com\/noticias\/wp-content\/uploads\/2017\/09\/Lectura-Arboles-IDARTES-1024x1024.jpg 1024w, https:\/\/www.periodicolapislazuli.com\/noticias\/wp-content\/uploads\/2017\/09\/Lectura-Arboles-IDARTES-250x250.jpg 250w, https:\/\/www.periodicolapislazuli.com\/noticias\/wp-content\/uploads\/2017\/09\/Lectura-Arboles-IDARTES-500x500.jpg 500w, https:\/\/www.periodicolapislazuli.com\/noticias\/wp-content\/uploads\/2017\/09\/Lectura-Arboles-IDARTES.jpg 1200w\" sizes=\"(max-width: 768px) 100vw, 768px\" \/><\/p>\n<div align=\"justify\">El pr\u00f3ximo s\u00e1bado 23 y el domingo 24 de septiembre, entre las 11:00 a.m. y las 6:00 p.m., la gran fiesta de la literatura vuelve al Parque Nacional con la s\u00e9ptima edici\u00f3n de Lectura Bajo los \u00c1rboles, el festival gratuito de literatura al aire libre m\u00e1s grande de Colombia, el cual se enmarca en las actividades del Plan Distrital de Lectura y Escritura Leer es Volar, organizado por la Alcald\u00eda Mayor de Bogot\u00e1, a trav\u00e9s de la Gerencia de Literatura del Instituto Distrital de las Artes -\u2013 Idartes y la C\u00e1mara Colombiana del Libro.Recitales de poes\u00eda, trueque literario, presentaciones art\u00edsticas y musicales, p\u00edcnic literario con promoci\u00f3n de lectura, entre otras actividades, deleitar\u00e1n a los asistentes en un espacio en donde los libros y la naturaleza se re\u00fanen en un solo escenario. Adem\u00e1s, por primera vez en el festival, cada hora desde las 11:00 a.m. se realizar\u00e1n recorridos gratuitos en bicicleta por el centro de la ciudad, con los cuales los participantes podr\u00e1n conocer m\u00e1s sobre la Bogot\u00e1 literaria.<\/p>\n<p>La tarima principal iniciar\u00e1 actividades con las presentaciones musicales: Cantar la poes\u00eda concierto a cargo de Mar\u00eda del Sol Peralta (el s\u00e1bado) y con el concierto coro la Cantor\u00eda Cuarto Menguante (el domingo). Adicionalmente, habr\u00e1 una carpa para los encuentros con escritores y para la lectura en voz alta, en estos espacios se han programado, entre otras actividades, la presentaci\u00f3n del libro Incluso los botes peque\u00f1os, de la ganadora del Premio Nacional de Novela Idartes &#8211; Emec\u00e9 2016, Megan Melo, el s\u00e1bado a las 2:00 p.m., y el conversatorio Salsa y Literatura \u2013 Homenaje en los 40 a\u00f1os de aniversario de la muerte de Andr\u00e9s Caicedo, el domingo a las 3:00 p.m.<\/p>\n<blockquote><p>Las familias encontrar\u00e1n una carpa con una oferta gratuita de talleres para todo tipo de p\u00fablico, en donde los asistentes mejorar\u00e1n sus habilidades de dibujo, encuadernaci\u00f3n, entre otros. Por su parte, el Festival Entrevi\u00f1etas nuevamente se vincula a Lectura Bajo los \u00c1rboles, con talleres de dibujo y charlas con autores como el argentino Mart\u00edn Lietti, quien estar\u00e1 hablando sobre el libro la Antolog\u00eda especial del c\u00f3mic latinoamericano, el domingo a las 2:00 p.m.<\/p><\/blockquote>\n<p>Los interesados en adquirir e intercambiar libros, encontrar\u00e1n en la zona de trueque la oportunidad perfecta para intercambiar sus ejemplares le\u00eddos, descubrir nuevos autores y adquirir los m\u00e1s recientes ejemplares de Libro al Viento. Asimismo, la Asociaci\u00f3n Colombiana de Libreros Independientes, estar\u00e1 presente en el evento con una variada oferta de libros nuevos que permitir\u00e1 enriquecer sus bibliotecas.<\/p>\n<p>El Bogot\u00e1 Short Film Festival \/ Festival de Cortos de Bogot\u00e1 \u2013 BOGOSHORTS, cumple, en 2017, 15 a\u00f1os trabajando por la promoci\u00f3n del corto colombiano. Por ello, para celebrar esta fecha, se presentar\u00e1 una selecci\u00f3n de los mejores cortometrajes colombianos de las pasadas ediciones del festival, como, por ejemplo: Esto es un rev\u00f3lver, Mi persona favorita o En foco: cine brit\u00e1nico y escoc\u00e9s, en alianza con el Ciclo Rosa de la Cinemateca Distrital.<\/p>\n<p>Igualmente, los asistentes podr\u00e1n vivir la lectura al aire libre con el p\u00edcnic literario, un espacio de promoci\u00f3n y fomento a la literatura, en el que las familias disfrutar\u00e1n de los textos de Libro al Viento.<\/p>\n<p>Conversatorios y dem\u00e1s actividades en torno al libro<\/p>\n<p>Durante los dos d\u00edas los micr\u00f3fonos del festival estar\u00e1n a la disposici\u00f3n del p\u00fablico en la Carpa de Lectura en voz alta, un espacio en el que los amantes de la literatura, desde escritores aficionados hasta expertos en el tema, podr\u00e1n compartir sus escritos en frente de los asistentes, y escuchar las lecturas de los textos realizados en la Red de talleres locales de escritura.<\/p>\n<p>Adem\u00e1s, para los seguidores de la obra de George R. R. Martin y fan\u00e1ticos de personajes como Jon Snow, Daenerys Targaryen o Arya Stark, se realizar\u00e1 un conversatorio especial en honor a Juego de tronos, llamado El drag\u00f3n y El lobo, el cual se realizar\u00e1 el s\u00e1bado a las 3:00 p.m., en la tarima principal, con un grupo de booktubers y fan\u00e1ticos de esta saga literaria de fantas\u00eda \u00e9pica. Por su parte, con la moderaci\u00f3n de Federico D\u00edaz Granados, los poetas Santiago Espinosa (ganador Premio Internacional de Poes\u00eda Jaime Sabines) y Henry G\u00f3mez (ganador Premio Internacional de Poes\u00eda Jos\u00e9 Ver\u00f3n Gormaz), dialogar\u00e1n el s\u00e1bado a la 1:00 p.m. en la carpa de escritores.<\/p>\n<p>La poes\u00eda tambi\u00e9n ser\u00e1 protagonista en Lectura bajo los \u00e1rboles con la vinculaci\u00f3n de las IX Jornadas Universitarias de Poes\u00eda, quienes har\u00e1n la apertura al evento, que este a\u00f1o rinde homenaje al poeta mexicano Jos\u00e9 Emilio Pacheco. Por su parte, en la fuente de poes\u00eda estar\u00e1n escritores nacionales e internacionales como Amalia Moreno (Colombia), Jos\u00e9 \u00c1ngel Leyva (M\u00e9xico), John Better (Colombia), Alex Chico (Espa\u00f1a), Lida Viviana Pineda (Colombia), entre otros.<\/p>\n<p>En el marco del evento se realizar\u00e1n dos conversatorios para presentar obras recientes de la literatura colombiana: uno para hablar de literatura infantil con los escritores Melibea Garavito, Yolanda Reyes y Helena Iriarte, y otro presentando obras de dos autores j\u00f3venes colombianos: Juan \u00c1lvarez y C\u00e9sar Mackenzie.<\/p>\n<p>El s\u00e1bado a las 6:00 p.m., el cierre en la tarima principal estar\u00e1 a cargo de la cantante y compositora Victoria Sur. Mientras que el domingo, para cerrar Lectura bajo los \u00e1rboles, Edson Velandia, en compa\u00f1\u00eda del invitado de Bogot\u00e1 Contada 5 Dani Umpi (Uruguay), deleitar\u00e1n al p\u00fablico con el concierto Las novias barbudas una presentaci\u00f3n que mezcla la m\u00fasica y la literatura.<\/p>\n<p>La Gerencia de Literatura hace parte del Instituto Distrital de las Artes \u2013 Idartes, entidad adscrita a la Secretar\u00eda de Cultura Recreaci\u00f3n y Deporte de la Alcald\u00eda Mayor de Bogot\u00e1 \u2013 Bogot\u00e1 Mejor para Todos.<\/p>\n<p>&nbsp;<\/p>\n<\/div>\n<div class=\"pvc_clear\"><\/div>\n<p id=\"pvc_stats_685\" class=\"pvc_stats all  \" data-element-id=\"685\" style=\"\"><i class=\"pvc-stats-icon large\" aria-hidden=\"true\"><svg aria-hidden=\"true\" focusable=\"false\" data-prefix=\"far\" data-icon=\"chart-bar\" role=\"img\" xmlns=\"http:\/\/www.w3.org\/2000\/svg\" viewBox=\"0 0 512 512\" class=\"svg-inline--fa fa-chart-bar fa-w-16 fa-2x\"><path fill=\"currentColor\" d=\"M396.8 352h22.4c6.4 0 12.8-6.4 12.8-12.8V108.8c0-6.4-6.4-12.8-12.8-12.8h-22.4c-6.4 0-12.8 6.4-12.8 12.8v230.4c0 6.4 6.4 12.8 12.8 12.8zm-192 0h22.4c6.4 0 12.8-6.4 12.8-12.8V140.8c0-6.4-6.4-12.8-12.8-12.8h-22.4c-6.4 0-12.8 6.4-12.8 12.8v198.4c0 6.4 6.4 12.8 12.8 12.8zm96 0h22.4c6.4 0 12.8-6.4 12.8-12.8V204.8c0-6.4-6.4-12.8-12.8-12.8h-22.4c-6.4 0-12.8 6.4-12.8 12.8v134.4c0 6.4 6.4 12.8 12.8 12.8zM496 400H48V80c0-8.84-7.16-16-16-16H16C7.16 64 0 71.16 0 80v336c0 17.67 14.33 32 32 32h464c8.84 0 16-7.16 16-16v-16c0-8.84-7.16-16-16-16zm-387.2-48h22.4c6.4 0 12.8-6.4 12.8-12.8v-70.4c0-6.4-6.4-12.8-12.8-12.8h-22.4c-6.4 0-12.8 6.4-12.8 12.8v70.4c0 6.4 6.4 12.8 12.8 12.8z\" class=\"\"><\/path><\/svg><\/i> <img decoding=\"async\" width=\"16\" height=\"16\" alt=\"Loading\" src=\"https:\/\/www.periodicolapislazuli.com\/noticias\/wp-content\/plugins\/page-views-count\/ajax-loader-2x.gif\" border=0 \/><\/p>\n<div class=\"pvc_clear\"><\/div>\n        <div class=\"booster-block booster-reactions-block\">\n            <div class=\"twp-reactions-icons\">\n                \n                <div class=\"twp-reacts-wrap\">\n                    <a react-data=\"be-react-1\" post-id=\"685\" class=\"be-face-icons un-reacted\" href=\"javascript:void(0)\">\n                        <img decoding=\"async\" src=\"https:\/\/www.periodicolapislazuli.com\/noticias\/wp-content\/plugins\/booster-extension\/\/assets\/icon\/happy.svg\" alt=\"Happy\">\n                    <\/a>\n                    <div class=\"twp-reaction-title\">\n                        Happy                    <\/div>\n                    <div class=\"twp-count-percent\">\n                                                    <span style=\"display: none;\" class=\"twp-react-count\">0<\/span>\n                        \n                                                <span class=\"twp-react-percent\"><span>0<\/span> %<\/span>\n                                            <\/div>\n                <\/div>\n\n                <div class=\"twp-reacts-wrap\">\n                    <a react-data=\"be-react-2\" post-id=\"685\" class=\"be-face-icons un-reacted\" href=\"javascript:void(0)\">\n                        <img decoding=\"async\" src=\"https:\/\/www.periodicolapislazuli.com\/noticias\/wp-content\/plugins\/booster-extension\/\/assets\/icon\/sad.svg\" alt=\"Sad\">\n                    <\/a>\n                    <div class=\"twp-reaction-title\">\n                        Sad                    <\/div>\n                    <div class=\"twp-count-percent\">\n                                                    <span style=\"display: none;\" class=\"twp-react-count\">0<\/span>\n                                                                        <span class=\"twp-react-percent\"><span>0<\/span> %<\/span>\n                                            <\/div>\n                <\/div>\n\n                <div class=\"twp-reacts-wrap\">\n                    <a react-data=\"be-react-3\" post-id=\"685\" class=\"be-face-icons un-reacted\" href=\"javascript:void(0)\">\n                        <img decoding=\"async\" src=\"https:\/\/www.periodicolapislazuli.com\/noticias\/wp-content\/plugins\/booster-extension\/\/assets\/icon\/excited.svg\" alt=\"Excited\">\n                    <\/a>\n                    <div class=\"twp-reaction-title\">\n                        Excited                    <\/div>\n                    <div class=\"twp-count-percent\">\n                                                    <span style=\"display: none;\" class=\"twp-react-count\">0<\/span>\n                                                                        <span class=\"twp-react-percent\"><span>0<\/span> %<\/span>\n                                            <\/div>\n                <\/div>\n\n                <div class=\"twp-reacts-wrap\">\n                    <a react-data=\"be-react-6\" post-id=\"685\" class=\"be-face-icons un-reacted\" href=\"javascript:void(0)\">\n                        <img decoding=\"async\" src=\"https:\/\/www.periodicolapislazuli.com\/noticias\/wp-content\/plugins\/booster-extension\/\/assets\/icon\/sleepy.svg\" alt=\"Sleepy\">\n                    <\/a>\n                    <div class=\"twp-reaction-title\">\n                        Sleepy                    <\/div>\n                    <div class=\"twp-count-percent\">\n                                                    <span style=\"display: none;\" class=\"twp-react-count\">0<\/span>\n                        \n                                                <span class=\"twp-react-percent\"><span>0<\/span> %<\/span>\n                                            <\/div>\n                <\/div>\n\n                <div class=\"twp-reacts-wrap\">\n                    <a react-data=\"be-react-4\" post-id=\"685\" class=\"be-face-icons un-reacted\" href=\"javascript:void(0)\">\n                        <img decoding=\"async\" src=\"https:\/\/www.periodicolapislazuli.com\/noticias\/wp-content\/plugins\/booster-extension\/\/assets\/icon\/angry.svg\" alt=\"Angry\">\n                    <\/a>\n                    <div class=\"twp-reaction-title\">Angry<\/div>\n                    <div class=\"twp-count-percent\">\n                                                    <span style=\"display: none;\" class=\"twp-react-count\">0<\/span>\n                                                                        <span class=\"twp-react-percent\"><span>0<\/span> %<\/span>\n                        \n                    <\/div>\n                <\/div>\n\n                <div class=\"twp-reacts-wrap\">\n                    <a react-data=\"be-react-5\" post-id=\"685\" class=\"be-face-icons un-reacted\" href=\"javascript:void(0)\">\n                        <img decoding=\"async\" src=\"https:\/\/www.periodicolapislazuli.com\/noticias\/wp-content\/plugins\/booster-extension\/\/assets\/icon\/surprise.svg\" alt=\"Surprise\">\n                    <\/a>\n                    <div class=\"twp-reaction-title\">Surprise<\/div>\n                    <div class=\"twp-count-percent\">\n                                                    <span style=\"display: none;\" class=\"twp-react-count\">0<\/span>\n                                                                        <span class=\"twp-react-percent\"><span>0<\/span> %<\/span>\n                                            <\/div>\n                <\/div>\n\n            <\/div>\n        <\/div>\n\n    ","protected":false},"excerpt":{"rendered":"<p>Con m\u00e1s de 40 actividades e invitados como los autores Dani Umpi (Uruguay), Jos\u00e9 Javier Villarreal (M\u00e9xico), Mar\u00eda<\/p>\n<div class=\"pvc_clear\"><\/div>\n<p id=\"pvc_stats_685\" class=\"pvc_stats all  \" data-element-id=\"685\" style=\"\"><i class=\"pvc-stats-icon large\" aria-hidden=\"true\"><svg aria-hidden=\"true\" focusable=\"false\" data-prefix=\"far\" data-icon=\"chart-bar\" role=\"img\" xmlns=\"http:\/\/www.w3.org\/2000\/svg\" viewBox=\"0 0 512 512\" class=\"svg-inline--fa fa-chart-bar fa-w-16 fa-2x\"><path fill=\"currentColor\" d=\"M396.8 352h22.4c6.4 0 12.8-6.4 12.8-12.8V108.8c0-6.4-6.4-12.8-12.8-12.8h-22.4c-6.4 0-12.8 6.4-12.8 12.8v230.4c0 6.4 6.4 12.8 12.8 12.8zm-192 0h22.4c6.4 0 12.8-6.4 12.8-12.8V140.8c0-6.4-6.4-12.8-12.8-12.8h-22.4c-6.4 0-12.8 6.4-12.8 12.8v198.4c0 6.4 6.4 12.8 12.8 12.8zm96 0h22.4c6.4 0 12.8-6.4 12.8-12.8V204.8c0-6.4-6.4-12.8-12.8-12.8h-22.4c-6.4 0-12.8 6.4-12.8 12.8v134.4c0 6.4 6.4 12.8 12.8 12.8zM496 400H48V80c0-8.84-7.16-16-16-16H16C7.16 64 0 71.16 0 80v336c0 17.67 14.33 32 32 32h464c8.84 0 16-7.16 16-16v-16c0-8.84-7.16-16-16-16zm-387.2-48h22.4c6.4 0 12.8-6.4 12.8-12.8v-70.4c0-6.4-6.4-12.8-12.8-12.8h-22.4c-6.4 0-12.8 6.4-12.8 12.8v70.4c0 6.4 6.4 12.8 12.8 12.8z\" class=\"\"><\/path><\/svg><\/i> <img decoding=\"async\" width=\"16\" height=\"16\" alt=\"Loading\" src=\"https:\/\/www.periodicolapislazuli.com\/noticias\/wp-content\/plugins\/page-views-count\/ajax-loader-2x.gif\" border=0 \/><\/p>\n<div class=\"pvc_clear\"><\/div>\n","protected":false},"author":1,"featured_media":686,"comment_status":"closed","ping_status":"open","sticky":false,"template":"","format":"standard","meta":{"om_disable_all_campaigns":false,"pagelayer_contact_templates":[],"_pagelayer_content":"","_monsterinsights_skip_tracking":false,"_monsterinsights_sitenote_active":false,"_monsterinsights_sitenote_note":"","_monsterinsights_sitenote_category":0,"footnotes":""},"categories":[26,5],"tags":[48,73,182,55,47,127,195],"class_list":["post-685","post","type-post","status-publish","format-standard","has-post-thumbnail","hentry","category-literatura","category-eventos","tag-bogota","tag-cultura","tag-idartes","tag-lectura","tag-literatura","tag-parques","tag-promocion"],"a3_pvc":{"activated":true,"total_views":232,"today_views":0},"jetpack_featured_media_url":"https:\/\/www.periodicolapislazuli.com\/noticias\/wp-content\/uploads\/2017\/09\/IMG_3981-Lectura-Bajo-los-Arboles-2015-By-Claudia-Palacio_0.jpg","_links":{"self":[{"href":"https:\/\/www.periodicolapislazuli.com\/noticias\/wp-json\/wp\/v2\/posts\/685","targetHints":{"allow":["GET"]}}],"collection":[{"href":"https:\/\/www.periodicolapislazuli.com\/noticias\/wp-json\/wp\/v2\/posts"}],"about":[{"href":"https:\/\/www.periodicolapislazuli.com\/noticias\/wp-json\/wp\/v2\/types\/post"}],"author":[{"embeddable":true,"href":"https:\/\/www.periodicolapislazuli.com\/noticias\/wp-json\/wp\/v2\/users\/1"}],"replies":[{"embeddable":true,"href":"https:\/\/www.periodicolapislazuli.com\/noticias\/wp-json\/wp\/v2\/comments?post=685"}],"version-history":[{"count":1,"href":"https:\/\/www.periodicolapislazuli.com\/noticias\/wp-json\/wp\/v2\/posts\/685\/revisions"}],"predecessor-version":[{"id":688,"href":"https:\/\/www.periodicolapislazuli.com\/noticias\/wp-json\/wp\/v2\/posts\/685\/revisions\/688"}],"wp:featuredmedia":[{"embeddable":true,"href":"https:\/\/www.periodicolapislazuli.com\/noticias\/wp-json\/wp\/v2\/media\/686"}],"wp:attachment":[{"href":"https:\/\/www.periodicolapislazuli.com\/noticias\/wp-json\/wp\/v2\/media?parent=685"}],"wp:term":[{"taxonomy":"category","embeddable":true,"href":"https:\/\/www.periodicolapislazuli.com\/noticias\/wp-json\/wp\/v2\/categories?post=685"},{"taxonomy":"post_tag","embeddable":true,"href":"https:\/\/www.periodicolapislazuli.com\/noticias\/wp-json\/wp\/v2\/tags?post=685"}],"curies":[{"name":"wp","href":"https:\/\/api.w.org\/{rel}","templated":true}]}}