{"id":6641,"date":"2021-02-10T17:42:57","date_gmt":"2021-02-10T17:42:57","guid":{"rendered":"https:\/\/www.periodicolapislazuli.com\/noticias\/?p=6641"},"modified":"2021-02-10T17:42:57","modified_gmt":"2021-02-10T17:42:57","slug":"el-papel-de-la-cultura-en-la-comision-de-la-verdad","status":"publish","type":"post","link":"https:\/\/www.periodicolapislazuli.com\/noticias\/el-papel-de-la-cultura-en-la-comision-de-la-verdad\/","title":{"rendered":"El papel de la cultura en la Comisi\u00f3n de la verdad"},"content":{"rendered":"<div class='booster-block booster-read-block'>\n                <div class=\"twp-read-time\">\n                \t<i class=\"booster-icon twp-clock\"><\/i> <span>Read Time:<\/span>7 Minute, 36 Second                <\/div>\n\n            <\/div><div class=\"header reader-header reader-show-element\">\n<div class=\"credits reader-credits\" style=\"text-align: right;\">Fuente | El Espectador<\/p>\n<hr \/>\n<\/div>\n<div class=\"meta-data\" style=\"text-align: justify;\">\n<div class=\"reader-estimated-time\" dir=\"ltr\"><\/div>\n<\/div>\n<\/div>\n<div class=\"content\">\n<div class=\"moz-reader-content reader-show-element\">\n<div id=\"readability-page-1\" class=\"page\">\n<section>\n<p style=\"text-align: justify;\">Se requiere que la cultura sea vista y comprendida en toda su dimensi\u00f3n. Se requiere que seamos capaces de leer tambi\u00e9n las expresiones del arte y la cultura que brotan a diario en las comunidades que se resisten a hacer parte de las violencias sembrando mitos y ritos por todo el territorio para que perviva la esperanza.<\/p>\n<p style=\"text-align: justify;\">Hace ya un par de d\u00e9cadas, Gabriel Garc\u00eda M\u00e1rquez le pregunt\u00f3 a William Ospina por qu\u00e9 las soluciones a la guerra que planteaba Colombia no pasaban, esencialmente, por la educaci\u00f3n y la cultura. Si bien hemos avanzado en hacer de la cultura un lugar para la construcci\u00f3n de lazos, resistencia, identidad, unidad y, sobre todo, lenguaje para nombrar los dolores, pero tambi\u00e9n los sue\u00f1os y esperanzas; la reflexi\u00f3n sobre los asuntos de la cultura que han ayudado a instalar, desarrollar y perpetuar este conflicto armado que ha vivido Colombia por a\u00f1os no se han nombrado suficientemente. No se han relacionado, por ejemplo, los or\u00edgenes y formas en que se ha expresado el conflicto armado a los valores y a las pr\u00e1cticas culturales, y mucho menos han sido la base sobre la cual se propongan las transformaciones que el pa\u00eds requiere para vivir arm\u00f3nicamente en comunidad, como seres humanos con igual dignidad y con acceso pleno a los derechos.<\/p>\n<p style=\"text-align: justify;\">Hablar del poder transformador de la cultura resulta casi un insulto para las mentes ilustradas o para los pueblos que se han expresado a trav\u00e9s de los lenguajes del arte y la cultura por siglos; sin embargo, en la institucionalidad nacional la conciencia sobre la potencia transformadora del arte y la cultura es muy precaria y en muchos casos, inexistente.<\/p>\n<p style=\"text-align: justify; padding-left: 40px;\">Como dice el profesor German Rey (Mayo 2018): \u201cSi la cultura tiene que ver con la afirmaci\u00f3n de los lazos, la pertenencia, el arraigo o las identidades, todos ellos se vieron fracturados durante este m\u00e1s de medio siglo de una manera pertinaz y sin tregua. Y si se relaciona con las memorias individuales y colectivas, las identidades, la comunicaci\u00f3n, las creencias y el mundo simb\u00f3lico, todos ellos fueron socavados constantemente por las diferentes formas de violencia\u201d. \u00bfPor qu\u00e9 entonces la cultura no ocupa un lugar m\u00e1s preponderante en la pregunta por la paz?<\/p>\n<p style=\"text-align: justify;\">La cultura es, en esencia, lo que realmente se transforma en una comunidad. La falta de conciencia sobre el papel transformador de la cultura ha hecho que un pa\u00eds como el nuestro desconozca sus or\u00edgenes, sus valores ancestrales, ubique por fuera de s\u00ed sus principales referentes, desconozca a sus pares, subvalore la riqueza inmensa de la diversidad y permanezca por a\u00f1os ajeno a su propia realidad. La ausencia de una comprensi\u00f3n profunda sobre esta dimensi\u00f3n dificulta enormemente la comprensi\u00f3n de la tarea pol\u00edtica y social que la cultura juega en la constituci\u00f3n de un modo de ser nacional, local e individual. Y tal vez la tarea m\u00e1s urgente por cumplir, el escenario m\u00e1s profundo por abordar para realizar las transformaciones reales que Colombia requiere, es la de conceder a la cultura el lugar que corresponde y, a las artes, la misi\u00f3n enriquecedora de la vida que le compete.<\/p>\n<blockquote>\n<p style=\"text-align: justify;\">Est\u00e1 claro para muchos que Colombia necesita con urgencia hacer el tr\u00e1nsito de una sociedad en guerra a una que aprende a convivir; lo que no est\u00e1 claro es que en el coraz\u00f3n de ese cambio requerido est\u00e1 la cultura entendida como \u201cel conjunto de rasgos distintivos, espirituales y materiales, intelectuales y afectivos que caracterizan una sociedad o un grupo social\u201d (Unesco), que fundada sobre creencias e imaginarios construidos por a\u00f1os, de manera inconsciente en la mayor\u00eda de las veces, define las identidades, los valores, valoraciones y las formas de relacionarnos: el sentido que damos al orden y a la ley. Pero no son las leyes y las instituciones las que transforman una sociedad sino la cultura que las sustenta y, por eso, intentar hacer un cambio imponiendo las formas sobre los sentidos hace lento o in\u00fatil este esfuerzo.<\/p>\n<\/blockquote>\n<p style=\"text-align: justify;\">Colombia necesita preguntarse sobre los asuntos de la cultura en los que se ha fundado esta guerra, sobre los valores, los paradigmas y las costumbres arraigadas por a\u00f1os que han permitido la eliminaci\u00f3n, la exclusi\u00f3n, el desprecio o el se\u00f1alamiento de personas y comunidades, de oficios, creencias y filiaciones pol\u00edticas. Borrar o subvalorar al diferente se naturaliz\u00f3 desde el exterminio de poblaciones ind\u00edgenas en la conquista, pasando por las \u201c<i>guahibiadas<\/i>\u201d o cacer\u00eda de ind\u00edgenas por colonos que habitaban los Llanos Orientales, desde finales del siglo XIX hasta finales del siglo XX, y los asesinatos de miles de ind\u00edgenas en la Violencia, hasta nuestros d\u00edas.<\/p>\n<p style=\"text-align: justify;\">En el 2020 fueron asesinados 300 l\u00edderes sociales, muchos de ellos ind\u00edgenas, y 61 firmantes del Acuerdo de paz en la Habana sin que el Estado ni los ciudadanos levant\u00e1ramos al un\u00edsono una voz de protesta contra estos actos de inhumanidad. \u201cDesde el 1 de enero de 1973 hasta el 6 de abril de 2018 se han registrado, al menos, 14.637 violaciones a la vida, libertad e integridad cometidas contra sindicalistas:\u201d, casos con un 98% de impunidad, solo para nombrar algunas poblaciones afectadas por la que no ha habido duelo nacional. No es solo la justicia la que falla, es nuestra propia dignidad la que queda en cuesti\u00f3n. \u00bfC\u00f3mo es posible que este pa\u00eds haya tenido mucho m\u00e1s de ocho millones de v\u00edctimas y aun nos preguntemos si es necesario hacer una reflexi\u00f3n que nos lleve a la no repetici\u00f3n y a emprender el camino hacia la reconciliaci\u00f3n? \u00bfQu\u00e9 hay de fondo que nos impide ver el da\u00f1o que hay en nuestra cultura?<\/p>\n<blockquote>\n<p style=\"text-align: justify;\">La guerra, por supuesto, ha profundizado el da\u00f1o; ha naturalizado la muerte y el horror, ha alentado la disputa pol\u00edtica, ha retrasado el desarrollo y la democracia; somos v\u00edctimas de un profundo trauma cultural que nos hace muy dif\u00edcil vislumbrar el camino de salida.<\/p>\n<\/blockquote>\n<p style=\"text-align: justify;\">Se requiere entonces que la cultura sea vista y comprendida en toda su dimensi\u00f3n. Se requiere que seamos capaces de leer tambi\u00e9n las expresiones del arte y la cultura que brotan a diario en las comunidades que se resisten a hacer parte de las violencias sembrando mitos y ritos por todo el territorio para que perviva la esperanza. Bastar\u00eda agudizar la mirada y el coraz\u00f3n y escuchar las canciones, las dramaturgias, los poemas, las festividades, los s\u00edmbolos que claman por el respeto a la vida.<\/p>\n<p style=\"text-align: justify;\">Pero algo ha empezado a suceder que es necesario estimular. Puede ser el momento para hacernos finalmente una idea m\u00e1s completa y rica de lo que somos y asumir esta complejidad no solo como una riqueza, sino como un valor moderno que nos permite ser originales y a la vez parte de muchos mundos y muchas culturas contrarios a un monocultivo y, por lo tanto, m\u00e1s resistentes, con mayores recursos para enfrentar las adversidades, con m\u00e1s respuestas para apoyarnos y servirle al mundo. Tal vez haya sido la guerra misma la que ha estimulado la necesidad de nombrar lo innombrable, de narrar lo inenarrable, de levantar la voz y hacerse sentir. Hoy, a trav\u00e9s de las expresiones art\u00edsticas, conocemos m\u00e1s pueblos y m\u00e1s culturas.<\/p>\n<p style=\"text-align: justify;\">Corresponde entonces a quienes tenemos una apuesta \u00e9tica y pol\u00edtica preguntarnos por el proyecto cultural sobre el que debe afincarse una nueva Colombia. Corresponde a las entidades culturales entender el valor de su existencia en la construcci\u00f3n de la naci\u00f3n, apuntar con criterio y car\u00e1cter a una idea de sociedad y de Estado realmente democr\u00e1tico e incluyente, y hacer de su discurso, de su programaci\u00f3n, de su interacci\u00f3n con el p\u00fablico y con la sociedad en general, una tarea conscientemente transformadora. Es urgente intentar desde la cultura los cambios que la econom\u00eda y la pol\u00edtica no han hecho.<\/p>\n<p style=\"text-align: justify;\">Es por todo esto que, para la Comisi\u00f3n para el Esclarecimiento de la Verdad, la Convivencia y la No Repetici\u00f3n, las pregunta por los asuntos de la cultura que han fundado y estimulado el conflicto armado en Colombia y la pregunta por los da\u00f1os o afectaciones del conflicto armado a la cultura, tienen un importante lugar en la tarea investigativa con el fin de identificar estos factores culturales que es necesario transformar para vivir en paz. Tambi\u00e9n hemos puesto atenci\u00f3n y hemos estimulado las pr\u00e1cticas art\u00edsticas y culturales que emanan del coraz\u00f3n de las comunidades: a trav\u00e9s de ellas las comunidades narran su historia, se hacen visibles con su tragedia y sus propuestas y, sobre todo, ponen en evidencia esa identidad que los ata al territorio y a los suyos. Esto les ha permitido resistir los embates de esta guerra infame que se resiste a parar.<\/p>\n<p style=\"text-align: justify;\">De esta tarea nos va quedando la confirmaci\u00f3n de una herencia colonial llena de categorizaciones que se han convertido en desprecio de razas, clases y comunidades; de la doctrina anticomunista ha ido quedando el desprecio y la eliminaci\u00f3n a todo pensamiento alternativo y reivindicativo. Pero tambi\u00e9n es necesario decir que en los cantos, las danzas, los poemas y en miles de actos creativos que nacen en nuestros r\u00edos, monta\u00f1as y ciudades, se hace visible una sociedad plural, rica, fuerte, con una voluntad infinita de resistir, re-existir, perdonar y, sobre todo, alentarnos a lograr la paz.<\/p>\n<p style=\"text-align: justify;\">\n<\/section>\n<\/div>\n<\/div>\n<\/div>\n<div class=\"pvc_clear\"><\/div>\n<p id=\"pvc_stats_6641\" class=\"pvc_stats all  \" data-element-id=\"6641\" style=\"\"><i class=\"pvc-stats-icon large\" aria-hidden=\"true\"><svg aria-hidden=\"true\" focusable=\"false\" data-prefix=\"far\" data-icon=\"chart-bar\" role=\"img\" xmlns=\"http:\/\/www.w3.org\/2000\/svg\" viewBox=\"0 0 512 512\" class=\"svg-inline--fa fa-chart-bar fa-w-16 fa-2x\"><path fill=\"currentColor\" d=\"M396.8 352h22.4c6.4 0 12.8-6.4 12.8-12.8V108.8c0-6.4-6.4-12.8-12.8-12.8h-22.4c-6.4 0-12.8 6.4-12.8 12.8v230.4c0 6.4 6.4 12.8 12.8 12.8zm-192 0h22.4c6.4 0 12.8-6.4 12.8-12.8V140.8c0-6.4-6.4-12.8-12.8-12.8h-22.4c-6.4 0-12.8 6.4-12.8 12.8v198.4c0 6.4 6.4 12.8 12.8 12.8zm96 0h22.4c6.4 0 12.8-6.4 12.8-12.8V204.8c0-6.4-6.4-12.8-12.8-12.8h-22.4c-6.4 0-12.8 6.4-12.8 12.8v134.4c0 6.4 6.4 12.8 12.8 12.8zM496 400H48V80c0-8.84-7.16-16-16-16H16C7.16 64 0 71.16 0 80v336c0 17.67 14.33 32 32 32h464c8.84 0 16-7.16 16-16v-16c0-8.84-7.16-16-16-16zm-387.2-48h22.4c6.4 0 12.8-6.4 12.8-12.8v-70.4c0-6.4-6.4-12.8-12.8-12.8h-22.4c-6.4 0-12.8 6.4-12.8 12.8v70.4c0 6.4 6.4 12.8 12.8 12.8z\" class=\"\"><\/path><\/svg><\/i> <img decoding=\"async\" width=\"16\" height=\"16\" alt=\"Loading\" src=\"https:\/\/www.periodicolapislazuli.com\/noticias\/wp-content\/plugins\/page-views-count\/ajax-loader-2x.gif\" border=0 \/><\/p>\n<div class=\"pvc_clear\"><\/div>\n        <div class=\"booster-block booster-reactions-block\">\n            <div class=\"twp-reactions-icons\">\n                \n                <div class=\"twp-reacts-wrap\">\n                    <a react-data=\"be-react-1\" post-id=\"6641\" class=\"be-face-icons un-reacted\" href=\"javascript:void(0)\">\n                        <img decoding=\"async\" src=\"https:\/\/www.periodicolapislazuli.com\/noticias\/wp-content\/plugins\/booster-extension\/\/assets\/icon\/happy.svg\" alt=\"Happy\">\n                    <\/a>\n                    <div class=\"twp-reaction-title\">\n                        Happy                    <\/div>\n                    <div class=\"twp-count-percent\">\n                                                    <span style=\"display: none;\" class=\"twp-react-count\">0<\/span>\n                        \n                                                <span class=\"twp-react-percent\"><span>0<\/span> %<\/span>\n                                            <\/div>\n                <\/div>\n\n                <div class=\"twp-reacts-wrap\">\n                    <a react-data=\"be-react-2\" post-id=\"6641\" class=\"be-face-icons un-reacted\" href=\"javascript:void(0)\">\n                        <img decoding=\"async\" src=\"https:\/\/www.periodicolapislazuli.com\/noticias\/wp-content\/plugins\/booster-extension\/\/assets\/icon\/sad.svg\" alt=\"Sad\">\n                    <\/a>\n                    <div class=\"twp-reaction-title\">\n                        Sad                    <\/div>\n                    <div class=\"twp-count-percent\">\n                                                    <span style=\"display: none;\" class=\"twp-react-count\">0<\/span>\n                                                                        <span class=\"twp-react-percent\"><span>0<\/span> %<\/span>\n                                            <\/div>\n                <\/div>\n\n                <div class=\"twp-reacts-wrap\">\n                    <a react-data=\"be-react-3\" post-id=\"6641\" class=\"be-face-icons un-reacted\" href=\"javascript:void(0)\">\n                        <img decoding=\"async\" src=\"https:\/\/www.periodicolapislazuli.com\/noticias\/wp-content\/plugins\/booster-extension\/\/assets\/icon\/excited.svg\" alt=\"Excited\">\n                    <\/a>\n                    <div class=\"twp-reaction-title\">\n                        Excited                    <\/div>\n                    <div class=\"twp-count-percent\">\n                                                    <span style=\"display: none;\" class=\"twp-react-count\">0<\/span>\n                                                                        <span class=\"twp-react-percent\"><span>0<\/span> %<\/span>\n                                            <\/div>\n                <\/div>\n\n                <div class=\"twp-reacts-wrap\">\n                    <a react-data=\"be-react-6\" post-id=\"6641\" class=\"be-face-icons un-reacted\" href=\"javascript:void(0)\">\n                        <img decoding=\"async\" src=\"https:\/\/www.periodicolapislazuli.com\/noticias\/wp-content\/plugins\/booster-extension\/\/assets\/icon\/sleepy.svg\" alt=\"Sleepy\">\n                    <\/a>\n                    <div class=\"twp-reaction-title\">\n                        Sleepy                    <\/div>\n                    <div class=\"twp-count-percent\">\n                                                    <span style=\"display: none;\" class=\"twp-react-count\">0<\/span>\n                        \n                                                <span class=\"twp-react-percent\"><span>0<\/span> %<\/span>\n                                            <\/div>\n                <\/div>\n\n                <div class=\"twp-reacts-wrap\">\n                    <a react-data=\"be-react-4\" post-id=\"6641\" class=\"be-face-icons un-reacted\" href=\"javascript:void(0)\">\n                        <img decoding=\"async\" src=\"https:\/\/www.periodicolapislazuli.com\/noticias\/wp-content\/plugins\/booster-extension\/\/assets\/icon\/angry.svg\" alt=\"Angry\">\n                    <\/a>\n                    <div class=\"twp-reaction-title\">Angry<\/div>\n                    <div class=\"twp-count-percent\">\n                                                    <span style=\"display: none;\" class=\"twp-react-count\">0<\/span>\n                                                                        <span class=\"twp-react-percent\"><span>0<\/span> %<\/span>\n                        \n                    <\/div>\n                <\/div>\n\n                <div class=\"twp-reacts-wrap\">\n                    <a react-data=\"be-react-5\" post-id=\"6641\" class=\"be-face-icons un-reacted\" href=\"javascript:void(0)\">\n                        <img decoding=\"async\" src=\"https:\/\/www.periodicolapislazuli.com\/noticias\/wp-content\/plugins\/booster-extension\/\/assets\/icon\/surprise.svg\" alt=\"Surprise\">\n                    <\/a>\n                    <div class=\"twp-reaction-title\">Surprise<\/div>\n                    <div class=\"twp-count-percent\">\n                                                    <span style=\"display: none;\" class=\"twp-react-count\">0<\/span>\n                                                                        <span class=\"twp-react-percent\"><span>0<\/span> %<\/span>\n                                            <\/div>\n                <\/div>\n\n            <\/div>\n        <\/div>\n\n    ","protected":false},"excerpt":{"rendered":"<p>Fuente | El Espectador Se requiere que la cultura sea vista y comprendida en toda su dimensi\u00f3n. Se<\/p>\n<div class=\"pvc_clear\"><\/div>\n<p id=\"pvc_stats_6641\" class=\"pvc_stats all  \" data-element-id=\"6641\" style=\"\"><i class=\"pvc-stats-icon large\" aria-hidden=\"true\"><svg aria-hidden=\"true\" focusable=\"false\" data-prefix=\"far\" data-icon=\"chart-bar\" role=\"img\" xmlns=\"http:\/\/www.w3.org\/2000\/svg\" viewBox=\"0 0 512 512\" class=\"svg-inline--fa fa-chart-bar fa-w-16 fa-2x\"><path fill=\"currentColor\" d=\"M396.8 352h22.4c6.4 0 12.8-6.4 12.8-12.8V108.8c0-6.4-6.4-12.8-12.8-12.8h-22.4c-6.4 0-12.8 6.4-12.8 12.8v230.4c0 6.4 6.4 12.8 12.8 12.8zm-192 0h22.4c6.4 0 12.8-6.4 12.8-12.8V140.8c0-6.4-6.4-12.8-12.8-12.8h-22.4c-6.4 0-12.8 6.4-12.8 12.8v198.4c0 6.4 6.4 12.8 12.8 12.8zm96 0h22.4c6.4 0 12.8-6.4 12.8-12.8V204.8c0-6.4-6.4-12.8-12.8-12.8h-22.4c-6.4 0-12.8 6.4-12.8 12.8v134.4c0 6.4 6.4 12.8 12.8 12.8zM496 400H48V80c0-8.84-7.16-16-16-16H16C7.16 64 0 71.16 0 80v336c0 17.67 14.33 32 32 32h464c8.84 0 16-7.16 16-16v-16c0-8.84-7.16-16-16-16zm-387.2-48h22.4c6.4 0 12.8-6.4 12.8-12.8v-70.4c0-6.4-6.4-12.8-12.8-12.8h-22.4c-6.4 0-12.8 6.4-12.8 12.8v70.4c0 6.4 6.4 12.8 12.8 12.8z\" class=\"\"><\/path><\/svg><\/i> <img decoding=\"async\" width=\"16\" height=\"16\" alt=\"Loading\" src=\"https:\/\/www.periodicolapislazuli.com\/noticias\/wp-content\/plugins\/page-views-count\/ajax-loader-2x.gif\" border=0 \/><\/p>\n<div class=\"pvc_clear\"><\/div>\n","protected":false},"author":3,"featured_media":6643,"comment_status":"closed","ping_status":"open","sticky":false,"template":"","format":"standard","meta":{"om_disable_all_campaigns":false,"pagelayer_contact_templates":[],"_pagelayer_content":"","_monsterinsights_skip_tracking":false,"_monsterinsights_sitenote_active":false,"_monsterinsights_sitenote_note":"","_monsterinsights_sitenote_category":0,"footnotes":""},"categories":[17],"tags":[],"class_list":["post-6641","post","type-post","status-publish","format-standard","has-post-thumbnail","hentry","category-sociedad"],"a3_pvc":{"activated":true,"total_views":69,"today_views":0},"jetpack_featured_media_url":"https:\/\/www.periodicolapislazuli.com\/noticias\/wp-content\/uploads\/2021\/02\/estrategia-cultural-landing_1_e55ce1b259a88750ad7c5f5b6c4a0fe6.png","_links":{"self":[{"href":"https:\/\/www.periodicolapislazuli.com\/noticias\/wp-json\/wp\/v2\/posts\/6641","targetHints":{"allow":["GET"]}}],"collection":[{"href":"https:\/\/www.periodicolapislazuli.com\/noticias\/wp-json\/wp\/v2\/posts"}],"about":[{"href":"https:\/\/www.periodicolapislazuli.com\/noticias\/wp-json\/wp\/v2\/types\/post"}],"author":[{"embeddable":true,"href":"https:\/\/www.periodicolapislazuli.com\/noticias\/wp-json\/wp\/v2\/users\/3"}],"replies":[{"embeddable":true,"href":"https:\/\/www.periodicolapislazuli.com\/noticias\/wp-json\/wp\/v2\/comments?post=6641"}],"version-history":[{"count":1,"href":"https:\/\/www.periodicolapislazuli.com\/noticias\/wp-json\/wp\/v2\/posts\/6641\/revisions"}],"predecessor-version":[{"id":6644,"href":"https:\/\/www.periodicolapislazuli.com\/noticias\/wp-json\/wp\/v2\/posts\/6641\/revisions\/6644"}],"wp:featuredmedia":[{"embeddable":true,"href":"https:\/\/www.periodicolapislazuli.com\/noticias\/wp-json\/wp\/v2\/media\/6643"}],"wp:attachment":[{"href":"https:\/\/www.periodicolapislazuli.com\/noticias\/wp-json\/wp\/v2\/media?parent=6641"}],"wp:term":[{"taxonomy":"category","embeddable":true,"href":"https:\/\/www.periodicolapislazuli.com\/noticias\/wp-json\/wp\/v2\/categories?post=6641"},{"taxonomy":"post_tag","embeddable":true,"href":"https:\/\/www.periodicolapislazuli.com\/noticias\/wp-json\/wp\/v2\/tags?post=6641"}],"curies":[{"name":"wp","href":"https:\/\/api.w.org\/{rel}","templated":true}]}}