{"id":6615,"date":"2021-02-05T18:38:03","date_gmt":"2021-02-05T18:38:03","guid":{"rendered":"https:\/\/www.periodicolapislazuli.com\/noticias\/?p=6615"},"modified":"2021-02-05T18:38:03","modified_gmt":"2021-02-05T18:38:03","slug":"la-feria-del-libro-de-madrid-se-celebrara-entre-el-10-y-el-26-de-septiembre","status":"publish","type":"post","link":"https:\/\/www.periodicolapislazuli.com\/noticias\/la-feria-del-libro-de-madrid-se-celebrara-entre-el-10-y-el-26-de-septiembre\/","title":{"rendered":"La Feria del Libro de Madrid se celebrar\u00e1 entre el 10 y el 26 de septiembre"},"content":{"rendered":"<div class='booster-block booster-read-block'>\n                <div class=\"twp-read-time\">\n                \t<i class=\"booster-icon twp-clock\"><\/i> <span>Read Time:<\/span>4 Minute, 3 Second                <\/div>\n\n            <\/div><p>La Feria del Libro de Madrid se celebrar\u00e1 este a\u00f1o <strong>entre el 10 y el 26 de septiembre<\/strong> en el parque de El Retiro, su escenario habitual. As\u00ed lo acord\u00f3, el pasado martes, la Comisi\u00f3n Organizadora de la cita literaria m\u00e1s importante de Espa\u00f1a, que en 2021 llega a su <strong>80 aniversario<\/strong>. Los organizadores advierten, no obstante, de que la Feria tendr\u00e1 lugar \u00absiempre y cuando se den las <strong>condiciones sociosanitarias<\/strong> que permitan celebrarla de manera presencial, bajo los pertinentes controles de aforo, y preservando la salud de visitantes y expositores\u00bb.<\/p>\n<p>Si bien se especulaba con la posibilidad de intentar celebrar la <strong>edici\u00f3n de 2021<\/strong> \u2013la del a\u00f1o pasado tuvo, como consecuencia de la pandemia, una versi\u00f3n virtual que dej\u00f3 un sabor bastante agridulce\u2013 en las fechas tradicionales, es decir, entre la \u00faltima semana de mayo y las dos primeras de junio, finalmente, \u00ablos principios de responsabilidad y precauci\u00f3n\u00bb han llevado a los organizadores de la cita a tomar esta determinaci\u00f3n \u00abcon objeto de disponer del mejor escenario posible, en el parque de <strong>El Retiro<\/strong>, para el festejo de la 80 edici\u00f3n\u00bb.<\/p>\n<p>Entre los <strong>actos conmemorativos<\/strong> previstos para tan significada cifra, desde la organizaci\u00f3n trabajan ya en una \u00abHistoria gr\u00e1fica de la Feria\u00bb, desde el a\u00f1o 1933 hasta la actualidad, cuya puesta de largo tendr\u00e1 lugar en un acto central del programa, que se presentar\u00e1 en septiembre.<\/p>\n<h3>Colombia, pa\u00eds invitado<\/h3>\n<p>Una vez fijado el nuevo calendario, est\u00e1 previsto que el sorteo de las casetas tenga lugar a finales de abril. El <strong>cartel de esta 80 edici\u00f3n<\/strong>, que ser\u00e1 obra de una ilustradora, como viene siendo habitual en los \u00faltimos a\u00f1os, se har\u00e1 p\u00fablico en junio. Los organizadores tambi\u00e9n han confirmado la presencia de <strong>Colombia como pa\u00eds invitado<\/strong>, \u00aben el marco de una necesaria hermandad con Am\u00e9rica Latina y una uni\u00f3n fuerte, m\u00e1s urgente si cabe, de car\u00e1cter transnacional en este tiempo complejo\u00bb.<\/p>\n<p>En el cap\u00edtulo de <strong>agradecimientos<\/strong>, la Feria ha querido acordarse de las librer\u00edas, editores y distribuidores, patrocinadores, empresas colaboradoras y medios de comunicaci\u00f3n, y, en especial, del Ayuntamiento de Madrid, la Comunidad de Madrid y el Ministerio de Cultura \u00abpor su apoyo decidido e incondicional en circunstancias tan complicadas\u00bb.<\/p>\n<p>&nbsp;<\/p>\n<p><strong>Comunicado oficial\u00a0 \\\u00a0 <\/strong><strong>Madrid. 03\/02\/2021.<\/strong><\/p>\n<p style=\"text-align: justify;\">Reunida el pasado martes 2 de febrero la Comisi\u00f3n Organizadora de la Feria del Libro de Madrid, integrada por editoriales, distribuidoras y librer\u00edas, se ha adoptado la decisi\u00f3n de fijar la fecha de la Feria 2021 entre el <strong>10 y el 26 de septiembre<\/strong>, siempre y cuando se den las condiciones sociosanitarias que permitan celebrarla de manera presencial, bajo los pertinentes controles de aforo, y preservando la salud de visitantes y expositores. Los principios de responsabilidad y precauci\u00f3n llevan a tomar esta determinaci\u00f3n con objeto de disponer del mejor escenario posible, en el Parque de El Retiro, para el festejo de la 80\u00aa edici\u00f3n (#FLMadrid21). Entre los actos conmemorativos, ya se trabaja en una <em>Historia gr\u00e1fica de la Feria<\/em>, desde el a\u00f1o 1933 hasta nuestros d\u00edas, cuya puesta de largo tendr\u00e1 lugar en un acto central del programa.<\/p>\n<p style=\"text-align: justify;\">Con vistas al nuevo calendario, se prev\u00e9 que el sorteo de las casetas tenga lugar finales de abril; la presentaci\u00f3n del cartel (que ser\u00e1 obra de una ilustradora), el pr\u00f3ximo mes de junio; y el acto para hacer p\u00fablica la programaci\u00f3n, a principios de septiembre.<\/p>\n<p style=\"text-align: justify;\">Sensible a la actual coyuntura nacional del mundo del libro y al futuro poscovid-19, el proyecto de Feria 2021 desea centrarse en la esperanza de reconstrucci\u00f3n de nuestras industrias creativas y culturales a las que se viene animando y dando aliento desde el pasado a\u00f1o con lemas como #laculturaenpie y #apoyaatulibrer\u00eda. Se confirma, asimismo, la presencia de Colombia como Pa\u00eds Invitado de Honor en esta edici\u00f3n, en el marco de una necesaria hermandad con Am\u00e9rica Latina y una uni\u00f3n fuerte, m\u00e1s urgente si cabe, de car\u00e1cter transnacional en este tiempo complejo.<\/p>\n<p style=\"text-align: justify;\">Durante los 17 d\u00edas que durar\u00e1 este, m\u00e1s que nunca, esperado evento, Madrid y sus visitantes podr\u00e1n disfrutar de nuevo de la diversidad cultural y de las letras colombianas con propuestas para todos los p\u00fablicos, con el objetivo de \u00a0volver, con todos los cuidados y en la medida de lo posible, a nuestra tradicional \u201cferia para todos\u201d en su entorno natural. Para ello, la comisi\u00f3n organizadora dise\u00f1ar\u00e1 un programa especial de este singular aniversario que reunir\u00e1 a autores y autoras de diversos g\u00e9neros, sin olvidar la literatura infantil y juvenil.<\/p>\n<p style=\"text-align: justify;\">No queremos dejar de manifestar, una vez m\u00e1s, nuestro agradecimiento a expositores, librer\u00edas, editores y distribuidores, as\u00ed como a nuestros patrocinadores, empresas colaboradoras y medios de comunicaci\u00f3n, que siguen incentivando la celebraci\u00f3n de la Feria, haci\u00e9ndose eco de nuestro compromiso con toda la industria y la sociedad lectora. Hacemos extensivo un especial agradecimiento al Ayuntamiento, Comunidad de Madrid, y Ministerio de Cultura y Deporte por su apoyo decidido e incondicional a la Feria en circunstancias tan complicadas.<\/p>\n<div class=\"pvc_clear\"><\/div>\n<p id=\"pvc_stats_6615\" class=\"pvc_stats all  \" data-element-id=\"6615\" style=\"\"><i class=\"pvc-stats-icon large\" aria-hidden=\"true\"><svg aria-hidden=\"true\" focusable=\"false\" data-prefix=\"far\" data-icon=\"chart-bar\" role=\"img\" xmlns=\"http:\/\/www.w3.org\/2000\/svg\" viewBox=\"0 0 512 512\" class=\"svg-inline--fa fa-chart-bar fa-w-16 fa-2x\"><path fill=\"currentColor\" d=\"M396.8 352h22.4c6.4 0 12.8-6.4 12.8-12.8V108.8c0-6.4-6.4-12.8-12.8-12.8h-22.4c-6.4 0-12.8 6.4-12.8 12.8v230.4c0 6.4 6.4 12.8 12.8 12.8zm-192 0h22.4c6.4 0 12.8-6.4 12.8-12.8V140.8c0-6.4-6.4-12.8-12.8-12.8h-22.4c-6.4 0-12.8 6.4-12.8 12.8v198.4c0 6.4 6.4 12.8 12.8 12.8zm96 0h22.4c6.4 0 12.8-6.4 12.8-12.8V204.8c0-6.4-6.4-12.8-12.8-12.8h-22.4c-6.4 0-12.8 6.4-12.8 12.8v134.4c0 6.4 6.4 12.8 12.8 12.8zM496 400H48V80c0-8.84-7.16-16-16-16H16C7.16 64 0 71.16 0 80v336c0 17.67 14.33 32 32 32h464c8.84 0 16-7.16 16-16v-16c0-8.84-7.16-16-16-16zm-387.2-48h22.4c6.4 0 12.8-6.4 12.8-12.8v-70.4c0-6.4-6.4-12.8-12.8-12.8h-22.4c-6.4 0-12.8 6.4-12.8 12.8v70.4c0 6.4 6.4 12.8 12.8 12.8z\" class=\"\"><\/path><\/svg><\/i> <img decoding=\"async\" width=\"16\" height=\"16\" alt=\"Loading\" src=\"https:\/\/www.periodicolapislazuli.com\/noticias\/wp-content\/plugins\/page-views-count\/ajax-loader-2x.gif\" border=0 \/><\/p>\n<div class=\"pvc_clear\"><\/div>\n        <div class=\"booster-block booster-reactions-block\">\n            <div class=\"twp-reactions-icons\">\n                \n                <div class=\"twp-reacts-wrap\">\n                    <a react-data=\"be-react-1\" post-id=\"6615\" class=\"be-face-icons un-reacted\" href=\"javascript:void(0)\">\n                        <img decoding=\"async\" src=\"https:\/\/www.periodicolapislazuli.com\/noticias\/wp-content\/plugins\/booster-extension\/\/assets\/icon\/happy.svg\" alt=\"Happy\">\n                    <\/a>\n                    <div class=\"twp-reaction-title\">\n                        Happy                    <\/div>\n                    <div class=\"twp-count-percent\">\n                                                    <span style=\"display: none;\" class=\"twp-react-count\">0<\/span>\n                        \n                                                <span class=\"twp-react-percent\"><span>0<\/span> %<\/span>\n                                            <\/div>\n                <\/div>\n\n                <div class=\"twp-reacts-wrap\">\n                    <a react-data=\"be-react-2\" post-id=\"6615\" class=\"be-face-icons un-reacted\" href=\"javascript:void(0)\">\n                        <img decoding=\"async\" src=\"https:\/\/www.periodicolapislazuli.com\/noticias\/wp-content\/plugins\/booster-extension\/\/assets\/icon\/sad.svg\" alt=\"Sad\">\n                    <\/a>\n                    <div class=\"twp-reaction-title\">\n                        Sad                    <\/div>\n                    <div class=\"twp-count-percent\">\n                                                    <span style=\"display: none;\" class=\"twp-react-count\">0<\/span>\n                                                                        <span class=\"twp-react-percent\"><span>0<\/span> %<\/span>\n                                            <\/div>\n                <\/div>\n\n                <div class=\"twp-reacts-wrap\">\n                    <a react-data=\"be-react-3\" post-id=\"6615\" class=\"be-face-icons un-reacted\" href=\"javascript:void(0)\">\n                        <img decoding=\"async\" src=\"https:\/\/www.periodicolapislazuli.com\/noticias\/wp-content\/plugins\/booster-extension\/\/assets\/icon\/excited.svg\" alt=\"Excited\">\n                    <\/a>\n                    <div class=\"twp-reaction-title\">\n                        Excited                    <\/div>\n                    <div class=\"twp-count-percent\">\n                                                    <span style=\"display: none;\" class=\"twp-react-count\">0<\/span>\n                                                                        <span class=\"twp-react-percent\"><span>0<\/span> %<\/span>\n                                            <\/div>\n                <\/div>\n\n                <div class=\"twp-reacts-wrap\">\n                    <a react-data=\"be-react-6\" post-id=\"6615\" class=\"be-face-icons un-reacted\" href=\"javascript:void(0)\">\n                        <img decoding=\"async\" src=\"https:\/\/www.periodicolapislazuli.com\/noticias\/wp-content\/plugins\/booster-extension\/\/assets\/icon\/sleepy.svg\" alt=\"Sleepy\">\n                    <\/a>\n                    <div class=\"twp-reaction-title\">\n                        Sleepy                    <\/div>\n                    <div class=\"twp-count-percent\">\n                                                    <span style=\"display: none;\" class=\"twp-react-count\">0<\/span>\n                        \n                                                <span class=\"twp-react-percent\"><span>0<\/span> %<\/span>\n                                            <\/div>\n                <\/div>\n\n                <div class=\"twp-reacts-wrap\">\n                    <a react-data=\"be-react-4\" post-id=\"6615\" class=\"be-face-icons un-reacted\" href=\"javascript:void(0)\">\n                        <img decoding=\"async\" src=\"https:\/\/www.periodicolapislazuli.com\/noticias\/wp-content\/plugins\/booster-extension\/\/assets\/icon\/angry.svg\" alt=\"Angry\">\n                    <\/a>\n                    <div class=\"twp-reaction-title\">Angry<\/div>\n                    <div class=\"twp-count-percent\">\n                                                    <span style=\"display: none;\" class=\"twp-react-count\">0<\/span>\n                                                                        <span class=\"twp-react-percent\"><span>0<\/span> %<\/span>\n                        \n                    <\/div>\n                <\/div>\n\n                <div class=\"twp-reacts-wrap\">\n                    <a react-data=\"be-react-5\" post-id=\"6615\" class=\"be-face-icons un-reacted\" href=\"javascript:void(0)\">\n                        <img decoding=\"async\" src=\"https:\/\/www.periodicolapislazuli.com\/noticias\/wp-content\/plugins\/booster-extension\/\/assets\/icon\/surprise.svg\" alt=\"Surprise\">\n                    <\/a>\n                    <div class=\"twp-reaction-title\">Surprise<\/div>\n                    <div class=\"twp-count-percent\">\n                                                    <span style=\"display: none;\" class=\"twp-react-count\">0<\/span>\n                                                                        <span class=\"twp-react-percent\"><span>0<\/span> %<\/span>\n                                            <\/div>\n                <\/div>\n\n            <\/div>\n        <\/div>\n\n    ","protected":false},"excerpt":{"rendered":"<p>La Feria del Libro de Madrid se celebrar\u00e1 este a\u00f1o entre el 10 y el 26 de septiembre<\/p>\n<div class=\"pvc_clear\"><\/div>\n<p id=\"pvc_stats_6615\" class=\"pvc_stats all  \" data-element-id=\"6615\" style=\"\"><i class=\"pvc-stats-icon large\" aria-hidden=\"true\"><svg aria-hidden=\"true\" focusable=\"false\" data-prefix=\"far\" data-icon=\"chart-bar\" role=\"img\" xmlns=\"http:\/\/www.w3.org\/2000\/svg\" viewBox=\"0 0 512 512\" class=\"svg-inline--fa fa-chart-bar fa-w-16 fa-2x\"><path fill=\"currentColor\" d=\"M396.8 352h22.4c6.4 0 12.8-6.4 12.8-12.8V108.8c0-6.4-6.4-12.8-12.8-12.8h-22.4c-6.4 0-12.8 6.4-12.8 12.8v230.4c0 6.4 6.4 12.8 12.8 12.8zm-192 0h22.4c6.4 0 12.8-6.4 12.8-12.8V140.8c0-6.4-6.4-12.8-12.8-12.8h-22.4c-6.4 0-12.8 6.4-12.8 12.8v198.4c0 6.4 6.4 12.8 12.8 12.8zm96 0h22.4c6.4 0 12.8-6.4 12.8-12.8V204.8c0-6.4-6.4-12.8-12.8-12.8h-22.4c-6.4 0-12.8 6.4-12.8 12.8v134.4c0 6.4 6.4 12.8 12.8 12.8zM496 400H48V80c0-8.84-7.16-16-16-16H16C7.16 64 0 71.16 0 80v336c0 17.67 14.33 32 32 32h464c8.84 0 16-7.16 16-16v-16c0-8.84-7.16-16-16-16zm-387.2-48h22.4c6.4 0 12.8-6.4 12.8-12.8v-70.4c0-6.4-6.4-12.8-12.8-12.8h-22.4c-6.4 0-12.8 6.4-12.8 12.8v70.4c0 6.4 6.4 12.8 12.8 12.8z\" class=\"\"><\/path><\/svg><\/i> <img decoding=\"async\" width=\"16\" height=\"16\" alt=\"Loading\" src=\"https:\/\/www.periodicolapislazuli.com\/noticias\/wp-content\/plugins\/page-views-count\/ajax-loader-2x.gif\" border=0 \/><\/p>\n<div class=\"pvc_clear\"><\/div>\n","protected":false},"author":3,"featured_media":6617,"comment_status":"closed","ping_status":"open","sticky":false,"template":"","format":"standard","meta":{"om_disable_all_campaigns":false,"pagelayer_contact_templates":[],"_pagelayer_content":"","_monsterinsights_skip_tracking":false,"_monsterinsights_sitenote_active":false,"_monsterinsights_sitenote_note":"","_monsterinsights_sitenote_category":0,"footnotes":""},"categories":[3,26],"tags":[2538,384,47,2539,155],"class_list":["post-6615","post","type-post","status-publish","format-standard","has-post-thumbnail","hentry","category-actualidad","category-literatura","tag-comunicado-feria-del-libro-de-madrid","tag-espana","tag-literatura","tag-pais-invitado","tag-septiembre"],"a3_pvc":{"activated":true,"total_views":372,"today_views":0},"jetpack_featured_media_url":"https:\/\/www.periodicolapislazuli.com\/noticias\/wp-content\/uploads\/2021\/02\/feria-libro-madrid.jpg","_links":{"self":[{"href":"https:\/\/www.periodicolapislazuli.com\/noticias\/wp-json\/wp\/v2\/posts\/6615","targetHints":{"allow":["GET"]}}],"collection":[{"href":"https:\/\/www.periodicolapislazuli.com\/noticias\/wp-json\/wp\/v2\/posts"}],"about":[{"href":"https:\/\/www.periodicolapislazuli.com\/noticias\/wp-json\/wp\/v2\/types\/post"}],"author":[{"embeddable":true,"href":"https:\/\/www.periodicolapislazuli.com\/noticias\/wp-json\/wp\/v2\/users\/3"}],"replies":[{"embeddable":true,"href":"https:\/\/www.periodicolapislazuli.com\/noticias\/wp-json\/wp\/v2\/comments?post=6615"}],"version-history":[{"count":1,"href":"https:\/\/www.periodicolapislazuli.com\/noticias\/wp-json\/wp\/v2\/posts\/6615\/revisions"}],"predecessor-version":[{"id":6618,"href":"https:\/\/www.periodicolapislazuli.com\/noticias\/wp-json\/wp\/v2\/posts\/6615\/revisions\/6618"}],"wp:featuredmedia":[{"embeddable":true,"href":"https:\/\/www.periodicolapislazuli.com\/noticias\/wp-json\/wp\/v2\/media\/6617"}],"wp:attachment":[{"href":"https:\/\/www.periodicolapislazuli.com\/noticias\/wp-json\/wp\/v2\/media?parent=6615"}],"wp:term":[{"taxonomy":"category","embeddable":true,"href":"https:\/\/www.periodicolapislazuli.com\/noticias\/wp-json\/wp\/v2\/categories?post=6615"},{"taxonomy":"post_tag","embeddable":true,"href":"https:\/\/www.periodicolapislazuli.com\/noticias\/wp-json\/wp\/v2\/tags?post=6615"}],"curies":[{"name":"wp","href":"https:\/\/api.w.org\/{rel}","templated":true}]}}