{"id":6388,"date":"2020-12-03T15:20:45","date_gmt":"2020-12-03T15:20:45","guid":{"rendered":"https:\/\/www.periodicolapislazuli.com\/noticias\/?p=6388"},"modified":"2020-12-03T15:20:45","modified_gmt":"2020-12-03T15:20:45","slug":"colombia-4-0-donde-el-mundo-digital-se-conecta","status":"publish","type":"post","link":"https:\/\/www.periodicolapislazuli.com\/noticias\/colombia-4-0-donde-el-mundo-digital-se-conecta\/","title":{"rendered":"Colombia 4.0: Donde el mundo digital se conecta"},"content":{"rendered":"<div class='booster-block booster-read-block'>\n                <div class=\"twp-read-time\">\n                \t<i class=\"booster-icon twp-clock\"><\/i> <span>Read Time:<\/span>3 Minute, 26 Second                <\/div>\n\n            <\/div><div>\n<p>&nbsp;<\/p>\n<p style=\"padding-left: 40px;\">Colombia 4.0, versi\u00f3n 2020, contar\u00e1 con la presencia del gerente de Google para Colombia, Giovanni Stella; el animador de la pel\u00edcula Soul de Pixar y nominado al premio \u00d3scar de la Academia, Trevor Jim\u00e9nez; el gerente de pol\u00edticas p\u00fablicas de Facebook, Brian Towsend; y la fundadora de The 3 Collective, M\u00f3nica Escobar, quien ha realizado campa\u00f1as para artistas como Juanes, Paulina Rubio, y trabajado para multinacionales como Sony y Universal Music Latino.<\/p>\n<p style=\"padding-left: 40px;\">Ser\u00e1n 50 mil personas, desde cualquier lugar de Colombia, las que podr\u00e1n interactuar virtualmente y profundizar sus conocimientos. La ministra Karen Abudinen invit\u00f3 a todos los fan\u00e1ticos de la tecnolog\u00eda a que se inscriban de forma gratuita en <a href=\"https:\/\/www.col40.co\/750\/w3-channel.html\" target=\"_blank\" rel=\"noopener\">www.col40.co<\/a><\/p>\n<\/div>\n<div style=\"text-align: justify;\">\n<p><a title=\"Ir a El lanzamiento de apertura de inscripciones fue hecho este martes por la ministra de las TIC.\" href=\"https:\/\/www.mintic.gov.co\/portal\/604\/articles-159452_foto_marquesina.jpg\" target=\"_blank\" rel=\"noopener\"><img fetchpriority=\"high\" decoding=\"async\" title=\"El lanzamiento de apertura de inscripciones fue hecho este martes por la ministra de las TIC.\" src=\"https:\/\/www.mintic.gov.co\/portal\/604\/articles-159452_foto_marquesina.jpg\" alt=\"El lanzamiento de apertura de inscripciones fue hecho este martes por la ministra de las TIC.\" width=\"960\" height=\"400\" \/><\/a><\/p>\n<h5><\/h5>\n<h5>El lanzamiento de apertura de inscripciones fue hecho este martes por la ministra de las TIC.<\/h5>\n<\/div>\n<p style=\"text-align: justify;\">Tres semanas tienen los fan\u00e1ticos de los juegos de video, la animaci\u00f3n, la tecnolog\u00eda, la m\u00fasica, la Inteligencia Artificial (IA), la publicidad, el emprendimiento y la transformaci\u00f3n digital para inscribirse gratuitamente al evento de cultura digital y Econom\u00eda Naranja m\u00e1s grande del pa\u00eds realizado por el Ministerio de las TIC, Colombia 4.0 versi\u00f3n 2020.<\/p>\n<p style=\"text-align: justify;\">El lanzamiento de apertura de inscripciones fue hecho este martes por la ministra de las TIC, Karen Abudinen, desde la ciudad de Barranquilla (Atl\u00e1ntico), donde confirm\u00f3 que este a\u00f1o el evento ser\u00e1 virtual e invit\u00f3 a los amantes de la tecnolog\u00eda a que garanticen su participaci\u00f3n registr\u00e1ndose en <a href=\"https:\/\/www.col40.co\/750\/w3-channel.html\" target=\"_blank\" rel=\"noopener\">www.col40.co<\/a>, haciendo clic en el bot\u00f3n &#8216;Reg\u00edstrate gratis&#8217; y diligenciando el formulario de inscripci\u00f3n.<\/p>\n<p style=\"text-align: justify;\">\u00ab<em>Colombia 4.0, versi\u00f3n 2020, prendi\u00f3 motores. Desde el 2011, a\u00f1o en el que se lanz\u00f3 este gran evento, han asistido m\u00e1s de 260.000 personas y ahora esperamos tener 50.000 asistentes virtuales. Invito a todos los emprendedores, creadores de contenidos creativos, y amantes de la tecnolog\u00eda de Colombia y Latinoam\u00e9rica a que se inscriban<\/em>\u00ab, dijo la ministra en la apertura de la primera sede regional de CEmprende en el pa\u00eds, que abri\u00f3 sus puertas en Barranquilla y que tiene como objetivo promover, apoyar y fortalecer el emprendimiento y reactivar la econom\u00eda.<\/p>\n<p style=\"text-align: justify;\">Abudinen explic\u00f3 que una vez enviado el registro desde la p\u00e1gina web del evento, el asistente virtual recibir\u00e1 un correo electr\u00f3nico con la direcci\u00f3n de acceso a las transmisiones en vivo de las charlas virtuales, muestras comerciales y encuentros de negocios \u00abpara que los asistentes puedan ampliar sus redes de contactos y seguir teniendo \u00e9xito en el mercado\u00bb.<\/p>\n<p>&nbsp;<\/p>\n<blockquote>\n<p style=\"text-align: justify;\">\u00ab<em>Este a\u00f1o, Colombia 4.0 se convertir\u00e1 en el evento de talla mundial que reunir\u00e1, en un mismo espacio virtual, a los principales exponentes de Am\u00e9rica Latina en animaci\u00f3n, videojuegos, m\u00fasica, medios, publicidad, emprendimiento, fintech, transformaci\u00f3n digital, Inteligencia Artificial (IA) e industrias 4.0<\/em>\u00ab, ratific\u00f3 la funcionaria.<\/p>\n<\/blockquote>\n<p>&nbsp;<\/p>\n<p style=\"text-align: justify;\">Durante su intervenci\u00f3n, Abudinen invit\u00f3 \u00aba todos los hombres y mujeres de nuestro pa\u00eds y del mundo, apasionados por la tecnolog\u00eda, a que participen este a\u00f1o de Colombia 4.0, un espacio creado por el Gobierno del presidente, Iv\u00e1n Duque, para el fortalecimiento de las industrias creativas nacionales y la reactivaci\u00f3n econ\u00f3mica\u00bb.<\/p>\n<p style=\"text-align: justify;\">La ministra confirm\u00f3 que este a\u00f1o contar\u00e1 con la participaci\u00f3n de conferencistas de la talla del gerente de Google para Colombia, Giovanni Stella; el animador de la pel\u00edcula Soul de Pixar y nominado al premio \u00d3scar de la Academia, Trevor Jim\u00e9nez; el gerente de pol\u00edticas p\u00fablicas de Facebook, Brian Towsend; y la fundadora de The 3 Collective, M\u00f3nica Escobar, quien ha realizado campa\u00f1as para artistas como Juanes, Paulina Rubio, y trabajado para multinacionales como Sony y Universal Music Latino.<\/p>\n<p style=\"text-align: justify;\">\u00ab<em>Colombia 4.0 ser\u00e1 100 % virtual este a\u00f1o, lo que significa una gran oportunidad para fortalecer el posicionamiento del sector TIC y contribuir con el crecimiento y desarrollo de esta industria cada vez m\u00e1s importante para el pa\u00eds<\/em>\u00ab, agreg\u00f3 Abudinen.<\/p>\n<p style=\"text-align: justify;\">La ministra concluy\u00f3 que el evento tendr\u00e1 una agenda tem\u00e1tica de 200 representantes y expositores de la industria de contenidos digitales, para que los asistentes puedan actualizarse sobre las m\u00e1s recientes tendencias en desarrollo, mercados y comercializaci\u00f3n.<\/p>\n<blockquote>\n<p style=\"text-align: justify;\">\u201cPrende motores el evento de cultura digital y Econom\u00eda Naranja m\u00e1s grande del pa\u00eds, Colombia 4.0\u201d: ministra Karen Abudinen &#8211; Ministerio de Tecnolog\u00edas de la Informaci\u00f3n y las Comunicaciones<\/p>\n<\/blockquote>\n<div class=\"pvc_clear\"><\/div>\n<p id=\"pvc_stats_6388\" class=\"pvc_stats all  \" data-element-id=\"6388\" style=\"\"><i class=\"pvc-stats-icon large\" aria-hidden=\"true\"><svg aria-hidden=\"true\" focusable=\"false\" data-prefix=\"far\" data-icon=\"chart-bar\" role=\"img\" xmlns=\"http:\/\/www.w3.org\/2000\/svg\" viewBox=\"0 0 512 512\" class=\"svg-inline--fa fa-chart-bar fa-w-16 fa-2x\"><path fill=\"currentColor\" d=\"M396.8 352h22.4c6.4 0 12.8-6.4 12.8-12.8V108.8c0-6.4-6.4-12.8-12.8-12.8h-22.4c-6.4 0-12.8 6.4-12.8 12.8v230.4c0 6.4 6.4 12.8 12.8 12.8zm-192 0h22.4c6.4 0 12.8-6.4 12.8-12.8V140.8c0-6.4-6.4-12.8-12.8-12.8h-22.4c-6.4 0-12.8 6.4-12.8 12.8v198.4c0 6.4 6.4 12.8 12.8 12.8zm96 0h22.4c6.4 0 12.8-6.4 12.8-12.8V204.8c0-6.4-6.4-12.8-12.8-12.8h-22.4c-6.4 0-12.8 6.4-12.8 12.8v134.4c0 6.4 6.4 12.8 12.8 12.8zM496 400H48V80c0-8.84-7.16-16-16-16H16C7.16 64 0 71.16 0 80v336c0 17.67 14.33 32 32 32h464c8.84 0 16-7.16 16-16v-16c0-8.84-7.16-16-16-16zm-387.2-48h22.4c6.4 0 12.8-6.4 12.8-12.8v-70.4c0-6.4-6.4-12.8-12.8-12.8h-22.4c-6.4 0-12.8 6.4-12.8 12.8v70.4c0 6.4 6.4 12.8 12.8 12.8z\" class=\"\"><\/path><\/svg><\/i> <img decoding=\"async\" width=\"16\" height=\"16\" alt=\"Loading\" src=\"https:\/\/www.periodicolapislazuli.com\/noticias\/wp-content\/plugins\/page-views-count\/ajax-loader-2x.gif\" border=0 \/><\/p>\n<div class=\"pvc_clear\"><\/div>\n        <div class=\"booster-block booster-reactions-block\">\n            <div class=\"twp-reactions-icons\">\n                \n                <div class=\"twp-reacts-wrap\">\n                    <a react-data=\"be-react-1\" post-id=\"6388\" class=\"be-face-icons un-reacted\" href=\"javascript:void(0)\">\n                        <img decoding=\"async\" src=\"https:\/\/www.periodicolapislazuli.com\/noticias\/wp-content\/plugins\/booster-extension\/\/assets\/icon\/happy.svg\" alt=\"Happy\">\n                    <\/a>\n                    <div class=\"twp-reaction-title\">\n                        Happy                    <\/div>\n                    <div class=\"twp-count-percent\">\n                                                    <span style=\"display: none;\" class=\"twp-react-count\">0<\/span>\n                        \n                                                <span class=\"twp-react-percent\"><span>0<\/span> %<\/span>\n                                            <\/div>\n                <\/div>\n\n                <div class=\"twp-reacts-wrap\">\n                    <a react-data=\"be-react-2\" post-id=\"6388\" class=\"be-face-icons un-reacted\" href=\"javascript:void(0)\">\n                        <img decoding=\"async\" src=\"https:\/\/www.periodicolapislazuli.com\/noticias\/wp-content\/plugins\/booster-extension\/\/assets\/icon\/sad.svg\" alt=\"Sad\">\n                    <\/a>\n                    <div class=\"twp-reaction-title\">\n                        Sad                    <\/div>\n                    <div class=\"twp-count-percent\">\n                                                    <span style=\"display: none;\" class=\"twp-react-count\">0<\/span>\n                                                                        <span class=\"twp-react-percent\"><span>0<\/span> %<\/span>\n                                            <\/div>\n                <\/div>\n\n                <div class=\"twp-reacts-wrap\">\n                    <a react-data=\"be-react-3\" post-id=\"6388\" class=\"be-face-icons un-reacted\" href=\"javascript:void(0)\">\n                        <img decoding=\"async\" src=\"https:\/\/www.periodicolapislazuli.com\/noticias\/wp-content\/plugins\/booster-extension\/\/assets\/icon\/excited.svg\" alt=\"Excited\">\n                    <\/a>\n                    <div class=\"twp-reaction-title\">\n                        Excited                    <\/div>\n                    <div class=\"twp-count-percent\">\n                                                    <span style=\"display: none;\" class=\"twp-react-count\">0<\/span>\n                                                                        <span class=\"twp-react-percent\"><span>0<\/span> %<\/span>\n                                            <\/div>\n                <\/div>\n\n                <div class=\"twp-reacts-wrap\">\n                    <a react-data=\"be-react-6\" post-id=\"6388\" class=\"be-face-icons un-reacted\" href=\"javascript:void(0)\">\n                        <img decoding=\"async\" src=\"https:\/\/www.periodicolapislazuli.com\/noticias\/wp-content\/plugins\/booster-extension\/\/assets\/icon\/sleepy.svg\" alt=\"Sleepy\">\n                    <\/a>\n                    <div class=\"twp-reaction-title\">\n                        Sleepy                    <\/div>\n                    <div class=\"twp-count-percent\">\n                                                    <span style=\"display: none;\" class=\"twp-react-count\">0<\/span>\n                        \n                                                <span class=\"twp-react-percent\"><span>0<\/span> %<\/span>\n                                            <\/div>\n                <\/div>\n\n                <div class=\"twp-reacts-wrap\">\n                    <a react-data=\"be-react-4\" post-id=\"6388\" class=\"be-face-icons un-reacted\" href=\"javascript:void(0)\">\n                        <img decoding=\"async\" src=\"https:\/\/www.periodicolapislazuli.com\/noticias\/wp-content\/plugins\/booster-extension\/\/assets\/icon\/angry.svg\" alt=\"Angry\">\n                    <\/a>\n                    <div class=\"twp-reaction-title\">Angry<\/div>\n                    <div class=\"twp-count-percent\">\n                                                    <span style=\"display: none;\" class=\"twp-react-count\">0<\/span>\n                                                                        <span class=\"twp-react-percent\"><span>0<\/span> %<\/span>\n                        \n                    <\/div>\n                <\/div>\n\n                <div class=\"twp-reacts-wrap\">\n                    <a react-data=\"be-react-5\" post-id=\"6388\" class=\"be-face-icons un-reacted\" href=\"javascript:void(0)\">\n                        <img decoding=\"async\" src=\"https:\/\/www.periodicolapislazuli.com\/noticias\/wp-content\/plugins\/booster-extension\/\/assets\/icon\/surprise.svg\" alt=\"Surprise\">\n                    <\/a>\n                    <div class=\"twp-reaction-title\">Surprise<\/div>\n                    <div class=\"twp-count-percent\">\n                                                    <span style=\"display: none;\" class=\"twp-react-count\">0<\/span>\n                                                                        <span class=\"twp-react-percent\"><span>0<\/span> %<\/span>\n                                            <\/div>\n                <\/div>\n\n            <\/div>\n        <\/div>\n\n    ","protected":false},"excerpt":{"rendered":"<p>&nbsp; Colombia 4.0, versi\u00f3n 2020, contar\u00e1 con la presencia del gerente de Google para Colombia, Giovanni Stella; el<\/p>\n<div class=\"pvc_clear\"><\/div>\n<p id=\"pvc_stats_6388\" class=\"pvc_stats all  \" data-element-id=\"6388\" style=\"\"><i class=\"pvc-stats-icon large\" aria-hidden=\"true\"><svg aria-hidden=\"true\" focusable=\"false\" data-prefix=\"far\" data-icon=\"chart-bar\" role=\"img\" xmlns=\"http:\/\/www.w3.org\/2000\/svg\" viewBox=\"0 0 512 512\" class=\"svg-inline--fa fa-chart-bar fa-w-16 fa-2x\"><path fill=\"currentColor\" d=\"M396.8 352h22.4c6.4 0 12.8-6.4 12.8-12.8V108.8c0-6.4-6.4-12.8-12.8-12.8h-22.4c-6.4 0-12.8 6.4-12.8 12.8v230.4c0 6.4 6.4 12.8 12.8 12.8zm-192 0h22.4c6.4 0 12.8-6.4 12.8-12.8V140.8c0-6.4-6.4-12.8-12.8-12.8h-22.4c-6.4 0-12.8 6.4-12.8 12.8v198.4c0 6.4 6.4 12.8 12.8 12.8zm96 0h22.4c6.4 0 12.8-6.4 12.8-12.8V204.8c0-6.4-6.4-12.8-12.8-12.8h-22.4c-6.4 0-12.8 6.4-12.8 12.8v134.4c0 6.4 6.4 12.8 12.8 12.8zM496 400H48V80c0-8.84-7.16-16-16-16H16C7.16 64 0 71.16 0 80v336c0 17.67 14.33 32 32 32h464c8.84 0 16-7.16 16-16v-16c0-8.84-7.16-16-16-16zm-387.2-48h22.4c6.4 0 12.8-6.4 12.8-12.8v-70.4c0-6.4-6.4-12.8-12.8-12.8h-22.4c-6.4 0-12.8 6.4-12.8 12.8v70.4c0 6.4 6.4 12.8 12.8 12.8z\" class=\"\"><\/path><\/svg><\/i> <img decoding=\"async\" width=\"16\" height=\"16\" alt=\"Loading\" src=\"https:\/\/www.periodicolapislazuli.com\/noticias\/wp-content\/plugins\/page-views-count\/ajax-loader-2x.gif\" border=0 \/><\/p>\n<div class=\"pvc_clear\"><\/div>\n","protected":false},"author":3,"featured_media":6390,"comment_status":"closed","ping_status":"open","sticky":false,"template":"","format":"standard","meta":{"om_disable_all_campaigns":false,"pagelayer_contact_templates":[],"_pagelayer_content":"","_monsterinsights_skip_tracking":false,"_monsterinsights_sitenote_active":false,"_monsterinsights_sitenote_note":"","_monsterinsights_sitenote_category":0,"footnotes":""},"categories":[5],"tags":[2439,2441,259,2440,807],"class_list":["post-6388","post","type-post","status-publish","format-standard","has-post-thumbnail","hentry","category-eventos","tag-col-4-0","tag-colombia-4-0","tag-digital","tag-ministra-de-las-tic","tag-virtual"],"a3_pvc":{"activated":true,"total_views":72,"today_views":0},"jetpack_featured_media_url":"https:\/\/www.periodicolapislazuli.com\/noticias\/wp-content\/uploads\/2020\/12\/colo41024_0.jpg","_links":{"self":[{"href":"https:\/\/www.periodicolapislazuli.com\/noticias\/wp-json\/wp\/v2\/posts\/6388","targetHints":{"allow":["GET"]}}],"collection":[{"href":"https:\/\/www.periodicolapislazuli.com\/noticias\/wp-json\/wp\/v2\/posts"}],"about":[{"href":"https:\/\/www.periodicolapislazuli.com\/noticias\/wp-json\/wp\/v2\/types\/post"}],"author":[{"embeddable":true,"href":"https:\/\/www.periodicolapislazuli.com\/noticias\/wp-json\/wp\/v2\/users\/3"}],"replies":[{"embeddable":true,"href":"https:\/\/www.periodicolapislazuli.com\/noticias\/wp-json\/wp\/v2\/comments?post=6388"}],"version-history":[{"count":1,"href":"https:\/\/www.periodicolapislazuli.com\/noticias\/wp-json\/wp\/v2\/posts\/6388\/revisions"}],"predecessor-version":[{"id":6391,"href":"https:\/\/www.periodicolapislazuli.com\/noticias\/wp-json\/wp\/v2\/posts\/6388\/revisions\/6391"}],"wp:featuredmedia":[{"embeddable":true,"href":"https:\/\/www.periodicolapislazuli.com\/noticias\/wp-json\/wp\/v2\/media\/6390"}],"wp:attachment":[{"href":"https:\/\/www.periodicolapislazuli.com\/noticias\/wp-json\/wp\/v2\/media?parent=6388"}],"wp:term":[{"taxonomy":"category","embeddable":true,"href":"https:\/\/www.periodicolapislazuli.com\/noticias\/wp-json\/wp\/v2\/categories?post=6388"},{"taxonomy":"post_tag","embeddable":true,"href":"https:\/\/www.periodicolapislazuli.com\/noticias\/wp-json\/wp\/v2\/tags?post=6388"}],"curies":[{"name":"wp","href":"https:\/\/api.w.org\/{rel}","templated":true}]}}