{"id":5846,"date":"2020-08-12T10:52:06","date_gmt":"2020-08-12T10:52:06","guid":{"rendered":"http:\/\/www.periodicolapislazuli.com\/noticias\/?p=5846"},"modified":"2020-08-12T10:53:54","modified_gmt":"2020-08-12T10:53:54","slug":"maria-amelia-diaz-responde-en-cuestion-un-cuestionario-de-rolando-revagliatti","status":"publish","type":"post","link":"https:\/\/www.periodicolapislazuli.com\/noticias\/maria-amelia-diaz-responde-en-cuestion-un-cuestionario-de-rolando-revagliatti\/","title":{"rendered":"Mar\u00eda Amelia D\u00edaz responde \u2018En cuesti\u00f3n: un cuestionario\u2019 de Rolando Revagliatti"},"content":{"rendered":"<div class='booster-block booster-read-block'>\n                <div class=\"twp-read-time\">\n                \t<i class=\"booster-icon twp-clock\"><\/i> <span>Read Time:<\/span>17 Minute, 57 Second                <\/div>\n\n            <\/div><p style=\"text-align: right;\"><strong><em>\u201cEsa tremenda pasi\u00f3n por la lectura\u201d<\/em><\/strong><\/p>\n<p style=\"text-align: justify;\"><img fetchpriority=\"high\" decoding=\"async\" class=\"alignright wp-image-5847 size-medium\" src=\"http:\/\/www.periodicolapislazuli.com\/noticias\/wp-content\/uploads\/2020\/08\/Mar\u00eda-Amelia-D\u00edaz-10-225x300.jpg\" alt=\"\" width=\"225\" height=\"300\" srcset=\"https:\/\/www.periodicolapislazuli.com\/noticias\/wp-content\/uploads\/2020\/08\/Mar\u00eda-Amelia-D\u00edaz-10-225x300.jpg 225w, https:\/\/www.periodicolapislazuli.com\/noticias\/wp-content\/uploads\/2020\/08\/Mar\u00eda-Amelia-D\u00edaz-10.jpg 540w\" sizes=\"(max-width: 225px) 100vw, 225px\" \/><\/p>\n<p style=\"text-align: justify;\"><strong>Mar\u00eda Amelia D\u00edaz<\/strong> naci\u00f3 el 24 de marzo de 1947 en la ciudad de Ituzaing\u00f3, provincia de Buenos Aires, la Argentina, y reside en la ciudad de Castelar, en la misma provincia. Es maestra normal y Bibliotecaria profesional. Curs\u00f3, adem\u00e1s, estudios en el Instituto Nacional del Profesorado. Coordina talleres literarios y ciclos de poes\u00eda, y tambi\u00e9n dicta conferencias sobre temas de la escritura. Form\u00f3 parte de programas radiales y colabor\u00f3 con diarios y revistas en soporte papel, as\u00ed como en plataformas de la web. Ha organizado cert\u00e1menes literarios y se ha desempe\u00f1ado como Jurado en diversos espacios. Ejerci\u00f3 como Presidenta de la Sociedad Argentina de Escritores en la sede Oeste Bonaerense. Obtuvo premios \u2014algunos, por su trayectoria\u2014 y menciones, entre 1977 y 2019, y entre 2008 y 2017 particip\u00f3 en ocho encuentros, provinciales y nacionales, de escritores. Poemas suyos fueron traducidos al ingl\u00e9s, bengal\u00ed, italiano, \u00e1rabe, mandar\u00edn y catal\u00e1n. Fue incluida, entre otras, en las antolog\u00edas <em>\u201cConvivencias\u201d<\/em> (I, II, III), <em>\u201cDe gritos y silencios\u201d<\/em> (IV, V, VI, VII), <em>\u201cPoetas sobre poetas\u201d<\/em> (I, II, III, IV), <em>\u201cSin fronteras\u201d<\/em> (Universidad Aut\u00f3noma del Estado de Hidalgo, M\u00e9xico), <em>\u201cAntolog\u00eda de poetas de Mor\u00f3n\u201d<\/em>, <em>\u201cPoes\u00eda argentina contempor\u00e1nea\u201d<\/em> (Tomo XXIV), <em>\u201cPalabra y misterio\u201d<\/em>, <em>\u201cAnthology of Argentine Poetry\u201d<\/em> (en China). <em><img decoding=\"async\" class=\"alignright wp-image-5849 size-medium\" src=\"http:\/\/www.periodicolapislazuli.com\/noticias\/wp-content\/uploads\/2020\/08\/Libro-D\u00edaz-5-No-lugares-y-otros-territorios-208x300.jpg\" alt=\"\" width=\"208\" height=\"300\" srcset=\"https:\/\/www.periodicolapislazuli.com\/noticias\/wp-content\/uploads\/2020\/08\/Libro-D\u00edaz-5-No-lugares-y-otros-territorios-208x300.jpg 208w, https:\/\/www.periodicolapislazuli.com\/noticias\/wp-content\/uploads\/2020\/08\/Libro-D\u00edaz-5-No-lugares-y-otros-territorios-700x1010.jpg 700w, https:\/\/www.periodicolapislazuli.com\/noticias\/wp-content\/uploads\/2020\/08\/Libro-D\u00edaz-5-No-lugares-y-otros-territorios-768x1108.jpg 768w, https:\/\/www.periodicolapislazuli.com\/noticias\/wp-content\/uploads\/2020\/08\/Libro-D\u00edaz-5-No-lugares-y-otros-territorios-1064x1536.jpg 1064w, https:\/\/www.periodicolapislazuli.com\/noticias\/wp-content\/uploads\/2020\/08\/Libro-D\u00edaz-5-No-lugares-y-otros-territorios-640x924.jpg 640w, https:\/\/www.periodicolapislazuli.com\/noticias\/wp-content\/uploads\/2020\/08\/Libro-D\u00edaz-5-No-lugares-y-otros-territorios.jpg 1133w\" sizes=\"(max-width: 208px) 100vw, 208px\" \/><\/em>Public\u00f3 el volumen de cuentos <em>\u201cHistorias de mujeres desaforadas\u201d<\/em> (1\u00aa Menci\u00f3n Faja de Honor de la SADE, 2015), y los poemarios <em>\u201cCien metros m\u00e1s all\u00e1 del asfalto\u201d<\/em>, <em>\u201cPara abrir el para\u00edso\u201d<\/em>, <em>\u201cLas formas secretas<\/em>\u201d, <em>\u201cLa dama de noche y otras sombras\u201d <\/em>(Menci\u00f3n Honor\u00edfica Poes\u00eda, bienio 2008-2009, Ministerio de Cultura de la Ciudad Aut\u00f3noma de Buenos Aires, 2016), <em>\u201cPara justificar a Ca\u00edn\u201d<\/em>, <em>\u201cPeque\u00f1a antolog\u00eda\u201d<\/em>, <em>\u201cExtranjeras a la intemperie\u201d<\/em> (volumen compartido con Susana Cattaneo) y <em>\u201cNo lugares y otros territorios\u201d<\/em>. Su libro in\u00e9dito <em>\u201cPatio de atr\u00e1s\u201d<\/em> recibi\u00f3 el 2\u00b0 Premio de la Fundaci\u00f3n Argentina para la Poes\u00eda.<\/p>\n<p style=\"text-align: justify;\"><em>\u00a0\u00a0\u00a0<\/em><\/p>\n<p>&nbsp;<\/p>\n<p>&nbsp;<\/p>\n<p style=\"text-align: justify;\"><span style=\"color: #800000;\">1: <strong>\u00bfCu\u00e1l fue tu primer acto de \u201ccreaci\u00f3n\u201d, a qu\u00e9 edad, de qu\u00e9 se trataba?<\/strong><\/span><\/p>\n<p style=\"text-align: justify;\"><strong>\u00a0<\/strong><\/p>\n<p style=\"text-align: justify;\"><strong>MAD: <\/strong>Soy una creativa nata, mi cabeza est\u00e1 siempre funcionando a mil sobre cosas que puedo hacer, l\u00e1stima que el tiempo no alcanza. Como me cri\u00e9 en un barrio del Gran Buenos Aires, hab\u00eda mucho espacio, muchos terrenos bald\u00edos donde inventarse una selva, muchas monta\u00f1as de arena donde crear casitas, muchos \u00e1rboles donde treparse y creerse una protagonista de los cuentos de Hans Christian Andersen o Charles Perrault que consum\u00eda a diario. La lectura me fascinaba aun antes de saber leer, ah\u00ed mi imaginaci\u00f3n volaba. En cuanto a escribir, se fue dando naturalmente y de a poco, desde la primaria, poemitas con rima, que escond\u00eda.<\/p>\n<p style=\"text-align: justify;\"><span style=\"color: #800000;\">2: <strong>\u00bfC\u00f3mo te llev\u00e1s con la lluvia y c\u00f3mo con las tormentas? \u00bfC\u00f3mo con la sangre, con la velocidad, con las contrariedades?<\/strong><\/span><\/p>\n<p style=\"text-align: justify;\"><strong>\u00a0<\/strong><\/p>\n<p style=\"text-align: justify;\"><strong>MAD: <\/strong>Me encanta la lluvia, me lleva a un espacio \u00edntimo y recogido del alma, y a la \u00e9poca en que con mi hermana hac\u00edamos barquitos de papel para que navegaran en los charcos, en las zanjas; todav\u00eda me gusta mirar por la ventana cuando llueve y ver c\u00f3mo se forman globitos sobre el patio. Y las lluvias tienen que ver con las tormentas, claro.<em><img decoding=\"async\" class=\"alignright wp-image-5850 size-medium\" src=\"http:\/\/www.periodicolapislazuli.com\/noticias\/wp-content\/uploads\/2020\/08\/Libro-D\u00edaz-6-Historias-de-mujeres-desaforadas-205x300.jpg\" alt=\"\" width=\"205\" height=\"300\" srcset=\"https:\/\/www.periodicolapislazuli.com\/noticias\/wp-content\/uploads\/2020\/08\/Libro-D\u00edaz-6-Historias-de-mujeres-desaforadas-205x300.jpg 205w, https:\/\/www.periodicolapislazuli.com\/noticias\/wp-content\/uploads\/2020\/08\/Libro-D\u00edaz-6-Historias-de-mujeres-desaforadas.jpg 339w\" sizes=\"(max-width: 205px) 100vw, 205px\" \/><\/em><\/p>\n<p style=\"text-align: justify;\">Las tormentas, con sus rayos y truenos, me resultan un espect\u00e1culo grandioso donde se advierte a la naturaleza desplegando todos sus poderes, quiz\u00e1 para recordarnos que los humanos no somos tan importantes como nos creemos. A veces, a costa de los sufrimientos que acarrean.<\/p>\n<p style=\"text-align: justify;\">La sangre puede ser el s\u00edmbolo de la vida o de la muerte \u2014igual que las tormentas\u2014, por eso es roja y pasional.<\/p>\n<p style=\"text-align: justify;\">La velocidad me agrada, y moderada, s\u00f3lo arriba de un veh\u00edculo; aplicada a la vida, me desconcentra, igual que las contrariedades, pero a estas hay que aceptarlas porque no nos queda otra, y tratar de enfrentarlas, y lo mejor: vencerlas.<\/p>\n<p style=\"text-align: justify;\"><span style=\"color: #800000;\">3: <\/span><strong><span style=\"color: #800000;\">\u201cEn este rinc\u00f3n\u201d el rom\u00e1ntico concepto de la \u201cinspiraci\u00f3n\u201d; y \u201cen este otro rinc\u00f3n\u201d, por ejemplo, William Faulkner y su <em>\u201cHe o\u00eddo hablar de ella, pero nunca la he visto.\u201d <\/em>\u00bfTus consideraciones?&#8230;<\/span> <\/strong><\/p>\n<p style=\"text-align: justify;\"><strong>MAD: <\/strong>No veo estas dos posiciones subidas en el cuadril\u00e1tero. Eso que llamamos \u201cinspiraci\u00f3n\u201d, creo que viene del subconsciente, todo lo que ah\u00ed fuimos apilando a lo largo de la vida y que nos aparece como una vocecita que, a veces, te dicta cosas, pero despu\u00e9s adviene el trabajo, el trabajo consciente y profundo que define al verdadero escritor, y que es, adem\u00e1s, una forma de respetar al lector. <em>\u201cCuando llegue la inspiraci\u00f3n, que me encuentre trabajando\u201d<\/em>, dijo Pablo Picasso.<\/p>\n<p style=\"text-align: justify;\"><span style=\"color: #800000;\">4: <strong>\u00bfDe qu\u00e9 artistas te atraen m\u00e1s sus avatares que la obra?<\/strong><\/span><\/p>\n<p style=\"text-align: justify;\"><strong>\u00a0<\/strong><\/p>\n<p style=\"text-align: justify;\"><strong>MAD: <\/strong>Yo dir\u00eda \u201ctanto como su obra\u201d. Principalmente, Vincent Van Gogh, quien vivi\u00f3 incomprendido y habiendo vendido s\u00f3lo algunos dibujos y un par de cuadros: \u201cEl vi\u00f1edo rojo cerca de Arl\u00e9s\u201d y \u201cEl caf\u00e9 de noche\u201d. Giordano Bruno, sentenciado a la hoguera por atreverse a pensar distinto. Charles Baudelaire, al que le quemaron las ediciones de <em>\u201cLas flores del mal\u201d<\/em>. Camille Claudel, la incre\u00edble escultora que a la sombra de Auguste Rodin, pag\u00f3 con la locura. Sor Juana In\u00e9s de la Cruz, impedida de escribir e investigar y, ser\u00eda interminable nombrarlas, a todas, las mujeres artistas que fueron se\u00f1aladas y demonizadas por las sociedades hasta entrado el siglo XX. Las primeras escritoras argentinas, y tambi\u00e9n de otros pa\u00edses, escrib\u00edan escondidas bajo seud\u00f3nimos masculinos.<\/p>\n<p style=\"text-align: justify;\"><span style=\"color: #800000;\">5: <strong>\u00bfLemas, chascarrillos, refranes, proverbios que m\u00e1s veces te hayas escuchado divulgar?<\/strong><\/span><\/p>\n<p style=\"text-align: justify;\"><strong>\u00a0<\/strong><\/p>\n<p style=\"text-align: justify;\"><strong>MAD: <\/strong><em>\u201cAl mal tiempo, buena cara\u201d<\/em>, <em>\u201cNo hay mal que cien a\u00f1os dure\u201d<\/em>, <em>\u201cEl que se fue a Sevilla, perdi\u00f3 su silla\u201d<\/em>, <em>\u201cNo hagas a otros aquello que no te gustar\u00eda que te hicieran a ti, ni te hagas a ti lo que no le har\u00edas a los dem\u00e1s\u201d<\/em> (Confucio). <em>\u201cDejar el mundo mejor de como lo encontramos\u201d<\/em> (Robert Baden Powell). <em>\u201cSiempre que llovi\u00f3, par\u00f3\u201d<\/em>.<\/p>\n<p style=\"text-align: justify;\"><strong>\u00a0<\/strong><\/p>\n<p style=\"text-align: justify;\"><span style=\"color: #800000;\">6: <strong>\u00bfQu\u00e9 obras art\u00edsticas te han \u2014cabal, inequ\u00edvocamente\u2014 estremecido? \u00bfY ante cu\u00e1les has quedado, segu\u00eds quedando, en estado de perplejidad?<\/strong><\/span><\/p>\n<p style=\"text-align: justify;\"><strong>\u00a0<\/strong><\/p>\n<p style=\"text-align: justify;\"><strong>MAD: <\/strong>Me estremece la poes\u00eda de St\u00e9phane Mallarm\u00e9, Giuseppe Ungaretti, Giacomo Leopardi, Saint-John Perse, Olga Orozco, la narrativa de Faulkner y Alejo Carpentier, los grabados de Piranesi, los cuadros de Remedios Varo y Oswaldo Guayasam\u00edn, \u201cLa persistencia de la memoria\u201d de Salvador Dal\u00ed, y, en general, toda su obra, que permite diferentes miradas sobre un mismo cuadro, la m\u00fasica de Wolfgang Amadeus Mozart y Johann Sebastian Bach. Perpleja me dejan las creaciones de Leonardo da Vinci y los ensayos y cuentos de Jorge Luis Borges.<\/p>\n<p style=\"text-align: justify;\"><strong>\u00a0<\/strong><\/p>\n<p style=\"text-align: justify;\"><span style=\"color: #800000;\">7: <strong>\u00bfTendr\u00e1s por all\u00ed alguna situaci\u00f3n irrisoria de la que hayas sido m\u00e1s o menos protagonista y que nos quieras contar?<\/strong><\/span><\/p>\n<p style=\"text-align: justify;\"><strong>\u00a0<\/strong><strong>MAD: <\/strong>Bueno, irrisoria vista desde el ahora. Una de las tantas veces que fui jurado literario, estaba entregando premios sobre el escenario de un teatro colmado de gente junto a los otros dos jurados, en primera fila las autoridades locales. Cuando toc\u00f3 el turno del primer premio de poes\u00eda, se le pidi\u00f3 al autor que leyera el poema y se le acerc\u00f3 la hoja de la obra. Entonces, esa persona, muy confundida y mirando hacia todos lados, dijo que ese no era el trabajo suyo. Gran desconcierto, cuchicheos, las voces de todos los que acompa\u00f1aban al supuesto primer premio, las voces, digo, comenzaron a elevarse hasta convertirse en gritos airados hacia los jurados que est\u00e1bamos sorprendidos, rojos de verg\u00fcenza y paralizados, sin saber qu\u00e9 hacer. Lo \u00faltimo que recuerdo fue a una se\u00f1ora mayor que se subi\u00f3 al escenario, y mientras nos dec\u00eda improperios, sacud\u00eda por el m\u00e1stil una bandera argentina que estaba presidiendo el acto. Result\u00f3 que los organizadores, al momento de abrir los sobres o plicas (las obras que los jurados elegimos estaban bajo seud\u00f3nimo), no hab\u00edan notado que hab\u00eda dos con el mismo seud\u00f3nimo, y hab\u00edan tomado justo el equivocado, y con ese resultado elaboraron las actas. El jurado, nosotros, nos llevamos la peor parte, y aqu\u00ed va otro refr\u00e1n: <em>\u201cSin comerla ni beberla\u201d<\/em>.<\/p>\n<p style=\"text-align: justify;\"><span style=\"color: #800000;\">8: <strong>\u00bfQu\u00e9 te promueve la noci\u00f3n de \u201cposteridad\u201d?<\/strong><\/span><\/p>\n<p style=\"text-align: justify;\"><strong>\u00a0<\/strong><strong>MAD: <\/strong>Es donde me complacer\u00eda estar para demostrar que no pas\u00e9 por la vida sin un intento de dejar huella. La literatura es una forma de vencer a la muerte.<\/p>\n<p style=\"text-align: justify;\"><strong>\u00a0<\/strong><strong>\u00a0<\/strong><\/p>\n<p style=\"text-align: justify;\"><span style=\"color: #800000;\">9: <\/span><strong><span style=\"color: #800000;\">\u201c\u00bf<em>La rutina te aplasta<\/em>?\u201d \u00bfQu\u00e9 rutinas te aplastan?<\/span> <\/strong><\/p>\n<p style=\"text-align: justify;\"><strong>MAD: <\/strong>Totalmente: me aplastan y me deprimen. Me aplastan todas las rutinas innecesarias, una misma cosa puede hacerse de mil formas diferentes. Despu\u00e9s de la literatura, mi otra pasi\u00f3n es cocinar; cocinar puede ser aburrid\u00edsimo si hac\u00e9s siempre lo mismo, pero un churrasco o una milanesa se pueden preparar, acompa\u00f1ar y presentar de mil formas distintas, teniendo en cuenta no solo el gusto sino tambi\u00e9n la vista, el olfato, las texturas&#8230; \u00a1Hay tantas cosas lindas que podemos emprender!<\/p>\n<p style=\"text-align: justify;\"><strong>\u00a0<\/strong><strong>\u00a0<\/strong><\/p>\n<p style=\"text-align: justify;\"><span style=\"color: #800000;\">10: <strong>Para vos, \u00bf<em>\u201cUn estilo perfecto es una limitaci\u00f3n perfecta\u201d<\/em>, como sostuvo el escritor y periodista espa\u00f1ol Corpus Barga? Y sigui\u00f3: <em>\u201c\u2026un estilo es una manera y un amaneramiento\u201d.<\/em><\/strong><\/span><\/p>\n<p style=\"text-align: justify;\"><strong>MAD: <\/strong>Para m\u00ed, un estilo no es un l\u00edmite: es el sello de cada escritor; claro que, con el tiempo, los estilos se van perfeccionando, pero s\u00f3lo cuando lo logramos nos convertimos en verdaderos escritores. Es un trabajo arduo y constante. Si hay algo que nos preocupa a los escritores, es encontrar nuestra voz, alcanzar un estilo tan propio como nos sea posible. La concreci\u00f3n del estilo propio es nuestro sello de autenticidad.<\/p>\n<p style=\"text-align: justify;\"><strong>\u00a0<\/strong><strong>\u00a0<\/strong><\/p>\n<p style=\"text-align: justify;\"><span style=\"color: #800000;\">11<strong>: <\/strong><strong>\u00bfQu\u00e9 sucesos te producen mayor indignaci\u00f3n? \u00bfCu\u00e1les te despiertan alg\u00fan grado de violencia? \u00bfY cu\u00e1les te hartan instant\u00e1neamente?<\/strong><\/span><\/p>\n<p style=\"text-align: justify;\"><strong>MAD: <\/strong>Deploro la violencia en todas sus formas, no justifico nada que se quiera conseguir a trav\u00e9s de su uso; justamente, mi libro <em>\u201cPara justificar a Ca\u00edn\u201d<\/em>, que como se observa tiene un t\u00edtulo ir\u00f3nico, trata de sacudir al lector mostrando los horrores que, desde la Biblia y siguiendo con la historia humana, trajo la violencia. As\u00ed que ponerme violenta jam\u00e1s, enojarme s\u00ed, con la hipocres\u00eda, el maltrato. Me harta la vanidad.<\/p>\n<p style=\"text-align: justify;\"><strong>\u00a0<\/strong><strong>\u00a0<\/strong><\/p>\n<p style=\"text-align: justify;\"><span style=\"color: #800000;\">12: <strong>\u00bfQu\u00e9 postal (o postales) de tu ni\u00f1ez o de tu adolescencia compartir\u00edas con nosotros?<\/strong><\/span><\/p>\n<p style=\"text-align: justify;\"><strong>\u00a0<\/strong><\/p>\n<p style=\"text-align: justify;\"><strong>MAD: <\/strong>Mi libertad de chica de barrio corriendo detr\u00e1s de las mariposas a la hora de la siesta; o los bichitos de luz, peque\u00f1\u00edsimos faroles de la noche que encend\u00edan las calles de tierra donde crec\u00edan margaritas silvestres. La llegada de las revistas \u201cEl Tony\u201d, \u201cPatoruz\u00fa\u201d, \u201cPatoruzito\u201d, \u201cO Cruzeiro\u201d, \u201cLife\u201d, \u201cSelecciones del Reader\u2019s Digest\u201d y todas las que me mandaba la abuela, pulcramente atadas con un piolincito. Esa tremenda pasi\u00f3n por la lectura de todo libro que cayera en mis manos: le\u00eda todo el tiempo que pod\u00eda, a veces a escondidas, hasta altas horas de la noche, alumbr\u00e1ndome con una vela, para que mis padres no advirtieran luces encendidas. Y lo m\u00e1s hermoso: la mesa de Navidad o A\u00f1o Nuevo, con toda la familia reunida, en mi memoria es una postal inolvidable.<\/p>\n<p style=\"text-align: justify;\"><strong>\u00a0<\/strong><strong>\u00a0<\/strong><\/p>\n<p style=\"text-align: justify;\"><span style=\"color: #800000;\">13: <strong>\u00bfEn los universos de qu\u00e9 artistas te agradar\u00eda perderte (o encontrarte)? O bien, \u00bfa <\/strong><strong>qu\u00e9 artistas hubieras elegido o elegir\u00edas para que te incluyeran en cu\u00e1les de sus obras como personaje o de alg\u00fan otro modo?<\/strong><\/span><\/p>\n<p style=\"text-align: justify;\"><strong>\u00a0<\/strong><\/p>\n<p style=\"text-align: justify;\"><strong>MAD: <\/strong>En los laberintos de Borges. Me encantar\u00eda ser alg\u00fan personaje perdido y encontrado en cualquiera de sus laberintos.<\/p>\n<p style=\"text-align: justify;\"><strong>\u00a0<\/strong><strong>\u00a0<\/strong><\/p>\n<p style=\"text-align: justify;\"><span style=\"color: #800000;\">14: <strong>El silencio, la gravitaci\u00f3n de los gestos, la oscuridad, las sorpresas, la desolaci\u00f3n, el fervor, la intemperancia: \u00bfc\u00f3mo te resultan? \u00bfC\u00f3mo recompondr\u00edas lo antes mencionado con alg\u00fan criterio, orientaci\u00f3n o sentido?<\/strong><\/span><\/p>\n<p style=\"text-align: justify;\"><strong>\u00a0<\/strong><\/p>\n<p style=\"text-align: justify;\"><strong>MAD: <\/strong>El silencio me fascina, porque siempre est\u00e1 poblado por mi imaginaci\u00f3n.<\/p>\n<p style=\"text-align: justify;\">La oscuridad nunca me asust\u00f3, m\u00e1s bien me atrae porque comulga bien con el silencio. El fervor, considero que es necesario para ser escritor o para emprender cualquier asunto.<\/p>\n<p style=\"text-align: justify;\">Y las sorpresas, si son lindas, bienvenidas.<\/p>\n<p style=\"text-align: justify;\">Los gestos gravitan much\u00edsimo en las relaciones interpersonales: no es lo mismo una mano extendida que una mano que se esconde.<\/p>\n<p style=\"text-align: justify;\">La desolaci\u00f3n, la intemperancia me producen dolor, ya sean m\u00edas o del pr\u00f3jimo.<\/p>\n<p style=\"text-align: justify;\"><strong>\u00a0<\/strong><\/p>\n<p style=\"text-align: justify;\"><span style=\"color: #800000;\">15: <\/span><strong><span style=\"color: #800000;\">\u00bfA qu\u00e9 artistas en cuya obra prime el sarcasmo, la mordacidad, el ingenio, la acrimonia, la sorna, la causticidad\u2026 destacar\u00edas?<\/span> <\/strong><\/p>\n<p style=\"text-align: justify;\"><strong>\u00a0<\/strong><\/p>\n<p style=\"text-align: justify;\"><strong>MAD: <\/strong>Voy a nombrar libros: <em>\u201cLas aves\u201d<\/em> de Arist\u00f3fanes, <em>\u201cEl Quijote de la Mancha\u201d<\/em> de Miguel de Cervantes, <em>\u201cGracias y desgracias del ojo del culo\u201d<\/em> de Francisco de Quevedo, <em>\u201cCuentos completos\u201d<\/em> de Saki (H\u00e9ctor Hugh Munro), <em>\u201cLa abad\u00eda de Northanger\u201d <\/em>de Jane Austen, <em>\u201cBajo el volc\u00e1n\u201d<\/em> de Malcolm Lowry, <em>\u201cMafalda\u201d<\/em> de Quino. El listado, obviamente, podr\u00eda proseguir.<\/p>\n<p style=\"text-align: justify;\"><strong>\u00a0<\/strong><strong>\u00a0<\/strong><\/p>\n<p style=\"text-align: justify;\"><span style=\"color: #800000;\">16: <strong>\u00bfQu\u00e9 apreciaciones no apreci\u00e1s? \u00bfQu\u00e9 imprecisiones prefer\u00eds?&#8230;<\/strong><\/span><\/p>\n<p style=\"text-align: justify;\"><strong>\u00a0<\/strong><\/p>\n<p style=\"text-align: justify;\"><strong>MAD: <\/strong>Voy a contestar con dos dichos: <em>\u201cSi el sabio no aprueba, malo; si el necio aplaude, peor.\u201d <\/em>(Tom\u00e1s de Iriarte); <em>\u201cLas\u00a0cosas\u00a0hay que\u00a0hacerlas;\u00a0hacerlas mal, pero hacerlas\u201d <\/em>(Domingo Faustino Sarmiento).<\/p>\n<p style=\"text-align: justify;\"><strong>\u00a0<\/strong><strong>\u00a0<\/strong><\/p>\n<p style=\"text-align: justify;\"><span style=\"color: #800000;\">17: <strong>\u00bfViste que uno en ciertos casos quiere a personas que no valora o valora poco, y que en otros casos valora a personas que no quiere? \u00bfEsto te perturba, te entristece? \u00bfC\u00f3mo \u201clo resolv\u00e9s\u201d?<\/strong><\/span><\/p>\n<p style=\"text-align: justify;\"><strong>\u00a0<\/strong><\/p>\n<p style=\"text-align: justify;\"><strong>MAD: <\/strong>Mir\u00e1, creo que hay que separar la parte afectiva de la valoraci\u00f3n que nos pueda provocar la actividad o el talento de una persona. Hay gente a la que admiro profundamente y que no me despierta ning\u00fan afecto. Y viceversa.<\/p>\n<p style=\"text-align: justify;\"><strong>\u00a0<\/strong><strong>\u00a0<\/strong><\/p>\n<p style=\"text-align: justify;\"><span style=\"color: #800000;\">18: <strong>\u00bfEl mundo fue, es y ser\u00e1 una porquer\u00eda, como aproximadamente as\u00ed lo afirmara Enrique Santos Disc\u00e9polo en su tango \u201cCambalache\u201d?<\/strong><\/span><\/p>\n<p style=\"text-align: justify;\"><strong>\u00a0<\/strong><\/p>\n<p style=\"text-align: justify;\"><strong>MAD: <\/strong>Ni es, fue y ser\u00e1 una porquer\u00eda, ni es perfecto; el mundo es como lo hacemos los seres humanos, y tampoco nosotros somos perfectos. No deber\u00edamos juzgarnos con tanta severidad. \u201cCambalache\u201d es un gran tango, eso no quiere decir que sea definitorio, como toda creaci\u00f3n es el producto de una visi\u00f3n subjetiva y como tal corresponde que lo interpretemos.<\/p>\n<p style=\"text-align: justify;\">Me gusta m\u00e1s: <em>\u201cQue aunque el mundo siga girando a los tumbos, \/ a\u00fan vale la pena jugarse y vivir\u201d<\/em> (letra de Mario Iaquinandi y m\u00fasica de Eladia Bl\u00e1zquez).<\/p>\n<p style=\"text-align: justify;\"><strong>\u00a0<\/strong><strong>\u00a0<\/strong><\/p>\n<p style=\"text-align: justify;\"><span style=\"color: #800000;\">19: <strong>Por la fidelidad y entrega a una causa o proyecto, \u00bfqu\u00e9 personas (de todos los tiempos y de todos los \u00e1mbitos) te asombran?<\/strong><\/span><\/p>\n<p style=\"text-align: justify;\"><strong>\u00a0<\/strong><\/p>\n<p style=\"text-align: justify;\"><strong>MAD: <\/strong>Me asombran quienes lograron cambios trascendentales en la sociedad sin ejercer la violencia, como Jes\u00fas, Mahatma Gandhi, Martin Luther King. Tambi\u00e9n me asombran aquellos que pese a grandes dificultades lograron superarse, como Stephen Hawking, Henri de Toulouse-Lautrec, Frida Kahlo, y aqu\u00ed s\u00ed la lista es interminable, porque uno los encuentra en todos los \u00e1mbitos: estas personas me han ense\u00f1ado a vivir sin quejarme.<\/p>\n<p style=\"text-align: justify;\"><strong>\u00a0<\/strong><\/p>\n<p style=\"text-align: justify;\"><span style=\"color: #800000;\">20: <strong>\u00bfQu\u00e9 te hace <em>\u201cre\u00edr a mand\u00edbula batiente\u201d<\/em>?<\/strong><\/span><\/p>\n<p style=\"text-align: justify;\"><strong>\u00a0<\/strong><\/p>\n<p style=\"text-align: justify;\"><strong>MAD: <\/strong>Los chistes ir\u00f3nicos que te sorprenden.<\/p>\n<p style=\"text-align: justify;\"><strong>\u00a0<\/strong><strong>\u00a0<\/strong><\/p>\n<p style=\"text-align: justify;\"><span style=\"color: #800000;\">21: <strong>\u00bfC\u00f3mo afront\u00e1s lo que sea que te produzca suponerte o advertirte, en algunos aspectos o metas, lejos de lo que para vos constituya un ideal?<\/strong><\/span><\/p>\n<p style=\"text-align: justify;\"><strong>\u00a0<\/strong><\/p>\n<p style=\"text-align: justify;\"><strong>MAD: <\/strong>Lo mejor que puedo, luchando, pero reconozco cuando algo es imposible. Siempre recuerdo lo que o\u00ed de una cient\u00edfica de la NASA: le preguntaron c\u00f3mo hab\u00eda llegado all\u00ed a un cargo importante siendo mujer: respondi\u00f3 que si un camino se le cerraba totalmente no insist\u00eda, iba por otro, por el posible. Siendo mujer, lo convert\u00ed en una norma para mi vida, no me gusta chocarme dos veces (yo le pondr\u00eda tres, para dar espacio a un segundo intento) contra la misma pared.<\/p>\n<p style=\"text-align: justify;\"><strong>\u00a0<\/strong><strong>\u00a0<\/strong><\/p>\n<p style=\"text-align: justify;\"><span style=\"color: #800000;\">22: <strong>El amor, la contemplaci\u00f3n, el dinero, la religi\u00f3n, la pol\u00edtica\u2026 \u00bfC\u00f3mo te has ido relacionando con esos t\u00f3picos?<\/strong><\/span><\/p>\n<p style=\"text-align: justify;\"><strong>\u00a0<\/strong><\/p>\n<p style=\"text-align: justify;\"><strong>MAD: <\/strong>Tengo una hermosa familia a la que amo profundamente. En los dem\u00e1s aspectos procuro ser equilibrada, el dinero va y viene y no compra la felicidad; soy creyente, aunque las religiones me decepcionan porque se alejan de sus dogmas; la pol\u00edtica es necesaria, pero con la pol\u00edtica partidaria me pasa lo mismo que con la religi\u00f3n. Contemplativa s\u00ed, siempre. No me puedo quejar, me fue bastante bien.<\/p>\n<p style=\"text-align: justify;\"><strong>\u00a0<\/strong><\/p>\n<p style=\"text-align: justify;\"><span style=\"color: #800000;\">23: <strong>\u00bfA qu\u00e9 obras art\u00edsticas \u2014espect\u00e1culos coreogr\u00e1ficos, films, esculturas, m\u00fasica, pinturas, literatura, propuestas teatrales o arquitect\u00f3nicas, etc.\u2014 calificar\u00edas de \u201cinsufribles\u201d?<\/strong><\/span><\/p>\n<p style=\"text-align: justify;\"><strong>\u00a0<\/strong><\/p>\n<p style=\"text-align: justify;\"><strong>MAD: <\/strong>Una parte del arte actual me desagrada, creo que se alej\u00f3 de la noci\u00f3n de \u201cbelleza\u201d (aunque sea la belleza de lo feo), y tambi\u00e9n de la noci\u00f3n de inmortalidad que descansa en el arte y que hoy nos hace deslumbrarnos, por ejemplo, ante las pir\u00e1mides y grabados de Egipto y M\u00e9xico. Y me resulta insufrible todo lo que sea superficial como, generalmente, los best sellers, y esas pel\u00edculas horribles donde todo explota por los aires.<\/p>\n<p style=\"text-align: justify;\"><span style=\"color: #800000;\">24: <strong>\u00bfQu\u00e9 calle, qu\u00e9 recorrido de calles, qu\u00e9 peque\u00f1a zona transitada en tu infancia o en tu adolescencia record\u00e1s con mayor nostalgia o cari\u00f1o, y por qu\u00e9?&#8230;<\/strong><\/span><\/p>\n<p style=\"text-align: justify;\"><strong>\u00a0<\/strong><\/p>\n<p style=\"text-align: justify;\"><strong>MAD: <\/strong>Las casas con jardines, las calles arboladas y con poco o ning\u00fan tr\u00e1fico donde pod\u00eda andar libremente en bicicleta en mi Ituzaing\u00f3, cuando todav\u00eda no era ciudad, y all\u00ed nom\u00e1s la plaza de la infancia con sus juegos infantiles y la calesita, desde la cual todav\u00eda observo a mis padres levantando la mano para saludarme en cada vuelta.<\/p>\n<p style=\"text-align: justify;\"><strong>\u00a0<\/strong><\/p>\n<p style=\"text-align: justify;\"><span style=\"color: #800000;\">25: <strong>\u00bfC\u00f3mo reordenar\u00edas esta serie?: <em>\u201cLa visi\u00f3n, el bosque, la ceremonia, las miniaturas, la ciudad, la danza, el sacrificio, el sufrimiento, la lengua, el pensamiento, la autenticidad, la muerte, el azar, el desajuste\u201d<\/em>. Digamos que un reordenamiento, o dos. Y hasta podr\u00edas intentar, por ejemplo, una microficci\u00f3n.<\/strong><\/span><\/p>\n<p style=\"text-align: justify;\"><strong>MAD: <\/strong>El bosque, la visi\u00f3n, la lengua, la danza, el sufrimiento, la autenticidad, el pensamiento, el sacrificio, la muerte, el azar, la ceremonia, las miniaturas, el desajuste, la ciudad.<\/p>\n<p style=\"text-align: justify;\"><strong>\u00a0<\/strong><\/p>\n<blockquote>\n<p style=\"text-align: justify;\"><em>\u201cAlgunos individuos, a escondidas, celebraban antiguos rituales. La ceremonia del sacrificio se llevaba adelante en el bosque a trav\u00e9s de la danza, mientras se pronunciaban invocaciones en una lengua prohibida. La v\u00edctima se eleg\u00eda al azar, pero no hab\u00eda pensamientos de muerte o de sufrimiento, todo era un simulacro, una autenticidad solo ritual que trataba de conjurar el desajuste que produc\u00edan los habitantes en las grandes ciudades\u201d<\/em>.<em> \u00a0<\/em><\/p>\n<\/blockquote>\n<p style=\"text-align: justify;\"><em>\u00a0<\/em><\/p>\n<p style=\"text-align: justify;\"><span style=\"color: #800000;\">26: <strong>\u201cDonde mueren las palabras\u201d es el t\u00edtulo de un filme de 1946, dirigido por Hugo Fregonese y protagonizado por Enrique Mui\u00f1o. \u00bfD\u00f3nde mueren las palabras?&#8230;<\/strong><\/span><\/p>\n<p style=\"text-align: justify;\"><strong>\u00a0<\/strong><\/p>\n<p style=\"text-align: justify;\"><strong>MAD: <\/strong>Aunque indagando la naturaleza y los alcances del lenguaje, algunos nominalistas llegaron a afirmar que el hombre jam\u00e1s podr\u00e1 nombrar la realidad porque la mediaci\u00f3n expresiva lo retiene en lo ficcional, nuestra cultura est\u00e1 sostenida en palabras, y si ellas desaparecen se derrumba lo que construimos como civilizaci\u00f3n. Las palabras morir\u00e1n cuando desaparezca el \u00faltimo ser humano.<\/p>\n<p style=\"text-align: justify;\"><strong>\u00a0<\/strong><\/p>\n<p style=\"text-align: justify;\"><span style=\"color: #800000;\">27: <strong>\u00bfPod\u00e9s disfrutar de obras de artistas con los que te adviertas en las ant\u00edpodas ideol\u00f3gicas? \u00bfPudiste en alguna \u00e9poca y ya no?<\/strong><\/span><\/p>\n<p style=\"text-align: justify;\"><strong>\u00a0<\/strong><\/p>\n<p style=\"text-align: justify;\"><strong>MAD: <\/strong>Insisto, hay que aprender a separar el grano de trigo de la paja y lo que una persona crea, produce o inventa, de su ideolog\u00eda o de su personalidad. Puedo disfrutar de obras cuyo autor no me agrade o me cause rechazo como persona. La creatividad de los humanos es misteriosa.<\/p>\n<p style=\"text-align: justify;\"><strong>\u00a0<\/strong><\/p>\n<p style=\"text-align: justify;\"><span style=\"color: #800000;\">28: <strong>\u00bfC\u00f3mo te cae, c\u00f3mo proces\u00e1s la decepci\u00f3n (o lo que corresponda) que te infiere la persona que te promete algo que a vos te interesa \u2014y hasta podr\u00eda ser que no lo hubieras solicitado\u2014, y luego no s\u00f3lo no cumple, sino que jam\u00e1s alude a la promesa?<\/strong><\/span><\/p>\n<p style=\"text-align: justify;\"><strong>\u00a0<\/strong><\/p>\n<p style=\"text-align: justify;\"><strong>MAD: <\/strong>Parte de mi educaci\u00f3n fue ense\u00f1arme a cumplir lo que prometo. Me cae muy mal quien no lo hace, y esa persona pasa al grupo de quienes jam\u00e1s ser\u00e1n mis amigos.<\/p>\n<p style=\"text-align: justify;\"><strong>\u00a0<\/strong><\/p>\n<p style=\"text-align: justify;\"><span style=\"color: #800000;\">29: <strong>No concerniendo al \u00e1rea de lo art\u00edstico, \u00bfa qui\u00e9nes admir\u00e1s?<\/strong><\/span><\/p>\n<p style=\"text-align: justify;\"><strong>\u00a0<\/strong><\/p>\n<p style=\"text-align: justify;\"><strong>MAD: <\/strong>A todos los que se esfuerzan por ser lo mejor que pueden, a la gente sincera, a los que aman la vida y no est\u00e1n todo el tiempo quej\u00e1ndose, a los que intentan superarse pese a las adversidades, luchando por s\u00ed mismos y por los dem\u00e1s.<\/p>\n<p style=\"text-align: justify;\"><strong>\u00a0<\/strong><\/p>\n<p style=\"text-align: justify;\"><span style=\"color: #800000;\">30: <strong>\u00bfTus pasiones te pertenecen o sos de tus pasiones? <\/strong><strong>Pasiones y entusiasmos. \u00bfDir\u00edas que has ido consiguiendo, en general, distinguirlos y entregarte a ellos acorde a la gravitaci\u00f3n?<\/strong><\/span><\/p>\n<p style=\"text-align: justify;\"><strong>\u00a0<\/strong><\/p>\n<p style=\"text-align: justify;\"><strong>MAD: <\/strong>Soy apasionada por naturaleza, cuando emprendo algo lo hago \u201ccon todo\u201d, pero el paso del tiempo me ense\u00f1\u00f3 a controlarme un poco.<\/p>\n<p style=\"text-align: justify;\"><strong>\u00a0<\/strong><\/p>\n<p style=\"text-align: justify;\"><strong>\u00a0<\/strong><\/p>\n<p style=\"text-align: justify;\"><span style=\"color: #800000;\">31: <strong>\u00bfQu\u00e9 artistas estim\u00e1s que han sido alabados desmesuradamente?<\/strong><\/span><\/p>\n<p style=\"text-align: justify;\"><strong>\u00a0<\/strong><\/p>\n<p style=\"text-align: justify;\"><strong>MAD: <\/strong>No vale la pena recordarlos, me producen l\u00e1stima porque esas alabanzas desmesuradas terminan por estafarlos; adem\u00e1s, la historia los borra.<\/p>\n<p style=\"text-align: justify;\"><strong>\u00a0<\/strong><\/p>\n<p style=\"text-align: justify;\"><span style=\"color: #800000;\">32: <strong>\u00bfAcordar\u00edas, o algo as\u00ed, con que es, efectivamente, <em>\u201cEl amor, asim\u00e9trico por naturaleza\u201d<\/em>, tal como leemos en el poema \u201cCielito lindo\u201d de Luisa Futoransky?<\/strong><\/span><\/p>\n<p style=\"text-align: justify;\"><strong>\u00a0<\/strong><\/p>\n<p style=\"text-align: justify;\"><strong>MAD: <\/strong>Luisa Futoransky, en su poema conduce a la asimetr\u00eda m\u00e1s all\u00e1 del amor, la lleva a la ciudad y, en general, a todo nuestro modo de vida siglo XXI. Y s\u00ed, todo es asim\u00e9trico, y en las relaciones amorosas hay una asimetr\u00eda que hace que los opuestos se atraigan, pero hay otra asimetr\u00eda y es negativa: cada vez rompemos m\u00e1s el equilibrio del planeta que alguien nos entreg\u00f3.<\/p>\n<p style=\"text-align: justify;\"><span style=\"color: #800000;\">33: <strong>\u00bfEl amanecer, la franca ma\u00f1ana, el mediod\u00eda, la hora de la siesta, el crep\u00fasculo vespertino, la noche plena o la madrugada?<\/strong><\/span><\/p>\n<p style=\"text-align: justify;\"><strong>\u00a0<\/strong><\/p>\n<p style=\"text-align: justify;\"><strong>MAD: <\/strong>El crep\u00fasculo vespertino, ese momento tan fugaz en que, dentro de una luz que parece l\u00edquida, las cosas se detienen y los ruidos se asordinan, mientras pasan los p\u00e1jaros hacia sus refugios. Escrib\u00ed todo mi libro in\u00e9dito, <em>\u201cPatio de atr\u00e1s\u201d<\/em>, sent\u00e1ndome en el jard\u00edn del fondo de mi casa para sentir los atardeceres. Para m\u00ed, el crep\u00fasculo vespertino es un momento m\u00e1gico.<\/p>\n<p style=\"text-align: justify;\"><strong>\u00a0<\/strong><\/p>\n<p style=\"text-align: justify;\"><span style=\"color: #800000;\">34: <strong>\u00bfQu\u00e9 dos o tres o cuatro \u201creuniones cumbres\u201d integradas por artistas de todos los tiempos y de todas las artes nos propondr\u00edas?<\/strong><\/span><\/p>\n<p style=\"text-align: justify;\"><strong>\u00a0<\/strong><\/p>\n<p style=\"text-align: justify;\"><strong>MAD: <\/strong>Una: Plat\u00f3n, Fidias, S\u00f3focles, Cicer\u00f3n, Lao-Tse, Confucio.<\/p>\n<p style=\"text-align: justify;\">Otra: Leonardo da Vinci, Dante Alighieri, Antonio Vivaldi, Cervantes, Giordano Bruno, Miguel \u00c1ngel, Johann Sebastian Bach.<\/p>\n<p style=\"text-align: justify;\">Y otra, muy numerosa: Fi\u00f3dor Dostoievski, Fr\u00e9d\u00e9ric Chopin, Mallarm\u00e9, Juana In\u00e9s de la Cruz, Luchino Visconti, Akira Kurosawa, Faulkner, Dal\u00ed, Borges, Leopoldo Marechal, Hannah Arendt, Simone de Beauvoir, Piotr Ilich Tchaikovsky, Homero Manzi, Marta Minuj\u00edn, Herbert von Karajan.<\/p>\n<p style=\"text-align: justify;\"><strong>\u00a0<\/strong><\/p>\n<p style=\"text-align: justify;\"><span style=\"color: #800000;\">35: <strong>Seas o no ajedrecista: \u00bfqu\u00e9 partida est\u00e1s jugando ahora?&#8230;<\/strong><\/span><\/p>\n<p style=\"text-align: justify;\"><strong>\u00a0<\/strong><\/p>\n<p style=\"text-align: justify;\"><strong>MAD: <\/strong>No tengo idea, del ajedrez solo me preocup\u00e9 por saber los movimientos de cada pieza. Soy mal\u00edsima para los juegos de cartas y dem\u00e1s, porque realmente no me atraen. La vida la vivo con pasi\u00f3n: proyecto y me voy adaptando a lo que esa vida, mi vida, me va dando.<\/p>\n<hr \/>\n<blockquote>\n<p style=\"text-align: justify; padding-left: 120px;\"><strong><em>Cuestionario respondido a trav\u00e9s del correo electr\u00f3nico: en las ciudades de Castelar y Buenos Aires, distantes entre s\u00ed unos 30 kil\u00f3metros, Mar\u00eda Amelia D\u00edaz y <a href=\"http:\/\/www.revagliatti.com\/040607.html\" target=\"_blank\" rel=\"noopener\">Rolando Revagliatti<\/a>, 2020.<\/em><\/strong><\/p>\n<\/blockquote>\n<p style=\"text-align: justify;\"><strong>\u00a0<\/strong><\/p>\n<div class=\"pvc_clear\"><\/div>\n<p id=\"pvc_stats_5846\" class=\"pvc_stats all  \" data-element-id=\"5846\" style=\"\"><i class=\"pvc-stats-icon large\" aria-hidden=\"true\"><svg aria-hidden=\"true\" focusable=\"false\" data-prefix=\"far\" data-icon=\"chart-bar\" role=\"img\" xmlns=\"http:\/\/www.w3.org\/2000\/svg\" viewBox=\"0 0 512 512\" class=\"svg-inline--fa fa-chart-bar fa-w-16 fa-2x\"><path fill=\"currentColor\" d=\"M396.8 352h22.4c6.4 0 12.8-6.4 12.8-12.8V108.8c0-6.4-6.4-12.8-12.8-12.8h-22.4c-6.4 0-12.8 6.4-12.8 12.8v230.4c0 6.4 6.4 12.8 12.8 12.8zm-192 0h22.4c6.4 0 12.8-6.4 12.8-12.8V140.8c0-6.4-6.4-12.8-12.8-12.8h-22.4c-6.4 0-12.8 6.4-12.8 12.8v198.4c0 6.4 6.4 12.8 12.8 12.8zm96 0h22.4c6.4 0 12.8-6.4 12.8-12.8V204.8c0-6.4-6.4-12.8-12.8-12.8h-22.4c-6.4 0-12.8 6.4-12.8 12.8v134.4c0 6.4 6.4 12.8 12.8 12.8zM496 400H48V80c0-8.84-7.16-16-16-16H16C7.16 64 0 71.16 0 80v336c0 17.67 14.33 32 32 32h464c8.84 0 16-7.16 16-16v-16c0-8.84-7.16-16-16-16zm-387.2-48h22.4c6.4 0 12.8-6.4 12.8-12.8v-70.4c0-6.4-6.4-12.8-12.8-12.8h-22.4c-6.4 0-12.8 6.4-12.8 12.8v70.4c0 6.4 6.4 12.8 12.8 12.8z\" class=\"\"><\/path><\/svg><\/i> <img loading=\"lazy\" decoding=\"async\" width=\"16\" height=\"16\" alt=\"Loading\" src=\"https:\/\/www.periodicolapislazuli.com\/noticias\/wp-content\/plugins\/page-views-count\/ajax-loader-2x.gif\" border=0 \/><\/p>\n<div class=\"pvc_clear\"><\/div>\n        <div class=\"booster-block booster-reactions-block\">\n            <div class=\"twp-reactions-icons\">\n                \n                <div class=\"twp-reacts-wrap\">\n                    <a react-data=\"be-react-1\" post-id=\"5846\" class=\"be-face-icons un-reacted\" href=\"javascript:void(0)\">\n                        <img decoding=\"async\" src=\"https:\/\/www.periodicolapislazuli.com\/noticias\/wp-content\/plugins\/booster-extension\/\/assets\/icon\/happy.svg\" alt=\"Happy\">\n                    <\/a>\n                    <div class=\"twp-reaction-title\">\n                        Happy                    <\/div>\n                    <div class=\"twp-count-percent\">\n                                                    <span style=\"display: none;\" class=\"twp-react-count\">0<\/span>\n                        \n                                                <span class=\"twp-react-percent\"><span>0<\/span> %<\/span>\n                                            <\/div>\n                <\/div>\n\n                <div class=\"twp-reacts-wrap\">\n                    <a react-data=\"be-react-2\" post-id=\"5846\" class=\"be-face-icons un-reacted\" href=\"javascript:void(0)\">\n                        <img decoding=\"async\" src=\"https:\/\/www.periodicolapislazuli.com\/noticias\/wp-content\/plugins\/booster-extension\/\/assets\/icon\/sad.svg\" alt=\"Sad\">\n                    <\/a>\n                    <div class=\"twp-reaction-title\">\n                        Sad                    <\/div>\n                    <div class=\"twp-count-percent\">\n                                                    <span style=\"display: none;\" class=\"twp-react-count\">0<\/span>\n                                                                        <span class=\"twp-react-percent\"><span>0<\/span> %<\/span>\n                                            <\/div>\n                <\/div>\n\n                <div class=\"twp-reacts-wrap\">\n                    <a react-data=\"be-react-3\" post-id=\"5846\" class=\"be-face-icons un-reacted\" href=\"javascript:void(0)\">\n                        <img decoding=\"async\" src=\"https:\/\/www.periodicolapislazuli.com\/noticias\/wp-content\/plugins\/booster-extension\/\/assets\/icon\/excited.svg\" alt=\"Excited\">\n                    <\/a>\n                    <div class=\"twp-reaction-title\">\n                        Excited                    <\/div>\n                    <div class=\"twp-count-percent\">\n                                                    <span style=\"display: none;\" class=\"twp-react-count\">0<\/span>\n                                                                        <span class=\"twp-react-percent\"><span>0<\/span> %<\/span>\n                                            <\/div>\n                <\/div>\n\n                <div class=\"twp-reacts-wrap\">\n                    <a react-data=\"be-react-6\" post-id=\"5846\" class=\"be-face-icons un-reacted\" href=\"javascript:void(0)\">\n                        <img decoding=\"async\" src=\"https:\/\/www.periodicolapislazuli.com\/noticias\/wp-content\/plugins\/booster-extension\/\/assets\/icon\/sleepy.svg\" alt=\"Sleepy\">\n                    <\/a>\n                    <div class=\"twp-reaction-title\">\n                        Sleepy                    <\/div>\n                    <div class=\"twp-count-percent\">\n                                                    <span style=\"display: none;\" class=\"twp-react-count\">0<\/span>\n                        \n                                                <span class=\"twp-react-percent\"><span>0<\/span> %<\/span>\n                                            <\/div>\n                <\/div>\n\n                <div class=\"twp-reacts-wrap\">\n                    <a react-data=\"be-react-4\" post-id=\"5846\" class=\"be-face-icons un-reacted\" href=\"javascript:void(0)\">\n                        <img decoding=\"async\" src=\"https:\/\/www.periodicolapislazuli.com\/noticias\/wp-content\/plugins\/booster-extension\/\/assets\/icon\/angry.svg\" alt=\"Angry\">\n                    <\/a>\n                    <div class=\"twp-reaction-title\">Angry<\/div>\n                    <div class=\"twp-count-percent\">\n                                                    <span style=\"display: none;\" class=\"twp-react-count\">0<\/span>\n                                                                        <span class=\"twp-react-percent\"><span>0<\/span> %<\/span>\n                        \n                    <\/div>\n                <\/div>\n\n                <div class=\"twp-reacts-wrap\">\n                    <a react-data=\"be-react-5\" post-id=\"5846\" class=\"be-face-icons un-reacted\" href=\"javascript:void(0)\">\n                        <img decoding=\"async\" src=\"https:\/\/www.periodicolapislazuli.com\/noticias\/wp-content\/plugins\/booster-extension\/\/assets\/icon\/surprise.svg\" alt=\"Surprise\">\n                    <\/a>\n                    <div class=\"twp-reaction-title\">Surprise<\/div>\n                    <div class=\"twp-count-percent\">\n                                                    <span style=\"display: none;\" class=\"twp-react-count\">0<\/span>\n                                                                        <span class=\"twp-react-percent\"><span>0<\/span> %<\/span>\n                                            <\/div>\n                <\/div>\n\n            <\/div>\n        <\/div>\n\n    ","protected":false},"excerpt":{"rendered":"<p>Mi libertad de chica de barrio corriendo detr\u00e1s de las mariposas a la hora de la siesta; o los bichitos de luz, peque\u00f1\u00edsimos faroles de la noche que encend\u00edan las calles de tierra donde crec\u00edan margaritas silvestres.<\/p>\n<div class=\"pvc_clear\"><\/div>\n<p id=\"pvc_stats_5846\" class=\"pvc_stats all  \" data-element-id=\"5846\" style=\"\"><i class=\"pvc-stats-icon large\" aria-hidden=\"true\"><svg aria-hidden=\"true\" focusable=\"false\" data-prefix=\"far\" data-icon=\"chart-bar\" role=\"img\" xmlns=\"http:\/\/www.w3.org\/2000\/svg\" viewBox=\"0 0 512 512\" class=\"svg-inline--fa fa-chart-bar fa-w-16 fa-2x\"><path fill=\"currentColor\" d=\"M396.8 352h22.4c6.4 0 12.8-6.4 12.8-12.8V108.8c0-6.4-6.4-12.8-12.8-12.8h-22.4c-6.4 0-12.8 6.4-12.8 12.8v230.4c0 6.4 6.4 12.8 12.8 12.8zm-192 0h22.4c6.4 0 12.8-6.4 12.8-12.8V140.8c0-6.4-6.4-12.8-12.8-12.8h-22.4c-6.4 0-12.8 6.4-12.8 12.8v198.4c0 6.4 6.4 12.8 12.8 12.8zm96 0h22.4c6.4 0 12.8-6.4 12.8-12.8V204.8c0-6.4-6.4-12.8-12.8-12.8h-22.4c-6.4 0-12.8 6.4-12.8 12.8v134.4c0 6.4 6.4 12.8 12.8 12.8zM496 400H48V80c0-8.84-7.16-16-16-16H16C7.16 64 0 71.16 0 80v336c0 17.67 14.33 32 32 32h464c8.84 0 16-7.16 16-16v-16c0-8.84-7.16-16-16-16zm-387.2-48h22.4c6.4 0 12.8-6.4 12.8-12.8v-70.4c0-6.4-6.4-12.8-12.8-12.8h-22.4c-6.4 0-12.8 6.4-12.8 12.8v70.4c0 6.4 6.4 12.8 12.8 12.8z\" class=\"\"><\/path><\/svg><\/i> <img loading=\"lazy\" decoding=\"async\" width=\"16\" height=\"16\" alt=\"Loading\" src=\"https:\/\/www.periodicolapislazuli.com\/noticias\/wp-content\/plugins\/page-views-count\/ajax-loader-2x.gif\" border=0 \/><\/p>\n<div class=\"pvc_clear\"><\/div>\n","protected":false},"author":1,"featured_media":5848,"comment_status":"closed","ping_status":"open","sticky":false,"template":"","format":"standard","meta":{"om_disable_all_campaigns":false,"pagelayer_contact_templates":[],"_pagelayer_content":"","_monsterinsights_skip_tracking":false,"_monsterinsights_sitenote_active":false,"_monsterinsights_sitenote_note":"","_monsterinsights_sitenote_category":0,"footnotes":""},"categories":[26],"tags":[1690,2375,2374,1212],"class_list":["post-5846","post","type-post","status-publish","format-standard","has-post-thumbnail","hentry","category-literatura","tag-entrevista","tag-letras-argentinas","tag-maria-amelia-diaz","tag-rolando-revagliatti"],"a3_pvc":{"activated":true,"total_views":131,"today_views":0},"jetpack_featured_media_url":"https:\/\/www.periodicolapislazuli.com\/noticias\/wp-content\/uploads\/2020\/08\/Mar\u00eda-Amelia-D\u00edaz-15.jpg","_links":{"self":[{"href":"https:\/\/www.periodicolapislazuli.com\/noticias\/wp-json\/wp\/v2\/posts\/5846","targetHints":{"allow":["GET"]}}],"collection":[{"href":"https:\/\/www.periodicolapislazuli.com\/noticias\/wp-json\/wp\/v2\/posts"}],"about":[{"href":"https:\/\/www.periodicolapislazuli.com\/noticias\/wp-json\/wp\/v2\/types\/post"}],"author":[{"embeddable":true,"href":"https:\/\/www.periodicolapislazuli.com\/noticias\/wp-json\/wp\/v2\/users\/1"}],"replies":[{"embeddable":true,"href":"https:\/\/www.periodicolapislazuli.com\/noticias\/wp-json\/wp\/v2\/comments?post=5846"}],"version-history":[{"count":3,"href":"https:\/\/www.periodicolapislazuli.com\/noticias\/wp-json\/wp\/v2\/posts\/5846\/revisions"}],"predecessor-version":[{"id":5853,"href":"https:\/\/www.periodicolapislazuli.com\/noticias\/wp-json\/wp\/v2\/posts\/5846\/revisions\/5853"}],"wp:featuredmedia":[{"embeddable":true,"href":"https:\/\/www.periodicolapislazuli.com\/noticias\/wp-json\/wp\/v2\/media\/5848"}],"wp:attachment":[{"href":"https:\/\/www.periodicolapislazuli.com\/noticias\/wp-json\/wp\/v2\/media?parent=5846"}],"wp:term":[{"taxonomy":"category","embeddable":true,"href":"https:\/\/www.periodicolapislazuli.com\/noticias\/wp-json\/wp\/v2\/categories?post=5846"},{"taxonomy":"post_tag","embeddable":true,"href":"https:\/\/www.periodicolapislazuli.com\/noticias\/wp-json\/wp\/v2\/tags?post=5846"}],"curies":[{"name":"wp","href":"https:\/\/api.w.org\/{rel}","templated":true}]}}