{"id":5649,"date":"2020-05-21T22:49:14","date_gmt":"2020-05-21T22:49:14","guid":{"rendered":"http:\/\/www.periodicolapislazuli.com\/noticias\/?p=5649"},"modified":"2020-05-21T22:49:14","modified_gmt":"2020-05-21T22:49:14","slug":"convocan-a-presentar-propuestas-de-acciones-en-internet-para-la-erradicacion-del-racismo","status":"publish","type":"post","link":"https:\/\/www.periodicolapislazuli.com\/noticias\/convocan-a-presentar-propuestas-de-acciones-en-internet-para-la-erradicacion-del-racismo\/","title":{"rendered":"Convocan a presentar propuestas de acciones en Internet para la Erradicaci\u00f3n del Racismo"},"content":{"rendered":"<div class='booster-block booster-read-block'>\n                <div class=\"twp-read-time\">\n                \t<i class=\"booster-icon twp-clock\"><\/i> <span>Read Time:<\/span>3 Minute, 7 Second                <\/div>\n\n            <\/div>\r\n<p style=\"text-align: justify;\">Convocan a presentar propuestas de acciones en Internet para la Erradicaci\u00f3n del Racismo<\/p>\r\n<hr \/>\r\n<p style=\"text-align: justify;\">La C\u00e1tedra UNESCO Educaci\u00f3n Superior y Pueblos Ind\u00edgenas y Afrodescendientes en Am\u00e9rica Latina de la Universidad Nacional de Tres de Febrero (UNTREF),a trav\u00e9s de su Iniciativa para la Erradicaci\u00f3n del Racismo en la Educaci\u00f3n Superior, invita a participar en la CONVOCATORIA de ACCIONES EN INTERNET orientadas a promover reflexiones y debates sobre las m\u00faltiples formas de racismo que a\u00fan persisten en los sistemas de Educaci\u00f3n Superior, y contribuir a su erradicaci\u00f3n.<\/p>\r\n<p style=\"text-align: justify;\">Diversas modalidades de racismo persisten en los sistemas de Educaci\u00f3n Superior en pleno siglo XXI. Algunas de ellas se expresan abiertamente, resultan \u201cvisibles\u201d, son las que suelen asociarse con la idea de \u201cdiscriminaci\u00f3n racial\u201d. Otras, que, seg\u00fan los casos resultan de car\u00e1cter estructural, o sist\u00e9mico, han sido \u201cnaturalizadas\u201d y suelen resultar pr\u00e1cticamente \u201cinvisibles\u201d. Estas se expresan en el car\u00e1cter monocultural de los sistemas e Instituciones de Educaci\u00f3n Superior (IES), y con este, en la exclusi\u00f3n de las visiones de mundo, historias, lenguas, conocimientos y modos de producci\u00f3n de los mismos, de los diversos pueblos y comunidades ind\u00edgenas y afrodescendientes; as\u00ed como en la marginaci\u00f3n y desvalorizaci\u00f3n de autores y perspectivas afrodiasp\u00f3ricas e ind\u00edgenas en los planes de estudio, en la escasa participaci\u00f3n de personas ind\u00edgenas y afrodescendientes entre las y los estudiantes, docentes, autoridades y funcionarias\/os de las IES, y en los prejuicios respecto de sus capacidades intelectuales.<\/p>\r\n<p style=\"text-align: justify;\">La Convocatoria est\u00e1 dirigida exclusivamente a propuestas de acciones en Internet y\/o en las llamadas \u201credes sociales\u201d, dise\u00f1adas y a ser puestas en pr\u00e1ctica por estudiantes, docentes, investigadoras\/es, y otras\/os trabajadoras\/es (de cualquier rango y posici\u00f3n) de IES de Am\u00e9rica Latina, con el prop\u00f3sito de promover reflexiones y debates sobre las m\u00faltiples formas de racismo que a\u00fan persisten en las pol\u00edticas, sistemas e instituciones de Educaci\u00f3n Superior de Am\u00e9rica Latina, y contribuir a su erradicaci\u00f3n.<br \/>Periodo de recepci\u00f3n de propuestas: 1<strong>5 de mayo al 15 de julio de 2020.<\/strong><\/p>\r\n<p style=\"text-align: justify;\"><br \/>Consultas: educacionsuperiorcontraelracismo@untref.edu.ar<br \/><br \/><a href=\"#\">VER Y DESCARGAR BASES DE LA CONVOCATORIA<\/a><\/p>\r\n<p style=\"text-align: justify;\">***<\/p>\r\n<p style=\"text-align: justify;\">A C\u00e1tedra UNESCO Educa\u00e7\u00e3o Superior e Povos Ind\u00edgenas e Afrodescendentes na Am\u00e9rica Latinada Universidad Nacional de Tr\u00eas de Febrero (UNTREF), por meio de suaIniciativa para a Erradica\u00e7\u00e3o do Racismo na Educa\u00e7\u00e3o Superior, convida a participar da CHAMADA DE A\u00c7\u00d5ES NA INTERNET orientada para promover reflex\u00f5es e debates sobre as m\u00faltiplas formas de racismo que ainda persistem nos sistemas de Educa\u00e7\u00e3oSuperior, e contribuir para sua erradica\u00e7\u00e3o.<\/p>\r\n<p style=\"text-align: justify;\">Diversas modalidades de racismo persistem nos sistemas de Educa\u00e7\u00e3oSuperior em pleno s\u00e9culo XXI. Algumas delas se expressam abertamente, s\u00e3o \u00abvis\u00edveis\u00bb, geralmente associados \u00e0 id\u00e9ia de \u00abdiscrimina\u00e7\u00e3o racial\u00bb. Outrasque, dependendo do caso, s\u00e3o de natureza estrutural ou sist\u00eamica, foram \u00abnaturalizadas\u00bb e tendem a ser praticamente \u00abinvis\u00edveis\u00bb. Expressam-se no car\u00e1ter monocultural dos sistemas e Institui\u00e7\u00f5es de Educa\u00e7\u00e3oSuperior (IES) e, com isso, excluindo vis\u00f5es de mundo, hist\u00f3rias, l\u00ednguas, conhecimentos e modos de produ\u00e7\u00e3o dos diversos povos e comunidades ind\u00edgenas e afrodescendentes; bem como na marginaliza\u00e7\u00e3o e desvaloriza\u00e7\u00e3o de autoras\/es e perspectivas afro-diasp\u00f3ricas e ind\u00edgenas nos planos de estudo, na reduzida participa\u00e7\u00e3o de ind\u00edgenas e afrodescendentes entre as e os estudantes, docentes, autoridades e funcion\u00e1rias\/os das IES, e em preju\u00edzo em rela\u00e7\u00e3o \u00e0s suas capacidades intelectuais.<\/p>\r\n<p style=\"text-align: justify;\">Esta chamada \u00e9 dirigida exclusivamente a propostas de a\u00e7\u00f5es na Internet e\/ou nas chamadas \u00abredes sociais\u00bb, projetadas e colocadas em pr\u00e1tica por estudantes, docentes, pesquisadoras\/es e outras\/os trabalhadoras\/es (de qualquer cargo ou fun\u00e7\u00e3o) das IES da Am\u00e9rica Latina, com o objetivo de promover reflex\u00f5es e debates sobre as m\u00faltiplas formas de racismo que ainda persistem nas pol\u00edticas, sistemas e institui\u00e7\u00f5es de Educa\u00e7\u00e3o Superior da Am\u00e9rica Latina, e contribuir para a sua erradica\u00e7\u00e3o.<\/p>\r\n<p style=\"text-align: justify;\">Per\u00edodo para recebimento de propostas: 15 de maio a 15 de julho de 2020<\/p>\r\n<p style=\"text-align: justify;\">Consultas: educacionsuperiorcontraelracismo@untref.edu.ar<\/p>\r\n<div class=\"pvc_clear\"><\/div><p id=\"pvc_stats_5649\" class=\"pvc_stats all  \" data-element-id=\"5649\" style=\"\"><i class=\"pvc-stats-icon large\" aria-hidden=\"true\"><svg aria-hidden=\"true\" focusable=\"false\" data-prefix=\"far\" data-icon=\"chart-bar\" role=\"img\" xmlns=\"http:\/\/www.w3.org\/2000\/svg\" viewBox=\"0 0 512 512\" class=\"svg-inline--fa fa-chart-bar fa-w-16 fa-2x\"><path fill=\"currentColor\" d=\"M396.8 352h22.4c6.4 0 12.8-6.4 12.8-12.8V108.8c0-6.4-6.4-12.8-12.8-12.8h-22.4c-6.4 0-12.8 6.4-12.8 12.8v230.4c0 6.4 6.4 12.8 12.8 12.8zm-192 0h22.4c6.4 0 12.8-6.4 12.8-12.8V140.8c0-6.4-6.4-12.8-12.8-12.8h-22.4c-6.4 0-12.8 6.4-12.8 12.8v198.4c0 6.4 6.4 12.8 12.8 12.8zm96 0h22.4c6.4 0 12.8-6.4 12.8-12.8V204.8c0-6.4-6.4-12.8-12.8-12.8h-22.4c-6.4 0-12.8 6.4-12.8 12.8v134.4c0 6.4 6.4 12.8 12.8 12.8zM496 400H48V80c0-8.84-7.16-16-16-16H16C7.16 64 0 71.16 0 80v336c0 17.67 14.33 32 32 32h464c8.84 0 16-7.16 16-16v-16c0-8.84-7.16-16-16-16zm-387.2-48h22.4c6.4 0 12.8-6.4 12.8-12.8v-70.4c0-6.4-6.4-12.8-12.8-12.8h-22.4c-6.4 0-12.8 6.4-12.8 12.8v70.4c0 6.4 6.4 12.8 12.8 12.8z\" class=\"\"><\/path><\/svg><\/i> <img decoding=\"async\" width=\"16\" height=\"16\" alt=\"Loading\" src=\"https:\/\/www.periodicolapislazuli.com\/noticias\/wp-content\/plugins\/page-views-count\/ajax-loader-2x.gif\" border=0 \/><\/p><div class=\"pvc_clear\"><\/div>        <div class=\"booster-block booster-reactions-block\">\n            <div class=\"twp-reactions-icons\">\n                \n                <div class=\"twp-reacts-wrap\">\n                    <a react-data=\"be-react-1\" post-id=\"5649\" class=\"be-face-icons un-reacted\" href=\"javascript:void(0)\">\n                        <img decoding=\"async\" src=\"https:\/\/www.periodicolapislazuli.com\/noticias\/wp-content\/plugins\/booster-extension\/\/assets\/icon\/happy.svg\" alt=\"Happy\">\n                    <\/a>\n                    <div class=\"twp-reaction-title\">\n                        Happy                    <\/div>\n                    <div class=\"twp-count-percent\">\n                                                    <span style=\"display: none;\" class=\"twp-react-count\">0<\/span>\n                        \n                                                <span class=\"twp-react-percent\"><span>0<\/span> %<\/span>\n                                            <\/div>\n                <\/div>\n\n                <div class=\"twp-reacts-wrap\">\n                    <a react-data=\"be-react-2\" post-id=\"5649\" class=\"be-face-icons un-reacted\" href=\"javascript:void(0)\">\n                        <img decoding=\"async\" src=\"https:\/\/www.periodicolapislazuli.com\/noticias\/wp-content\/plugins\/booster-extension\/\/assets\/icon\/sad.svg\" alt=\"Sad\">\n                    <\/a>\n                    <div class=\"twp-reaction-title\">\n                        Sad                    <\/div>\n                    <div class=\"twp-count-percent\">\n                                                    <span style=\"display: none;\" class=\"twp-react-count\">0<\/span>\n                                                                        <span class=\"twp-react-percent\"><span>0<\/span> %<\/span>\n                                            <\/div>\n                <\/div>\n\n                <div class=\"twp-reacts-wrap\">\n                    <a react-data=\"be-react-3\" post-id=\"5649\" class=\"be-face-icons un-reacted\" href=\"javascript:void(0)\">\n                        <img decoding=\"async\" src=\"https:\/\/www.periodicolapislazuli.com\/noticias\/wp-content\/plugins\/booster-extension\/\/assets\/icon\/excited.svg\" alt=\"Excited\">\n                    <\/a>\n                    <div class=\"twp-reaction-title\">\n                        Excited                    <\/div>\n                    <div class=\"twp-count-percent\">\n                                                    <span style=\"display: none;\" class=\"twp-react-count\">0<\/span>\n                                                                        <span class=\"twp-react-percent\"><span>0<\/span> %<\/span>\n                                            <\/div>\n                <\/div>\n\n                <div class=\"twp-reacts-wrap\">\n                    <a react-data=\"be-react-6\" post-id=\"5649\" class=\"be-face-icons un-reacted\" href=\"javascript:void(0)\">\n                        <img decoding=\"async\" src=\"https:\/\/www.periodicolapislazuli.com\/noticias\/wp-content\/plugins\/booster-extension\/\/assets\/icon\/sleepy.svg\" alt=\"Sleepy\">\n                    <\/a>\n                    <div class=\"twp-reaction-title\">\n                        Sleepy                    <\/div>\n                    <div class=\"twp-count-percent\">\n                                                    <span style=\"display: none;\" class=\"twp-react-count\">0<\/span>\n                        \n                                                <span class=\"twp-react-percent\"><span>0<\/span> %<\/span>\n                                            <\/div>\n                <\/div>\n\n                <div class=\"twp-reacts-wrap\">\n                    <a react-data=\"be-react-4\" post-id=\"5649\" class=\"be-face-icons un-reacted\" href=\"javascript:void(0)\">\n                        <img decoding=\"async\" src=\"https:\/\/www.periodicolapislazuli.com\/noticias\/wp-content\/plugins\/booster-extension\/\/assets\/icon\/angry.svg\" alt=\"Angry\">\n                    <\/a>\n                    <div class=\"twp-reaction-title\">Angry<\/div>\n                    <div class=\"twp-count-percent\">\n                                                    <span style=\"display: none;\" class=\"twp-react-count\">0<\/span>\n                                                                        <span class=\"twp-react-percent\"><span>0<\/span> %<\/span>\n                        \n                    <\/div>\n                <\/div>\n\n                <div class=\"twp-reacts-wrap\">\n                    <a react-data=\"be-react-5\" post-id=\"5649\" class=\"be-face-icons un-reacted\" href=\"javascript:void(0)\">\n                        <img decoding=\"async\" src=\"https:\/\/www.periodicolapislazuli.com\/noticias\/wp-content\/plugins\/booster-extension\/\/assets\/icon\/surprise.svg\" alt=\"Surprise\">\n                    <\/a>\n                    <div class=\"twp-reaction-title\">Surprise<\/div>\n                    <div class=\"twp-count-percent\">\n                                                    <span style=\"display: none;\" class=\"twp-react-count\">0<\/span>\n                                                                        <span class=\"twp-react-percent\"><span>0<\/span> %<\/span>\n                                            <\/div>\n                <\/div>\n\n            <\/div>\n        <\/div>\n\n    ","protected":false},"excerpt":{"rendered":"<p>La Convocatoria est\u00e1 dirigida exclusivamente a propuestas de acciones en Internet y\/o en las llamadas \u201credes sociales\u201d, dise\u00f1adas y a ser puestas en pr\u00e1ctica por estudiantes, docentes, investigadoras\/es, y otras\/os trabajadoras\/es (de cualquier rango y posici\u00f3n) de IES de Am\u00e9rica Latina,<\/p>\n<div class=\"pvc_clear\"><\/div>\n<p id=\"pvc_stats_5649\" class=\"pvc_stats all  \" data-element-id=\"5649\" style=\"\"><i class=\"pvc-stats-icon large\" aria-hidden=\"true\"><svg aria-hidden=\"true\" focusable=\"false\" data-prefix=\"far\" data-icon=\"chart-bar\" role=\"img\" xmlns=\"http:\/\/www.w3.org\/2000\/svg\" viewBox=\"0 0 512 512\" class=\"svg-inline--fa fa-chart-bar fa-w-16 fa-2x\"><path fill=\"currentColor\" d=\"M396.8 352h22.4c6.4 0 12.8-6.4 12.8-12.8V108.8c0-6.4-6.4-12.8-12.8-12.8h-22.4c-6.4 0-12.8 6.4-12.8 12.8v230.4c0 6.4 6.4 12.8 12.8 12.8zm-192 0h22.4c6.4 0 12.8-6.4 12.8-12.8V140.8c0-6.4-6.4-12.8-12.8-12.8h-22.4c-6.4 0-12.8 6.4-12.8 12.8v198.4c0 6.4 6.4 12.8 12.8 12.8zm96 0h22.4c6.4 0 12.8-6.4 12.8-12.8V204.8c0-6.4-6.4-12.8-12.8-12.8h-22.4c-6.4 0-12.8 6.4-12.8 12.8v134.4c0 6.4 6.4 12.8 12.8 12.8zM496 400H48V80c0-8.84-7.16-16-16-16H16C7.16 64 0 71.16 0 80v336c0 17.67 14.33 32 32 32h464c8.84 0 16-7.16 16-16v-16c0-8.84-7.16-16-16-16zm-387.2-48h22.4c6.4 0 12.8-6.4 12.8-12.8v-70.4c0-6.4-6.4-12.8-12.8-12.8h-22.4c-6.4 0-12.8 6.4-12.8 12.8v70.4c0 6.4 6.4 12.8 12.8 12.8z\" class=\"\"><\/path><\/svg><\/i> <img decoding=\"async\" width=\"16\" height=\"16\" alt=\"Loading\" src=\"https:\/\/www.periodicolapislazuli.com\/noticias\/wp-content\/plugins\/page-views-count\/ajax-loader-2x.gif\" border=0 \/><\/p>\n<div class=\"pvc_clear\"><\/div>\n","protected":false},"author":1,"featured_media":5669,"comment_status":"closed","ping_status":"open","sticky":false,"template":"","format":"standard","meta":{"om_disable_all_campaigns":false,"pagelayer_contact_templates":[],"_pagelayer_content":"","_monsterinsights_skip_tracking":false,"_monsterinsights_sitenote_active":false,"_monsterinsights_sitenote_note":"","_monsterinsights_sitenote_category":0,"footnotes":""},"categories":[15,17],"tags":[2310,39,2311,471],"class_list":["post-5649","post","type-post","status-publish","format-standard","has-post-thumbnail","hentry","category-convocatorias","category-sociedad","tag-acciones-en-internet","tag-convocatoria","tag-erradicacion-del-racismo","tag-unesco"],"a3_pvc":{"activated":true,"total_views":169,"today_views":0},"jetpack_featured_media_url":"https:\/\/www.periodicolapislazuli.com\/noticias\/wp-content\/uploads\/2020\/05\/90427846_2933029666788809_1499575848439644160_o.jpg","_links":{"self":[{"href":"https:\/\/www.periodicolapislazuli.com\/noticias\/wp-json\/wp\/v2\/posts\/5649","targetHints":{"allow":["GET"]}}],"collection":[{"href":"https:\/\/www.periodicolapislazuli.com\/noticias\/wp-json\/wp\/v2\/posts"}],"about":[{"href":"https:\/\/www.periodicolapislazuli.com\/noticias\/wp-json\/wp\/v2\/types\/post"}],"author":[{"embeddable":true,"href":"https:\/\/www.periodicolapislazuli.com\/noticias\/wp-json\/wp\/v2\/users\/1"}],"replies":[{"embeddable":true,"href":"https:\/\/www.periodicolapislazuli.com\/noticias\/wp-json\/wp\/v2\/comments?post=5649"}],"version-history":[{"count":2,"href":"https:\/\/www.periodicolapislazuli.com\/noticias\/wp-json\/wp\/v2\/posts\/5649\/revisions"}],"predecessor-version":[{"id":5670,"href":"https:\/\/www.periodicolapislazuli.com\/noticias\/wp-json\/wp\/v2\/posts\/5649\/revisions\/5670"}],"wp:featuredmedia":[{"embeddable":true,"href":"https:\/\/www.periodicolapislazuli.com\/noticias\/wp-json\/wp\/v2\/media\/5669"}],"wp:attachment":[{"href":"https:\/\/www.periodicolapislazuli.com\/noticias\/wp-json\/wp\/v2\/media?parent=5649"}],"wp:term":[{"taxonomy":"category","embeddable":true,"href":"https:\/\/www.periodicolapislazuli.com\/noticias\/wp-json\/wp\/v2\/categories?post=5649"},{"taxonomy":"post_tag","embeddable":true,"href":"https:\/\/www.periodicolapislazuli.com\/noticias\/wp-json\/wp\/v2\/tags?post=5649"}],"curies":[{"name":"wp","href":"https:\/\/api.w.org\/{rel}","templated":true}]}}