{"id":5615,"date":"2020-11-19T09:41:36","date_gmt":"2020-11-19T09:41:36","guid":{"rendered":"http:\/\/www.periodicolapislazuli.com\/noticias\/?p=5615"},"modified":"2020-11-19T09:42:36","modified_gmt":"2020-11-19T09:42:36","slug":"embajadores-naranja-sena-trabajan-para-multiplicar-y-fortalecer-el-potencial-cultural-y-creativo-colombiano","status":"publish","type":"post","link":"https:\/\/www.periodicolapislazuli.com\/noticias\/embajadores-naranja-sena-trabajan-para-multiplicar-y-fortalecer-el-potencial-cultural-y-creativo-colombiano\/","title":{"rendered":"Embajadores naranja SENA trabajan para multiplicar y fortalecer el potencial cultural y creativo colombiano"},"content":{"rendered":"<div class='booster-block booster-read-block'>\n                <div class=\"twp-read-time\">\n                \t<i class=\"booster-icon twp-clock\"><\/i> <span>Read Time:<\/span>3 Minute, 50 Second                <\/div>\n\n            <\/div><p style=\"text-align: justify;\">Se trata de 180 nuevos emisarios de las industrias creativas y culturales y de la Econom\u00eda Naranja, quienes promueven todas las oportunidades que representan estos sectores para la construcci\u00f3n de los territorios y el desarrollo del pa\u00eds.<\/p>\r\n<p style=\"text-align: justify;\">En los pr\u00f3ximos 12 meses, la tarea de los embajadores naranja es realizar al menos 10 actos de difusi\u00f3n en los que se espera impactar al menos a unas 30 personas.<\/p>\r\n<p style=\"text-align: justify;\">En el marco del Gran Foro Mundial de Arte, Cultura, Creatividad y Tecnolog\u00eda &#8211; II Cumbre de Econom\u00eda Naranja, el SENA da la bienvenida a 180 nuevos embajadores naranja, un grupo de l\u00edderes encargados de promover la riqueza y bondades de las industrias culturales y creativas desde diferentes regiones del pa\u00eds.<\/p>\r\n<p style=\"text-align: justify;\">Los embajadores tienen entre sus objetivos capacitar a los colombianos sobre la importancia de la Econom\u00eda Naranja, as\u00ed como de las enormes oportunidades que representan estos sectores. Para esta labor el SENA se uni\u00f3 con el Ministerio de Cultura y la Universidad Jorge Tadeo Lozano, quienes realizan acompa\u00f1amiento y entrenamiento para el fortalecimiento de las competencias de los diferentes l\u00edderes.<\/p>\r\n<p style=\"text-align: justify;\">De acuerdo con Hern\u00e1n Fuentes, director de Empleo, Trabajo y Emprendimiento del SENA, Colombia es reconocido a nivel mundial por su riqueza cultural, sus artistas y representantes que desde cada rinc\u00f3n de Colombia son propulsores de la Econom\u00eda Naranja que nos caracteriza.<\/p>\r\n<p>&nbsp;<\/p>\r\n<blockquote>\r\n<p style=\"text-align: justify;\">\u00abEn casi todos los hogares hay al menos un miembro con potencial artista o creativo. So\u00f1amos con que ese potencial siempre se desarrolle y vea ese camino creativo o cultural como una oportunidad de vida. Para lograrlo, necesitamos que los hogares hablen de Econom\u00eda Naranja como un tema cotidiano. Es all\u00ed, cuando el rol de los embajadores naranja toma tanta relevancia y, adem\u00e1s, representa para nosotros un gran apoyo para seguir creciendo como sector, que seamos reconocidos cada vez m\u00e1s como un pa\u00eds con un talento creativo y emprendedor a otro nivel\u00bb, indica.<\/p>\r\n<p>&nbsp;<\/p>\r\n<\/blockquote>\r\n<p style=\"text-align: justify;\">Cabe anotar que, durante el \u00faltimo a\u00f1o, gracias a esta iniciativa y al trabajo de la primera promoci\u00f3n de embajadores (150) seleccionados en 2019, se lograron realizar m\u00e1s de 1.491 actos de difusi\u00f3n de conceptos, iniciativas y convocatorias alrededor de la <strong>Econom\u00eda Naranja<\/strong> en todo el pa\u00eds.<\/p>\r\n<p style=\"text-align: justify;\">Felipe Buitrago, viceministro de Creatividad y Econom\u00eda Naranja, se\u00f1ala que \u00abdurante esta Segunda cumbre naranja, el SENA nos presenta la segunda cohorte de embajadores naranja. Esta entidad se pone a la vanguardia dentro de las instituciones que hacen parte del Consejo de Econom\u00eda Naranja al crear liderazgos activos y constructivos para que Colombia siga liderando en materia de pol\u00edtica p\u00fablica en Am\u00e9rica Latina, y se ponga a la cabeza de los pa\u00edses en el mundo que m\u00e1s duro le apuestan a un pa\u00eds con cultura, creatividad y patrimonio como una herramienta de desarrollo, m\u00e1s a\u00fan en este momento que estamos en un proceso de reactivaci\u00f3n global\u00bb.<\/p>\r\n<p style=\"text-align: justify;\">Por otro lado, durante el Gran Foro Mundial de Arte, Cultura, Creatividad y Tecnolog\u00eda la Entidad realiz\u00f3 el conversatorio &#8216;<strong>SENA<\/strong>: talento creativo y emprendedor&#8217;, un encuentro con artistas y creativos, quienes, a trav\u00e9s de la formaci\u00f3n, emprendimiento y certificaci\u00f3n de competencias laborales del <strong>SENA<\/strong> han logrado potencializar su perfil e iniciativas de la industria cultural y creativa, desde sus regiones para el mundo.<\/p>\r\n<p style=\"text-align: justify;\">Para el director general del SENA, Carlos Mario Estrada, el arte y la cultura nunca fueron tan importantes para el pa\u00eds. Y la entidad, como brazo operativo de la Econom\u00eda Naranja, trabaja para aportar a este momento tan relevante.<\/p>\r\n<p style=\"text-align: justify;\">En efecto, indica, que a trav\u00e9s de nuevos emprendimientos est\u00e1n transformando a Colombia. \u00abDesde 2018, hemos financiado, a trav\u00e9s del Fondo Emprender con $32 mil millones de capital semilla, la creaci\u00f3n de 262 nuevas empresas de Econom\u00eda Naranja que, con nuestro acompa\u00f1amiento, hoy est\u00e1n generando m\u00e1s de 1.500 nuevos empleos. A esto se suma la convocatoria que abrimos en 2020 por $10 mil millones y ya elegimos los 86 emprendimiento que recibir\u00e1n capital semilla\u00bb, se\u00f1ala.<\/p>\r\n<blockquote>\r\n<p style=\"text-align: justify;\">Cuenta, adem\u00e1s, que desde Agencia P\u00fablica de Empleo conectan al talento humano con las empresas, gracias al proceso de intermediaci\u00f3n laboral, \u00abas\u00ed hemos contribuido a que m\u00e1s de 165 mil personas consiguieran empleo en ocupaciones naranja con la intermediaci\u00f3n laboral\u00bb, asegura.<\/p>\r\n<\/blockquote>\r\n<p style=\"text-align: justify;\">Adem\u00e1s de los 2 millones de cupos ofertados en programas naranja en el nivel de formaci\u00f3n titulada. \u00ab<strong>Tenemos m\u00e1s de 100 programas titulados y m\u00e1s de 400 complementarios relacionados con Dise\u00f1o, Confecci\u00f3n, Moda, Artesan\u00edas, Artes Esc\u00e9nicas, M\u00fasica, Danza, Joyer\u00eda, Desarrollo de Software, Aplicaciones m\u00f3viles y web, Videojuegos, Turismo, entre otras<\/strong>\u00ab, expone.<\/p>\r\n<p style=\"text-align: justify;\">Y, finalmente, las 17.228 certificaciones en competencias laborales a personas que han adquirido aprendizajes de manera emp\u00edrica en sectores que comprenden la industria creativa.<\/p>\r\n<p style=\"text-align: justify;\"><span style=\"color: #800000;\">Fuente: sena.edu.co<\/span><\/p>\r\n<div class=\"pvc_clear\"><\/div><p id=\"pvc_stats_5615\" class=\"pvc_stats all  \" data-element-id=\"5615\" style=\"\"><i class=\"pvc-stats-icon large\" aria-hidden=\"true\"><svg aria-hidden=\"true\" focusable=\"false\" data-prefix=\"far\" data-icon=\"chart-bar\" role=\"img\" xmlns=\"http:\/\/www.w3.org\/2000\/svg\" viewBox=\"0 0 512 512\" class=\"svg-inline--fa fa-chart-bar fa-w-16 fa-2x\"><path fill=\"currentColor\" d=\"M396.8 352h22.4c6.4 0 12.8-6.4 12.8-12.8V108.8c0-6.4-6.4-12.8-12.8-12.8h-22.4c-6.4 0-12.8 6.4-12.8 12.8v230.4c0 6.4 6.4 12.8 12.8 12.8zm-192 0h22.4c6.4 0 12.8-6.4 12.8-12.8V140.8c0-6.4-6.4-12.8-12.8-12.8h-22.4c-6.4 0-12.8 6.4-12.8 12.8v198.4c0 6.4 6.4 12.8 12.8 12.8zm96 0h22.4c6.4 0 12.8-6.4 12.8-12.8V204.8c0-6.4-6.4-12.8-12.8-12.8h-22.4c-6.4 0-12.8 6.4-12.8 12.8v134.4c0 6.4 6.4 12.8 12.8 12.8zM496 400H48V80c0-8.84-7.16-16-16-16H16C7.16 64 0 71.16 0 80v336c0 17.67 14.33 32 32 32h464c8.84 0 16-7.16 16-16v-16c0-8.84-7.16-16-16-16zm-387.2-48h22.4c6.4 0 12.8-6.4 12.8-12.8v-70.4c0-6.4-6.4-12.8-12.8-12.8h-22.4c-6.4 0-12.8 6.4-12.8 12.8v70.4c0 6.4 6.4 12.8 12.8 12.8z\" class=\"\"><\/path><\/svg><\/i> <img decoding=\"async\" width=\"16\" height=\"16\" alt=\"Loading\" src=\"https:\/\/www.periodicolapislazuli.com\/noticias\/wp-content\/plugins\/page-views-count\/ajax-loader-2x.gif\" border=0 \/><\/p><div class=\"pvc_clear\"><\/div>        <div class=\"booster-block booster-reactions-block\">\n            <div class=\"twp-reactions-icons\">\n                \n                <div class=\"twp-reacts-wrap\">\n                    <a react-data=\"be-react-1\" post-id=\"5615\" class=\"be-face-icons un-reacted\" href=\"javascript:void(0)\">\n                        <img decoding=\"async\" src=\"https:\/\/www.periodicolapislazuli.com\/noticias\/wp-content\/plugins\/booster-extension\/\/assets\/icon\/happy.svg\" alt=\"Happy\">\n                    <\/a>\n                    <div class=\"twp-reaction-title\">\n                        Happy                    <\/div>\n                    <div class=\"twp-count-percent\">\n                                                    <span style=\"display: none;\" class=\"twp-react-count\">0<\/span>\n                        \n                                                <span class=\"twp-react-percent\"><span>0<\/span> %<\/span>\n                                            <\/div>\n                <\/div>\n\n                <div class=\"twp-reacts-wrap\">\n                    <a react-data=\"be-react-2\" post-id=\"5615\" class=\"be-face-icons un-reacted\" href=\"javascript:void(0)\">\n                        <img decoding=\"async\" src=\"https:\/\/www.periodicolapislazuli.com\/noticias\/wp-content\/plugins\/booster-extension\/\/assets\/icon\/sad.svg\" alt=\"Sad\">\n                    <\/a>\n                    <div class=\"twp-reaction-title\">\n                        Sad                    <\/div>\n                    <div class=\"twp-count-percent\">\n                                                    <span style=\"display: none;\" class=\"twp-react-count\">0<\/span>\n                                                                        <span class=\"twp-react-percent\"><span>0<\/span> %<\/span>\n                                            <\/div>\n                <\/div>\n\n                <div class=\"twp-reacts-wrap\">\n                    <a react-data=\"be-react-3\" post-id=\"5615\" class=\"be-face-icons un-reacted\" href=\"javascript:void(0)\">\n                        <img decoding=\"async\" src=\"https:\/\/www.periodicolapislazuli.com\/noticias\/wp-content\/plugins\/booster-extension\/\/assets\/icon\/excited.svg\" alt=\"Excited\">\n                    <\/a>\n                    <div class=\"twp-reaction-title\">\n                        Excited                    <\/div>\n                    <div class=\"twp-count-percent\">\n                                                    <span style=\"display: none;\" class=\"twp-react-count\">0<\/span>\n                                                                        <span class=\"twp-react-percent\"><span>0<\/span> %<\/span>\n                                            <\/div>\n                <\/div>\n\n                <div class=\"twp-reacts-wrap\">\n                    <a react-data=\"be-react-6\" post-id=\"5615\" class=\"be-face-icons un-reacted\" href=\"javascript:void(0)\">\n                        <img decoding=\"async\" src=\"https:\/\/www.periodicolapislazuli.com\/noticias\/wp-content\/plugins\/booster-extension\/\/assets\/icon\/sleepy.svg\" alt=\"Sleepy\">\n                    <\/a>\n                    <div class=\"twp-reaction-title\">\n                        Sleepy                    <\/div>\n                    <div class=\"twp-count-percent\">\n                                                    <span style=\"display: none;\" class=\"twp-react-count\">0<\/span>\n                        \n                                                <span class=\"twp-react-percent\"><span>0<\/span> %<\/span>\n                                            <\/div>\n                <\/div>\n\n                <div class=\"twp-reacts-wrap\">\n                    <a react-data=\"be-react-4\" post-id=\"5615\" class=\"be-face-icons un-reacted\" href=\"javascript:void(0)\">\n                        <img decoding=\"async\" src=\"https:\/\/www.periodicolapislazuli.com\/noticias\/wp-content\/plugins\/booster-extension\/\/assets\/icon\/angry.svg\" alt=\"Angry\">\n                    <\/a>\n                    <div class=\"twp-reaction-title\">Angry<\/div>\n                    <div class=\"twp-count-percent\">\n                                                    <span style=\"display: none;\" class=\"twp-react-count\">0<\/span>\n                                                                        <span class=\"twp-react-percent\"><span>0<\/span> %<\/span>\n                        \n                    <\/div>\n                <\/div>\n\n                <div class=\"twp-reacts-wrap\">\n                    <a react-data=\"be-react-5\" post-id=\"5615\" class=\"be-face-icons un-reacted\" href=\"javascript:void(0)\">\n                        <img decoding=\"async\" src=\"https:\/\/www.periodicolapislazuli.com\/noticias\/wp-content\/plugins\/booster-extension\/\/assets\/icon\/surprise.svg\" alt=\"Surprise\">\n                    <\/a>\n                    <div class=\"twp-reaction-title\">Surprise<\/div>\n                    <div class=\"twp-count-percent\">\n                                                    <span style=\"display: none;\" class=\"twp-react-count\">0<\/span>\n                                                                        <span class=\"twp-react-percent\"><span>0<\/span> %<\/span>\n                                            <\/div>\n                <\/div>\n\n            <\/div>\n        <\/div>\n\n    ","protected":false},"excerpt":{"rendered":"<p>Se trata de 180 nuevos emisarios de las industrias creativas y culturales y de la Econom\u00eda Naranja, quienes<\/p>\n<div class=\"pvc_clear\"><\/div>\n<p id=\"pvc_stats_5615\" class=\"pvc_stats all  \" data-element-id=\"5615\" style=\"\"><i class=\"pvc-stats-icon large\" aria-hidden=\"true\"><svg aria-hidden=\"true\" focusable=\"false\" data-prefix=\"far\" data-icon=\"chart-bar\" role=\"img\" xmlns=\"http:\/\/www.w3.org\/2000\/svg\" viewBox=\"0 0 512 512\" class=\"svg-inline--fa fa-chart-bar fa-w-16 fa-2x\"><path fill=\"currentColor\" d=\"M396.8 352h22.4c6.4 0 12.8-6.4 12.8-12.8V108.8c0-6.4-6.4-12.8-12.8-12.8h-22.4c-6.4 0-12.8 6.4-12.8 12.8v230.4c0 6.4 6.4 12.8 12.8 12.8zm-192 0h22.4c6.4 0 12.8-6.4 12.8-12.8V140.8c0-6.4-6.4-12.8-12.8-12.8h-22.4c-6.4 0-12.8 6.4-12.8 12.8v198.4c0 6.4 6.4 12.8 12.8 12.8zm96 0h22.4c6.4 0 12.8-6.4 12.8-12.8V204.8c0-6.4-6.4-12.8-12.8-12.8h-22.4c-6.4 0-12.8 6.4-12.8 12.8v134.4c0 6.4 6.4 12.8 12.8 12.8zM496 400H48V80c0-8.84-7.16-16-16-16H16C7.16 64 0 71.16 0 80v336c0 17.67 14.33 32 32 32h464c8.84 0 16-7.16 16-16v-16c0-8.84-7.16-16-16-16zm-387.2-48h22.4c6.4 0 12.8-6.4 12.8-12.8v-70.4c0-6.4-6.4-12.8-12.8-12.8h-22.4c-6.4 0-12.8 6.4-12.8 12.8v70.4c0 6.4 6.4 12.8 12.8 12.8z\" class=\"\"><\/path><\/svg><\/i> <img decoding=\"async\" width=\"16\" height=\"16\" alt=\"Loading\" src=\"https:\/\/www.periodicolapislazuli.com\/noticias\/wp-content\/plugins\/page-views-count\/ajax-loader-2x.gif\" border=0 \/><\/p>\n<div class=\"pvc_clear\"><\/div>\n","protected":false},"author":1,"featured_media":6332,"comment_status":"closed","ping_status":"open","sticky":false,"template":"","format":"standard","meta":{"om_disable_all_campaigns":false,"pagelayer_contact_templates":[],"_pagelayer_content":"","_monsterinsights_skip_tracking":false,"_monsterinsights_sitenote_active":false,"_monsterinsights_sitenote_note":"","_monsterinsights_sitenote_category":0,"footnotes":""},"categories":[3],"tags":[146,347,139,1624,2433,2432],"class_list":["post-5615","post","type-post","status-publish","format-standard","has-post-thumbnail","hentry","category-actualidad","tag-arte","tag-creatividad","tag-cultural","tag-economia-naranja","tag-embajadores-naranja","tag-sena"],"a3_pvc":{"activated":true,"total_views":284,"today_views":0},"jetpack_featured_media_url":"https:\/\/www.periodicolapislazuli.com\/noticias\/wp-content\/uploads\/2020\/11\/Cumbre_Naranja_11112020.jpg","_links":{"self":[{"href":"https:\/\/www.periodicolapislazuli.com\/noticias\/wp-json\/wp\/v2\/posts\/5615","targetHints":{"allow":["GET"]}}],"collection":[{"href":"https:\/\/www.periodicolapislazuli.com\/noticias\/wp-json\/wp\/v2\/posts"}],"about":[{"href":"https:\/\/www.periodicolapislazuli.com\/noticias\/wp-json\/wp\/v2\/types\/post"}],"author":[{"embeddable":true,"href":"https:\/\/www.periodicolapislazuli.com\/noticias\/wp-json\/wp\/v2\/users\/1"}],"replies":[{"embeddable":true,"href":"https:\/\/www.periodicolapislazuli.com\/noticias\/wp-json\/wp\/v2\/comments?post=5615"}],"version-history":[{"count":3,"href":"https:\/\/www.periodicolapislazuli.com\/noticias\/wp-json\/wp\/v2\/posts\/5615\/revisions"}],"predecessor-version":[{"id":6334,"href":"https:\/\/www.periodicolapislazuli.com\/noticias\/wp-json\/wp\/v2\/posts\/5615\/revisions\/6334"}],"wp:featuredmedia":[{"embeddable":true,"href":"https:\/\/www.periodicolapislazuli.com\/noticias\/wp-json\/wp\/v2\/media\/6332"}],"wp:attachment":[{"href":"https:\/\/www.periodicolapislazuli.com\/noticias\/wp-json\/wp\/v2\/media?parent=5615"}],"wp:term":[{"taxonomy":"category","embeddable":true,"href":"https:\/\/www.periodicolapislazuli.com\/noticias\/wp-json\/wp\/v2\/categories?post=5615"},{"taxonomy":"post_tag","embeddable":true,"href":"https:\/\/www.periodicolapislazuli.com\/noticias\/wp-json\/wp\/v2\/tags?post=5615"}],"curies":[{"name":"wp","href":"https:\/\/api.w.org\/{rel}","templated":true}]}}