{"id":5593,"date":"2020-05-07T14:49:20","date_gmt":"2020-05-07T14:49:20","guid":{"rendered":"http:\/\/www.periodicolapislazuli.com\/noticias\/?p=5593"},"modified":"2020-05-12T16:19:24","modified_gmt":"2020-05-12T16:19:24","slug":"el-hay-festival-invita-a-imaginar-el-mundo","status":"publish","type":"post","link":"https:\/\/www.periodicolapislazuli.com\/noticias\/el-hay-festival-invita-a-imaginar-el-mundo\/","title":{"rendered":"El Hay Festival invita a imaginar el mundo"},"content":{"rendered":"<div class='booster-block booster-read-block'>\n                <div class=\"twp-read-time\">\n                \t<i class=\"booster-icon twp-clock\"><\/i> <span>Read Time:<\/span>3 Minute, 35 Second                <\/div>\n\n            <\/div><p style=\"text-align: justify\">#Imaginaelmundo es una invitaci\u00f3n a pensar lo que estamos viviendo y las experiencias que estamos teniendo, de la mano de diez mentes brillantes.<\/p>\n<p style=\"text-align: justify\">Cada uno de los invitados abordar\u00e1 el tema desde su disciplina. El escritor mexicano Juan Villoro, por ejemplo, hablar\u00e1 de por qu\u00e9 se requiere de humanismo y valent\u00eda para enfrentar esta pandemia. La soci\u00f3loga holandesa Saskia Sassen reflexionar\u00e1 sobre su famoso concepto de \u201cciudad global\u201d a la luz de las nuevas circunstancias. Y el norteamericano Paul Krugman, Nobel de Econom\u00eda, analizar\u00e1\u00a0la actual situaci\u00f3n financiera del mundo.<\/p>\n<p style=\"text-align: justify\">La serie est\u00e1 organizada por el Hay Festival, con el apoyo de SURA y BBC Mundo. Arranca el lunes 4 de mayo con el reconocido fil\u00f3sofo espa\u00f1ol <a href=\"https:\/\/www.hayfestival.com\/imagina-el-mundo\" target=\"_blank\" rel=\"noopener noreferrer\">Fernando Savater<\/a>, quien hablar\u00e1 sobre la solidaridad y la ciencia en tiempos de pandemia. Cada semana habr\u00e1 una presentaci\u00f3n nueva.<\/p>\n<p style=\"text-align: justify\">Las charlas son gratuitas y el p\u00fablico puede participar enviando preguntas o comentarios a trav\u00e9s de la plataforma y las redes sociales del Hay Festival. Una semana despu\u00e9s de cada presentaci\u00f3n, el respectivo ponente participar\u00e1 en una sesi\u00f3n de preguntas y respuestas.<\/p>\n<p style=\"text-align: justify\">M\u00e1s informaci\u00f3n en:\u00a0<a href=\"https:\/\/www.hayfestival.com\/descubre\" target=\"_blank\" rel=\"noopener\">https:\/\/www.hayfestival.com\/descubre<\/a>.<\/p>\n<h4 style=\"text-align: justify\"><strong>Los invitados de Imagina el mundo: <\/strong><\/h4>\n<p style=\"text-align: justify\"><strong>Lydia Cacho\u00a0(M\u00e9xico):\u00a0<\/strong><em>Periodismo con perspectiva de g\u00e9nero.\u00a0<\/em>La periodista, activista y escritora Lydia Cacho conversar\u00e1 sobre periodismo con perspectiva de g\u00e9nero y los retos de esta disciplina en el contexto de la pandemia global.\u00a0 Una de las voces m\u00e1s independientes y valoradas del periodismo en espa\u00f1ol.<\/p>\n<p style=\"text-align: justify\"><strong>Javier Cercas\u00a0(Espa\u00f1a):<\/strong>\u00a0<em>Contra los populismos, la batalla por el relato de la realidad.\u00a0<\/em>El \u201cmultipremiado\u201d escritor Javier Cercas analiza c\u00f3mo la batalla por la narraci\u00f3n y contextualizaci\u00f3n\u00a0de la realidad de la pandemia global puede generar interesantes cuestionamientos sobre nuestra forma de vida. Pero si no se hace desde el pensamiento cr\u00edtico, tambi\u00e9n puede servir para abonar movimientos nacionalistas o el auge de l\u00edderes populistas.<\/p>\n<p style=\"text-align: justify\"><strong>Miriam Gonz\u00e1lez Durantez\u00a0(Espa\u00f1a):\u00a0<\/strong><em>Rompiendo tab\u00fas en la pandemia: la situaci\u00f3n de las mujeres y el trabajo dom\u00e9stico.\u00a0<\/em>La abogada espa\u00f1ola, experta en derecho de la Uni\u00f3n Europea, y fundadora del proyecto\u00a0<em>Inspiring girls<\/em>, analiza el valor del trabajo dom\u00e9stico, nunca regulado ni valorado, y el impacto que tiene en la vida de las mujeres y en nuestras sociedades.<\/p>\n<p style=\"text-align: justify\"><strong>Jean Marie Gustave Le Clezio\u00a0(Francia)<\/strong>:\u00a0<em>Para Izti, imaginando un mundo mejor. La importancia de la memoria, la justicia y el aprender\u00a0<\/em><em>de los ind\u00edgenas.\u00a0<\/em>El premio Nobel de Literatura nos comparte la lectura de una bella misiva dirigida a su nieta, en la que reflexiona sobre las ense\u00f1anzas y dificultades que supone esta pandemia para la especie humana y el medioambiente.<\/p>\n<p style=\"text-align: justify\"><strong>Paul Krugman\u00a0(Estados Unidos):\u00a0<\/strong><em>Econom\u00eda y pandemia\u00a0<\/em>(ingl\u00e9s con subt\u00edtulos en espa\u00f1ol). Paul Krugman es un economista galardonado con el premio Nobel de Econom\u00eda en el a\u00f1o 2008. Docente y comentarista de prensa, su an\u00e1lisis sobre la situaci\u00f3n financiera global en el contexto de la pandemia va a ser un apunte muy necesario para entender lo que viene.<\/p>\n<p style=\"text-align: justify\"><strong>Venki Ramakrishnan\u00a0(India):<\/strong>\u00a0<em>Venki Ramakrishnan.\u00a0\u00bfCual es nuestro lugar en el planeta? Naturaleza, inequidad y arrogancia durante la pandemia\u00a0<\/em>(ingl\u00e9s con subt\u00edtulos en espa\u00f1ol). El Premio Nobel de Qu\u00edmicaVenki Ramakrishnan, analiza la pandemia desde un punto de vista cient\u00edfico y humanista, se\u00f1alando c\u00f3mo el ser humano debe ajustar su relaci\u00f3n con la naturaleza, con otras personas y con el propio sistema financiero.<\/p>\n<p style=\"text-align: justify\"><strong>Elif Shafak\u00a0(Turqu\u00eda):\u00a0<\/strong><em>Dignidad y justicia social:\u00a0<\/em>Elif Shafak\u00a0es escritora y activista. Su \u00faltimo libro,\u00a0<em>Mis \u00faltimos 10 minutos y 38 segundos en este extra\u00f1o mundo<\/em>, estuvo en la lista de finalistas para el Booker Prize y el Prix de Livre Etranger en Francia. Shafak analizar\u00e1 temas muy cercanos para ella: justicia social, dignidad, derechos humanos, igualdad, diversidad&#8230; planteando nuevas formas de acci\u00f3n pol\u00edtica.<\/p>\n<p style=\"text-align: justify\"><strong>Saskia Sassen\u00a0(Holanda \/Estados Unidos):\u00a0<\/strong><em>\u00bfC\u00f3mo ser\u00e1n las ciudades tras la pandemia?<\/em>\u00a0La soci\u00f3loga, escritora y profesora Saskia Sassen obtuvo el Premio Pr\u00edncipe de Asturias de Ciencias Sociales. Es conocida por haberse inventado el concepto de \u201cciudad global,\u201d actualmente aceptado y utilizado en todo el mundo. Sassen analizar\u00e1 el su concepto a la luz de la nueva realidad.<\/p>\n<p style=\"text-align: justify\"><strong>Juan Villoro\u00a0(M\u00e9xico):<\/strong>\u00a0<em>Fuego nuevo. El fin del mundo y otros asuntos cr\u00f3nicos.\u00a0<\/em>Cronista, escritor y agudo comentarista de la actualidad, Juan Villoro nos habla de c\u00f3mo se necesita un posicionamiento humanista y valiente para hacerle frente\u00a0a la crisis generada por el COVID-19.<\/p>\n<p style=\"text-align: justify\"><a class=\"domain reader-domain\" href=\"https:\/\/www.revistaarcadia.com\/agenda\/articulo\/el-hay-festival-invita-a-imaginar-el-mundo\/81520\" target=\"_blank\" rel=\"noopener\">Fuente: Revista Arcadia<\/a><\/p>\n<div class=\"pvc_clear\"><\/div>\n<p id=\"pvc_stats_5593\" class=\"pvc_stats all  \" data-element-id=\"5593\" style=\"\"><i class=\"pvc-stats-icon large\" aria-hidden=\"true\"><svg aria-hidden=\"true\" focusable=\"false\" data-prefix=\"far\" data-icon=\"chart-bar\" role=\"img\" xmlns=\"http:\/\/www.w3.org\/2000\/svg\" viewBox=\"0 0 512 512\" class=\"svg-inline--fa fa-chart-bar fa-w-16 fa-2x\"><path fill=\"currentColor\" d=\"M396.8 352h22.4c6.4 0 12.8-6.4 12.8-12.8V108.8c0-6.4-6.4-12.8-12.8-12.8h-22.4c-6.4 0-12.8 6.4-12.8 12.8v230.4c0 6.4 6.4 12.8 12.8 12.8zm-192 0h22.4c6.4 0 12.8-6.4 12.8-12.8V140.8c0-6.4-6.4-12.8-12.8-12.8h-22.4c-6.4 0-12.8 6.4-12.8 12.8v198.4c0 6.4 6.4 12.8 12.8 12.8zm96 0h22.4c6.4 0 12.8-6.4 12.8-12.8V204.8c0-6.4-6.4-12.8-12.8-12.8h-22.4c-6.4 0-12.8 6.4-12.8 12.8v134.4c0 6.4 6.4 12.8 12.8 12.8zM496 400H48V80c0-8.84-7.16-16-16-16H16C7.16 64 0 71.16 0 80v336c0 17.67 14.33 32 32 32h464c8.84 0 16-7.16 16-16v-16c0-8.84-7.16-16-16-16zm-387.2-48h22.4c6.4 0 12.8-6.4 12.8-12.8v-70.4c0-6.4-6.4-12.8-12.8-12.8h-22.4c-6.4 0-12.8 6.4-12.8 12.8v70.4c0 6.4 6.4 12.8 12.8 12.8z\" class=\"\"><\/path><\/svg><\/i> <img decoding=\"async\" width=\"16\" height=\"16\" alt=\"Loading\" src=\"https:\/\/www.periodicolapislazuli.com\/noticias\/wp-content\/plugins\/page-views-count\/ajax-loader-2x.gif\" border=0 \/><\/p>\n<div class=\"pvc_clear\"><\/div>\n        <div class=\"booster-block booster-reactions-block\">\n            <div class=\"twp-reactions-icons\">\n                \n                <div class=\"twp-reacts-wrap\">\n                    <a react-data=\"be-react-1\" post-id=\"5593\" class=\"be-face-icons un-reacted\" href=\"javascript:void(0)\">\n                        <img decoding=\"async\" src=\"https:\/\/www.periodicolapislazuli.com\/noticias\/wp-content\/plugins\/booster-extension\/\/assets\/icon\/happy.svg\" alt=\"Happy\">\n                    <\/a>\n                    <div class=\"twp-reaction-title\">\n                        Happy                    <\/div>\n                    <div class=\"twp-count-percent\">\n                                                    <span style=\"display: none;\" class=\"twp-react-count\">0<\/span>\n                        \n                                                <span class=\"twp-react-percent\"><span>0<\/span> %<\/span>\n                                            <\/div>\n                <\/div>\n\n                <div class=\"twp-reacts-wrap\">\n                    <a react-data=\"be-react-2\" post-id=\"5593\" class=\"be-face-icons un-reacted\" href=\"javascript:void(0)\">\n                        <img decoding=\"async\" src=\"https:\/\/www.periodicolapislazuli.com\/noticias\/wp-content\/plugins\/booster-extension\/\/assets\/icon\/sad.svg\" alt=\"Sad\">\n                    <\/a>\n                    <div class=\"twp-reaction-title\">\n                        Sad                    <\/div>\n                    <div class=\"twp-count-percent\">\n                                                    <span style=\"display: none;\" class=\"twp-react-count\">0<\/span>\n                                                                        <span class=\"twp-react-percent\"><span>0<\/span> %<\/span>\n                                            <\/div>\n                <\/div>\n\n                <div class=\"twp-reacts-wrap\">\n                    <a react-data=\"be-react-3\" post-id=\"5593\" class=\"be-face-icons un-reacted\" href=\"javascript:void(0)\">\n                        <img decoding=\"async\" src=\"https:\/\/www.periodicolapislazuli.com\/noticias\/wp-content\/plugins\/booster-extension\/\/assets\/icon\/excited.svg\" alt=\"Excited\">\n                    <\/a>\n                    <div class=\"twp-reaction-title\">\n                        Excited                    <\/div>\n                    <div class=\"twp-count-percent\">\n                                                    <span style=\"display: none;\" class=\"twp-react-count\">0<\/span>\n                                                                        <span class=\"twp-react-percent\"><span>0<\/span> %<\/span>\n                                            <\/div>\n                <\/div>\n\n                <div class=\"twp-reacts-wrap\">\n                    <a react-data=\"be-react-6\" post-id=\"5593\" class=\"be-face-icons un-reacted\" href=\"javascript:void(0)\">\n                        <img decoding=\"async\" src=\"https:\/\/www.periodicolapislazuli.com\/noticias\/wp-content\/plugins\/booster-extension\/\/assets\/icon\/sleepy.svg\" alt=\"Sleepy\">\n                    <\/a>\n                    <div class=\"twp-reaction-title\">\n                        Sleepy                    <\/div>\n                    <div class=\"twp-count-percent\">\n                                                    <span style=\"display: none;\" class=\"twp-react-count\">0<\/span>\n                        \n                                                <span class=\"twp-react-percent\"><span>0<\/span> %<\/span>\n                                            <\/div>\n                <\/div>\n\n                <div class=\"twp-reacts-wrap\">\n                    <a react-data=\"be-react-4\" post-id=\"5593\" class=\"be-face-icons un-reacted\" href=\"javascript:void(0)\">\n                        <img decoding=\"async\" src=\"https:\/\/www.periodicolapislazuli.com\/noticias\/wp-content\/plugins\/booster-extension\/\/assets\/icon\/angry.svg\" alt=\"Angry\">\n                    <\/a>\n                    <div class=\"twp-reaction-title\">Angry<\/div>\n                    <div class=\"twp-count-percent\">\n                                                    <span style=\"display: none;\" class=\"twp-react-count\">0<\/span>\n                                                                        <span class=\"twp-react-percent\"><span>0<\/span> %<\/span>\n                        \n                    <\/div>\n                <\/div>\n\n                <div class=\"twp-reacts-wrap\">\n                    <a react-data=\"be-react-5\" post-id=\"5593\" class=\"be-face-icons un-reacted\" href=\"javascript:void(0)\">\n                        <img decoding=\"async\" src=\"https:\/\/www.periodicolapislazuli.com\/noticias\/wp-content\/plugins\/booster-extension\/\/assets\/icon\/surprise.svg\" alt=\"Surprise\">\n                    <\/a>\n                    <div class=\"twp-reaction-title\">Surprise<\/div>\n                    <div class=\"twp-count-percent\">\n                                                    <span style=\"display: none;\" class=\"twp-react-count\">0<\/span>\n                                                                        <span class=\"twp-react-percent\"><span>0<\/span> %<\/span>\n                                            <\/div>\n                <\/div>\n\n            <\/div>\n        <\/div>\n\n    ","protected":false},"excerpt":{"rendered":"<p>#Imaginaelmundo es una invitaci\u00f3n a pensar lo que estamos viviendo y las experiencias que estamos teniendo, de la<\/p>\n<div class=\"pvc_clear\"><\/div>\n<p id=\"pvc_stats_5593\" class=\"pvc_stats all  \" data-element-id=\"5593\" style=\"\"><i class=\"pvc-stats-icon large\" aria-hidden=\"true\"><svg aria-hidden=\"true\" focusable=\"false\" data-prefix=\"far\" data-icon=\"chart-bar\" role=\"img\" xmlns=\"http:\/\/www.w3.org\/2000\/svg\" viewBox=\"0 0 512 512\" class=\"svg-inline--fa fa-chart-bar fa-w-16 fa-2x\"><path fill=\"currentColor\" d=\"M396.8 352h22.4c6.4 0 12.8-6.4 12.8-12.8V108.8c0-6.4-6.4-12.8-12.8-12.8h-22.4c-6.4 0-12.8 6.4-12.8 12.8v230.4c0 6.4 6.4 12.8 12.8 12.8zm-192 0h22.4c6.4 0 12.8-6.4 12.8-12.8V140.8c0-6.4-6.4-12.8-12.8-12.8h-22.4c-6.4 0-12.8 6.4-12.8 12.8v198.4c0 6.4 6.4 12.8 12.8 12.8zm96 0h22.4c6.4 0 12.8-6.4 12.8-12.8V204.8c0-6.4-6.4-12.8-12.8-12.8h-22.4c-6.4 0-12.8 6.4-12.8 12.8v134.4c0 6.4 6.4 12.8 12.8 12.8zM496 400H48V80c0-8.84-7.16-16-16-16H16C7.16 64 0 71.16 0 80v336c0 17.67 14.33 32 32 32h464c8.84 0 16-7.16 16-16v-16c0-8.84-7.16-16-16-16zm-387.2-48h22.4c6.4 0 12.8-6.4 12.8-12.8v-70.4c0-6.4-6.4-12.8-12.8-12.8h-22.4c-6.4 0-12.8 6.4-12.8 12.8v70.4c0 6.4 6.4 12.8 12.8 12.8z\" class=\"\"><\/path><\/svg><\/i> <img decoding=\"async\" width=\"16\" height=\"16\" alt=\"Loading\" src=\"https:\/\/www.periodicolapislazuli.com\/noticias\/wp-content\/plugins\/page-views-count\/ajax-loader-2x.gif\" border=0 \/><\/p>\n<div class=\"pvc_clear\"><\/div>\n","protected":false},"author":1,"featured_media":5594,"comment_status":"closed","ping_status":"open","sticky":false,"template":"","format":"standard","meta":{"om_disable_all_campaigns":false,"pagelayer_contact_templates":[],"_pagelayer_content":"","_monsterinsights_skip_tracking":false,"_monsterinsights_sitenote_active":false,"_monsterinsights_sitenote_note":"","_monsterinsights_sitenote_category":0,"footnotes":""},"categories":[26],"tags":[222,908,47,190,160],"class_list":["post-5593","post","type-post","status-publish","format-standard","has-post-thumbnail","hentry","category-literatura","tag-hay-festival","tag-imaginar","tag-literatura","tag-sociedad","tag-suenos"],"a3_pvc":{"activated":true,"total_views":139,"today_views":0},"jetpack_featured_media_url":"https:\/\/www.periodicolapislazuli.com\/noticias\/wp-content\/uploads\/2020\/05\/hay-festival.jpg","_links":{"self":[{"href":"https:\/\/www.periodicolapislazuli.com\/noticias\/wp-json\/wp\/v2\/posts\/5593","targetHints":{"allow":["GET"]}}],"collection":[{"href":"https:\/\/www.periodicolapislazuli.com\/noticias\/wp-json\/wp\/v2\/posts"}],"about":[{"href":"https:\/\/www.periodicolapislazuli.com\/noticias\/wp-json\/wp\/v2\/types\/post"}],"author":[{"embeddable":true,"href":"https:\/\/www.periodicolapislazuli.com\/noticias\/wp-json\/wp\/v2\/users\/1"}],"replies":[{"embeddable":true,"href":"https:\/\/www.periodicolapislazuli.com\/noticias\/wp-json\/wp\/v2\/comments?post=5593"}],"version-history":[{"count":1,"href":"https:\/\/www.periodicolapislazuli.com\/noticias\/wp-json\/wp\/v2\/posts\/5593\/revisions"}],"predecessor-version":[{"id":5595,"href":"https:\/\/www.periodicolapislazuli.com\/noticias\/wp-json\/wp\/v2\/posts\/5593\/revisions\/5595"}],"wp:featuredmedia":[{"embeddable":true,"href":"https:\/\/www.periodicolapislazuli.com\/noticias\/wp-json\/wp\/v2\/media\/5594"}],"wp:attachment":[{"href":"https:\/\/www.periodicolapislazuli.com\/noticias\/wp-json\/wp\/v2\/media?parent=5593"}],"wp:term":[{"taxonomy":"category","embeddable":true,"href":"https:\/\/www.periodicolapislazuli.com\/noticias\/wp-json\/wp\/v2\/categories?post=5593"},{"taxonomy":"post_tag","embeddable":true,"href":"https:\/\/www.periodicolapislazuli.com\/noticias\/wp-json\/wp\/v2\/tags?post=5593"}],"curies":[{"name":"wp","href":"https:\/\/api.w.org\/{rel}","templated":true}]}}