{"id":542,"date":"2017-09-18T15:43:53","date_gmt":"2017-09-18T15:43:53","guid":{"rendered":"http:\/\/www.periodicolapislazuli.com\/noticias\/?p=542"},"modified":"2017-09-18T17:19:08","modified_gmt":"2017-09-18T17:19:08","slug":"dario-jaramillo-agudelo-ganador-del-premio-nacional-poesia-2017-mincultura","status":"publish","type":"post","link":"https:\/\/www.periodicolapislazuli.com\/noticias\/dario-jaramillo-agudelo-ganador-del-premio-nacional-poesia-2017-mincultura\/","title":{"rendered":"Dar\u00edo Jaramillo Agudelo es el ganador del Premio Nacional de Poes\u00eda 2017 de MinCultura"},"content":{"rendered":"<div class='booster-block booster-read-block'>\n                <div class=\"twp-read-time\">\n                \t<i class=\"booster-icon twp-clock\"><\/i> <span>Read Time:<\/span>4 Minute, 46 Second                <\/div>\n\n            <\/div><p>Con un poemario que, en palabras del jurado, \u201cevidencia una madurez existencial y po\u00e9tica\u201d, Dar\u00edo Jaramillo Agudelo result\u00f3 ganador del Premio Nacional de Poes\u00eda 2017<!--more--> que otorga el Ministerio de Cultura con el prop\u00f3sito de reconocer la excelencia en la producci\u00f3n literaria del pa\u00eds. Por su libro premiado \u2018El cuerpo y otra cosa\u2019, publicado por la editorial Pre-Textos de Espa\u00f1a, Jaramillo recibir\u00e1 $60 millones de pesos.<\/p>\n<p>&nbsp;<\/p>\n<p>&nbsp;<\/p>\n<div>\n<div><\/div>\n<blockquote>\n<div>\u00abEl libro \u2018El cuerpo y otra cosa\u2019 del destacado poeta, novelista y ensayista colombiano, Dar\u00edo Jaramillo Agudelo, result\u00f3 ganador del m\u00e1s importante galard\u00f3n a este g\u00e9nero que se otorga en el pa\u00eds. El Premio est\u00e1 dotado con $60 millones.\u00bb<\/div>\n<\/blockquote>\n<div><\/div>\n<div><img fetchpriority=\"high\" decoding=\"async\" class=\"size-full wp-image-543 alignleft\" src=\"http:\/\/www.periodicolapislazuli.com\/noticias\/wp-content\/uploads\/2017\/09\/DARIO-jaramillo-premio-foto-Nicolas-Ordo\u00f1ez-editorial-pre-textos_opt.jpg\" alt=\"\" width=\"296\" height=\"215\" \/>En palabras del jurado, integrado por los poetas Mar\u00eda Negroni (Argentina), Piedad Bonnett y Nelson Romero Guzm\u00e1n (Colombia), \u201cse trata de un libro que, en la gran tradici\u00f3n de los cl\u00e1sicos, aborda eso que es siempre apenas decible sobre el cuerpo, el erotismo, el alma, la muerte, la herida existencial, para celebrarlo con un tono eleg\u00edaco que no reh\u00faye el compromiso del yo ni la emoci\u00f3n tensa de la inteligencia\u201d.<\/div>\n<div><\/div>\n<\/div>\n<div><\/div>\n<div>\n<div><strong>La voz del ganador\u2026 \u201ca m\u00ed lo que me interesa es alucinar con las palabras\u201d<\/strong><\/div>\n<div>Considerado una de las voces m\u00e1s respetadas de las letras en el pa\u00eds Jaramillo, record\u00f3\u00a0que su amor por la poes\u00eda surgi\u00f3 desde que era muy peque\u00f1o. \u201cTodo empez\u00f3 porque a m\u00ed siempre me gust\u00f3 jugar con las palabras, porque en mi casa hab\u00eda libros de poes\u00eda y mi pap\u00e1 recitaba poemas de autores como Lope de Vega y Santa Teresa, y a m\u00ed me gustaba c\u00f3mo sonaba todo eso. Pero no s\u00e9 cu\u00e1les son muy bien las influencias po\u00e9ticas en mi obra.\u00a0Ahora, por ejemplo, estoy volviendo a leer al poeta alem\u00e1n, Rainer Mar\u00eda Rilke\u00bb.<\/div>\n<\/div>\n<div><\/div>\n<div><\/div>\n<div>\n<div>Aunque se declara incapaz de categorizar su poes\u00eda, Jaramillo admiti\u00f3 que ha escrito acerca de su vida y sobre lo que le pasa a una persona com\u00fan y corriente. \u201cQuien lea mis versos ver\u00e1 m\u00e1s o menos qu\u00e9 hay ah\u00ed. He estado enamorado, y he escrito del amor; he mirado gatos, y he escrito de gatos\u201d, agreg\u00f3.<\/div>\n<div><\/div>\n<div>Frente al proceso de su escritura, el autor se\u00f1al\u00f3 que nadie es culpable de escribir poes\u00eda. \u201cDe pronto las ganas de escribir un poema surgen en un taxi o caminando por la calle, entonces no es algo que dependa de la voluntad, sino que surge de pronto y sin planearlo. A m\u00ed lo que me interesa es alucinar con las palabras, tal como sucede en las \u2018Eleg\u00edas de Duino\u2019, la obra de Rilke \u00a0que estoy leyendo ahora, son poemas que me parecen alucinantes y apasionantes\u201d.<\/div>\n<\/div>\n<div><img decoding=\"async\" src=\"http:\/\/www.mincultura.gov.co\/prensa\/noticias\/PublishingImages\/Artes\/Dario%20Jaramillo%20Portada%20premio%20de%20poesia_opt.jpg\" alt=\"\" \/><\/div>\n<div>\n<div><strong><em>Somos s\u00f3lo cuerpo<\/em><\/strong><\/div>\n<div><em>No me prometas nada,<\/em><\/div>\n<div><em>s\u00f3lo dame un presente<\/em><\/div>\n<div><em>dame el instante intenso,<\/em><\/div>\n<div><em>s\u00ed, mi rel\u00e1mpago,<\/em><\/div>\n<div><em>d\u00e9jame flotar convertido en parte tuya,<\/em><\/div>\n<div><em>cuerpo m\u00edo,<\/em><\/div>\n<div><em>t\u00fa, mism\u00edsimo, mi paroxismo siempre.<\/em><\/div>\n<div>\u00a0 \u00a0 \u00a0 \u00a0 \u00a0 \u00a0 \u00a0 \u00a0 \u00a0 \u00a0 \u00a0 \u00a0 \u00a0 \u00a0 \u00a0 \u00a0 \u00a0 \u00a0 \u00a0 \u00a0 \u00a0 \u00a0 \u00a0 \u00a0 \u00a0 \u00a0 <em><strong>Dar\u00edo Jaramillo Agudelo,\u00a0<\/strong><\/em><\/div>\n<div>\n<p><em><strong>\u00a0 \u00a0 \u00a0 \u00a0 \u00a0 \u00a0 \u00a0 \u00a0 \u00a0 \u00a0 \u00a0 \u00a0 \u00a0 \u00a0 \u00a0 \u00a0 \u00a0 \u00a0 \u00a0 \u00a0 \u00a0 \u00a0 \u00a0 \u00a0 \u00a0 \u00a0 tomado\u00a0del libro &#8216;El cuerpo y otra cosa&#8217;.<\/strong><\/em><\/p>\n<\/div>\n<\/div>\n<div><\/div>\n<div>\n<div><strong>La mirada del editor\u2026 \u201ces un poeta de una naturalidad que realmente pasma\u2026\u201d<\/strong><\/div>\n<div>Manuel Borr\u00e1s, editor literario de Editorial Pre-Textos, explic\u00f3 que \u00a0\u2018El cuerpo y otra cosa\u2019 es un libro de \u201cconsumaci\u00f3n\u201d, en el que Dar\u00edo Jaramillo se est\u00e1 planteando cuestiones muy serias y hondas que son, a su vez, parte de los eternos temas de la poes\u00eda. \u201cFundamentalmente la poes\u00eda tiene dos facetas: la del c\u00e1ntico y la elegiaca. Este libro se decanta m\u00e1s por la segunda, que es la celebraci\u00f3n de la vida, incluso cuando se sabe que es un bien que va a tener un final. Me parece que es un libro muy profundo que hace reflexionar y que tiene un mensaje emocionante. A la vez, es una obra que puede verse desde una perspectiva triste al hablarnos del final, de la muerte, del cuerpo; puede resultar muy solemne, pero no hay nada de solemnidad en todo esto, sino que es el producto de una experiencia vivida frente a lo que es nuestro tr\u00e1nsito temporal por esto que hemos de llamar vida y que realmente es un don, pero es un don que se nos acaba\u201d.<\/div>\n<div><\/div>\n<div>En su visi\u00f3n de editor, Borr\u00e1s defini\u00f3 a Jaramillo como un autor esencial en nuestra lengua. \u201cEs un poeta de una naturalidad que realmente pasma y de una sencillez que verdaderamente emociona\u201d, concluy\u00f3.<\/div>\n<\/div>\n<div><\/div>\n<div><\/div>\n<div><img decoding=\"async\" src=\"http:\/\/www.mincultura.gov.co\/prensa\/noticias\/PublishingImages\/Artes\/DARIO%20JARAMILLO%20CUATRO%20PREMIO%20POESIA_opt.jpg\" alt=\"\" \/><\/div>\n<div><span class=\"ms-rteFontSize-1\"><em>Dar\u00edo Jaramillo Agudelo (der), junto a Miguel Borr\u00e1s, editor literario de Editorial Pre-Textos.<br \/>\nFoto: Juan Felipe Urrego, MinCultura<\/em><\/span><\/div>\n<div><\/div>\n<div><\/div>\n<div><\/div>\n<div><\/div>\n<div>\n<div><strong>M\u00e1s sobre el ganador<\/strong><\/div>\n<div>Nacido en Santa Rosa de Osos, Antioquia, en 1947, Dar\u00edo Jaramillo Agudelo se ha destacado en el \u00e1mbito literario del pa\u00eds como poeta, novelista y ensayista. Realiz\u00f3 estudios de bachillerato en Medell\u00edn y posteriormente se gradu\u00f3 como abogado y economista de la Universidad Javeriana de Bogot\u00e1. Durante a\u00f1os, desempe\u00f1\u00f3 importantes cargos culturales en organismo estatales y fue miembro de los consejos de redacci\u00f3n de la revista Golpe de Dados y de la fundaci\u00f3n particular Sim\u00f3n y Lola Guberek.<\/div>\n<div><\/div>\n<div>De su poes\u00eda se han hecho tres reediciones completas: \u201877 poemas\u2019 (Universidad Nacional, 1987); \u2018127 poemas\u2019 (Universidad de Antioquia, 2000) y \u2018Libros de poemas\u2019 (Fondo de Cultura Econ\u00f3mica, 2003); y cinco selecciones parciales: \u2018Antolog\u00eda po\u00e9tica\u2019 (1991); \u2018Cu\u00e1nto silencio debajo de esta luna\u2019 (1992); \u2018Razones del ausente\u2019 (1998); \u2018Aunque es de noche\u2019 (Pre-Textos, 2000) y \u2018Del amor, del olvido\u2019 (Pre-Textos, 2009).<\/div>\n<div><\/div>\n<div><strong>Sobre el Premio Nacional de Poes\u00eda<\/strong><\/div>\n<div>A la convocatoria, abierta entre los meses de marzo y abril, llegaron un total de 50 poemarios provenientes de diferentes regiones del pa\u00eds, haciendo evidente la diversidad de voces po\u00e9ticas de Colombia.<\/div>\n<div><\/div>\n<div>El Premio Nacional de Literatura, que se entrega un a\u00f1o al g\u00e9nero de novela y al siguiente al de poes\u00eda, busca reconocer la excelencia en la producci\u00f3n literaria del pa\u00eds, as\u00ed como movilizar a los creadores en diversos escenarios y circuitos culturales. Se ha consolidado como el m\u00e1s importante de Colombia para libros publicados.<\/div>\n<div>\n<hr \/>\n<p>Fuente: mincultura.gov.co<\/p>\n<\/div>\n<\/div>\n<div class=\"pvc_clear\"><\/div>\n<p id=\"pvc_stats_542\" class=\"pvc_stats all  \" data-element-id=\"542\" style=\"\"><i class=\"pvc-stats-icon large\" aria-hidden=\"true\"><svg aria-hidden=\"true\" focusable=\"false\" data-prefix=\"far\" data-icon=\"chart-bar\" role=\"img\" xmlns=\"http:\/\/www.w3.org\/2000\/svg\" viewBox=\"0 0 512 512\" class=\"svg-inline--fa fa-chart-bar fa-w-16 fa-2x\"><path fill=\"currentColor\" d=\"M396.8 352h22.4c6.4 0 12.8-6.4 12.8-12.8V108.8c0-6.4-6.4-12.8-12.8-12.8h-22.4c-6.4 0-12.8 6.4-12.8 12.8v230.4c0 6.4 6.4 12.8 12.8 12.8zm-192 0h22.4c6.4 0 12.8-6.4 12.8-12.8V140.8c0-6.4-6.4-12.8-12.8-12.8h-22.4c-6.4 0-12.8 6.4-12.8 12.8v198.4c0 6.4 6.4 12.8 12.8 12.8zm96 0h22.4c6.4 0 12.8-6.4 12.8-12.8V204.8c0-6.4-6.4-12.8-12.8-12.8h-22.4c-6.4 0-12.8 6.4-12.8 12.8v134.4c0 6.4 6.4 12.8 12.8 12.8zM496 400H48V80c0-8.84-7.16-16-16-16H16C7.16 64 0 71.16 0 80v336c0 17.67 14.33 32 32 32h464c8.84 0 16-7.16 16-16v-16c0-8.84-7.16-16-16-16zm-387.2-48h22.4c6.4 0 12.8-6.4 12.8-12.8v-70.4c0-6.4-6.4-12.8-12.8-12.8h-22.4c-6.4 0-12.8 6.4-12.8 12.8v70.4c0 6.4 6.4 12.8 12.8 12.8z\" class=\"\"><\/path><\/svg><\/i> <img decoding=\"async\" width=\"16\" height=\"16\" alt=\"Loading\" src=\"https:\/\/www.periodicolapislazuli.com\/noticias\/wp-content\/plugins\/page-views-count\/ajax-loader-2x.gif\" border=0 \/><\/p>\n<div class=\"pvc_clear\"><\/div>\n        <div class=\"booster-block booster-reactions-block\">\n            <div class=\"twp-reactions-icons\">\n                \n                <div class=\"twp-reacts-wrap\">\n                    <a react-data=\"be-react-1\" post-id=\"542\" class=\"be-face-icons un-reacted\" href=\"javascript:void(0)\">\n                        <img decoding=\"async\" src=\"https:\/\/www.periodicolapislazuli.com\/noticias\/wp-content\/plugins\/booster-extension\/\/assets\/icon\/happy.svg\" alt=\"Happy\">\n                    <\/a>\n                    <div class=\"twp-reaction-title\">\n                        Happy                    <\/div>\n                    <div class=\"twp-count-percent\">\n                                                    <span style=\"display: none;\" class=\"twp-react-count\">0<\/span>\n                        \n                                                <span class=\"twp-react-percent\"><span>0<\/span> %<\/span>\n                                            <\/div>\n                <\/div>\n\n                <div class=\"twp-reacts-wrap\">\n                    <a react-data=\"be-react-2\" post-id=\"542\" class=\"be-face-icons un-reacted\" href=\"javascript:void(0)\">\n                        <img decoding=\"async\" src=\"https:\/\/www.periodicolapislazuli.com\/noticias\/wp-content\/plugins\/booster-extension\/\/assets\/icon\/sad.svg\" alt=\"Sad\">\n                    <\/a>\n                    <div class=\"twp-reaction-title\">\n                        Sad                    <\/div>\n                    <div class=\"twp-count-percent\">\n                                                    <span style=\"display: none;\" class=\"twp-react-count\">0<\/span>\n                                                                        <span class=\"twp-react-percent\"><span>0<\/span> %<\/span>\n                                            <\/div>\n                <\/div>\n\n                <div class=\"twp-reacts-wrap\">\n                    <a react-data=\"be-react-3\" post-id=\"542\" class=\"be-face-icons un-reacted\" href=\"javascript:void(0)\">\n                        <img decoding=\"async\" src=\"https:\/\/www.periodicolapislazuli.com\/noticias\/wp-content\/plugins\/booster-extension\/\/assets\/icon\/excited.svg\" alt=\"Excited\">\n                    <\/a>\n                    <div class=\"twp-reaction-title\">\n                        Excited                    <\/div>\n                    <div class=\"twp-count-percent\">\n                                                    <span style=\"display: none;\" class=\"twp-react-count\">0<\/span>\n                                                                        <span class=\"twp-react-percent\"><span>0<\/span> %<\/span>\n                                            <\/div>\n                <\/div>\n\n                <div class=\"twp-reacts-wrap\">\n                    <a react-data=\"be-react-6\" post-id=\"542\" class=\"be-face-icons un-reacted\" href=\"javascript:void(0)\">\n                        <img decoding=\"async\" src=\"https:\/\/www.periodicolapislazuli.com\/noticias\/wp-content\/plugins\/booster-extension\/\/assets\/icon\/sleepy.svg\" alt=\"Sleepy\">\n                    <\/a>\n                    <div class=\"twp-reaction-title\">\n                        Sleepy                    <\/div>\n                    <div class=\"twp-count-percent\">\n                                                    <span style=\"display: none;\" class=\"twp-react-count\">0<\/span>\n                        \n                                                <span class=\"twp-react-percent\"><span>0<\/span> %<\/span>\n                                            <\/div>\n                <\/div>\n\n                <div class=\"twp-reacts-wrap\">\n                    <a react-data=\"be-react-4\" post-id=\"542\" class=\"be-face-icons un-reacted\" href=\"javascript:void(0)\">\n                        <img decoding=\"async\" src=\"https:\/\/www.periodicolapislazuli.com\/noticias\/wp-content\/plugins\/booster-extension\/\/assets\/icon\/angry.svg\" alt=\"Angry\">\n                    <\/a>\n                    <div class=\"twp-reaction-title\">Angry<\/div>\n                    <div class=\"twp-count-percent\">\n                                                    <span style=\"display: none;\" class=\"twp-react-count\">0<\/span>\n                                                                        <span class=\"twp-react-percent\"><span>0<\/span> %<\/span>\n                        \n                    <\/div>\n                <\/div>\n\n                <div class=\"twp-reacts-wrap\">\n                    <a react-data=\"be-react-5\" post-id=\"542\" class=\"be-face-icons un-reacted\" href=\"javascript:void(0)\">\n                        <img decoding=\"async\" src=\"https:\/\/www.periodicolapislazuli.com\/noticias\/wp-content\/plugins\/booster-extension\/\/assets\/icon\/surprise.svg\" alt=\"Surprise\">\n                    <\/a>\n                    <div class=\"twp-reaction-title\">Surprise<\/div>\n                    <div class=\"twp-count-percent\">\n                                                    <span style=\"display: none;\" class=\"twp-react-count\">0<\/span>\n                                                                        <span class=\"twp-react-percent\"><span>0<\/span> %<\/span>\n                                            <\/div>\n                <\/div>\n\n            <\/div>\n        <\/div>\n\n    ","protected":false},"excerpt":{"rendered":"<p>Con un poemario que, en palabras del jurado, \u201cevidencia una madurez existencial y po\u00e9tica\u201d, Dar\u00edo Jaramillo Agudelo result\u00f3<\/p>\n<div class=\"pvc_clear\"><\/div>\n<p id=\"pvc_stats_542\" class=\"pvc_stats all  \" data-element-id=\"542\" style=\"\"><i class=\"pvc-stats-icon large\" aria-hidden=\"true\"><svg aria-hidden=\"true\" focusable=\"false\" data-prefix=\"far\" data-icon=\"chart-bar\" role=\"img\" xmlns=\"http:\/\/www.w3.org\/2000\/svg\" viewBox=\"0 0 512 512\" class=\"svg-inline--fa fa-chart-bar fa-w-16 fa-2x\"><path fill=\"currentColor\" d=\"M396.8 352h22.4c6.4 0 12.8-6.4 12.8-12.8V108.8c0-6.4-6.4-12.8-12.8-12.8h-22.4c-6.4 0-12.8 6.4-12.8 12.8v230.4c0 6.4 6.4 12.8 12.8 12.8zm-192 0h22.4c6.4 0 12.8-6.4 12.8-12.8V140.8c0-6.4-6.4-12.8-12.8-12.8h-22.4c-6.4 0-12.8 6.4-12.8 12.8v198.4c0 6.4 6.4 12.8 12.8 12.8zm96 0h22.4c6.4 0 12.8-6.4 12.8-12.8V204.8c0-6.4-6.4-12.8-12.8-12.8h-22.4c-6.4 0-12.8 6.4-12.8 12.8v134.4c0 6.4 6.4 12.8 12.8 12.8zM496 400H48V80c0-8.84-7.16-16-16-16H16C7.16 64 0 71.16 0 80v336c0 17.67 14.33 32 32 32h464c8.84 0 16-7.16 16-16v-16c0-8.84-7.16-16-16-16zm-387.2-48h22.4c6.4 0 12.8-6.4 12.8-12.8v-70.4c0-6.4-6.4-12.8-12.8-12.8h-22.4c-6.4 0-12.8 6.4-12.8 12.8v70.4c0 6.4 6.4 12.8 12.8 12.8z\" class=\"\"><\/path><\/svg><\/i> <img decoding=\"async\" width=\"16\" height=\"16\" alt=\"Loading\" src=\"https:\/\/www.periodicolapislazuli.com\/noticias\/wp-content\/plugins\/page-views-count\/ajax-loader-2x.gif\" border=0 \/><\/p>\n<div class=\"pvc_clear\"><\/div>\n","protected":false},"author":1,"featured_media":544,"comment_status":"closed","ping_status":"open","sticky":false,"template":"","format":"standard","meta":{"om_disable_all_campaigns":false,"pagelayer_contact_templates":[],"_pagelayer_content":"","_monsterinsights_skip_tracking":false,"_monsterinsights_sitenote_active":false,"_monsterinsights_sitenote_note":"","_monsterinsights_sitenote_category":0,"footnotes":""},"categories":[3,26,4],"tags":[47,166,32,121],"class_list":["post-542","post","type-post","status-publish","format-standard","has-post-thumbnail","hentry","category-actualidad","category-literatura","category-novedades","tag-literatura","tag-mincultura","tag-poesia","tag-premio"],"a3_pvc":{"activated":true,"total_views":442,"today_views":0},"jetpack_featured_media_url":"https:\/\/www.periodicolapislazuli.com\/noticias\/wp-content\/uploads\/2017\/09\/59bbf.jpeg","_links":{"self":[{"href":"https:\/\/www.periodicolapislazuli.com\/noticias\/wp-json\/wp\/v2\/posts\/542","targetHints":{"allow":["GET"]}}],"collection":[{"href":"https:\/\/www.periodicolapislazuli.com\/noticias\/wp-json\/wp\/v2\/posts"}],"about":[{"href":"https:\/\/www.periodicolapislazuli.com\/noticias\/wp-json\/wp\/v2\/types\/post"}],"author":[{"embeddable":true,"href":"https:\/\/www.periodicolapislazuli.com\/noticias\/wp-json\/wp\/v2\/users\/1"}],"replies":[{"embeddable":true,"href":"https:\/\/www.periodicolapislazuli.com\/noticias\/wp-json\/wp\/v2\/comments?post=542"}],"version-history":[{"count":4,"href":"https:\/\/www.periodicolapislazuli.com\/noticias\/wp-json\/wp\/v2\/posts\/542\/revisions"}],"predecessor-version":[{"id":589,"href":"https:\/\/www.periodicolapislazuli.com\/noticias\/wp-json\/wp\/v2\/posts\/542\/revisions\/589"}],"wp:featuredmedia":[{"embeddable":true,"href":"https:\/\/www.periodicolapislazuli.com\/noticias\/wp-json\/wp\/v2\/media\/544"}],"wp:attachment":[{"href":"https:\/\/www.periodicolapislazuli.com\/noticias\/wp-json\/wp\/v2\/media?parent=542"}],"wp:term":[{"taxonomy":"category","embeddable":true,"href":"https:\/\/www.periodicolapislazuli.com\/noticias\/wp-json\/wp\/v2\/categories?post=542"},{"taxonomy":"post_tag","embeddable":true,"href":"https:\/\/www.periodicolapislazuli.com\/noticias\/wp-json\/wp\/v2\/tags?post=542"}],"curies":[{"name":"wp","href":"https:\/\/api.w.org\/{rel}","templated":true}]}}