{"id":4487,"date":"2020-02-19T15:57:32","date_gmt":"2020-02-19T15:57:32","guid":{"rendered":"http:\/\/www.periodicolapislazuli.com\/noticias\/?p=4487"},"modified":"2020-02-19T15:57:32","modified_gmt":"2020-02-19T15:57:32","slug":"vive-la-fiesta-no-brava-en-biblored","status":"publish","type":"post","link":"https:\/\/www.periodicolapislazuli.com\/noticias\/vive-la-fiesta-no-brava-en-biblored\/","title":{"rendered":"Vive la Fiesta No Brava en BibloRed"},"content":{"rendered":"<div class='booster-block booster-read-block'>\n                <div class=\"twp-read-time\">\n                \t<i class=\"booster-icon twp-clock\"><\/i> <span>Read Time:<\/span>6 Minute, 48 Second                <\/div>\n\n            <\/div><p style=\"text-align: justify;\">Talleres, charlas y cine foros son algunas de las actividades que hemos preparado para todos los bogotanos en febrero<\/p>\n<div style=\"text-align: justify;\">\n<div>\n<p>En BibloRed se vive la Fiesta No Brava y con su programaci\u00f3n invita a todos los ciudadanos a reflexionar sobre la importancia de conocer y conservar la fauna y la flora de la ciudad. Se ahondar\u00e1 en la relaci\u00f3n que tenemos con los animales desde el arte y la literatura y, sobre todo, se hace una fuerte invitaci\u00f3n a participar de la franja <em>Charlas Ciudadanas<\/em> en la que se abordar\u00e1n tema relacionados con la legislaci\u00f3n de los animales como sujetos de derechos, la visi\u00f3n que de ellos se tienen desde otras culturas, entre otros.<\/p>\n<p><strong>Progr\u00e1mate con BibloRed, porque la Fiesta No Brava se vive en las bibliotecas de Bogot\u00e1. \u00a0\u00a0<\/strong><\/p>\n<\/div>\n<p>19 bibliotecas, la Bibloestaci\u00f3n San Diego y el Biblom\u00f3vil son el escenario para vivir la Fiesta No Brava. Todas las actividades son de entrada libre y se pueden disfrutar en familia.<\/p>\n<p><strong>Cine Foro<\/strong><\/p>\n<p>El documental <em>Vecinos Inesperados<\/em>, dirigido por Mauricio V\u00e9lez, es una invitaci\u00f3n a todos los bogotanos a conocer los animales con los que convivimos en nuestra ciudad y que en muchas ocasiones ignoramos. Con escenas jam\u00e1s vistas, descubriremos c\u00f3mo viven cerca de 40 especies de animales en Bogot\u00e1.<\/p>\n<div>\n<p>Biblioteca P\u00fablica Pasquilla<br \/>\nMartes, 11 de febrero &#8211; 9:00 a.m.<\/p>\n<p>Biblioteca P\u00fablica Las Ferias<br \/>\nS\u00e1bado, 15 de febrero &#8211; 3:00 p.m.<\/p>\n<p>Biblioteca P\u00fablica Usaqu\u00e9n<br \/>\nS\u00e1bado, 15 de febrero &#8211; 3:00 p.m.<\/p>\n<p>Biblioteca P\u00fablica Perdomo<br \/>\nJueves, 20 de febrero &#8211; 3:00 p.m.<\/p>\n<p>Biblioteca P\u00fablica Bosa<br \/>\nViernes, 21 de febrero &#8211; 3:00 p.m.<\/p>\n<p>Biblioteca P\u00fablica La Victoria<br \/>\nS\u00e1bado, 22 de febrero &#8211; 3:00 p.m.<\/p>\n<p>Biblioteca P\u00fablico Escolar La Marichuela<br \/>\nJueves, 27 de febrero &#8211; 3:00 p.m.<\/p>\n<p>Biblioteca P\u00fablica Venecia<br \/>\nMi\u00e9rcoles, 4\u00a0de marzo &#8211; 2:30 p.m.<\/p>\n<p>Biblioteca P\u00fablica La Pe\u00f1a<br \/>\nViernes, 6 de marzo &#8211; 3:00 p.m.<\/p>\n<\/div>\n<div>\n<p>Biblioteca P\u00fablica La Giralda<br \/>\nMi\u00e9rcoles, 11 de marzo &#8211; 2:30 p.m.<\/p>\n<p>Biblioteca P\u00fablica Rafael Uribe Uribe<br \/>\nMi\u00e9rcoles, 11 de marzo &#8211; 3:00 p.m.<\/p>\n<p>Biblioteca P\u00fablica Timiza<br \/>\nJueves, 12 de marzo &#8211; 10:00 a.m.<\/p>\n<\/div>\n<p><strong>La fiesta brava desde el cine<\/strong><\/p>\n<p>A las bibliotecas de Bogot\u00e1 llega el documental <em>Bullfight<\/em>, dirigido por el espa\u00f1ol Iago Prada. Son 121 minutos que dan cuenta de lo que sucede en la arena durante una corrida de toros. Planos in\u00e9ditos y sonidos crudos que llevan a reflexionar sobre esta pol\u00e9mica pr\u00e1ctica.<\/p>\n<div>\n<p>Biblioteca P\u00fablica Virgilio Barco<br \/>\nJueves, 13 de febrero &#8211; 4:00 p.m.<\/p>\n<p>Biblioteca P\u00fablica Julio Mario Santo Domingo<br \/>\nMartes, 18 de febrero &#8211; 5:00 p.m.<\/p>\n<p>Biblioteca P\u00fablica Gabriel Garc\u00eda M\u00e1rquez<br \/>\nMi\u00e9rcoles, 19 de febrero &#8211; 5:00 p.m.<\/p>\n<p>Biblioteca P\u00fablica Manuel Zapata Olivella<br \/>\nJueves, 27\u00a0de febrero &#8211; 3:00 p.m.<\/p>\n<p>Biblioteca P\u00fablica Carlos E. Restrepo<br \/>\nJueves, 20 de febrero &#8211; 4:00 p.m.<\/p>\n<\/div>\n<p><strong>Charlas Ciudadanas<\/strong><\/p>\n<p>En nuestro primer ciclo de <em>Charlas Ciudadanas<\/em> tendremos como invitados especiales a los maestros en Artes Pl\u00e1sticas Mat\u00edas Quintero y Boris Ter\u00e1n, al artista y escritor Mauricio Cruz y a la Plataforma Alto. Ellos conversar\u00e1n con los usuarios de las bibliotecas sobre la tauromaquia vista desde diferentes puntos y momentos hist\u00f3ricos. Con esta charlas, las bibliotecas quieren ofrecer un espacio de reflexi\u00f3n y debate informado.<br \/>\nLos temas a tratar ser\u00e1n:<\/p>\n<p>*Los toros y el arte: \u00e9tica vs. est\u00e9tica<br \/>\nBiblioteca P\u00fablica Gabriel Garc\u00eda M\u00e1rquez<br \/>\nMi\u00e9rcoles, 26 de febrero &#8211; 3:00 p.m.<\/p>\n<p>*Los toros en la historia: or\u00edgenes de la \u201cfiesta brava\u201d y sus resignificaciones actuales<br \/>\nBiblioteca P\u00fablico Escolar La Marichuela<br \/>\nJueves, 20 de febrero &#8211; 3:00 p.m.<br \/>\nBiblioteca P\u00fablica La Victoria<br \/>\nViernes, 21 de febrero &#8211; 4:00 p.m.<br \/>\nBiblioteca P\u00fablica Virgilio Barco<br \/>\nMi\u00e9rcoles, 26 de febrero &#8211; 5:00 p.m.<br \/>\nMi\u00e9rcoles, 19 de febrero &#8211; 2:00 p.m.<br \/>\nBiblioteca P\u00fablica Julio Mario Santo Domingo<br \/>\nBiblioteca P\u00fablica Perdomo<br \/>\nViernes, 28 de febrero &#8211; 3:00 p.m.<br \/>\nBiblioteca P\u00fablica Arborizadora Alta<br \/>\nViernes, 21 de febrero &#8211; 6:00 p.m.<\/p>\n<p>*Los animales como sujetos de derechos<br \/>\nBiblioteca P\u00fablica Carlos E. Restrepo<br \/>\nViernes, 21 de febrero &#8211; 3:00 p.m.<br \/>\nBiblioteca P\u00fablica Manuel Zapata Olivella<br \/>\nS\u00e1bado, 29 de febrero &#8211; 3:00 p.m.<\/p>\n<p>*Los toros en otras culturas: los animales vistos por ojos no occidentales<br \/>\nBiblioteca P\u00fablica Timiza<br \/>\nS\u00e1bado, 15 de febrero &#8211; 3:00 p.m.<br \/>\nBiblioteca P\u00fablica Pasquilla<br \/>\nMi\u00e9rcoles, 19 de febrero &#8211; 11:00 a.m.<br \/>\nBiblioteca P\u00fablica Las Ferias<br \/>\nS\u00e1bado, 22 de febrero &#8211; 3:00 p.m.<\/p>\n<p><strong>Una ciudad que celebra la vida<\/strong><\/p>\n<p>Con lectura en voz alta y otras estrategias de animaci\u00f3n, te invitamos a reflexionar sobre el maltrato animal, los derechos de los animales y la protecci\u00f3n de la naturaleza.<\/p>\n<div>\n<p>Biblioteca P\u00fablica Carlos E. Restrepo<br \/>\nMi\u00e9rcoles, 12 de febrero &#8211; 3:00 p. m.<\/p>\n<p>Biblioteca P\u00fablica\u00a0Manuel Zapata Olivella &#8211; El Tintal<br \/>\nMartes, 18 de febrero de 2020 &#8211; 3:00 p.m.<\/p>\n<p>Biblioteca P\u00fablica Gabriel Garc\u00eda M\u00e1rquez<br \/>\nJueves, 20 de febrero &#8211; 3:00 p.m.<\/p>\n<p>Biblioteca P\u00fablica Julio Mario Santo Domingo<br \/>\nJueves, 20 de febrero &#8211; 2:00 p.m.<\/p>\n<p>Biblioteca P\u00fablica Gabriel Garc\u00eda M\u00e1rquez<br \/>\nViernes, 21 de febrero &#8211; 3:00 p.m.<\/p>\n<p>Biblioteca P\u00fablica Virgilio Barco<br \/>\nMi\u00e9rcoles, 26 de febrero &#8211; 11:00 a.m.<\/p>\n<\/div>\n<p><strong>Palabras por la vida, maratones de lectura<\/strong><\/p>\n<p>Con poes\u00eda, relatos breves y libros ilustrados, haremos maratones de lectura en voz alta. Nuestro personajes ser\u00e1n los animales, su h\u00e1bitat y las historias que nos cuentan.<\/p>\n<p>Biblom\u00f3vil\/Usme El Tesoro\u00a0Vereda Arrayanes, Sector El Tesoro, km 12 v\u00eda San Juan de Sumapaz<br \/>\nS\u00e1bado, febrero 08 &#8211; 8:00 a.m. a \u00a01:00 p.m.<br \/>\nBiblom\u00f3vil\/El Verj\u00f3n\u00a0Bajo, km 11 v\u00eda Choach\u00ed &#8211; La Calera<br \/>\nS\u00e1bado, febrero 15 &#8211; 2:00 p.m. a 5:00 p m.<br \/>\nBiblom\u00f3vil\/Parque Independencia &#8211; Calle 26 Carrera S\u00e9ptima, alrededores del Pabell\u00f3n de la Luz<br \/>\nDomingo, febrero 16 &#8211; 9:00 a m. a 2:00 p.m.<br \/>\nBiblom\u00f3vil\/Usme Margaritas\u00a0v\u00eda a San Juan de Sumapaz<br \/>\nS\u00e1bado, febrero 22 &#8211; 9:00 a.m. a 2:00 p.m.<br \/>\nBiblom\u00f3vil\/Parque Bicentenario &#8211; Carrera S\u00e9ptima\u00a0calle 26<br \/>\nDomingo, marzo 01 &#8211; 9:00 a.m. a 2:00 p.m.<\/p>\n<p>Bibloestaci\u00f3n San Diego<br \/>\nTodos los jueves de febrero &#8211; \u00a03:00 p.m. a 5:00 p.m.<\/p>\n<p>Biblioteca P\u00fablica Virgilio\u00a0Barco<br \/>\nDomingo, 16 de febrero &#8211; 10:00 a.m. y 2:00 p.m.<br \/>\nDomingo, 23 de febrero &#8211; 10:00 a.m. y 2:00 p.m.<br \/>\nBiblioteca P\u00fablica Julio Mario Santo Domingo<br \/>\nDomingo, 16 de febrero &#8211; 10:00 a.m. y 2:00 p.m.<br \/>\nDomingo, 23 de febrero &#8211; 10:00 a.m. y 2:00 p.m.<br \/>\nBiblioteca P\u00fablica Gabriel Garc\u00eda M\u00e1rquez<br \/>\nDomingo, 16 de febrero &#8211; 10:00 a.m. y 2:00 p.m.<br \/>\nDomingo, 23 de febrero &#8211; 10:00 a.m. y 2:00 p.m. .<br \/>\nBiblioteca P\u00fablica Manuel Zapata Olivella<br \/>\nDomingo, 16 de febrero &#8211; 10:00 a.m. y 2:00 p.m.<br \/>\nDomingo, 23 de febrero &#8211; 10:00 a.m. y 2:00 p.m.<br \/>\nBiblioteca P\u00fablica El Parque<br \/>\nDomingo, 23 de febrero &#8211; 3:00 p.m.<\/p>\n<p><strong>Tus ideas al aire, talleres de escritura<\/strong><\/p>\n<p>La redes sociales son uno de los medios m\u00e1s usados por todos, a trav\u00e9s de ellas compartimos ideas, noticias, im\u00e1genes; pero tambi\u00e9n son un medio muy potente para la creaci\u00f3n, por eso en nuestras bibliotecas ofreceremos talleres de escritura para redes sociales, tal vez una frase o unos cuantos caracteres puedan hacer la diferencia.<\/p>\n<p>Biblioteca P\u00fablica Manuel Zapata Olivella<br \/>\nS\u00e1bado, 15 de febrero &#8211; 3:00 p.m.<br \/>\nBiblioteca P\u00fablica Julio Mario Santo Domingo<br \/>\nS\u00e1bado, \u00a022 de febrero &#8211; 3:00 p.m.<br \/>\nBiblioteca P\u00fablica Virgilio\u00a0Barco<br \/>\nS\u00e1bado, 29 de febrero &#8211; 3:00 p.m.<\/p>\n<p><strong>T\u00edteres para los m\u00e1s peque\u00f1os<\/strong><\/p>\n<p>Asiste en familia y disfruta de <em>Toronjil<\/em>, una divertida presentaci\u00f3n de t\u00edteres, a cargo del Colectivo Miel (Movimiento Independiente de Educaci\u00f3n por la Liberaci\u00f3n Animal). En esta historia, un rat\u00f3n, una abeja y una rana, tendr\u00e1n que salvar a su gran amigo el toro de un ser siniestro que lo captur\u00f3. \u00a1No te la pierdas!<\/p>\n<div>\n<p>Biblioteca P\u00fablica Manuel Zapata Olivella<br \/>\nDomingo,16 de febrero &#8211; 3:00 p.m.<\/p>\n<p>Biblioteca P\u00fablica El Parque<br \/>\nDomingo, 23 de febrero &#8211; 2:00 p.m.<\/p>\n<p>Biblioteca P\u00fablica Rafael Uribe Uribe<br \/>\nDomingo, 29 de febrero &#8211; 11:00 a.m.<\/p>\n<\/div>\n<p>* 29 Paraderos Paralibros Paraparques tambi\u00e9n se unieron a la Fiesta No Brava. Conoce su programaci\u00f3n <a href=\"https:\/\/www.biblored.gov.co\/noticias\/ppp-fiesta-no-brava\" target=\"_blank\" rel=\"noopener noreferrer\">aqu\u00ed<\/a>.<\/p>\n<\/div>\n<div style=\"text-align: justify;\">\n<hr \/>\n<\/div>\n<div style=\"text-align: justify;\"><a class=\"domain reader-domain\" href=\"https:\/\/www.biblored.gov.co\/noticias\/fiesta-brava-biblored\" target=\"_blank\" rel=\"noopener\">Fuente: biblored.gov.co<\/a><\/div>\n<div class=\"pvc_clear\"><\/div>\n<p id=\"pvc_stats_4487\" class=\"pvc_stats all  \" data-element-id=\"4487\" style=\"\"><i class=\"pvc-stats-icon large\" aria-hidden=\"true\"><svg aria-hidden=\"true\" focusable=\"false\" data-prefix=\"far\" data-icon=\"chart-bar\" role=\"img\" xmlns=\"http:\/\/www.w3.org\/2000\/svg\" viewBox=\"0 0 512 512\" class=\"svg-inline--fa fa-chart-bar fa-w-16 fa-2x\"><path fill=\"currentColor\" d=\"M396.8 352h22.4c6.4 0 12.8-6.4 12.8-12.8V108.8c0-6.4-6.4-12.8-12.8-12.8h-22.4c-6.4 0-12.8 6.4-12.8 12.8v230.4c0 6.4 6.4 12.8 12.8 12.8zm-192 0h22.4c6.4 0 12.8-6.4 12.8-12.8V140.8c0-6.4-6.4-12.8-12.8-12.8h-22.4c-6.4 0-12.8 6.4-12.8 12.8v198.4c0 6.4 6.4 12.8 12.8 12.8zm96 0h22.4c6.4 0 12.8-6.4 12.8-12.8V204.8c0-6.4-6.4-12.8-12.8-12.8h-22.4c-6.4 0-12.8 6.4-12.8 12.8v134.4c0 6.4 6.4 12.8 12.8 12.8zM496 400H48V80c0-8.84-7.16-16-16-16H16C7.16 64 0 71.16 0 80v336c0 17.67 14.33 32 32 32h464c8.84 0 16-7.16 16-16v-16c0-8.84-7.16-16-16-16zm-387.2-48h22.4c6.4 0 12.8-6.4 12.8-12.8v-70.4c0-6.4-6.4-12.8-12.8-12.8h-22.4c-6.4 0-12.8 6.4-12.8 12.8v70.4c0 6.4 6.4 12.8 12.8 12.8z\" class=\"\"><\/path><\/svg><\/i> <img decoding=\"async\" width=\"16\" height=\"16\" alt=\"Loading\" src=\"https:\/\/www.periodicolapislazuli.com\/noticias\/wp-content\/plugins\/page-views-count\/ajax-loader-2x.gif\" border=0 \/><\/p>\n<div class=\"pvc_clear\"><\/div>\n        <div class=\"booster-block booster-reactions-block\">\n            <div class=\"twp-reactions-icons\">\n                \n                <div class=\"twp-reacts-wrap\">\n                    <a react-data=\"be-react-1\" post-id=\"4487\" class=\"be-face-icons un-reacted\" href=\"javascript:void(0)\">\n                        <img decoding=\"async\" src=\"https:\/\/www.periodicolapislazuli.com\/noticias\/wp-content\/plugins\/booster-extension\/\/assets\/icon\/happy.svg\" alt=\"Happy\">\n                    <\/a>\n                    <div class=\"twp-reaction-title\">\n                        Happy                    <\/div>\n                    <div class=\"twp-count-percent\">\n                                                    <span style=\"display: none;\" class=\"twp-react-count\">0<\/span>\n                        \n                                                <span class=\"twp-react-percent\"><span>0<\/span> %<\/span>\n                                            <\/div>\n                <\/div>\n\n                <div class=\"twp-reacts-wrap\">\n                    <a react-data=\"be-react-2\" post-id=\"4487\" class=\"be-face-icons un-reacted\" href=\"javascript:void(0)\">\n                        <img decoding=\"async\" src=\"https:\/\/www.periodicolapislazuli.com\/noticias\/wp-content\/plugins\/booster-extension\/\/assets\/icon\/sad.svg\" alt=\"Sad\">\n                    <\/a>\n                    <div class=\"twp-reaction-title\">\n                        Sad                    <\/div>\n                    <div class=\"twp-count-percent\">\n                                                    <span style=\"display: none;\" class=\"twp-react-count\">0<\/span>\n                                                                        <span class=\"twp-react-percent\"><span>0<\/span> %<\/span>\n                                            <\/div>\n                <\/div>\n\n                <div class=\"twp-reacts-wrap\">\n                    <a react-data=\"be-react-3\" post-id=\"4487\" class=\"be-face-icons un-reacted\" href=\"javascript:void(0)\">\n                        <img decoding=\"async\" src=\"https:\/\/www.periodicolapislazuli.com\/noticias\/wp-content\/plugins\/booster-extension\/\/assets\/icon\/excited.svg\" alt=\"Excited\">\n                    <\/a>\n                    <div class=\"twp-reaction-title\">\n                        Excited                    <\/div>\n                    <div class=\"twp-count-percent\">\n                                                    <span style=\"display: none;\" class=\"twp-react-count\">0<\/span>\n                                                                        <span class=\"twp-react-percent\"><span>0<\/span> %<\/span>\n                                            <\/div>\n                <\/div>\n\n                <div class=\"twp-reacts-wrap\">\n                    <a react-data=\"be-react-6\" post-id=\"4487\" class=\"be-face-icons un-reacted\" href=\"javascript:void(0)\">\n                        <img decoding=\"async\" src=\"https:\/\/www.periodicolapislazuli.com\/noticias\/wp-content\/plugins\/booster-extension\/\/assets\/icon\/sleepy.svg\" alt=\"Sleepy\">\n                    <\/a>\n                    <div class=\"twp-reaction-title\">\n                        Sleepy                    <\/div>\n                    <div class=\"twp-count-percent\">\n                                                    <span style=\"display: none;\" class=\"twp-react-count\">0<\/span>\n                        \n                                                <span class=\"twp-react-percent\"><span>0<\/span> %<\/span>\n                                            <\/div>\n                <\/div>\n\n                <div class=\"twp-reacts-wrap\">\n                    <a react-data=\"be-react-4\" post-id=\"4487\" class=\"be-face-icons un-reacted\" href=\"javascript:void(0)\">\n                        <img decoding=\"async\" src=\"https:\/\/www.periodicolapislazuli.com\/noticias\/wp-content\/plugins\/booster-extension\/\/assets\/icon\/angry.svg\" alt=\"Angry\">\n                    <\/a>\n                    <div class=\"twp-reaction-title\">Angry<\/div>\n                    <div class=\"twp-count-percent\">\n                                                    <span style=\"display: none;\" class=\"twp-react-count\">0<\/span>\n                                                                        <span class=\"twp-react-percent\"><span>0<\/span> %<\/span>\n                        \n                    <\/div>\n                <\/div>\n\n                <div class=\"twp-reacts-wrap\">\n                    <a react-data=\"be-react-5\" post-id=\"4487\" class=\"be-face-icons un-reacted\" href=\"javascript:void(0)\">\n                        <img decoding=\"async\" src=\"https:\/\/www.periodicolapislazuli.com\/noticias\/wp-content\/plugins\/booster-extension\/\/assets\/icon\/surprise.svg\" alt=\"Surprise\">\n                    <\/a>\n                    <div class=\"twp-reaction-title\">Surprise<\/div>\n                    <div class=\"twp-count-percent\">\n                                                    <span style=\"display: none;\" class=\"twp-react-count\">0<\/span>\n                                                                        <span class=\"twp-react-percent\"><span>0<\/span> %<\/span>\n                                            <\/div>\n                <\/div>\n\n            <\/div>\n        <\/div>\n\n    ","protected":false},"excerpt":{"rendered":"<p>Talleres, charlas y cine foros son algunas de las actividades que hemos preparado para todos los bogotanos en<\/p>\n<div class=\"pvc_clear\"><\/div>\n<p id=\"pvc_stats_4487\" class=\"pvc_stats all  \" data-element-id=\"4487\" style=\"\"><i class=\"pvc-stats-icon large\" aria-hidden=\"true\"><svg aria-hidden=\"true\" focusable=\"false\" data-prefix=\"far\" data-icon=\"chart-bar\" role=\"img\" xmlns=\"http:\/\/www.w3.org\/2000\/svg\" viewBox=\"0 0 512 512\" class=\"svg-inline--fa fa-chart-bar fa-w-16 fa-2x\"><path fill=\"currentColor\" d=\"M396.8 352h22.4c6.4 0 12.8-6.4 12.8-12.8V108.8c0-6.4-6.4-12.8-12.8-12.8h-22.4c-6.4 0-12.8 6.4-12.8 12.8v230.4c0 6.4 6.4 12.8 12.8 12.8zm-192 0h22.4c6.4 0 12.8-6.4 12.8-12.8V140.8c0-6.4-6.4-12.8-12.8-12.8h-22.4c-6.4 0-12.8 6.4-12.8 12.8v198.4c0 6.4 6.4 12.8 12.8 12.8zm96 0h22.4c6.4 0 12.8-6.4 12.8-12.8V204.8c0-6.4-6.4-12.8-12.8-12.8h-22.4c-6.4 0-12.8 6.4-12.8 12.8v134.4c0 6.4 6.4 12.8 12.8 12.8zM496 400H48V80c0-8.84-7.16-16-16-16H16C7.16 64 0 71.16 0 80v336c0 17.67 14.33 32 32 32h464c8.84 0 16-7.16 16-16v-16c0-8.84-7.16-16-16-16zm-387.2-48h22.4c6.4 0 12.8-6.4 12.8-12.8v-70.4c0-6.4-6.4-12.8-12.8-12.8h-22.4c-6.4 0-12.8 6.4-12.8 12.8v70.4c0 6.4 6.4 12.8 12.8 12.8z\" class=\"\"><\/path><\/svg><\/i> <img decoding=\"async\" width=\"16\" height=\"16\" alt=\"Loading\" src=\"https:\/\/www.periodicolapislazuli.com\/noticias\/wp-content\/plugins\/page-views-count\/ajax-loader-2x.gif\" border=0 \/><\/p>\n<div class=\"pvc_clear\"><\/div>\n","protected":false},"author":1,"featured_media":4488,"comment_status":"closed","ping_status":"open","sticky":false,"template":"","format":"standard","meta":{"om_disable_all_campaigns":false,"pagelayer_contact_templates":[],"_pagelayer_content":"","_monsterinsights_skip_tracking":false,"_monsterinsights_sitenote_active":false,"_monsterinsights_sitenote_note":"","_monsterinsights_sitenote_category":0,"footnotes":""},"categories":[3],"tags":[],"class_list":["post-4487","post","type-post","status-publish","format-standard","has-post-thumbnail","hentry","category-actualidad"],"a3_pvc":{"activated":true,"total_views":422,"today_views":0},"jetpack_featured_media_url":"https:\/\/www.periodicolapislazuli.com\/noticias\/wp-content\/uploads\/2020\/02\/fiesta-no-brava.jpg","_links":{"self":[{"href":"https:\/\/www.periodicolapislazuli.com\/noticias\/wp-json\/wp\/v2\/posts\/4487","targetHints":{"allow":["GET"]}}],"collection":[{"href":"https:\/\/www.periodicolapislazuli.com\/noticias\/wp-json\/wp\/v2\/posts"}],"about":[{"href":"https:\/\/www.periodicolapislazuli.com\/noticias\/wp-json\/wp\/v2\/types\/post"}],"author":[{"embeddable":true,"href":"https:\/\/www.periodicolapislazuli.com\/noticias\/wp-json\/wp\/v2\/users\/1"}],"replies":[{"embeddable":true,"href":"https:\/\/www.periodicolapislazuli.com\/noticias\/wp-json\/wp\/v2\/comments?post=4487"}],"version-history":[{"count":1,"href":"https:\/\/www.periodicolapislazuli.com\/noticias\/wp-json\/wp\/v2\/posts\/4487\/revisions"}],"predecessor-version":[{"id":4490,"href":"https:\/\/www.periodicolapislazuli.com\/noticias\/wp-json\/wp\/v2\/posts\/4487\/revisions\/4490"}],"wp:featuredmedia":[{"embeddable":true,"href":"https:\/\/www.periodicolapislazuli.com\/noticias\/wp-json\/wp\/v2\/media\/4488"}],"wp:attachment":[{"href":"https:\/\/www.periodicolapislazuli.com\/noticias\/wp-json\/wp\/v2\/media?parent=4487"}],"wp:term":[{"taxonomy":"category","embeddable":true,"href":"https:\/\/www.periodicolapislazuli.com\/noticias\/wp-json\/wp\/v2\/categories?post=4487"},{"taxonomy":"post_tag","embeddable":true,"href":"https:\/\/www.periodicolapislazuli.com\/noticias\/wp-json\/wp\/v2\/tags?post=4487"}],"curies":[{"name":"wp","href":"https:\/\/api.w.org\/{rel}","templated":true}]}}