{"id":4236,"date":"2019-08-02T16:55:25","date_gmt":"2019-08-02T16:55:25","guid":{"rendered":"http:\/\/www.periodicolapislazuli.com\/noticias\/?p=4236"},"modified":"2019-08-02T16:55:25","modified_gmt":"2019-08-02T16:55:25","slug":"hacer-arte-para-la-paz-es-asumir-una-actitud-de-servicio-cesar-lopez-en-la-paz-se-cuenta","status":"publish","type":"post","link":"https:\/\/www.periodicolapislazuli.com\/noticias\/hacer-arte-para-la-paz-es-asumir-una-actitud-de-servicio-cesar-lopez-en-la-paz-se-cuenta\/","title":{"rendered":"Hacer arte para la paz es asumir una actitud de servicio\u201d: C\u00e9sar L\u00f3pez en La Paz se cuenta"},"content":{"rendered":"<div class='booster-block booster-read-block'>\n                <div class=\"twp-read-time\">\n                \t<i class=\"booster-icon twp-clock\"><\/i> <span>Read Time:<\/span>4 Minute, 21 Second                <\/div>\n\n            <\/div><div class=\"container content-width3\">\n<div class=\"header reader-header reader-show-element\" style=\"text-align: justify;\">El invitado del m\u00e1s reciente podcast de <a href=\"https:\/\/soundcloud.com\/la-paz-se-toma-la-palabra\/10-la-paz-se-cuenta-y-se-canta-una-conversacion-con-francisco-zumaque\" target=\"_blank\" rel=\"noopener noreferrer\">La paz se cuenta<\/a>\u00a0\u00a0es C\u00e9sar L\u00f3pez, un m\u00fasico que ha decidido que su arte transite por espacios diferentes a los convencionales. Tanto sus canciones como los proyectos art\u00edsticos y sociales que \u00e9l lidera buscan generar conciencia y mantener vivo el di\u00e1logo tendiente a la transformaci\u00f3n social que necesita el pa\u00eds. Su apuesta musical, vinculada m\u00e1s al activismo que a los circuitos comerciales, es la forma que L\u00f3pez ha identificado para difundir un mensaje de paz y reconciliaci\u00f3n. A continuaci\u00f3n, presentamos algunas de las reflexiones m\u00e1s importantes de su conversaci\u00f3n con \u00c1ngela P\u00e9rez, subgerente cultural del Banco de la Rep\u00fablica, en el marco del podcast del proyecto <strong><em>La paz se toma la palabra<\/em><\/strong><\/div>\n<div class=\"content\" style=\"text-align: justify;\">\n<div class=\"moz-reader-content line-height4 reader-show-element\">\n<div id=\"readability-page-1\" class=\"page\">\n<div>\n<p>&nbsp;<\/p>\n<blockquote>\n<h2><strong>La escopetarra y la importancia de los s\u00edmbolos<\/strong><\/h2>\n<\/blockquote>\n<p>&nbsp;<\/p>\n<p>A principios de la d\u00e9cada del 2000, C\u00e9sar L\u00f3pez conform\u00f3, junto a un grupo de artistas, el <strong>Batall\u00f3n Art\u00edstico de Reacci\u00f3n Inmediata<\/strong>, con el \u00e1nimo de realizar intervenciones art\u00edsticas en escenarios afectados por la violencia. En 2003, durante su intervenci\u00f3n en el Club El Nogal luego del atentado, un soldado rompi\u00f3 con su fusil la guitarra que L\u00f3pez estaba utilizando durante su intervenci\u00f3n: \u201cMe llam\u00f3 la atenci\u00f3n que ambos estuvi\u00e9ramos cargando nuestro instrumento de trabajo con prop\u00f3sitos totalmente distintos\u201d. De esa interacci\u00f3n le surgi\u00f3 la idea de convertir una AK 47 (el arma que m\u00e1s muertos ha causado en la historia) en una guitarra y as\u00ed enviar un mensaje de paz y reconciliaci\u00f3n bajo la consigna \u00abSi el arma pudo cambiar, la gente tambi\u00e9n podr\u00e1 hacerlo\u00bb.<\/p>\n<p>Hoy la escopetarra es exhibida en las oficinas de la ONU y en importantes museos alrededor del mundo, pero tambi\u00e9n en las favelas de Brasil y en algunos de los escenarios m\u00e1s violentos alrededor del mundo: \u201cLa escopetarra ha sido una llave m\u00e1gica que me ha permitido entrar en las zonas m\u00e1s pesadas de conflicto, en Colombia, en Am\u00e9rica Latina y Medio Oriente. Por ejemplo, en el Museo de Antioquia los visitantes dejan cartas, fotos y flores a la escopetarra\u201d. S\u00edmbolos como este, de acuerdo con L\u00f3pez, ayudan a construir herramientas mentales y, de compartirse entre varios, se convierten en herramientas sociales que interpelan la conciencia y generan reflexi\u00f3n: \u201cDicen cosas que las palabras a veces intentan decir, pero no logran transmitir en la emoci\u00f3n\u201d.<\/p>\n<div>\n<figure><img decoding=\"async\" src=\"http:\/\/assets.banrepcultural.org\/sites\/default\/files\/article\/gallery\/cesar-lopez-ninos-cortesia-640x400.jpg\" alt=\"\" \/><strong>Cortes\u00eda C\u00e9sar L\u00f3pez<\/strong> \u00a9 Derechos Reservados<figcaption><\/figcaption><\/figure>\n<\/div>\n<h5>La funci\u00f3n social de la m\u00fasica<\/h5>\n<p>A partir de la pregunta <strong><em>\u201c\u00bfQu\u00e9 m\u00e1s puedo hacer yo desde la m\u00fasica por este entorno en el que vivo?\u201d<\/em><\/strong>, C\u00e9sar L\u00f3pez emprendi\u00f3 un camino que lo ha moldeado como artista y como ser humano: \u201cAl principio, cuando decid\u00ed alejarme de los circuitos comerciales, sent\u00ed que me hubiera salido de una autopista y me hubiera metido en una especie de camino destapado en un Renault 4; hoy la sensaci\u00f3n es totalmente opuesta. Considero que quienes hacen m\u00fasica comercial solo hacen una peque\u00f1a porci\u00f3n del universo tan potente de la m\u00fasica, que se ampl\u00eda por ejemplo con el trabajo de las salas de concierto, de la docencia, de la Luther\u00eda, del arte para la transformaci\u00f3n social, y no solo con lo que nos ponen a o\u00edr en la radio\u201d.<\/p>\n<h5>El arte como herramienta para la paz<\/h5>\n<p>Las m\u00faltiples estrategias y herramientas que ha inventado a lo largo de su carrera, tales como el Batall\u00f3n Art\u00edstico de Reacci\u00f3n Inmediata, la estrategia 24-0 (24 horas, cero muertes violentas), o la misma escopetarra provienen de una misma motivaci\u00f3n y es su actitud de servicio: \u201cUna persona que est\u00e1 inspirada en el deseo de servirle a su gente encuentra los caminos, encuentra las herramientas y los mensajes para modificar su entorno\u201d.\u00a0 Para ello propone tres consejos:<\/p>\n<ul>\n<li><strong><em>Moverse por los territorios<\/em><\/strong>: hacer contacto real con las comunidades y establecer un compromiso con ellas. \u201cQuien intenta entender el mundo desde su sof\u00e1 jam\u00e1s va a llegar al tema\u201d.<\/li>\n<li><strong><em>Usar permanentemente la creatividad<\/em><\/strong>: \u201cBuscar constantemente nuevas ideas y nuevas formas de narrar. Recoger voces y alimentarse de las experiencias de los dem\u00e1s\u201d.<\/li>\n<li><strong><em>Reivindicar el arte desde un ejercicio personal<\/em><\/strong>: \u201cEl arte reconstruye una memoria y nos la pone en un ejercicio est\u00e9tico que penetra m\u00e1s en el alma\u201d.<\/li>\n<\/ul>\n<p>Nuestro invitado a <a href=\"http:\/\/soundcloud.com\/la-paz-se-toma-la-palabra\" target=\"_blank\" rel=\"noopener noreferrer\"><em>La paz se cuenta<\/em><\/a> invita a los artistas del pa\u00eds a ponerse al servicio de lo que \u00e9l denomina las causas justas: \u201cLas comunidades que m\u00e1s han sufrido el conflicto han desarrollado herramientas muy potentes de resistencia y de resiliencia desde las artes que no han tenido suficiente visibilidad y hay una comunidad art\u00edstica, esta s\u00ed m\u00e1s p\u00fablica, que no ha sido tan creativa o tan comprometida a la hora de trabajar el tema de la transformaci\u00f3n de la violencia\u201d. Y concluye: \u201cNuestra responsabilidad desde el arte es girar los micr\u00f3fonos y las c\u00e1maras a esas personas, que escuchemos a esa Colombia que est\u00e1 all\u00ed aprendiendo mientras va sanando y tiene tanto para ense\u00f1arnos\u201d.<\/p>\n<hr \/>\n<h5>Escucha La paz se cuenta<\/h5>\n<p>En este podcast, que hace parte del proyecto <a href=\"http:\/\/proyectos.banrepcultural.org\/proyecto-paz\/\" target=\"_blank\" rel=\"noopener noreferrer\">La paz se toma la palabra<\/a>, distintas voces, ya sean artistas, escritores o l\u00edderes sociales de todo el pa\u00eds, se re\u00fanen para hablar de paz. Un espacio en el que conversamos sobre c\u00f3mo la literatura, la poes\u00eda y la cultura popular son herramientas para fortalecer las culturas de paz en Colombia. Escucha m\u00e1s episodios en <a href=\"https:\/\/soundcloud.com\/la-paz-se-toma-la-palabra\" target=\"_blank\" rel=\"noopener noreferrer\">Soundcloud &gt;&gt;<\/a><\/p>\n<\/div>\n<\/div>\n<\/div>\n<\/div>\n<div style=\"text-align: justify;\"><\/div>\n<\/div>\n<div class=\"pvc_clear\"><\/div>\n<p id=\"pvc_stats_4236\" class=\"pvc_stats all  \" data-element-id=\"4236\" style=\"\"><i class=\"pvc-stats-icon large\" aria-hidden=\"true\"><svg aria-hidden=\"true\" focusable=\"false\" data-prefix=\"far\" data-icon=\"chart-bar\" role=\"img\" xmlns=\"http:\/\/www.w3.org\/2000\/svg\" viewBox=\"0 0 512 512\" class=\"svg-inline--fa fa-chart-bar fa-w-16 fa-2x\"><path fill=\"currentColor\" d=\"M396.8 352h22.4c6.4 0 12.8-6.4 12.8-12.8V108.8c0-6.4-6.4-12.8-12.8-12.8h-22.4c-6.4 0-12.8 6.4-12.8 12.8v230.4c0 6.4 6.4 12.8 12.8 12.8zm-192 0h22.4c6.4 0 12.8-6.4 12.8-12.8V140.8c0-6.4-6.4-12.8-12.8-12.8h-22.4c-6.4 0-12.8 6.4-12.8 12.8v198.4c0 6.4 6.4 12.8 12.8 12.8zm96 0h22.4c6.4 0 12.8-6.4 12.8-12.8V204.8c0-6.4-6.4-12.8-12.8-12.8h-22.4c-6.4 0-12.8 6.4-12.8 12.8v134.4c0 6.4 6.4 12.8 12.8 12.8zM496 400H48V80c0-8.84-7.16-16-16-16H16C7.16 64 0 71.16 0 80v336c0 17.67 14.33 32 32 32h464c8.84 0 16-7.16 16-16v-16c0-8.84-7.16-16-16-16zm-387.2-48h22.4c6.4 0 12.8-6.4 12.8-12.8v-70.4c0-6.4-6.4-12.8-12.8-12.8h-22.4c-6.4 0-12.8 6.4-12.8 12.8v70.4c0 6.4 6.4 12.8 12.8 12.8z\" class=\"\"><\/path><\/svg><\/i> <img decoding=\"async\" width=\"16\" height=\"16\" alt=\"Loading\" src=\"https:\/\/www.periodicolapislazuli.com\/noticias\/wp-content\/plugins\/page-views-count\/ajax-loader-2x.gif\" border=0 \/><\/p>\n<div class=\"pvc_clear\"><\/div>\n        <div class=\"booster-block booster-reactions-block\">\n            <div class=\"twp-reactions-icons\">\n                \n                <div class=\"twp-reacts-wrap\">\n                    <a react-data=\"be-react-1\" post-id=\"4236\" class=\"be-face-icons un-reacted\" href=\"javascript:void(0)\">\n                        <img decoding=\"async\" src=\"https:\/\/www.periodicolapislazuli.com\/noticias\/wp-content\/plugins\/booster-extension\/\/assets\/icon\/happy.svg\" alt=\"Happy\">\n                    <\/a>\n                    <div class=\"twp-reaction-title\">\n                        Happy                    <\/div>\n                    <div class=\"twp-count-percent\">\n                                                    <span style=\"display: none;\" class=\"twp-react-count\">0<\/span>\n                        \n                                                <span class=\"twp-react-percent\"><span>0<\/span> %<\/span>\n                                            <\/div>\n                <\/div>\n\n                <div class=\"twp-reacts-wrap\">\n                    <a react-data=\"be-react-2\" post-id=\"4236\" class=\"be-face-icons un-reacted\" href=\"javascript:void(0)\">\n                        <img decoding=\"async\" src=\"https:\/\/www.periodicolapislazuli.com\/noticias\/wp-content\/plugins\/booster-extension\/\/assets\/icon\/sad.svg\" alt=\"Sad\">\n                    <\/a>\n                    <div class=\"twp-reaction-title\">\n                        Sad                    <\/div>\n                    <div class=\"twp-count-percent\">\n                                                    <span style=\"display: none;\" class=\"twp-react-count\">0<\/span>\n                                                                        <span class=\"twp-react-percent\"><span>0<\/span> %<\/span>\n                                            <\/div>\n                <\/div>\n\n                <div class=\"twp-reacts-wrap\">\n                    <a react-data=\"be-react-3\" post-id=\"4236\" class=\"be-face-icons un-reacted\" href=\"javascript:void(0)\">\n                        <img decoding=\"async\" src=\"https:\/\/www.periodicolapislazuli.com\/noticias\/wp-content\/plugins\/booster-extension\/\/assets\/icon\/excited.svg\" alt=\"Excited\">\n                    <\/a>\n                    <div class=\"twp-reaction-title\">\n                        Excited                    <\/div>\n                    <div class=\"twp-count-percent\">\n                                                    <span style=\"display: none;\" class=\"twp-react-count\">0<\/span>\n                                                                        <span class=\"twp-react-percent\"><span>0<\/span> %<\/span>\n                                            <\/div>\n                <\/div>\n\n                <div class=\"twp-reacts-wrap\">\n                    <a react-data=\"be-react-6\" post-id=\"4236\" class=\"be-face-icons un-reacted\" href=\"javascript:void(0)\">\n                        <img decoding=\"async\" src=\"https:\/\/www.periodicolapislazuli.com\/noticias\/wp-content\/plugins\/booster-extension\/\/assets\/icon\/sleepy.svg\" alt=\"Sleepy\">\n                    <\/a>\n                    <div class=\"twp-reaction-title\">\n                        Sleepy                    <\/div>\n                    <div class=\"twp-count-percent\">\n                                                    <span style=\"display: none;\" class=\"twp-react-count\">0<\/span>\n                        \n                                                <span class=\"twp-react-percent\"><span>0<\/span> %<\/span>\n                                            <\/div>\n                <\/div>\n\n                <div class=\"twp-reacts-wrap\">\n                    <a react-data=\"be-react-4\" post-id=\"4236\" class=\"be-face-icons un-reacted\" href=\"javascript:void(0)\">\n                        <img decoding=\"async\" src=\"https:\/\/www.periodicolapislazuli.com\/noticias\/wp-content\/plugins\/booster-extension\/\/assets\/icon\/angry.svg\" alt=\"Angry\">\n                    <\/a>\n                    <div class=\"twp-reaction-title\">Angry<\/div>\n                    <div class=\"twp-count-percent\">\n                                                    <span style=\"display: none;\" class=\"twp-react-count\">0<\/span>\n                                                                        <span class=\"twp-react-percent\"><span>0<\/span> %<\/span>\n                        \n                    <\/div>\n                <\/div>\n\n                <div class=\"twp-reacts-wrap\">\n                    <a react-data=\"be-react-5\" post-id=\"4236\" class=\"be-face-icons un-reacted\" href=\"javascript:void(0)\">\n                        <img decoding=\"async\" src=\"https:\/\/www.periodicolapislazuli.com\/noticias\/wp-content\/plugins\/booster-extension\/\/assets\/icon\/surprise.svg\" alt=\"Surprise\">\n                    <\/a>\n                    <div class=\"twp-reaction-title\">Surprise<\/div>\n                    <div class=\"twp-count-percent\">\n                                                    <span style=\"display: none;\" class=\"twp-react-count\">0<\/span>\n                                                                        <span class=\"twp-react-percent\"><span>0<\/span> %<\/span>\n                                            <\/div>\n                <\/div>\n\n            <\/div>\n        <\/div>\n\n    ","protected":false},"excerpt":{"rendered":"<p>El invitado del m\u00e1s reciente podcast de La paz se cuenta\u00a0\u00a0es C\u00e9sar L\u00f3pez, un m\u00fasico que ha decidido que su arte transite por espacios diferentes a los convencionales.<\/p>\n<div class=\"pvc_clear\"><\/div>\n<p id=\"pvc_stats_4236\" class=\"pvc_stats all  \" data-element-id=\"4236\" style=\"\"><i class=\"pvc-stats-icon large\" aria-hidden=\"true\"><svg aria-hidden=\"true\" focusable=\"false\" data-prefix=\"far\" data-icon=\"chart-bar\" role=\"img\" xmlns=\"http:\/\/www.w3.org\/2000\/svg\" viewBox=\"0 0 512 512\" class=\"svg-inline--fa fa-chart-bar fa-w-16 fa-2x\"><path fill=\"currentColor\" d=\"M396.8 352h22.4c6.4 0 12.8-6.4 12.8-12.8V108.8c0-6.4-6.4-12.8-12.8-12.8h-22.4c-6.4 0-12.8 6.4-12.8 12.8v230.4c0 6.4 6.4 12.8 12.8 12.8zm-192 0h22.4c6.4 0 12.8-6.4 12.8-12.8V140.8c0-6.4-6.4-12.8-12.8-12.8h-22.4c-6.4 0-12.8 6.4-12.8 12.8v198.4c0 6.4 6.4 12.8 12.8 12.8zm96 0h22.4c6.4 0 12.8-6.4 12.8-12.8V204.8c0-6.4-6.4-12.8-12.8-12.8h-22.4c-6.4 0-12.8 6.4-12.8 12.8v134.4c0 6.4 6.4 12.8 12.8 12.8zM496 400H48V80c0-8.84-7.16-16-16-16H16C7.16 64 0 71.16 0 80v336c0 17.67 14.33 32 32 32h464c8.84 0 16-7.16 16-16v-16c0-8.84-7.16-16-16-16zm-387.2-48h22.4c6.4 0 12.8-6.4 12.8-12.8v-70.4c0-6.4-6.4-12.8-12.8-12.8h-22.4c-6.4 0-12.8 6.4-12.8 12.8v70.4c0 6.4 6.4 12.8 12.8 12.8z\" class=\"\"><\/path><\/svg><\/i> <img decoding=\"async\" width=\"16\" height=\"16\" alt=\"Loading\" src=\"https:\/\/www.periodicolapislazuli.com\/noticias\/wp-content\/plugins\/page-views-count\/ajax-loader-2x.gif\" border=0 \/><\/p>\n<div class=\"pvc_clear\"><\/div>\n","protected":false},"author":1,"featured_media":4237,"comment_status":"closed","ping_status":"open","sticky":false,"template":"","format":"standard","meta":{"om_disable_all_campaigns":false,"pagelayer_contact_templates":[],"_pagelayer_content":"","_monsterinsights_skip_tracking":false,"_monsterinsights_sitenote_active":false,"_monsterinsights_sitenote_note":"","_monsterinsights_sitenote_category":0,"footnotes":""},"categories":[17],"tags":[146,2019,2020,177,323],"class_list":["post-4236","post","type-post","status-publish","format-standard","has-post-thumbnail","hentry","category-sociedad","tag-arte","tag-cesar-lopez","tag-la-paz-se-cuenta","tag-musica","tag-paz"],"a3_pvc":{"activated":true,"total_views":214,"today_views":0},"jetpack_featured_media_url":"https:\/\/www.periodicolapislazuli.com\/noticias\/wp-content\/uploads\/2019\/08\/cesar-lopez-cortesia-1-640x400.jpg","_links":{"self":[{"href":"https:\/\/www.periodicolapislazuli.com\/noticias\/wp-json\/wp\/v2\/posts\/4236","targetHints":{"allow":["GET"]}}],"collection":[{"href":"https:\/\/www.periodicolapislazuli.com\/noticias\/wp-json\/wp\/v2\/posts"}],"about":[{"href":"https:\/\/www.periodicolapislazuli.com\/noticias\/wp-json\/wp\/v2\/types\/post"}],"author":[{"embeddable":true,"href":"https:\/\/www.periodicolapislazuli.com\/noticias\/wp-json\/wp\/v2\/users\/1"}],"replies":[{"embeddable":true,"href":"https:\/\/www.periodicolapislazuli.com\/noticias\/wp-json\/wp\/v2\/comments?post=4236"}],"version-history":[{"count":2,"href":"https:\/\/www.periodicolapislazuli.com\/noticias\/wp-json\/wp\/v2\/posts\/4236\/revisions"}],"predecessor-version":[{"id":4239,"href":"https:\/\/www.periodicolapislazuli.com\/noticias\/wp-json\/wp\/v2\/posts\/4236\/revisions\/4239"}],"wp:featuredmedia":[{"embeddable":true,"href":"https:\/\/www.periodicolapislazuli.com\/noticias\/wp-json\/wp\/v2\/media\/4237"}],"wp:attachment":[{"href":"https:\/\/www.periodicolapislazuli.com\/noticias\/wp-json\/wp\/v2\/media?parent=4236"}],"wp:term":[{"taxonomy":"category","embeddable":true,"href":"https:\/\/www.periodicolapislazuli.com\/noticias\/wp-json\/wp\/v2\/categories?post=4236"},{"taxonomy":"post_tag","embeddable":true,"href":"https:\/\/www.periodicolapislazuli.com\/noticias\/wp-json\/wp\/v2\/tags?post=4236"}],"curies":[{"name":"wp","href":"https:\/\/api.w.org\/{rel}","templated":true}]}}