{"id":3952,"date":"2019-02-18T21:06:35","date_gmt":"2019-02-18T21:06:35","guid":{"rendered":"http:\/\/www.periodicolapislazuli.com\/noticias\/?p=3952"},"modified":"2019-02-18T21:06:35","modified_gmt":"2019-02-18T21:06:35","slug":"convocatoria-iberoamerica-ilustra-2019","status":"publish","type":"post","link":"https:\/\/www.periodicolapislazuli.com\/noticias\/convocatoria-iberoamerica-ilustra-2019\/","title":{"rendered":"Convocatoria Iberoam\u00e9rica ilustra 2019"},"content":{"rendered":"<div class='booster-block booster-read-block'>\n                <div class=\"twp-read-time\">\n                \t<i class=\"booster-icon twp-clock\"><\/i> <span>Read Time:<\/span>8 Minute, 6 Second                <\/div>\n\n            <\/div><article class=\"announcement-page__data\">\n<div id=\"page-block-19\">\n<p>Con el fin de tender una red para difundir la obra de los ilustradores de libros para ni\u00f1os y j\u00f3venes en Iberoam\u00e9rica Fundaci\u00f3n SM y FIL Guadalajara convocan al <strong>10 Iberoam\u00e9rica\u00a0 Ilustra<\/strong> con las siguientes bases:<\/p>\n<p style=\"text-align: justify;\">\u00bfQUI\u00c9NES PUEDEN PARTICIPAR?<\/p>\n<ul style=\"text-align: justify;\">\n<li>Ilustradores profesionales de publicaciones infantiles y juveniles nacidos en cualquier pa\u00eds iberoamericano, sin importar el pa\u00eds de residencia actual, mayores de 21 a\u00f1os.<\/li>\n<li>Quedan excluidos de la presente convocatoria el ganador de la edici\u00f3n anterior, los miembros del comit\u00e9 organizador y los integrantes del jurado, as\u00ed como el personal del Grupo SM.<\/li>\n<\/ul>\n<\/div>\n<div id=\"page-block-20\" style=\"text-align: justify;\">\n<p>\u00bfC\u00d3MO PARTICIPAR?<\/p>\n<ul>\n<li>Los ilustradores podr\u00e1n participar de manera individual o en grupo con un m\u00ednimo de tres y <strong>un m\u00e1ximo de cinco ilustraciones in\u00e9ditas y en serie que conformen una secuencia narrativa<\/strong> consistente y con uniformidad en la que se cuente, por medio de im\u00e1genes, una historia con tema libre. Los trabajos no deber\u00e1n incluir ning\u00fan texto y ser\u00e1n evaluados en conjunto.<\/li>\n<li>En caso de participar en grupo, se deber\u00e1 nombrar a un representante.<\/li>\n<li>Los interesados deber\u00e1n ingresar al sitio www.iberoamericailustra.com y registrarse. Una vez finalizado el registro, recibir\u00e1n una confirmaci\u00f3n y, para completar su inscripci\u00f3n deber\u00e1n considerar lo siguiente:\n<ul>\n<li>Adjuntar una semblanza de m\u00e1ximo 350 palabras y una fotograf\u00eda de perfil.<\/li>\n<li>Adjuntar las ilustraciones con las que participar\u00e1n en versi\u00f3n digital en baja resoluci\u00f3n (formato JPG, en RGB, a 72 dpi); cada una debe pesar m\u00e1ximo 5 MB.<\/li>\n<li>Las im\u00e1genes deber\u00e1n tener como medida m\u00ednima 20 \u00d7 20 cm y m\u00e1xima 43 \u00d7 28 cm (horizontal o vertical). Y deber\u00e1n incluir la ficha t\u00e9cnica.<\/li>\n<li>El nombre de los archivos de las im\u00e1genes no deber\u00e1 contener caracteres especiales (\u00f1, acentos, coma, punto, etc\u00e9tera).<\/li>\n<li>Se recomienda considerar la calidad de las im\u00e1genes (buena definici\u00f3n en pantalla), ya que este material ser\u00e1 el que revisar\u00e1 el jurado durante el fallo.<\/li>\n<li>Una vez que completen todos los requisitos, recibir\u00e1n una confirmaci\u00f3n de participaci\u00f3n.<\/li>\n<\/ul>\n<\/li>\n<li><strong>Las im\u00e1genes con las que participen no deber\u00e1n enviarse ni haber sido enviadas a otros concursos que se hayan celebrado antes o que se celebren de manera simult\u00e1nea.<\/strong><\/li>\n<li><strong>Del mismo modo, las obras que se presenten al concurso no deben estar sometidas a evaluaci\u00f3n o dictamen en ninguna editorial, hasta que se emita el fallo del jurado. De lo contrario, ser\u00e1n descalificadas de esta edici\u00f3n y el ilustrador no podr\u00e1 participar en la siguiente convocatoria.<\/strong><\/li>\n<\/ul>\n<\/div>\n<div id=\"page-block-21\" style=\"text-align: justify;\">\n<ul>\n<li><a href=\"http:\/\/sm.loc\/site\/call#\" target=\"_blank\" rel=\"noopener\">ESPA\u00d1OL<\/a><\/li>\n<li><a href=\"http:\/\/sm.loc\/site\/call\" target=\"_blank\" rel=\"noopener\">PORTUGU\u00c9S<\/a><\/li>\n<\/ul>\n<p>CON EL FIN DE TENDER UNA RED PARA DIFUNDIR LA OBRA DE LOS ILUSTRADORES DE LIBROS PARA NI\u00d1OS Y J\u00d3VENES EN IBEROAM\u00c9RICA Fundaci\u00f3n SM y FIL Guadalajara convocan al 10 Iberoam\u00e9rica Ilustra con las siguientes bases:<\/p>\n<p>&nbsp;<\/p>\n<blockquote><p><strong>\u00bfQUI\u00c9NES PUEDEN PARTICIPAR?<\/strong><\/p><\/blockquote>\n<ul>\n<li>Ilustradores profesionales de publicaciones infantiles y juveniles nacidos en cualquier pa\u00eds iberoamericano, sin importar el pa\u00eds de residencia actual, mayores de 21 a\u00f1os.<\/li>\n<li>Quedan excluidos de la presente convocatoria el ganador de la edici\u00f3n anterior, los miembros del comit\u00e9 organizador y los integrantes del jurado, as\u00ed como el personal del Grupo SM.<\/li>\n<\/ul>\n<p>\u00bfC\u00d3MO PARTICIPAR?<\/p>\n<ul>\n<li>Los ilustradores podr\u00e1n participar de manera individual o en grupo con un m\u00ednimo de tres y <strong>un m\u00e1ximo de cinco ilustraciones in\u00e9ditas y en serie que conformen una secuencia narrativa<\/strong> consistente y con uniformidad en la que se cuente, por medio de im\u00e1genes, una historia con tema libre. Los trabajos no deber\u00e1n incluir ning\u00fan texto y ser\u00e1n evaluados en conjunto.<\/li>\n<li>En caso de participar en grupo, se deber\u00e1 nombrar a un representante.<\/li>\n<li>Los interesados deber\u00e1n ingresar al sitio www.iberoamericailustra.com y registrarse. Una vez finalizado el registro, recibir\u00e1n una confirmaci\u00f3n y, para completar su inscripci\u00f3n deber\u00e1n considerar lo siguiente:\n<ul>\n<li>Adjuntar una semblanza de m\u00e1ximo 350 palabras y una fotograf\u00eda de perfil.<\/li>\n<li>Adjuntar las ilustraciones con las que participar\u00e1n en versi\u00f3n digital en baja resoluci\u00f3n (formato JPG, en RGB, a 72 dpi); cada una debe pesar m\u00e1ximo 5 MB.<\/li>\n<li>Las im\u00e1genes deber\u00e1n tener como medida m\u00ednima 20 \u00d7 20 cm y m\u00e1xima 43 \u00d7 28 cm (horizontal o vertical). Y deber\u00e1n incluir la ficha t\u00e9cnica.<\/li>\n<li>El nombre de los archivos de las im\u00e1genes no deber\u00e1 contener caracteres especiales (\u00f1, acentos, coma, punto, etc\u00e9tera).<\/li>\n<li>Se recomienda considerar la calidad de las im\u00e1genes (buena definici\u00f3n en pantalla), ya que este material ser\u00e1 el que revisar\u00e1 el jurado durante el fallo.<\/li>\n<li>Una vez que completen todos los requisitos, recibir\u00e1n una confirmaci\u00f3n de participaci\u00f3n.<\/li>\n<\/ul>\n<\/li>\n<li><strong>Las im\u00e1genes con las que participen no deber\u00e1n enviarse ni haber sido enviadas a otros concursos que se hayan celebrado antes o que se celebren de manera simult\u00e1nea.<\/strong><\/li>\n<li><strong>Del mismo modo, las obras que se presenten al concurso no deben estar sometidas a evaluaci\u00f3n o dictamen en ninguna editorial, hasta que se emita el fallo del jurado. De lo contrario, ser\u00e1n descalificadas de esta edici\u00f3n y el ilustrador no podr\u00e1 participar en la siguiente convocatoria.<\/strong><\/li>\n<\/ul>\n<p>JURADO<\/p>\n<ul>\n<li>El jurado estar\u00e1 conformado por profesionales del sector editorial y de la ilustraci\u00f3n en Iberoam\u00e9rica, mismo que ser\u00e1 elegido por las instancias convocantes. Los nombres de los integrantes del jurado se har\u00e1n p\u00fablicos el d\u00eda del anuncio del ganador.<\/li>\n<li>El jurado seleccionar\u00e1 un m\u00e1ximo de 45 ilustradores, de entre los cuales se nombrar\u00e1 a un ganador y hasta cinco menciones especiales a los trabajos m\u00e1s sobresalientes.<\/li>\n<li><strong>El fallo del jurado ser\u00e1 inapelable y su decisi\u00f3n se har\u00e1 p\u00fablica a m\u00e1s tardar el 31 de julio de 2019<\/strong> mediante un comunicado. Despu\u00e9s de esa fecha, los ilustradores seleccionados recibir\u00e1n una notificaci\u00f3n electr\u00f3nica y la lista con los nombres se publicar\u00e1 en el sitio <strong>www.iberoamericailustra.com<\/strong><\/li>\n<\/ul>\n<\/div>\n<div id=\"page-block-22\" style=\"text-align: justify;\">\n<p><strong>PREMIOS<\/strong><\/p>\n<ul>\n<li>El ilustrador que resulte ganador recibir\u00e1 un premio econ\u00f3mico de<strong> 5 000 USD (cinco mil d\u00f3lares estadounidenses)<\/strong>, realizar\u00e1 una ilustraci\u00f3n original para la portada del cat\u00e1logo 10 Iberoam\u00e9rica Ilustra y colaborar\u00e1 con el dise\u00f1o de la convocatoria de la edici\u00f3n 11 de Iberoam\u00e9rica Ilustra.<\/li>\n<li><strong>Todos los ilustradores seleccionados formar\u00e1n parte de la edici\u00f3n del 10 Iberoam\u00e9rica Ilustra que se dar\u00e1 a conocer durante la Feria Internacional del Libro de Guadalajara.<\/strong><\/li>\n<li>Los ilustradores integrantes del cat\u00e1logo 10 Iberoam\u00e9rica Ilustra recibir\u00e1n dos ejemplares del mismo.<\/li>\n<li>Adicionalmente, los ilustradores seleccionados formar\u00e1n parte de la exposici\u00f3n, que ser\u00e1 inaugurada en el marco de la Feria Internacional del Libro de Guadalajara.<\/li>\n<li>Las instancias convocantes podr\u00e1n itinerar la exposici\u00f3n en M\u00e9xico y en el extranjero durante los siguientes tres a\u00f1os a la premiaci\u00f3n y realizar actividades did\u00e1cticas sin fines de lucro, con base en las im\u00e1genes que conforman la muestra.<\/li>\n<\/ul>\n<\/div>\n<div id=\"page-block-23\" style=\"text-align: justify;\">\n<p>ILUSTRADORES SELECCIONADOS:<\/p>\n<ul>\n<li>Los ilustradores seleccionados por el jurado autorizan a las instancias convocantes incluir sus obras en el cat\u00e1logo 10 Iberoam\u00e9rica Ilustra, en formato de libro impreso, para su distribuci\u00f3n y comercializaci\u00f3n, as\u00ed como su uso para la exposici\u00f3n y en formato digital en los sitios: <strong>www.iberoamericailustra.com, <a href=\"http:\/\/www.fundacion-sm.org\" target=\"_blank\" rel=\"noopener\">www.fundacion-sm.org<\/a>, <a href=\"http:\/\/www.fundacionsm.org.mx\" target=\"_blank\" rel=\"noopener\">www.fundacionsm.org.mx<\/a>, <a href=\"http:\/\/www.fil.com.mx\" target=\"_blank\" rel=\"noopener\">www.fil.com.mx<\/a><\/strong> o en cualquier otro medio de difusi\u00f3n, con fines promocionales.<\/li>\n<li>Los ilustradores seleccionados en la d\u00e9cima edici\u00f3n de Iberoam\u00e9rica Ilustra, deber\u00e1n actualizar todos sus datos personales en la plataforma www.iberoamericailustra.com, iniciando sesi\u00f3n con su usuario y contrase\u00f1a:<br \/>\nDatos de contacto (nombre completo, tel\u00e9fono, direcci\u00f3n postal, correo electr\u00f3nico).<br \/>\nUna semblanza de m\u00e1ximo 350 palabras (.txt, .rtf, .doc o .docx) que deber\u00e1 incluir su web, blog y\/o e-mail.<br \/>\nUna fotograf\u00eda personal en alta resoluci\u00f3n (300 dpi).<br \/>\nLa lista de su obra que incluya t\u00edtulo, t\u00e9cnica y medidas.<br \/>\nLas im\u00e1genes con las que participaron en alta resoluci\u00f3n (300 dpi).<br \/>\n&#8211; Una vez que hayan sido notificados los participantes seleccionados, tendr\u00e1n un plazo establecido por el comit\u00e9 organizador para actualizar sus ilustraciones y sus datos. <strong>Despu\u00e9s del periodo indicado se cerrar\u00e1 la plataforma y los trabajos que no se reciban quedar\u00e1n descalificados y no podr\u00e1n participar en el cat\u00e1logo ni en la exposici\u00f3n. \u00a0<\/strong><\/li>\n<li><strong>Tanto para la edici\u00f3n como para la exposici\u00f3n, es importante enviar exactamente las mismas im\u00e1genes que se sometieron a concurso; de lo contrario, el ilustrador ser\u00e1 descalificado.<\/strong><\/li>\n<li>Al aceptar estas bases, los ilustradores seleccionados otorgan a Fundaci\u00f3n SM, El Ilustradero y la FIL Guadalajara autorizaci\u00f3n exclusiva para comercializar las reproducciones enviadas con la finalidad de recuperar el costo de impresi\u00f3n o de exposici\u00f3n. El costo de venta por cada ilustraci\u00f3n no exceder\u00e1 los 25 USD (veinticinco d\u00f3lares estadounidenses).<\/li>\n<\/ul>\n<\/div>\n<div id=\"page-block-24\" style=\"text-align: justify;\">\n<p style=\"text-align: justify;\">FECHAS<\/p>\n<ul style=\"text-align: justify;\">\n<li>Apertura de la convocatoria: <strong>28 de noviembre de 2018.<\/strong><\/li>\n<li><strong>Fecha l\u00edmite de registro: 26 de abril de 2019,<\/strong> hasta las 14:00 horas de la Ciudad de M\u00e9xico.<\/li>\n<li>Fallo y anuncio de ganador y seleccionados: a m\u00e1s tardar el 31 de julio de 2019.<\/li>\n<li>Ceremonia de premiaci\u00f3n: 03 de diciembre de 2019.<\/li>\n<li>Primera exposici\u00f3n: del 30 de noviembre al 8 de diciembre de 2019.<\/li>\n<\/ul>\n<p style=\"text-align: justify;\">El hecho de presentar trabajos a este concurso supone la expresa conformidad de los ilustradores participantes con las presentes bases.<\/p>\n<hr \/>\n<\/div>\n<\/article>\n<div class=\"row\">\n<div class=\"col-xs-12 col-sm-12 col-md-offset-2 col-md-8 col-lg-offset-2 col-lg-8\">\n<section class=\"about__body\">\n<div class=\"about__body__description\">\n<p style=\"text-align: justify;\">Con el fin de crear una red para difundir la obra de los ilustradores de libros para ni\u00f1os y j\u00f3venes en Iberoam\u00e9rica y contribuir al desarrollo cultural del mundo de habla hispana y portuguesa, <strong>Fundaci\u00f3n SM<\/strong>\u00a0 y la <strong>Feria Internacional del Libro de Guadalajara<\/strong> impulsan el proyecto <em>Iberoam\u00e9rica Ilustra<\/em> que surge en 2010 de la mano de El Ilustradero, asociaci\u00f3n que form\u00f3 parte del Comit\u00e9 Organizador hasta su novena edici\u00f3n.<\/p>\n<p style=\"text-align: justify;\"><em>Iberoam\u00e9rica Ilustra <\/em>convoca anualmente a ilustradores consagrados y a j\u00f3venes talentos, a participar en un cat\u00e1logo que visibilice el trabajo que se genera en toda la regi\u00f3n y, que sirva como referencia y consulta para el medio editorial. \u00a0 Asimismo, de la selecci\u00f3n de ilustradores que conforman el cat\u00e1logo, surge una exposici\u00f3n itinerante que acerca, al p\u00fablico infantil y juvenil y a los profesionales, historias narradas con im\u00e1genes a trav\u00e9s de un lenguaje visual contempor\u00e1neo.<\/p>\n<p style=\"text-align: justify;\"><em>Iberoam\u00e9rica Ilustra<\/em> es un proyecto que nace de la pasi\u00f3n por la ilustraci\u00f3n; por los libros para ni\u00f1os y j\u00f3venes; por la vinculaci\u00f3n de todos los pa\u00edses de Am\u00e9rica Latina, Espa\u00f1a y Portugal, pero, sobre todo, por trabajar para abrir horizontes ante el gran desaf\u00edo al que se enfrenta nuestra sociedad, generando espacios que ayuden a crecer de forma integral a ni\u00f1os y j\u00f3venes.<\/p>\n<\/div>\n<\/section>\n<\/div>\n<\/div>\n<div class=\"pvc_clear\"><\/div>\n<p id=\"pvc_stats_3952\" class=\"pvc_stats all  \" data-element-id=\"3952\" style=\"\"><i class=\"pvc-stats-icon large\" aria-hidden=\"true\"><svg aria-hidden=\"true\" focusable=\"false\" data-prefix=\"far\" data-icon=\"chart-bar\" role=\"img\" xmlns=\"http:\/\/www.w3.org\/2000\/svg\" viewBox=\"0 0 512 512\" class=\"svg-inline--fa fa-chart-bar fa-w-16 fa-2x\"><path fill=\"currentColor\" d=\"M396.8 352h22.4c6.4 0 12.8-6.4 12.8-12.8V108.8c0-6.4-6.4-12.8-12.8-12.8h-22.4c-6.4 0-12.8 6.4-12.8 12.8v230.4c0 6.4 6.4 12.8 12.8 12.8zm-192 0h22.4c6.4 0 12.8-6.4 12.8-12.8V140.8c0-6.4-6.4-12.8-12.8-12.8h-22.4c-6.4 0-12.8 6.4-12.8 12.8v198.4c0 6.4 6.4 12.8 12.8 12.8zm96 0h22.4c6.4 0 12.8-6.4 12.8-12.8V204.8c0-6.4-6.4-12.8-12.8-12.8h-22.4c-6.4 0-12.8 6.4-12.8 12.8v134.4c0 6.4 6.4 12.8 12.8 12.8zM496 400H48V80c0-8.84-7.16-16-16-16H16C7.16 64 0 71.16 0 80v336c0 17.67 14.33 32 32 32h464c8.84 0 16-7.16 16-16v-16c0-8.84-7.16-16-16-16zm-387.2-48h22.4c6.4 0 12.8-6.4 12.8-12.8v-70.4c0-6.4-6.4-12.8-12.8-12.8h-22.4c-6.4 0-12.8 6.4-12.8 12.8v70.4c0 6.4 6.4 12.8 12.8 12.8z\" class=\"\"><\/path><\/svg><\/i> <img decoding=\"async\" width=\"16\" height=\"16\" alt=\"Loading\" src=\"https:\/\/www.periodicolapislazuli.com\/noticias\/wp-content\/plugins\/page-views-count\/ajax-loader-2x.gif\" border=0 \/><\/p>\n<div class=\"pvc_clear\"><\/div>\n        <div class=\"booster-block booster-reactions-block\">\n            <div class=\"twp-reactions-icons\">\n                \n                <div class=\"twp-reacts-wrap\">\n                    <a react-data=\"be-react-1\" post-id=\"3952\" class=\"be-face-icons un-reacted\" href=\"javascript:void(0)\">\n                        <img decoding=\"async\" src=\"https:\/\/www.periodicolapislazuli.com\/noticias\/wp-content\/plugins\/booster-extension\/\/assets\/icon\/happy.svg\" alt=\"Happy\">\n                    <\/a>\n                    <div class=\"twp-reaction-title\">\n                        Happy                    <\/div>\n                    <div class=\"twp-count-percent\">\n                                                    <span style=\"display: none;\" class=\"twp-react-count\">0<\/span>\n                        \n                                                <span class=\"twp-react-percent\"><span>0<\/span> %<\/span>\n                                            <\/div>\n                <\/div>\n\n                <div class=\"twp-reacts-wrap\">\n                    <a react-data=\"be-react-2\" post-id=\"3952\" class=\"be-face-icons un-reacted\" href=\"javascript:void(0)\">\n                        <img decoding=\"async\" src=\"https:\/\/www.periodicolapislazuli.com\/noticias\/wp-content\/plugins\/booster-extension\/\/assets\/icon\/sad.svg\" alt=\"Sad\">\n                    <\/a>\n                    <div class=\"twp-reaction-title\">\n                        Sad                    <\/div>\n                    <div class=\"twp-count-percent\">\n                                                    <span style=\"display: none;\" class=\"twp-react-count\">0<\/span>\n                                                                        <span class=\"twp-react-percent\"><span>0<\/span> %<\/span>\n                                            <\/div>\n                <\/div>\n\n                <div class=\"twp-reacts-wrap\">\n                    <a react-data=\"be-react-3\" post-id=\"3952\" class=\"be-face-icons un-reacted\" href=\"javascript:void(0)\">\n                        <img decoding=\"async\" src=\"https:\/\/www.periodicolapislazuli.com\/noticias\/wp-content\/plugins\/booster-extension\/\/assets\/icon\/excited.svg\" alt=\"Excited\">\n                    <\/a>\n                    <div class=\"twp-reaction-title\">\n                        Excited                    <\/div>\n                    <div class=\"twp-count-percent\">\n                                                    <span style=\"display: none;\" class=\"twp-react-count\">0<\/span>\n                                                                        <span class=\"twp-react-percent\"><span>0<\/span> %<\/span>\n                                            <\/div>\n                <\/div>\n\n                <div class=\"twp-reacts-wrap\">\n                    <a react-data=\"be-react-6\" post-id=\"3952\" class=\"be-face-icons un-reacted\" href=\"javascript:void(0)\">\n                        <img decoding=\"async\" src=\"https:\/\/www.periodicolapislazuli.com\/noticias\/wp-content\/plugins\/booster-extension\/\/assets\/icon\/sleepy.svg\" alt=\"Sleepy\">\n                    <\/a>\n                    <div class=\"twp-reaction-title\">\n                        Sleepy                    <\/div>\n                    <div class=\"twp-count-percent\">\n                                                    <span style=\"display: none;\" class=\"twp-react-count\">0<\/span>\n                        \n                                                <span class=\"twp-react-percent\"><span>0<\/span> %<\/span>\n                                            <\/div>\n                <\/div>\n\n                <div class=\"twp-reacts-wrap\">\n                    <a react-data=\"be-react-4\" post-id=\"3952\" class=\"be-face-icons un-reacted\" href=\"javascript:void(0)\">\n                        <img decoding=\"async\" src=\"https:\/\/www.periodicolapislazuli.com\/noticias\/wp-content\/plugins\/booster-extension\/\/assets\/icon\/angry.svg\" alt=\"Angry\">\n                    <\/a>\n                    <div class=\"twp-reaction-title\">Angry<\/div>\n                    <div class=\"twp-count-percent\">\n                                                    <span style=\"display: none;\" class=\"twp-react-count\">0<\/span>\n                                                                        <span class=\"twp-react-percent\"><span>0<\/span> %<\/span>\n                        \n                    <\/div>\n                <\/div>\n\n                <div class=\"twp-reacts-wrap\">\n                    <a react-data=\"be-react-5\" post-id=\"3952\" class=\"be-face-icons un-reacted\" href=\"javascript:void(0)\">\n                        <img decoding=\"async\" src=\"https:\/\/www.periodicolapislazuli.com\/noticias\/wp-content\/plugins\/booster-extension\/\/assets\/icon\/surprise.svg\" alt=\"Surprise\">\n                    <\/a>\n                    <div class=\"twp-reaction-title\">Surprise<\/div>\n                    <div class=\"twp-count-percent\">\n                                                    <span style=\"display: none;\" class=\"twp-react-count\">0<\/span>\n                                                                        <span class=\"twp-react-percent\"><span>0<\/span> %<\/span>\n                                            <\/div>\n                <\/div>\n\n            <\/div>\n        <\/div>\n\n    ","protected":false},"excerpt":{"rendered":"<p>Con el fin de tender una red para difundir la obra de los ilustradores de libros para ni\u00f1os y j\u00f3venes en Iberoam\u00e9rica Fundaci\u00f3n SM y FIL Guadalajara convocan al 10 Iberoam\u00e9rica  Ilustra con las siguientes bases:<\/p>\n<div class=\"pvc_clear\"><\/div>\n<p id=\"pvc_stats_3952\" class=\"pvc_stats all  \" data-element-id=\"3952\" style=\"\"><i class=\"pvc-stats-icon large\" aria-hidden=\"true\"><svg aria-hidden=\"true\" focusable=\"false\" data-prefix=\"far\" data-icon=\"chart-bar\" role=\"img\" xmlns=\"http:\/\/www.w3.org\/2000\/svg\" viewBox=\"0 0 512 512\" class=\"svg-inline--fa fa-chart-bar fa-w-16 fa-2x\"><path fill=\"currentColor\" d=\"M396.8 352h22.4c6.4 0 12.8-6.4 12.8-12.8V108.8c0-6.4-6.4-12.8-12.8-12.8h-22.4c-6.4 0-12.8 6.4-12.8 12.8v230.4c0 6.4 6.4 12.8 12.8 12.8zm-192 0h22.4c6.4 0 12.8-6.4 12.8-12.8V140.8c0-6.4-6.4-12.8-12.8-12.8h-22.4c-6.4 0-12.8 6.4-12.8 12.8v198.4c0 6.4 6.4 12.8 12.8 12.8zm96 0h22.4c6.4 0 12.8-6.4 12.8-12.8V204.8c0-6.4-6.4-12.8-12.8-12.8h-22.4c-6.4 0-12.8 6.4-12.8 12.8v134.4c0 6.4 6.4 12.8 12.8 12.8zM496 400H48V80c0-8.84-7.16-16-16-16H16C7.16 64 0 71.16 0 80v336c0 17.67 14.33 32 32 32h464c8.84 0 16-7.16 16-16v-16c0-8.84-7.16-16-16-16zm-387.2-48h22.4c6.4 0 12.8-6.4 12.8-12.8v-70.4c0-6.4-6.4-12.8-12.8-12.8h-22.4c-6.4 0-12.8 6.4-12.8 12.8v70.4c0 6.4 6.4 12.8 12.8 12.8z\" class=\"\"><\/path><\/svg><\/i> <img decoding=\"async\" width=\"16\" height=\"16\" alt=\"Loading\" src=\"https:\/\/www.periodicolapislazuli.com\/noticias\/wp-content\/plugins\/page-views-count\/ajax-loader-2x.gif\" border=0 \/><\/p>\n<div class=\"pvc_clear\"><\/div>\n","protected":false},"author":1,"featured_media":3953,"comment_status":"closed","ping_status":"open","sticky":false,"template":"","format":"chat","meta":{"om_disable_all_campaigns":false,"pagelayer_contact_templates":[],"_pagelayer_content":"","_monsterinsights_skip_tracking":false,"_monsterinsights_sitenote_active":false,"_monsterinsights_sitenote_note":"","_monsterinsights_sitenote_category":0,"footnotes":""},"categories":[15,3],"tags":[],"class_list":["post-3952","post","type-post","status-publish","format-chat","has-post-thumbnail","hentry","category-convocatorias","category-actualidad","post_format-post-format-chat"],"a3_pvc":{"activated":true,"total_views":612,"today_views":1},"jetpack_featured_media_url":"https:\/\/www.periodicolapislazuli.com\/noticias\/wp-content\/uploads\/2019\/02\/carousel.jpg","_links":{"self":[{"href":"https:\/\/www.periodicolapislazuli.com\/noticias\/wp-json\/wp\/v2\/posts\/3952","targetHints":{"allow":["GET"]}}],"collection":[{"href":"https:\/\/www.periodicolapislazuli.com\/noticias\/wp-json\/wp\/v2\/posts"}],"about":[{"href":"https:\/\/www.periodicolapislazuli.com\/noticias\/wp-json\/wp\/v2\/types\/post"}],"author":[{"embeddable":true,"href":"https:\/\/www.periodicolapislazuli.com\/noticias\/wp-json\/wp\/v2\/users\/1"}],"replies":[{"embeddable":true,"href":"https:\/\/www.periodicolapislazuli.com\/noticias\/wp-json\/wp\/v2\/comments?post=3952"}],"version-history":[{"count":2,"href":"https:\/\/www.periodicolapislazuli.com\/noticias\/wp-json\/wp\/v2\/posts\/3952\/revisions"}],"predecessor-version":[{"id":3956,"href":"https:\/\/www.periodicolapislazuli.com\/noticias\/wp-json\/wp\/v2\/posts\/3952\/revisions\/3956"}],"wp:featuredmedia":[{"embeddable":true,"href":"https:\/\/www.periodicolapislazuli.com\/noticias\/wp-json\/wp\/v2\/media\/3953"}],"wp:attachment":[{"href":"https:\/\/www.periodicolapislazuli.com\/noticias\/wp-json\/wp\/v2\/media?parent=3952"}],"wp:term":[{"taxonomy":"category","embeddable":true,"href":"https:\/\/www.periodicolapislazuli.com\/noticias\/wp-json\/wp\/v2\/categories?post=3952"},{"taxonomy":"post_tag","embeddable":true,"href":"https:\/\/www.periodicolapislazuli.com\/noticias\/wp-json\/wp\/v2\/tags?post=3952"}],"curies":[{"name":"wp","href":"https:\/\/api.w.org\/{rel}","templated":true}]}}