{"id":3908,"date":"2019-02-11T20:54:11","date_gmt":"2019-02-11T20:54:11","guid":{"rendered":"http:\/\/www.periodicolapislazuli.com\/noticias\/?p=3908"},"modified":"2019-02-11T20:54:11","modified_gmt":"2019-02-11T20:54:11","slug":"el-proyecto-bicentenario-de-una-nacion-en-el-mundo-llega-a-la-blaa","status":"publish","type":"post","link":"https:\/\/www.periodicolapislazuli.com\/noticias\/el-proyecto-bicentenario-de-una-nacion-en-el-mundo-llega-a-la-blaa\/","title":{"rendered":"El proyecto \u00abBicentenario de una naci\u00f3n en el mundo\u00bb llega a la BLAA"},"content":{"rendered":"<div class='booster-block booster-read-block'>\n                <div class=\"twp-read-time\">\n                \t<i class=\"booster-icon twp-clock\"><\/i> <span>Read Time:<\/span>5 Minute, 51 Second                <\/div>\n\n            <\/div><p style=\"text-align: justify;\">Con m\u00e1s 300 actividades, que incluyen exposiciones, ciclos de conferencias, talleres, conciertos, publicaciones impresas, proyectos digitales, colecciones\u00a0itinerantes, entre otras, y que se llevar\u00e1n a cabo en las 29 ciudades colombianas en donde tiene sede cultural, el Banco de la Rep\u00fablica da inicio a <em>Bicentenario de una naci\u00f3n en el mundo<\/em>, un proyecto que busca reflexionar sobre la complejidad y la diversidad que caracteriz\u00f3 el proceso de la Independencia de Colombia, as\u00ed como resaltar el papel y los aportes que las mujeres, los grupos \u00e9tnicos, los extranjeros y cada regi\u00f3n del pa\u00eds hizo al proceso de imaginar y crear una nueva naci\u00f3n en el mundo.<\/p>\n<p style=\"text-align: justify;\">\n<blockquote>\n<p style=\"text-align: justify;\">Colombia es un pa\u00eds diverso, no solo en su geograf\u00eda, en su fauna y flora y en su cultura, sino tambi\u00e9n en su proceso de Independencia, que no tuvo lugar en una fecha \u00fanica ni como resultado de eventos \u00fanicos, sino que fue, en todo su sentido, un proceso complejo tanto desde el punto de vista pol\u00edtico y militar como desde sus dimensiones sociales, econ\u00f3micas y culturales.<\/p>\n<\/blockquote>\n<p style=\"text-align: justify;\">Esa complejidad es, precisamente, el aspecto que quiere resaltar el Banco de la Rep\u00fablica a trav\u00e9s de su proyecto <a href=\"http:\/\/bit.ly\/BicentenarioBanRep\" target=\"_blank\" rel=\"noopener\"><strong>Bicentenario de una naci\u00f3n en el mundo<\/strong><\/a>, que m\u00e1s all\u00e1 de ser un conjunto de actividades conmemorativas, busca propiciar puntos de encuentros en los que instituciones, acad\u00e9micos de todas las disciplinas, grupos focales, maestros, j\u00f3venes, ni\u00f1os y toda la ciudadan\u00eda en general, tengan acceso a contenidos de valor, a metodolog\u00edas y elementos did\u00e1cticos que los inviten a pensar desde otras perspectivas estos hechos hist\u00f3ricos y su repercusi\u00f3n en lo que hoy en d\u00eda nos constituye como naci\u00f3n.<\/p>\n<h3 style=\"text-align: justify;\">M\u00e1s de 300 actividades en todo el pa\u00eds<\/h3>\n<p style=\"text-align: justify;\">La programaci\u00f3n de <strong><a href=\"http:\/\/bit.ly\/BicentenarioBanRep\" target=\"_blank\" rel=\"noopener\">Bicentenario de una naci\u00f3n en el mundo<\/a> <\/strong>se articula alrededor de seis ejes tem\u00e1ticos, a trav\u00e9s de los cuales se propicia la reflexi\u00f3n y el debate sobre la multiplicidad de actores que participaron en la Independencia; el impacto dis\u00edmil que este proceso tuvo en distintos sectores de la sociedad neogranadina; los eventos que, paralelamente a las grandes batallas y a los hitos que todos recordamos, sucedieron en distintos puntos de la geograf\u00eda nacional; as\u00ed como las nuevas narrativas que en los \u00faltimos a\u00f1os han enriquecido la historia de Colombia. Son:<\/p>\n<ol style=\"text-align: justify;\">\n<li><strong>La participaci\u00f3n de los extranjeros en la Independencia.<\/strong><\/li>\n<li><strong>La participaci\u00f3n de las mujeres (no solamente las hero\u00ednas) en los hechos de la Independencia.<\/strong><\/li>\n<li><strong>La situaci\u00f3n y el papel de las regiones.<\/strong><\/li>\n<li><strong>La situaci\u00f3n y el papel de los grupos \u00e9tnicos.<\/strong><\/li>\n<li><strong>Los retos econ\u00f3micos que supuso la formaci\u00f3n de una nueva rep\u00fablica.<\/strong><\/li>\n<li><strong>Los imaginarios de naci\u00f3n que impulsaron a quienes lucharon por constituir la nueva rep\u00fablica.<\/strong><\/li>\n<\/ol>\n<p style=\"text-align: justify;\">Adem\u00e1s de una serie de proyectos especiales, digitales y f\u00edsicos, que enriquecer\u00e1n los contenidos disponibles en las colecciones del Banco sobre este proceso hist\u00f3rico. Entre ellos:<\/p>\n<ul style=\"text-align: justify;\">\n<li><strong>Palabras de la Independencia<\/strong><br \/>\nComo parte de <a href=\"http:\/\/enciclopedia.banrepcultural.org\/index.php?title=Portada\" target=\"_blank\" rel=\"noopener\">La Enciclopedia<\/a> de Banrepcultural, la plataforma wiki de nuestro portal web, se publicar\u00e1 un \u201cGlosario de la Independencia\u201d con palabras que caractericen el proceso independentista desde las regiones, ya sea a partir de un hecho, un lugar o un tema significativo que aconteci\u00f3 en cada territorio. Estos contenidos se est\u00e1n creando a partir de una estrategia colaborativa con los 29 centros culturales del Banco.<\/li>\n<li><strong>Las maletas viajeras del Bicentenario<\/strong><br \/>\nLas maletas viajeras son una de las herramientas de mediaci\u00f3n cultural m\u00e1s exitosas y reconocidas de la red cultural del Banco de la Rep\u00fablica, en t\u00e9rminos sencillos son peque\u00f1as colecciones bibliogr\u00e1ficas que se prestan a maestros e instituciones que, por condiciones geogr\u00e1ficas o econ\u00f3micas, no pueden acceder f\u00e1cilmente a las bibliotecas. La maleta viajera dedicada al Bicentenario est\u00e1 dirigida a p\u00fablico infantil e incluir\u00e1 25 t\u00edtulos alusivos al proceso de la Independencia en distintos formatos (libros, discos, videos, folletos, etc.), adem\u00e1s de una Gu\u00eda de Estudio que dar\u00e1 herramientas al mediador para proponer actividades a los ni\u00f1os.<\/li>\n<li><strong>L\u00ednea de tiempo sobre los hechos de paz en Colombia<\/strong><br \/>\nEn esta l\u00ednea de tiempo, que tendr\u00e1 una versi\u00f3n digital y una f\u00edsica, se destacar\u00e1n distintas iniciativas de paz que han ocurrido en los 200 de Colombia como naci\u00f3n independiente.<\/li>\n<li><strong>Dos n\u00fameros del <a href=\"http:\/\/www.banrepcultural.org\/boletin-cultural\/\" target=\"_blank\" rel=\"noopener\">Bolet\u00edn Cultural y Bibliogr\u00e1fico<\/a>\u00a0dedicados al Bicentenario<\/strong><br \/>\nEn el segundo semestre 2019 se lanzar\u00e1 un edici\u00f3n del Bolet\u00edn Cultural y Bibliogr\u00e1fico &#8211; BCB, la revista de la Biblioteca Luis \u00c1ngel Arango, que tendr\u00e1 como tema principal la participaci\u00f3n de la mujer en las guerras de la Independencia, el editor de este n\u00famero ser\u00e1 el historiador Pablo Rodr\u00edguez. Mientras, en el primer semestre de 2020 se publicar\u00e1 una edici\u00f3n del BCB dedicada a la Independencia en las regiones desde una perspectiva nacional e internacional, que tendr\u00e1 a la historiadora Margarita Garrido como invitada.<\/li>\n<\/ul>\n<h3 style=\"text-align: justify;\">El Bicentenario en la Biblioteca Luis \u00c1ngel Arango<\/h3>\n<p><img fetchpriority=\"high\" decoding=\"async\" class=\"size-full wp-image-3909 aligncenter\" src=\"http:\/\/www.periodicolapislazuli.com\/noticias\/wp-content\/uploads\/2019\/02\/Bicentenario-BLAA.jpg\" alt=\"\" width=\"640\" height=\"400\" srcset=\"https:\/\/www.periodicolapislazuli.com\/noticias\/wp-content\/uploads\/2019\/02\/Bicentenario-BLAA.jpg 640w, https:\/\/www.periodicolapislazuli.com\/noticias\/wp-content\/uploads\/2019\/02\/Bicentenario-BLAA-300x188.jpg 300w\" sizes=\"(max-width: 640px) 100vw, 640px\" \/><\/p>\n<p style=\"text-align: justify;\">La programaci\u00f3n en Bogot\u00e1 incluir\u00e1 ciclos de conferencias alrededor de los seis ejes tem\u00e1ticos que articulan el proyecto, as\u00ed como talleres, tertulias y clubes de lectura dirigidas a ni\u00f1os, j\u00f3venes y p\u00fablico general, que contar\u00e1 con la participaci\u00f3n de expertos en distintas disciplinas y a trav\u00e9s de las cuales se intentar\u00e1 abordar de una forma m\u00e1s amable este complejo e importante proceso hist\u00f3rico. Tambi\u00e9n, en distintas salas de lectura de la Biblioteca, se dispondr\u00e1n centros de inter\u00e9s con material bibliogr\u00e1fico sobre este tema.<\/p>\n<p style=\"text-align: justify;\">Vale la pena resaltar que durante 2019 en las sesiones semanales del Club de M\u00fasica de la BLAA se resaltar\u00e1 el proceso evolutivo de la m\u00fasica colombiana desde la \u00e9poca de la Independencia, para ello se realizar\u00e1n tres \u201cconcierto-conferencia\u201d: uno dedicado al compositor venezolano Nicol\u00e1s Quevedo Rachadell, quien lleg\u00f3 a Santaf\u00e9 de Bogot\u00e1 con Sim\u00f3n Bol\u00edvar en 1827; otro al compositor italiano Oreste Sindici, autor de la m\u00fasica del Himno Nacional de Colombia; y el tercero sobre la identidad \u00e9tnica en la m\u00fasica popular y acad\u00e9mica de Colombia.<\/p>\n<h3 style=\"text-align: justify;\">Dos exposiciones de arte y una muestra hist\u00f3rica en el Museo del Oro<\/h3>\n<p style=\"text-align: justify;\">\n<div class=\"autor-attached\" style=\"text-align: justify;\"><strong>Colecci\u00f3n de Arte del Banco de la Rep\u00fablica &#8211; Pedro Figueroa<\/strong> \u00a9 Banco de la Rep\u00fablica<\/div>\n<p style=\"text-align: justify;\">El Museo de Arte Miguel Urrutia &#8211; MAMU de Bogot\u00e1 se une a este proyecto con dos exposiciones temporales que, a partir de la Colecci\u00f3n de Arte del Banco de la Rep\u00fablica, exploran narrativas visuales sobre el territorio y la formaci\u00f3n de la rep\u00fablica. La primera muestra da cuenta de c\u00f3mo desde el arte contempor\u00e1neo se ha abordado la explotaci\u00f3n de los recursos naturales y el impacto que esto ha tenido en la representaci\u00f3n de territorio nacional; la segunda, re\u00fane obras latinoamericanas en las cuales los artistas interpretan distintos episodios, mitos y s\u00edmbolos relacionados con los or\u00edgenes de la rep\u00fablica. Las fechas est\u00e1n por definir.<\/p>\n<p style=\"text-align: justify;\">Tambi\u00e9n como parte del proyecto, actualmente se exhibe en el Museo del Oro de Bogot\u00e1 la exposici\u00f3n temporal <a href=\"http:\/\/www.banrepcultural.org\/exposiciones\/temporales-museo-del-oro\/la-marie-seraphique\" target=\"_blank\" rel=\"noopener\"><em>A bordo de un nav\u00edo esclavista, La Marie-S\u00e9raphique<\/em><\/a>, una muestra que aborda una de las campa\u00f1as esclavistas de un buque de Nantes, La Marie-S\u00e9raphique, para mostrar la realidad del comercio de personas esclavizadas desde el siglo XVII hasta el XIX. Paralelamente, introduce algunos momentos y datos de la trata esclavista en las colonias espa\u00f1olas, en especial en el territorio que hoy es Colombia.<\/p>\n<h3 style=\"text-align: justify;\">El Banco presentar\u00e1 cinco libros de historia durante la FilBo 2019<\/h3>\n<p style=\"text-align: justify;\">\n<p style=\"text-align: justify;\">\n<div class=\"pvc_clear\"><\/div>\n<p id=\"pvc_stats_3908\" class=\"pvc_stats all  \" data-element-id=\"3908\" style=\"\"><i class=\"pvc-stats-icon large\" aria-hidden=\"true\"><svg aria-hidden=\"true\" focusable=\"false\" data-prefix=\"far\" data-icon=\"chart-bar\" role=\"img\" xmlns=\"http:\/\/www.w3.org\/2000\/svg\" viewBox=\"0 0 512 512\" class=\"svg-inline--fa fa-chart-bar fa-w-16 fa-2x\"><path fill=\"currentColor\" d=\"M396.8 352h22.4c6.4 0 12.8-6.4 12.8-12.8V108.8c0-6.4-6.4-12.8-12.8-12.8h-22.4c-6.4 0-12.8 6.4-12.8 12.8v230.4c0 6.4 6.4 12.8 12.8 12.8zm-192 0h22.4c6.4 0 12.8-6.4 12.8-12.8V140.8c0-6.4-6.4-12.8-12.8-12.8h-22.4c-6.4 0-12.8 6.4-12.8 12.8v198.4c0 6.4 6.4 12.8 12.8 12.8zm96 0h22.4c6.4 0 12.8-6.4 12.8-12.8V204.8c0-6.4-6.4-12.8-12.8-12.8h-22.4c-6.4 0-12.8 6.4-12.8 12.8v134.4c0 6.4 6.4 12.8 12.8 12.8zM496 400H48V80c0-8.84-7.16-16-16-16H16C7.16 64 0 71.16 0 80v336c0 17.67 14.33 32 32 32h464c8.84 0 16-7.16 16-16v-16c0-8.84-7.16-16-16-16zm-387.2-48h22.4c6.4 0 12.8-6.4 12.8-12.8v-70.4c0-6.4-6.4-12.8-12.8-12.8h-22.4c-6.4 0-12.8 6.4-12.8 12.8v70.4c0 6.4 6.4 12.8 12.8 12.8z\" class=\"\"><\/path><\/svg><\/i> <img decoding=\"async\" width=\"16\" height=\"16\" alt=\"Loading\" src=\"https:\/\/www.periodicolapislazuli.com\/noticias\/wp-content\/plugins\/page-views-count\/ajax-loader-2x.gif\" border=0 \/><\/p>\n<div class=\"pvc_clear\"><\/div>\n        <div class=\"booster-block booster-reactions-block\">\n            <div class=\"twp-reactions-icons\">\n                \n                <div class=\"twp-reacts-wrap\">\n                    <a react-data=\"be-react-1\" post-id=\"3908\" class=\"be-face-icons un-reacted\" href=\"javascript:void(0)\">\n                        <img decoding=\"async\" src=\"https:\/\/www.periodicolapislazuli.com\/noticias\/wp-content\/plugins\/booster-extension\/\/assets\/icon\/happy.svg\" alt=\"Happy\">\n                    <\/a>\n                    <div class=\"twp-reaction-title\">\n                        Happy                    <\/div>\n                    <div class=\"twp-count-percent\">\n                                                    <span style=\"display: none;\" class=\"twp-react-count\">0<\/span>\n                        \n                                                <span class=\"twp-react-percent\"><span>0<\/span> %<\/span>\n                                            <\/div>\n                <\/div>\n\n                <div class=\"twp-reacts-wrap\">\n                    <a react-data=\"be-react-2\" post-id=\"3908\" class=\"be-face-icons un-reacted\" href=\"javascript:void(0)\">\n                        <img decoding=\"async\" src=\"https:\/\/www.periodicolapislazuli.com\/noticias\/wp-content\/plugins\/booster-extension\/\/assets\/icon\/sad.svg\" alt=\"Sad\">\n                    <\/a>\n                    <div class=\"twp-reaction-title\">\n                        Sad                    <\/div>\n                    <div class=\"twp-count-percent\">\n                                                    <span style=\"display: none;\" class=\"twp-react-count\">0<\/span>\n                                                                        <span class=\"twp-react-percent\"><span>0<\/span> %<\/span>\n                                            <\/div>\n                <\/div>\n\n                <div class=\"twp-reacts-wrap\">\n                    <a react-data=\"be-react-3\" post-id=\"3908\" class=\"be-face-icons un-reacted\" href=\"javascript:void(0)\">\n                        <img decoding=\"async\" src=\"https:\/\/www.periodicolapislazuli.com\/noticias\/wp-content\/plugins\/booster-extension\/\/assets\/icon\/excited.svg\" alt=\"Excited\">\n                    <\/a>\n                    <div class=\"twp-reaction-title\">\n                        Excited                    <\/div>\n                    <div class=\"twp-count-percent\">\n                                                    <span style=\"display: none;\" class=\"twp-react-count\">0<\/span>\n                                                                        <span class=\"twp-react-percent\"><span>0<\/span> %<\/span>\n                                            <\/div>\n                <\/div>\n\n                <div class=\"twp-reacts-wrap\">\n                    <a react-data=\"be-react-6\" post-id=\"3908\" class=\"be-face-icons un-reacted\" href=\"javascript:void(0)\">\n                        <img decoding=\"async\" src=\"https:\/\/www.periodicolapislazuli.com\/noticias\/wp-content\/plugins\/booster-extension\/\/assets\/icon\/sleepy.svg\" alt=\"Sleepy\">\n                    <\/a>\n                    <div class=\"twp-reaction-title\">\n                        Sleepy                    <\/div>\n                    <div class=\"twp-count-percent\">\n                                                    <span style=\"display: none;\" class=\"twp-react-count\">0<\/span>\n                        \n                                                <span class=\"twp-react-percent\"><span>0<\/span> %<\/span>\n                                            <\/div>\n                <\/div>\n\n                <div class=\"twp-reacts-wrap\">\n                    <a react-data=\"be-react-4\" post-id=\"3908\" class=\"be-face-icons un-reacted\" href=\"javascript:void(0)\">\n                        <img decoding=\"async\" src=\"https:\/\/www.periodicolapislazuli.com\/noticias\/wp-content\/plugins\/booster-extension\/\/assets\/icon\/angry.svg\" alt=\"Angry\">\n                    <\/a>\n                    <div class=\"twp-reaction-title\">Angry<\/div>\n                    <div class=\"twp-count-percent\">\n                                                    <span style=\"display: none;\" class=\"twp-react-count\">0<\/span>\n                                                                        <span class=\"twp-react-percent\"><span>0<\/span> %<\/span>\n                        \n                    <\/div>\n                <\/div>\n\n                <div class=\"twp-reacts-wrap\">\n                    <a react-data=\"be-react-5\" post-id=\"3908\" class=\"be-face-icons un-reacted\" href=\"javascript:void(0)\">\n                        <img decoding=\"async\" src=\"https:\/\/www.periodicolapislazuli.com\/noticias\/wp-content\/plugins\/booster-extension\/\/assets\/icon\/surprise.svg\" alt=\"Surprise\">\n                    <\/a>\n                    <div class=\"twp-reaction-title\">Surprise<\/div>\n                    <div class=\"twp-count-percent\">\n                                                    <span style=\"display: none;\" class=\"twp-react-count\">0<\/span>\n                                                                        <span class=\"twp-react-percent\"><span>0<\/span> %<\/span>\n                                            <\/div>\n                <\/div>\n\n            <\/div>\n        <\/div>\n\n    ","protected":false},"excerpt":{"rendered":"<p>Con m\u00e1s 300 actividades, que incluyen exposiciones, ciclos de conferencias, talleres, conciertos, publicaciones impresas, proyectos digitales, colecciones itinerantes, entre otras, y que se llevar\u00e1n a cabo en las 29 ciudades colombianas en donde tiene sede cultural, el Banco de la Rep\u00fablica<\/p>\n<div class=\"pvc_clear\"><\/div>\n<p id=\"pvc_stats_3908\" class=\"pvc_stats all  \" data-element-id=\"3908\" style=\"\"><i class=\"pvc-stats-icon large\" aria-hidden=\"true\"><svg aria-hidden=\"true\" focusable=\"false\" data-prefix=\"far\" data-icon=\"chart-bar\" role=\"img\" xmlns=\"http:\/\/www.w3.org\/2000\/svg\" viewBox=\"0 0 512 512\" class=\"svg-inline--fa fa-chart-bar fa-w-16 fa-2x\"><path fill=\"currentColor\" d=\"M396.8 352h22.4c6.4 0 12.8-6.4 12.8-12.8V108.8c0-6.4-6.4-12.8-12.8-12.8h-22.4c-6.4 0-12.8 6.4-12.8 12.8v230.4c0 6.4 6.4 12.8 12.8 12.8zm-192 0h22.4c6.4 0 12.8-6.4 12.8-12.8V140.8c0-6.4-6.4-12.8-12.8-12.8h-22.4c-6.4 0-12.8 6.4-12.8 12.8v198.4c0 6.4 6.4 12.8 12.8 12.8zm96 0h22.4c6.4 0 12.8-6.4 12.8-12.8V204.8c0-6.4-6.4-12.8-12.8-12.8h-22.4c-6.4 0-12.8 6.4-12.8 12.8v134.4c0 6.4 6.4 12.8 12.8 12.8zM496 400H48V80c0-8.84-7.16-16-16-16H16C7.16 64 0 71.16 0 80v336c0 17.67 14.33 32 32 32h464c8.84 0 16-7.16 16-16v-16c0-8.84-7.16-16-16-16zm-387.2-48h22.4c6.4 0 12.8-6.4 12.8-12.8v-70.4c0-6.4-6.4-12.8-12.8-12.8h-22.4c-6.4 0-12.8 6.4-12.8 12.8v70.4c0 6.4 6.4 12.8 12.8 12.8z\" class=\"\"><\/path><\/svg><\/i> <img decoding=\"async\" width=\"16\" height=\"16\" alt=\"Loading\" src=\"https:\/\/www.periodicolapislazuli.com\/noticias\/wp-content\/plugins\/page-views-count\/ajax-loader-2x.gif\" border=0 \/><\/p>\n<div class=\"pvc_clear\"><\/div>\n","protected":false},"author":1,"featured_media":3909,"comment_status":"closed","ping_status":"open","sticky":false,"template":"","format":"standard","meta":{"om_disable_all_campaigns":false,"pagelayer_contact_templates":[],"_pagelayer_content":"","_monsterinsights_skip_tracking":false,"_monsterinsights_sitenote_active":false,"_monsterinsights_sitenote_note":"","_monsterinsights_sitenote_category":0,"footnotes":""},"categories":[5],"tags":[],"class_list":["post-3908","post","type-post","status-publish","format-standard","has-post-thumbnail","hentry","category-eventos"],"a3_pvc":{"activated":true,"total_views":423,"today_views":0},"jetpack_featured_media_url":"https:\/\/www.periodicolapislazuli.com\/noticias\/wp-content\/uploads\/2019\/02\/Bicentenario-BLAA.jpg","_links":{"self":[{"href":"https:\/\/www.periodicolapislazuli.com\/noticias\/wp-json\/wp\/v2\/posts\/3908","targetHints":{"allow":["GET"]}}],"collection":[{"href":"https:\/\/www.periodicolapislazuli.com\/noticias\/wp-json\/wp\/v2\/posts"}],"about":[{"href":"https:\/\/www.periodicolapislazuli.com\/noticias\/wp-json\/wp\/v2\/types\/post"}],"author":[{"embeddable":true,"href":"https:\/\/www.periodicolapislazuli.com\/noticias\/wp-json\/wp\/v2\/users\/1"}],"replies":[{"embeddable":true,"href":"https:\/\/www.periodicolapislazuli.com\/noticias\/wp-json\/wp\/v2\/comments?post=3908"}],"version-history":[{"count":1,"href":"https:\/\/www.periodicolapislazuli.com\/noticias\/wp-json\/wp\/v2\/posts\/3908\/revisions"}],"predecessor-version":[{"id":3910,"href":"https:\/\/www.periodicolapislazuli.com\/noticias\/wp-json\/wp\/v2\/posts\/3908\/revisions\/3910"}],"wp:featuredmedia":[{"embeddable":true,"href":"https:\/\/www.periodicolapislazuli.com\/noticias\/wp-json\/wp\/v2\/media\/3909"}],"wp:attachment":[{"href":"https:\/\/www.periodicolapislazuli.com\/noticias\/wp-json\/wp\/v2\/media?parent=3908"}],"wp:term":[{"taxonomy":"category","embeddable":true,"href":"https:\/\/www.periodicolapislazuli.com\/noticias\/wp-json\/wp\/v2\/categories?post=3908"},{"taxonomy":"post_tag","embeddable":true,"href":"https:\/\/www.periodicolapislazuli.com\/noticias\/wp-json\/wp\/v2\/tags?post=3908"}],"curies":[{"name":"wp","href":"https:\/\/api.w.org\/{rel}","templated":true}]}}