{"id":3469,"date":"2018-10-16T21:29:51","date_gmt":"2018-10-16T21:29:51","guid":{"rendered":"http:\/\/www.periodicolapislazuli.com\/noticias\/?p=3469"},"modified":"2018-10-16T21:29:51","modified_gmt":"2018-10-16T21:29:51","slug":"expertos-argentinos-llegan-a-bogota-para-analizar-y-reflexionar-sobre-las-industrias-culturales-y-creativas","status":"publish","type":"post","link":"https:\/\/www.periodicolapislazuli.com\/noticias\/expertos-argentinos-llegan-a-bogota-para-analizar-y-reflexionar-sobre-las-industrias-culturales-y-creativas\/","title":{"rendered":"Expertos argentinos llegan a Bogot\u00e1 para analizar y reflexionar sobre las Industrias Culturales y Creativas"},"content":{"rendered":"<div align=\"justify\">\n<p>Los especialistas argentinos: <strong>Adrian Lebendiker Gloc<\/strong>, <strong>Silvina Freiberg<\/strong> y <strong>Alberto Ligaluppi<\/strong>, son los conferencistas invitados por el \u2018<span style=\"color: #000080;\"><strong>Programa Internacional de Formaci\u00f3n en Desarrollo y Gesti\u00f3n en las Industrias Culturales y Creativas<\/strong><\/span>\u2019, iniciativa de la Universitaria Agustiniana y la Universidad Nacional de C\u00f3rdoba de Argentina, para plantear un escenario que permita el an\u00e1lisis cr\u00edtico y la reflexi\u00f3n en torno a las Industrias Culturales y Creativas, como marco para el desarrollo de proyectos con base cultural, productiva y social.<\/p>\n<blockquote>\n<p style=\"text-align: right;\">Bogot\u00e1 D.C., 11 de octubre de 2018.<\/p>\n<\/blockquote>\n<p>En Colombia, recientemente, los sectores p\u00fablico y privado le est\u00e1n apostando a las industrias culturales y creativas porque dentro de la econom\u00eda nacional, son ellas las que tienen los mercados de mayor potencial.<\/p>\n<p>Siendo conscientes de esta transformaci\u00f3n econ\u00f3mica, laboral y social, se hace necesario conocer, analizar y reflexionar sobre las experiencias y los modelos en otros pa\u00edses, que han desarrollado m\u00e1s la \u201cEconom\u00eda Naranja\u201d, con el prop\u00f3sito de tomar herramientas te\u00f3ricas y pr\u00e1cticas para el dise\u00f1o de proyectos, en di\u00e1logo con las realidades y necesidades espec\u00edficas de cada contexto. Es as\u00ed como nace el \u2018Programa Internacional de Formaci\u00f3n en Desarrollo y Gesti\u00f3n en las Industrias Culturales y Creativas\u2019, iniciativa de la Universitaria Agustiniana y la Universidad Nacional de C\u00f3rdoba de Argentina, un espacio para el an\u00e1lisis cr\u00edtico y la reflexi\u00f3n en torno a las Industrias Culturales y Creativas, como marco para el desarrollo de proyectos con base cultural, productiva y social.<\/p>\n<p>El programa ser\u00e1 desarrollado en tres m\u00f3dulos por los expertos argentinos: Adrian Lebendiker Gloc, Silvina Freiberg y Alberto Ligaluppi, del 19 de octubre al 3 de noviembre del a\u00f1o en curso, y los temas a tratar ser\u00e1n: Industrias culturales, emprendimientos, marketing y comercializaci\u00f3n; y Cultura y espacio p\u00fablico: proyectos culturales y creativos para entornos comunes.<\/p>\n<hr \/>\n<p><strong>Adrian Lebendiker Gloc<\/strong><br \/>\nFundador y exdirector general del Centro Metropolitano de Dise\u00f1o de Buenos Aires (CMD), cofundador y director ejecutivo de Din\u00e1mica, programa cogestionado por tres universidades y financiado por el Banco Interamericano de Desarrollo (BID), orientado a la creaci\u00f3n de nuevas empresas din\u00e1micas. Lebendiker es especialista en programas de est\u00edmulo a la innovaci\u00f3n y dise\u00f1o de organizaciones y emprendedores, tambi\u00e9n Director de Gloc, consultora especializada en dise\u00f1o, innovaci\u00f3n y aceleraci\u00f3n de emprendimientos<\/p>\n<p><strong>Silvina Freiberg<\/strong><br \/>\nLicenciada en Administraci\u00f3n de Empresas (UNC) y especialista en Pol\u00edticas Culturales y Gesti\u00f3n Cultural (UAM M\u00e9xico \u2013 CONACULTA y OEI). Es Directora del \u00c1rea de Gesti\u00f3n Cultural de la Facultad de Ciencias Econ\u00f3micas de la Universidad Nacional de C\u00f3rdoba (UNC). As\u00ed mismo, es Directora de la Fundaci\u00f3n Cultura en proyectos y de AyniLab, Docente universitaria y consultora en temas de planificaci\u00f3n cultural, gesti\u00f3n de proyectos y de emprendimientos creativos.<\/p>\n<p><strong>Alberto Ligaluppi<\/strong><br \/>\nEspecialista en artes esc\u00e9nicas y pol\u00edticas culturales. Fue director y asesor acad\u00e9mico y docente del Curso Internacional de Gesti\u00f3n Cultural de la Facultad de Ciencias Econ\u00f3micas de la Universidad Nacional de C\u00f3rdoba.<\/p>\n<p>&nbsp;<\/p>\n<hr \/>\n<p>&nbsp;<\/p>\n<p>Desde diciembre del 2007 hasta agosto del 2010 fue co-director del Festival Internacional de Buenos Aires (FIBA). De 2011 a 2015 fue el Director General del Complejo Teatral de Buenos Aires, donde adem\u00e1s se desempe\u00f1\u00f3 como director art\u00edstico de las 7 salas que conforman la instituci\u00f3n. Desde 2016 se desempe\u00f1a como Director General de Generaci\u00f3n de Contenidos del Sistema Federal de Medios de Argentina.<br \/>\nLos participantes a sus conferencias, no todas ellas presenciales, obtendr\u00e1n una certificaci\u00f3n internacional, otorgada por la Universidad Nacional de C\u00f3rdoba, Argentina.<\/p>\n<p>La fecha l\u00edmite para inscripciones es el lunes, 15 de octubre de 2018, y los pagos se podr\u00e1n efectuar hasta el mi\u00e9rcoles, 17 de octubre.<\/p>\n<p>Toda la informaci\u00f3n de este programa de formaci\u00f3n, la podr\u00e1 encontrar <a href=\"https:\/\/www.uniagustiniana.edu.co\/curso-gestion-en-las-industrias-culturales-y-creativas\/\">aqui<\/a><\/p>\n<p>Costo: Tarifa \u00fanica para toda la comunidad $750.000 Cop.<\/p>\n<\/div>\n","protected":false},"excerpt":{"rendered":"<p>Siendo conscientes de esta transformaci\u00f3n econ\u00f3mica, laboral y social, se hace necesario conocer, analizar y reflexionar sobre las experiencias y los modelos en otros pa\u00edses, que han desarrollado m\u00e1s la \u201cEconom\u00eda Naranja\u201d<\/p>\n","protected":false},"author":1,"featured_media":3470,"comment_status":"closed","ping_status":"open","sticky":false,"template":"","format":"standard","meta":{"om_disable_all_campaigns":false,"pagelayer_contact_templates":[],"_pagelayer_content":"","_monsterinsights_skip_tracking":false,"footnotes":""},"categories":[5],"tags":[147,399,1624,1666],"class_list":["post-3469","post","type-post","status-publish","format-standard","has-post-thumbnail","hentry","category-eventos","tag-artes","tag-economia","tag-economia-naranja","tag-industrias-culturales-y-creativas"],"jetpack_featured_media_url":"https:\/\/www.periodicolapislazuli.com\/noticias\/wp-content\/uploads\/2018\/10\/Curso-Gestion-Ind-Creativas.jpg","_links":{"self":[{"href":"https:\/\/www.periodicolapislazuli.com\/noticias\/wp-json\/wp\/v2\/posts\/3469","targetHints":{"allow":["GET"]}}],"collection":[{"href":"https:\/\/www.periodicolapislazuli.com\/noticias\/wp-json\/wp\/v2\/posts"}],"about":[{"href":"https:\/\/www.periodicolapislazuli.com\/noticias\/wp-json\/wp\/v2\/types\/post"}],"author":[{"embeddable":true,"href":"https:\/\/www.periodicolapislazuli.com\/noticias\/wp-json\/wp\/v2\/users\/1"}],"replies":[{"embeddable":true,"href":"https:\/\/www.periodicolapislazuli.com\/noticias\/wp-json\/wp\/v2\/comments?post=3469"}],"version-history":[{"count":2,"href":"https:\/\/www.periodicolapislazuli.com\/noticias\/wp-json\/wp\/v2\/posts\/3469\/revisions"}],"predecessor-version":[{"id":3472,"href":"https:\/\/www.periodicolapislazuli.com\/noticias\/wp-json\/wp\/v2\/posts\/3469\/revisions\/3472"}],"wp:featuredmedia":[{"embeddable":true,"href":"https:\/\/www.periodicolapislazuli.com\/noticias\/wp-json\/wp\/v2\/media\/3470"}],"wp:attachment":[{"href":"https:\/\/www.periodicolapislazuli.com\/noticias\/wp-json\/wp\/v2\/media?parent=3469"}],"wp:term":[{"taxonomy":"category","embeddable":true,"href":"https:\/\/www.periodicolapislazuli.com\/noticias\/wp-json\/wp\/v2\/categories?post=3469"},{"taxonomy":"post_tag","embeddable":true,"href":"https:\/\/www.periodicolapislazuli.com\/noticias\/wp-json\/wp\/v2\/tags?post=3469"}],"curies":[{"name":"wp","href":"https:\/\/api.w.org\/{rel}","templated":true}]}}