{"id":3426,"date":"2018-10-06T18:04:08","date_gmt":"2018-10-06T18:04:08","guid":{"rendered":"http:\/\/www.periodicolapislazuli.com\/noticias\/?p=3426"},"modified":"2018-10-06T18:04:08","modified_gmt":"2018-10-06T18:04:08","slug":"identidades-de-genero-el-tema-que-abordara-este-ano-artbo","status":"publish","type":"post","link":"https:\/\/www.periodicolapislazuli.com\/noticias\/identidades-de-genero-el-tema-que-abordara-este-ano-artbo\/","title":{"rendered":"Identidades de g\u00e9nero, el tema que abordar\u00e1 este a\u00f1o Artbo"},"content":{"rendered":"<div class='booster-block booster-read-block'>\n                <div class=\"twp-read-time\">\n                \t<i class=\"booster-icon twp-clock\"><\/i> <span>Read Time:<\/span>2 Minute, 35 Second                <\/div>\n\n            <\/div><div align=\"justify\">\n<p>La secci\u00f3n Artec\u00e1mara de la Feria Internacional de Arte de Bogot\u00e1 (ARTBO), que se realizar\u00e1 del 25 al 28 de octubre, acoger\u00e1 obras que aborden el tema de las identidades de g\u00e9nero, informaron este jueves sus organizadores.<\/p>\n<p>&nbsp;<\/p>\n<blockquote><p>\u00abLa feria ha sido un elemento clave en la internacionalizaci\u00f3n de la escena art\u00edstica del pa\u00eds\u00bb, dijo la directora de la Feria Internacional de Arte de Bogot\u00e1 (Artbo), Mar\u00eda Paz Gaviria.<\/p><\/blockquote>\n<p>La directora destac\u00f3 que esta versi\u00f3n contar\u00e1 por primera vez con la participaci\u00f3n de una galer\u00eda de Turqu\u00eda, Zilberman Gallery, con sede principal en Estambul y otra en Berl\u00edn, y que traer\u00e1 al artista colombiano Pedro G\u00f3mez-Enga\u00f1a, reconocido en Europa pero no tanto en Colombia.<\/p>\n<blockquote><p>\u00abLa feria ha sido un elemento clave en la internacionalizaci\u00f3n de la escena art\u00edstica del pa\u00eds\u00bb detall\u00f3 Gaviria, que adem\u00e1s cont\u00f3 las novedades que se podr\u00e1n observar en las 70 galer\u00edas de 19 pa\u00edses que estar\u00e1n presentes en el Centro Internacional de Negocios y Exposiciones (Corferias).<\/p><\/blockquote>\n<p>\u00ab\u00c9l usa en sus instalaciones elementos escult\u00f3ricos en movimiento y su pr\u00e1ctica se centra en el aspecto performativo de la escultura, presenta diferentes sujetos din\u00e1micos, animados o como agentes teatrales\u00bb, apostill\u00f3 Gaviria.<\/p>\n<p>Entre tanto la curadora de la secci\u00f3n Artec\u00e1mara, Carolina Ponce de Le\u00f3n, que cont\u00f3 acerca de los temas abordados por los 34 artistas colombianos sin representaci\u00f3n comercial y seleccionados por ella, se\u00f1alando que hay inter\u00e9s por ahondar en las identidades de g\u00e9nero.<\/p>\n<p>\u00abLas cosas que m\u00e1s veo son cuestiones que tienen que ver con identidades de g\u00e9nero, las mujeres pensando en los lugares que ocupan dentro de la sociedad, los roles que le son impuestos, los retos de ser mujer en un contexto social\u00bb, dijo a Efe Ponce de Le\u00f3n.<\/p>\n<p>Tambi\u00e9n se refiri\u00f3 a los artistas que abordan el tema desde un espectro \u00abm\u00e1s amplio\u00bb y mencion\u00f3 la propuesta del fot\u00f3grafo Camilo Delgado, que retrat\u00f3 a 50 hombres desnudos con los genitales entre las piernas, la cual calific\u00f3 de muy fuerte. \u00abEl indicador n\u00famero uno de la masculinidad est\u00e1 oculto y cuando uno ve todas las im\u00e1genes se da cuenta que hay hombres de todas las gamas del g\u00e9nero masculino\u00bb, agreg\u00f3 la experta.<\/p>\n<p>Asimismo, hizo referencia a \u00abDafne\u00bb, proyecto de la artista Zoitsa Noriega, que trata el tema del feminicidio al combinar el mito griego de Dafne y Apolo con el caso de Rosa Elvira Cely, que fue asesinada en el Parque Nacional de Bogot\u00e1 en 2012.<\/p>\n<p>La curadora no descarta que se vean otros temas como el medio ambiente, tratado a partir de la relaci\u00f3n entre \u00abla sociedad, como el ser humano en individual, con el contexto natural\u00bb, as\u00ed como lo referente a la historia nacional.<\/p>\n<p>A diferencia con las otras secciones que habr\u00e1 en Artbo, la experta destac\u00f3 que los artistas de Artec\u00e1mara trabajan con medios que \u00abno son comerciales\u00bb como el video, el performance y el arte sonoro.<\/p>\n<p>Este evento es un programa de la C\u00e1mara de Comercio de Bogot\u00e1 que busca promover y posicionar la capital colombiana como un destino para la cultura y los negocios por medio de una plataforma comercial para el arte.<\/p>\n<hr \/>\n<p><span style=\"color: #000080;\">Fuente:\u00a0 elespectador.com\u00a0\u00a0 &#8211; EFE<\/span><\/p>\n<\/div>\n<div class=\"pvc_clear\"><\/div>\n<p id=\"pvc_stats_3426\" class=\"pvc_stats all  \" data-element-id=\"3426\" style=\"\"><i class=\"pvc-stats-icon large\" aria-hidden=\"true\"><svg aria-hidden=\"true\" focusable=\"false\" data-prefix=\"far\" data-icon=\"chart-bar\" role=\"img\" xmlns=\"http:\/\/www.w3.org\/2000\/svg\" viewBox=\"0 0 512 512\" class=\"svg-inline--fa fa-chart-bar fa-w-16 fa-2x\"><path fill=\"currentColor\" d=\"M396.8 352h22.4c6.4 0 12.8-6.4 12.8-12.8V108.8c0-6.4-6.4-12.8-12.8-12.8h-22.4c-6.4 0-12.8 6.4-12.8 12.8v230.4c0 6.4 6.4 12.8 12.8 12.8zm-192 0h22.4c6.4 0 12.8-6.4 12.8-12.8V140.8c0-6.4-6.4-12.8-12.8-12.8h-22.4c-6.4 0-12.8 6.4-12.8 12.8v198.4c0 6.4 6.4 12.8 12.8 12.8zm96 0h22.4c6.4 0 12.8-6.4 12.8-12.8V204.8c0-6.4-6.4-12.8-12.8-12.8h-22.4c-6.4 0-12.8 6.4-12.8 12.8v134.4c0 6.4 6.4 12.8 12.8 12.8zM496 400H48V80c0-8.84-7.16-16-16-16H16C7.16 64 0 71.16 0 80v336c0 17.67 14.33 32 32 32h464c8.84 0 16-7.16 16-16v-16c0-8.84-7.16-16-16-16zm-387.2-48h22.4c6.4 0 12.8-6.4 12.8-12.8v-70.4c0-6.4-6.4-12.8-12.8-12.8h-22.4c-6.4 0-12.8 6.4-12.8 12.8v70.4c0 6.4 6.4 12.8 12.8 12.8z\" class=\"\"><\/path><\/svg><\/i> <img decoding=\"async\" width=\"16\" height=\"16\" alt=\"Loading\" src=\"https:\/\/www.periodicolapislazuli.com\/noticias\/wp-content\/plugins\/page-views-count\/ajax-loader-2x.gif\" border=0 \/><\/p>\n<div class=\"pvc_clear\"><\/div>\n        <div class=\"booster-block booster-reactions-block\">\n            <div class=\"twp-reactions-icons\">\n                \n                <div class=\"twp-reacts-wrap\">\n                    <a react-data=\"be-react-1\" post-id=\"3426\" class=\"be-face-icons un-reacted\" href=\"javascript:void(0)\">\n                        <img decoding=\"async\" src=\"https:\/\/www.periodicolapislazuli.com\/noticias\/wp-content\/plugins\/booster-extension\/\/assets\/icon\/happy.svg\" alt=\"Happy\">\n                    <\/a>\n                    <div class=\"twp-reaction-title\">\n                        Happy                    <\/div>\n                    <div class=\"twp-count-percent\">\n                                                    <span style=\"display: none;\" class=\"twp-react-count\">0<\/span>\n                        \n                                                <span class=\"twp-react-percent\"><span>0<\/span> %<\/span>\n                                            <\/div>\n                <\/div>\n\n                <div class=\"twp-reacts-wrap\">\n                    <a react-data=\"be-react-2\" post-id=\"3426\" class=\"be-face-icons un-reacted\" href=\"javascript:void(0)\">\n                        <img decoding=\"async\" src=\"https:\/\/www.periodicolapislazuli.com\/noticias\/wp-content\/plugins\/booster-extension\/\/assets\/icon\/sad.svg\" alt=\"Sad\">\n                    <\/a>\n                    <div class=\"twp-reaction-title\">\n                        Sad                    <\/div>\n                    <div class=\"twp-count-percent\">\n                                                    <span style=\"display: none;\" class=\"twp-react-count\">0<\/span>\n                                                                        <span class=\"twp-react-percent\"><span>0<\/span> %<\/span>\n                                            <\/div>\n                <\/div>\n\n                <div class=\"twp-reacts-wrap\">\n                    <a react-data=\"be-react-3\" post-id=\"3426\" class=\"be-face-icons un-reacted\" href=\"javascript:void(0)\">\n                        <img decoding=\"async\" src=\"https:\/\/www.periodicolapislazuli.com\/noticias\/wp-content\/plugins\/booster-extension\/\/assets\/icon\/excited.svg\" alt=\"Excited\">\n                    <\/a>\n                    <div class=\"twp-reaction-title\">\n                        Excited                    <\/div>\n                    <div class=\"twp-count-percent\">\n                                                    <span style=\"display: none;\" class=\"twp-react-count\">0<\/span>\n                                                                        <span class=\"twp-react-percent\"><span>0<\/span> %<\/span>\n                                            <\/div>\n                <\/div>\n\n                <div class=\"twp-reacts-wrap\">\n                    <a react-data=\"be-react-6\" post-id=\"3426\" class=\"be-face-icons un-reacted\" href=\"javascript:void(0)\">\n                        <img decoding=\"async\" src=\"https:\/\/www.periodicolapislazuli.com\/noticias\/wp-content\/plugins\/booster-extension\/\/assets\/icon\/sleepy.svg\" alt=\"Sleepy\">\n                    <\/a>\n                    <div class=\"twp-reaction-title\">\n                        Sleepy                    <\/div>\n                    <div class=\"twp-count-percent\">\n                                                    <span style=\"display: none;\" class=\"twp-react-count\">0<\/span>\n                        \n                                                <span class=\"twp-react-percent\"><span>0<\/span> %<\/span>\n                                            <\/div>\n                <\/div>\n\n                <div class=\"twp-reacts-wrap\">\n                    <a react-data=\"be-react-4\" post-id=\"3426\" class=\"be-face-icons un-reacted\" href=\"javascript:void(0)\">\n                        <img decoding=\"async\" src=\"https:\/\/www.periodicolapislazuli.com\/noticias\/wp-content\/plugins\/booster-extension\/\/assets\/icon\/angry.svg\" alt=\"Angry\">\n                    <\/a>\n                    <div class=\"twp-reaction-title\">Angry<\/div>\n                    <div class=\"twp-count-percent\">\n                                                    <span style=\"display: none;\" class=\"twp-react-count\">0<\/span>\n                                                                        <span class=\"twp-react-percent\"><span>0<\/span> %<\/span>\n                        \n                    <\/div>\n                <\/div>\n\n                <div class=\"twp-reacts-wrap\">\n                    <a react-data=\"be-react-5\" post-id=\"3426\" class=\"be-face-icons un-reacted\" href=\"javascript:void(0)\">\n                        <img decoding=\"async\" src=\"https:\/\/www.periodicolapislazuli.com\/noticias\/wp-content\/plugins\/booster-extension\/\/assets\/icon\/surprise.svg\" alt=\"Surprise\">\n                    <\/a>\n                    <div class=\"twp-reaction-title\">Surprise<\/div>\n                    <div class=\"twp-count-percent\">\n                                                    <span style=\"display: none;\" class=\"twp-react-count\">0<\/span>\n                                                                        <span class=\"twp-react-percent\"><span>0<\/span> %<\/span>\n                                            <\/div>\n                <\/div>\n\n            <\/div>\n        <\/div>\n\n    ","protected":false},"excerpt":{"rendered":"<p>La secci\u00f3n Artec\u00e1mara de la Feria Internacional de Arte de Bogot\u00e1 (ARTBO), que se realizar\u00e1 del 25 al 28 de octubre, acoger\u00e1 obras que aborden el tema de las identidades de g\u00e9nero, informaron este jueves sus organizadores.<\/p>\n<div class=\"pvc_clear\"><\/div>\n<p id=\"pvc_stats_3426\" class=\"pvc_stats all  \" data-element-id=\"3426\" style=\"\"><i class=\"pvc-stats-icon large\" aria-hidden=\"true\"><svg aria-hidden=\"true\" focusable=\"false\" data-prefix=\"far\" data-icon=\"chart-bar\" role=\"img\" xmlns=\"http:\/\/www.w3.org\/2000\/svg\" viewBox=\"0 0 512 512\" class=\"svg-inline--fa fa-chart-bar fa-w-16 fa-2x\"><path fill=\"currentColor\" d=\"M396.8 352h22.4c6.4 0 12.8-6.4 12.8-12.8V108.8c0-6.4-6.4-12.8-12.8-12.8h-22.4c-6.4 0-12.8 6.4-12.8 12.8v230.4c0 6.4 6.4 12.8 12.8 12.8zm-192 0h22.4c6.4 0 12.8-6.4 12.8-12.8V140.8c0-6.4-6.4-12.8-12.8-12.8h-22.4c-6.4 0-12.8 6.4-12.8 12.8v198.4c0 6.4 6.4 12.8 12.8 12.8zm96 0h22.4c6.4 0 12.8-6.4 12.8-12.8V204.8c0-6.4-6.4-12.8-12.8-12.8h-22.4c-6.4 0-12.8 6.4-12.8 12.8v134.4c0 6.4 6.4 12.8 12.8 12.8zM496 400H48V80c0-8.84-7.16-16-16-16H16C7.16 64 0 71.16 0 80v336c0 17.67 14.33 32 32 32h464c8.84 0 16-7.16 16-16v-16c0-8.84-7.16-16-16-16zm-387.2-48h22.4c6.4 0 12.8-6.4 12.8-12.8v-70.4c0-6.4-6.4-12.8-12.8-12.8h-22.4c-6.4 0-12.8 6.4-12.8 12.8v70.4c0 6.4 6.4 12.8 12.8 12.8z\" class=\"\"><\/path><\/svg><\/i> <img decoding=\"async\" width=\"16\" height=\"16\" alt=\"Loading\" src=\"https:\/\/www.periodicolapislazuli.com\/noticias\/wp-content\/plugins\/page-views-count\/ajax-loader-2x.gif\" border=0 \/><\/p>\n<div class=\"pvc_clear\"><\/div>\n","protected":false},"author":1,"featured_media":3427,"comment_status":"closed","ping_status":"open","sticky":false,"template":"","format":"standard","meta":{"om_disable_all_campaigns":false,"pagelayer_contact_templates":[],"_pagelayer_content":"","_monsterinsights_skip_tracking":false,"_monsterinsights_sitenote_active":false,"_monsterinsights_sitenote_note":"","_monsterinsights_sitenote_category":0,"footnotes":""},"categories":[5],"tags":[933,1649,1648,1650],"class_list":["post-3426","post","type-post","status-publish","format-standard","has-post-thumbnail","hentry","category-eventos","tag-artbo","tag-feria-internacional-de-arte-de-bogota","tag-identidades-de-genero","tag-zilberman-gallery"],"a3_pvc":{"activated":true,"total_views":133,"today_views":0},"jetpack_featured_media_url":"https:\/\/www.periodicolapislazuli.com\/noticias\/wp-content\/uploads\/2018\/10\/artbo_2.jpg","_links":{"self":[{"href":"https:\/\/www.periodicolapislazuli.com\/noticias\/wp-json\/wp\/v2\/posts\/3426","targetHints":{"allow":["GET"]}}],"collection":[{"href":"https:\/\/www.periodicolapislazuli.com\/noticias\/wp-json\/wp\/v2\/posts"}],"about":[{"href":"https:\/\/www.periodicolapislazuli.com\/noticias\/wp-json\/wp\/v2\/types\/post"}],"author":[{"embeddable":true,"href":"https:\/\/www.periodicolapislazuli.com\/noticias\/wp-json\/wp\/v2\/users\/1"}],"replies":[{"embeddable":true,"href":"https:\/\/www.periodicolapislazuli.com\/noticias\/wp-json\/wp\/v2\/comments?post=3426"}],"version-history":[{"count":1,"href":"https:\/\/www.periodicolapislazuli.com\/noticias\/wp-json\/wp\/v2\/posts\/3426\/revisions"}],"predecessor-version":[{"id":3428,"href":"https:\/\/www.periodicolapislazuli.com\/noticias\/wp-json\/wp\/v2\/posts\/3426\/revisions\/3428"}],"wp:featuredmedia":[{"embeddable":true,"href":"https:\/\/www.periodicolapislazuli.com\/noticias\/wp-json\/wp\/v2\/media\/3427"}],"wp:attachment":[{"href":"https:\/\/www.periodicolapislazuli.com\/noticias\/wp-json\/wp\/v2\/media?parent=3426"}],"wp:term":[{"taxonomy":"category","embeddable":true,"href":"https:\/\/www.periodicolapislazuli.com\/noticias\/wp-json\/wp\/v2\/categories?post=3426"},{"taxonomy":"post_tag","embeddable":true,"href":"https:\/\/www.periodicolapislazuli.com\/noticias\/wp-json\/wp\/v2\/tags?post=3426"}],"curies":[{"name":"wp","href":"https:\/\/api.w.org\/{rel}","templated":true}]}}