{"id":3305,"date":"2018-09-10T23:50:58","date_gmt":"2018-09-10T23:50:58","guid":{"rendered":"http:\/\/www.periodicolapislazuli.com\/noticias\/?p=3305"},"modified":"2018-09-10T23:50:58","modified_gmt":"2018-09-10T23:50:58","slug":"feria-del-libro-de-guayaquil-abre-este-5-de-septiembre-con-60-stands-editoriales","status":"publish","type":"post","link":"https:\/\/www.periodicolapislazuli.com\/noticias\/feria-del-libro-de-guayaquil-abre-este-5-de-septiembre-con-60-stands-editoriales\/","title":{"rendered":"Feria del Libro de Guayaquil abre este 5 de septiembre con 60 stands editoriales"},"content":{"rendered":"<div class='booster-block booster-read-block'>\n                <div class=\"twp-read-time\">\n                \t<i class=\"booster-icon twp-clock\"><\/i> <span>Read Time:<\/span>2 Minute, 58 Second                <\/div>\n\n            <\/div><div align=\"justify\">\n<p>El Fondo de Cultura Econ\u00f3mica (FCE) abrir\u00e1 en Guayaquil, en octubre pr\u00f3ximo, una librer\u00eda destinada por completo a la literatura infantil y juvenil, la primera de su tipo que el grupo editorial mexicano abrir\u00e1 en el Ecuador. La editorial llevar\u00e1 una muestra de lo que ser\u00e1 su nueva librer\u00eda a la cuarta edici\u00f3n de la Feria Internacional del Libro de Guayaquil (FIl-G), que abrir\u00e1 ma\u00f1ana (mi\u00e9rcoles 5 de septiembre del 2018) sus puertas en el Centro de Convenciones de la ciudad y se extender\u00e1 hasta el domingo.<\/p>\n<p>Fabi\u00e1n Luzuriaga, director de FCE en Ecuador, dijo que la nueva librer\u00eda se ubicar\u00e1 en la nueva biblioteca de la Universidad de las Artes (UArtes). La editorial prev\u00e9 traer a la feria 8 000 ejemplares, m\u00e1s de 2 000 t\u00edtulos, un 30% de la l\u00ednea infantil y juvenil.<\/p>\n<p>El Fondo anunci\u00f3 como su invitada principal a la escritora mexicana M\u00f3nica Brozon, ganadora de premios de literatura infantil como Barco de Vapor. \u201cLlevamos novedades exclusivas, hicimos una importaci\u00f3n solo para la feria. Tendremos descuentos del 30% en 200 t\u00edtulos\u201d, inform\u00f3 Luzuriaga.<\/p>\n<blockquote><p>La Feria tendr\u00e1 este a\u00f1o como pa\u00eds invitado a Espa\u00f1a. Seis autores de esa nacionalidad y un estand de 300 m\u00b2 con libros de editoriales espa\u00f1olas hacen parte tambi\u00e9n de la oferta. El evento, que espera este a\u00f1o recibir 28 000 visitantes, contar\u00e1 con 60 estands, entre ellos seis editoriales y 14 librer\u00edas.<\/p><\/blockquote>\n<p>Entre los autores espa\u00f1oles invitados est\u00e1n Javier Sierra, premio Planeta 2017 por la novela \u2018El fuego invisible\u2019, que tiene al Santo Grial y a Espa\u00f1a como eje de la trama. Tambi\u00e9n estar\u00eda su compatriota Javier Moro, premio Primavera de Novela 2018 por \u2018Mi pecado\u2019, que cuenta una historia de base real sobre el Hollywood de los a\u00f1os 30.<\/p>\n<p>Tatiana Land\u00edn, miembro de la Comisi\u00f3n de Contenidos de la Feria, resalt\u00f3 entre los componentes del evento aquellos que buscan acercar a los ni\u00f1os y a las familias al recinto, pero tambi\u00e9n al p\u00fablico joven. \u201cLa feria es consciente que debe estar innovando y creando espacios que convoquen a una diversidad de p\u00fablico y es un gran desaf\u00edo convocar al p\u00fablico adolescente y juvenil\u201d, dijo.<\/p>\n<p>En las zonas infantiles se destacan las celebraciones a los 75 a\u00f1os de \u2018El Principito\u2019, del franc\u00e9s Antoine Saint-Exup\u00e9ry, o el tributo a los 200 a\u00f1os de \u2018Frankenstein\u2019, novela de terror g\u00f3tico de la inglesa Mary Shelley. La de \u2018Frankenstein\u2019 tendr\u00e1 un laboratorio que contar\u00e1 la historia de la criatura, un juego tipo monopolio, un castillo sobre monstruos ic\u00f3nicos de la literatura fant\u00e1stica y una dramatizaci\u00f3n sobre la autora.<\/p>\n<p>El m\u00fasico Pancho Feraud, fundador de la banda local Abbacook, dirigir\u00e1 con m\u00fasicos de la ciudad una propuesta para el p\u00fablico juvenil sobre los hilos conductores que existen entre la m\u00fasica y literatura: la escritura de canciones, figuras literarias presentes en la m\u00fasica o un enfrentamiento entre m\u00fasica urbana y libros.<\/p>\n<p>Este a\u00f1o el recinto acoger\u00e1 por primera vez dos shows de stand up comedy, entre ellos un espect\u00e1culo de ilustraci\u00f3n con el d\u00fao de Liniers y Montt, que conjuga humor absurdo, iron\u00eda y dibujos.<\/p>\n<p>La periodista y comediante espa\u00f1ola Nerea P\u00e9rez de las Heras presentar\u00e1 el show \u2018Feminismo para torpes\u2019, donde \u201cintroduce desde el humor los grandes problemas que preocupan a las mujeres de este siglo\u201d, detall\u00f3 Cecilia Ansaldo, presidenta de la Comisi\u00f3n de Contenidos. El feminismo y los micromachismos ser\u00e1n temas transversales de discusi\u00f3n de la feria, a\u00f1adi\u00f3.<\/p>\n<p>El programa general incluye 80 actividades entre coloquios, conferencias, lecturas, homenajes, presentaciones y mesas de discusi\u00f3n en las que participar\u00e1n 48 escritores nacionales y 14 internacionales.<\/p>\n<hr \/>\n<blockquote><p><span style=\"color: #800000;\">Fuente: EL COMERCIO<\/span><\/p><\/blockquote>\n<\/div>\n<div class=\"pvc_clear\"><\/div>\n<p id=\"pvc_stats_3305\" class=\"pvc_stats all  \" data-element-id=\"3305\" style=\"\"><i class=\"pvc-stats-icon large\" aria-hidden=\"true\"><svg aria-hidden=\"true\" focusable=\"false\" data-prefix=\"far\" data-icon=\"chart-bar\" role=\"img\" xmlns=\"http:\/\/www.w3.org\/2000\/svg\" viewBox=\"0 0 512 512\" class=\"svg-inline--fa fa-chart-bar fa-w-16 fa-2x\"><path fill=\"currentColor\" d=\"M396.8 352h22.4c6.4 0 12.8-6.4 12.8-12.8V108.8c0-6.4-6.4-12.8-12.8-12.8h-22.4c-6.4 0-12.8 6.4-12.8 12.8v230.4c0 6.4 6.4 12.8 12.8 12.8zm-192 0h22.4c6.4 0 12.8-6.4 12.8-12.8V140.8c0-6.4-6.4-12.8-12.8-12.8h-22.4c-6.4 0-12.8 6.4-12.8 12.8v198.4c0 6.4 6.4 12.8 12.8 12.8zm96 0h22.4c6.4 0 12.8-6.4 12.8-12.8V204.8c0-6.4-6.4-12.8-12.8-12.8h-22.4c-6.4 0-12.8 6.4-12.8 12.8v134.4c0 6.4 6.4 12.8 12.8 12.8zM496 400H48V80c0-8.84-7.16-16-16-16H16C7.16 64 0 71.16 0 80v336c0 17.67 14.33 32 32 32h464c8.84 0 16-7.16 16-16v-16c0-8.84-7.16-16-16-16zm-387.2-48h22.4c6.4 0 12.8-6.4 12.8-12.8v-70.4c0-6.4-6.4-12.8-12.8-12.8h-22.4c-6.4 0-12.8 6.4-12.8 12.8v70.4c0 6.4 6.4 12.8 12.8 12.8z\" class=\"\"><\/path><\/svg><\/i> <img decoding=\"async\" width=\"16\" height=\"16\" alt=\"Loading\" src=\"https:\/\/www.periodicolapislazuli.com\/noticias\/wp-content\/plugins\/page-views-count\/ajax-loader-2x.gif\" border=0 \/><\/p>\n<div class=\"pvc_clear\"><\/div>\n        <div class=\"booster-block booster-reactions-block\">\n            <div class=\"twp-reactions-icons\">\n                \n                <div class=\"twp-reacts-wrap\">\n                    <a react-data=\"be-react-1\" post-id=\"3305\" class=\"be-face-icons un-reacted\" href=\"javascript:void(0)\">\n                        <img decoding=\"async\" src=\"https:\/\/www.periodicolapislazuli.com\/noticias\/wp-content\/plugins\/booster-extension\/\/assets\/icon\/happy.svg\" alt=\"Happy\">\n                    <\/a>\n                    <div class=\"twp-reaction-title\">\n                        Happy                    <\/div>\n                    <div class=\"twp-count-percent\">\n                                                    <span style=\"display: none;\" class=\"twp-react-count\">0<\/span>\n                        \n                                                <span class=\"twp-react-percent\"><span>0<\/span> %<\/span>\n                                            <\/div>\n                <\/div>\n\n                <div class=\"twp-reacts-wrap\">\n                    <a react-data=\"be-react-2\" post-id=\"3305\" class=\"be-face-icons un-reacted\" href=\"javascript:void(0)\">\n                        <img decoding=\"async\" src=\"https:\/\/www.periodicolapislazuli.com\/noticias\/wp-content\/plugins\/booster-extension\/\/assets\/icon\/sad.svg\" alt=\"Sad\">\n                    <\/a>\n                    <div class=\"twp-reaction-title\">\n                        Sad                    <\/div>\n                    <div class=\"twp-count-percent\">\n                                                    <span style=\"display: none;\" class=\"twp-react-count\">0<\/span>\n                                                                        <span class=\"twp-react-percent\"><span>0<\/span> %<\/span>\n                                            <\/div>\n                <\/div>\n\n                <div class=\"twp-reacts-wrap\">\n                    <a react-data=\"be-react-3\" post-id=\"3305\" class=\"be-face-icons un-reacted\" href=\"javascript:void(0)\">\n                        <img decoding=\"async\" src=\"https:\/\/www.periodicolapislazuli.com\/noticias\/wp-content\/plugins\/booster-extension\/\/assets\/icon\/excited.svg\" alt=\"Excited\">\n                    <\/a>\n                    <div class=\"twp-reaction-title\">\n                        Excited                    <\/div>\n                    <div class=\"twp-count-percent\">\n                                                    <span style=\"display: none;\" class=\"twp-react-count\">0<\/span>\n                                                                        <span class=\"twp-react-percent\"><span>0<\/span> %<\/span>\n                                            <\/div>\n                <\/div>\n\n                <div class=\"twp-reacts-wrap\">\n                    <a react-data=\"be-react-6\" post-id=\"3305\" class=\"be-face-icons un-reacted\" href=\"javascript:void(0)\">\n                        <img decoding=\"async\" src=\"https:\/\/www.periodicolapislazuli.com\/noticias\/wp-content\/plugins\/booster-extension\/\/assets\/icon\/sleepy.svg\" alt=\"Sleepy\">\n                    <\/a>\n                    <div class=\"twp-reaction-title\">\n                        Sleepy                    <\/div>\n                    <div class=\"twp-count-percent\">\n                                                    <span style=\"display: none;\" class=\"twp-react-count\">0<\/span>\n                        \n                                                <span class=\"twp-react-percent\"><span>0<\/span> %<\/span>\n                                            <\/div>\n                <\/div>\n\n                <div class=\"twp-reacts-wrap\">\n                    <a react-data=\"be-react-4\" post-id=\"3305\" class=\"be-face-icons un-reacted\" href=\"javascript:void(0)\">\n                        <img decoding=\"async\" src=\"https:\/\/www.periodicolapislazuli.com\/noticias\/wp-content\/plugins\/booster-extension\/\/assets\/icon\/angry.svg\" alt=\"Angry\">\n                    <\/a>\n                    <div class=\"twp-reaction-title\">Angry<\/div>\n                    <div class=\"twp-count-percent\">\n                                                    <span style=\"display: none;\" class=\"twp-react-count\">0<\/span>\n                                                                        <span class=\"twp-react-percent\"><span>0<\/span> %<\/span>\n                        \n                    <\/div>\n                <\/div>\n\n                <div class=\"twp-reacts-wrap\">\n                    <a react-data=\"be-react-5\" post-id=\"3305\" class=\"be-face-icons un-reacted\" href=\"javascript:void(0)\">\n                        <img decoding=\"async\" src=\"https:\/\/www.periodicolapislazuli.com\/noticias\/wp-content\/plugins\/booster-extension\/\/assets\/icon\/surprise.svg\" alt=\"Surprise\">\n                    <\/a>\n                    <div class=\"twp-reaction-title\">Surprise<\/div>\n                    <div class=\"twp-count-percent\">\n                                                    <span style=\"display: none;\" class=\"twp-react-count\">0<\/span>\n                                                                        <span class=\"twp-react-percent\"><span>0<\/span> %<\/span>\n                                            <\/div>\n                <\/div>\n\n            <\/div>\n        <\/div>\n\n    ","protected":false},"excerpt":{"rendered":"<p>El Fondo de Cultura Econ\u00f3mica (FCE) abrir\u00e1 en Guayaquil, en octubre pr\u00f3ximo, una librer\u00eda destinada por completo a la literatura infantil y juvenil, la primera de su tipo que el grupo editorial mexicano abrir\u00e1 en el Ecuador. <\/p>\n<div class=\"pvc_clear\"><\/div>\n<p id=\"pvc_stats_3305\" class=\"pvc_stats all  \" data-element-id=\"3305\" style=\"\"><i class=\"pvc-stats-icon large\" aria-hidden=\"true\"><svg aria-hidden=\"true\" focusable=\"false\" data-prefix=\"far\" data-icon=\"chart-bar\" role=\"img\" xmlns=\"http:\/\/www.w3.org\/2000\/svg\" viewBox=\"0 0 512 512\" class=\"svg-inline--fa fa-chart-bar fa-w-16 fa-2x\"><path fill=\"currentColor\" d=\"M396.8 352h22.4c6.4 0 12.8-6.4 12.8-12.8V108.8c0-6.4-6.4-12.8-12.8-12.8h-22.4c-6.4 0-12.8 6.4-12.8 12.8v230.4c0 6.4 6.4 12.8 12.8 12.8zm-192 0h22.4c6.4 0 12.8-6.4 12.8-12.8V140.8c0-6.4-6.4-12.8-12.8-12.8h-22.4c-6.4 0-12.8 6.4-12.8 12.8v198.4c0 6.4 6.4 12.8 12.8 12.8zm96 0h22.4c6.4 0 12.8-6.4 12.8-12.8V204.8c0-6.4-6.4-12.8-12.8-12.8h-22.4c-6.4 0-12.8 6.4-12.8 12.8v134.4c0 6.4 6.4 12.8 12.8 12.8zM496 400H48V80c0-8.84-7.16-16-16-16H16C7.16 64 0 71.16 0 80v336c0 17.67 14.33 32 32 32h464c8.84 0 16-7.16 16-16v-16c0-8.84-7.16-16-16-16zm-387.2-48h22.4c6.4 0 12.8-6.4 12.8-12.8v-70.4c0-6.4-6.4-12.8-12.8-12.8h-22.4c-6.4 0-12.8 6.4-12.8 12.8v70.4c0 6.4 6.4 12.8 12.8 12.8z\" class=\"\"><\/path><\/svg><\/i> <img decoding=\"async\" width=\"16\" height=\"16\" alt=\"Loading\" src=\"https:\/\/www.periodicolapislazuli.com\/noticias\/wp-content\/plugins\/page-views-count\/ajax-loader-2x.gif\" border=0 \/><\/p>\n<div class=\"pvc_clear\"><\/div>\n","protected":false},"author":1,"featured_media":3306,"comment_status":"closed","ping_status":"open","sticky":false,"template":"","format":"standard","meta":{"om_disable_all_campaigns":false,"pagelayer_contact_templates":[],"_pagelayer_content":"","_monsterinsights_skip_tracking":false,"_monsterinsights_sitenote_active":false,"_monsterinsights_sitenote_note":"","_monsterinsights_sitenote_category":0,"footnotes":""},"categories":[26,5],"tags":[1571,212,1546,53,1191,1569,1570,1519,1573,1572,1568,1574],"class_list":["post-3305","post","type-post","status-publish","format-standard","has-post-thumbnail","hentry","category-literatura","category-eventos","tag-coloquios","tag-conferencias","tag-editoriales","tag-escritores","tag-feria-del-libro","tag-feria-internacional-del-libro-de-guayaquil","tag-fil-g","tag-fondo-de-cultura-economica","tag-homenajes","tag-lecturas","tag-literatura-infantil-y-juvenil","tag-presentaciones"],"a3_pvc":{"activated":true,"total_views":215,"today_views":0},"jetpack_featured_media_url":"https:\/\/www.periodicolapislazuli.com\/noticias\/wp-content\/uploads\/2018\/09\/guayaquil.jpeg","_links":{"self":[{"href":"https:\/\/www.periodicolapislazuli.com\/noticias\/wp-json\/wp\/v2\/posts\/3305","targetHints":{"allow":["GET"]}}],"collection":[{"href":"https:\/\/www.periodicolapislazuli.com\/noticias\/wp-json\/wp\/v2\/posts"}],"about":[{"href":"https:\/\/www.periodicolapislazuli.com\/noticias\/wp-json\/wp\/v2\/types\/post"}],"author":[{"embeddable":true,"href":"https:\/\/www.periodicolapislazuli.com\/noticias\/wp-json\/wp\/v2\/users\/1"}],"replies":[{"embeddable":true,"href":"https:\/\/www.periodicolapislazuli.com\/noticias\/wp-json\/wp\/v2\/comments?post=3305"}],"version-history":[{"count":1,"href":"https:\/\/www.periodicolapislazuli.com\/noticias\/wp-json\/wp\/v2\/posts\/3305\/revisions"}],"predecessor-version":[{"id":3307,"href":"https:\/\/www.periodicolapislazuli.com\/noticias\/wp-json\/wp\/v2\/posts\/3305\/revisions\/3307"}],"wp:featuredmedia":[{"embeddable":true,"href":"https:\/\/www.periodicolapislazuli.com\/noticias\/wp-json\/wp\/v2\/media\/3306"}],"wp:attachment":[{"href":"https:\/\/www.periodicolapislazuli.com\/noticias\/wp-json\/wp\/v2\/media?parent=3305"}],"wp:term":[{"taxonomy":"category","embeddable":true,"href":"https:\/\/www.periodicolapislazuli.com\/noticias\/wp-json\/wp\/v2\/categories?post=3305"},{"taxonomy":"post_tag","embeddable":true,"href":"https:\/\/www.periodicolapislazuli.com\/noticias\/wp-json\/wp\/v2\/tags?post=3305"}],"curies":[{"name":"wp","href":"https:\/\/api.w.org\/{rel}","templated":true}]}}