{"id":319,"date":"2017-09-11T00:11:22","date_gmt":"2017-09-11T00:11:22","guid":{"rendered":"http:\/\/www.periodicolapislazuli.com\/noticias\/?p=319"},"modified":"2017-09-11T00:11:22","modified_gmt":"2017-09-11T00:11:22","slug":"raul-zurita-premio-jose-donoso-dedico-este-triunfo-a-los-jovenes","status":"publish","type":"post","link":"https:\/\/www.periodicolapislazuli.com\/noticias\/raul-zurita-premio-jose-donoso-dedico-este-triunfo-a-los-jovenes\/","title":{"rendered":"Ra\u00fal Zurita, premio Jos\u00e9 Donoso: \u201cDedico este triunfo a los j\u00f3venes\u201d"},"content":{"rendered":"<div class='booster-block booster-read-block'>\n                <div class=\"twp-read-time\">\n                \t<i class=\"booster-icon twp-clock\"><\/i> <span>Read Time:<\/span>4 Minute, 27 Second                <\/div>\n\n            <\/div><p>El poeta es el cuarto escritor local en obtener el galard\u00f3n de la Universidad de Talca, que entrega US$ 50 mil. El jurado destac\u00f3 la evoluci\u00f3n en la obra del autor de Purgatorio. Este a\u00f1o aparece un libro de sus entrevistas.<br \/>\nRa\u00fal Zurita, premio Jos\u00e9 Donoso: \u201cDedico este triunfo a los j\u00f3venes\u201d<br \/>\nEl poeta retratado en enero pasado, en su hogar de Providencia, en un a\u00f1o agitado donde realiz\u00f3 varios recitales de poes\u00eda.<\/p>\n<p>\u201c\u00bfQui\u00e9n se atreve en el siglo XXI a jugar con palabras como Purgatorio y Antepara\u00edso?\u201d, reflexionaba ayer Jos\u00e9 Carlos Rovira, acad\u00e9mico espa\u00f1ol de la Universidad de Alicante y miembro del jurado que le otorg\u00f3 por unanimidad el Premio Iberoamericano de Letras Jos\u00e9 Donoso al poeta chileno Ra\u00fal Zurita (67).<\/p>\n<p>Pasado el mediod\u00eda se dio a conocer la noticia, en la sede de Santiago de la Universidad de Talca. El autor que inaugur\u00f3 su obra con El Serm\u00f3n de la monta\u00f1a (1971) y quien se encuentra en un festival de poes\u00eda en Colombia, se convirti\u00f3 en el cuarto escritor local en obtener el Jos\u00e9 Donoso. Lo anteceden Isabel Allende (2003), Diamela Eltit (2010) y Pedro Lemebel (2013).<\/p>\n<p>\u201cQu\u00e9 maravilla, qu\u00e9 sorpresa y qu\u00e9 alegr\u00eda\u2026 Estoy muy contento, agradecido y honrado\u201d, fue lo primero que dijo Zurita, al tel\u00e9fono desde Bogot\u00e1, quien es el autor n\u00famero 17 en alcanzar el premio que ha reca\u00eddo en poetas, ensayistas y narradores. \u201cA Paulina (Wendt) y a los j\u00f3venes\u201d, le dedic\u00f3 el triunfo Zurita. Entre los ganadores internacionales est\u00e1n Javier Mar\u00edas, Ricardo Piglia, Juan Villoro y los poetas Antonio Cisneros y Jos\u00e9 Emilio Pacheco. El a\u00f1o pasado se le otorg\u00f3 al escritor colombiano Pablo Montoya.<\/p>\n<p>El ganador recibir\u00e1 un diploma y US$ 50 mil ($ 31 millones), en una ceremonia que se desarrollar\u00e1 en noviembre en la Feria del Libro de Santiago. En tanto, la U. de Talca preparar\u00e1 una antolog\u00eda de la obra del Premio Nacional de Literatura 2000.<\/p>\n<p>El jurado quiso destacar sobre todo \u201clos \u00faltimos a\u00f1os creativos de quien ha sido capaz de ampliar y transformar su escritura\u201d, seg\u00fan el acta de la comisi\u00f3n presidida por Francesca Denegri (U. Cat\u00f3lica del Per\u00fa), quien agreg\u00f3 que la poes\u00eda de Zurita \u201ces una obra elemental como lo ha sido la de C\u00e9sar Vallejo. Sus poemas han tenido un impacto entre los poetas m\u00e1s j\u00f3venes\u201d.<br \/>\nEl jurado tambi\u00e9n lo integraron Margarita Rojas (U. Nacional de Costa Rica); Pedro Gandolfo, cr\u00edtico literario chileno; Elmar Schmidt, de la U. de Bonn (Alemania); y el coordinador del premio, Javier Pinedo.<\/p>\n<p>Entre los argumentos para distinguirlo, el jurado recalc\u00f3 la evoluci\u00f3n en la obra del poeta identificando un primer ciclo, donde destacan los poemarios Purgatorio (1979), Antepara\u00edso (1982) y La vida nueva (1994), y que se ha renovado en libros como INRI (2003) \u201cy especialmente\u201d en Zurita (2011). Este \u00faltimo, libro dividido en tres partes, transcurre entre el atardecer del 10 de septiembre de 1973 y el amanecer del d\u00eda siguiente, cuando sucede el Golpe Militar en Chile.<\/p>\n<p>Ayer antes de comunicarse con el poeta, se exhibi\u00f3 un video de El mar del dolor, instalaci\u00f3n que Zurita mont\u00f3 este a\u00f1o en la Bienal de Kochi, en la India. Obra inspirada en la crisis de los inmigrantes en Europa, a trav\u00e9s del recuerdo de Galip, hermano de Aylan Kurdi, el ni\u00f1o que fue hallado a la orilla del mar de la costa turca tras el naufragio de una embarcaci\u00f3n, de quien no qued\u00f3 registro.<\/p>\n<p>\u201cYo siempre pens\u00e9 en una obra total, lo que me ha permitido explorar m\u00faltiples posibilidades. Y eso me lo plante\u00e9 en dictadura, responder frente a la violencia con un arte que fuera m\u00e1s violento todav\u00eda\u201d, dijo en enero a La Tercera para referirse a su performance. Entonces agregaba sobre su presente: \u201cLa recepci\u00f3n de mi obra me alegra y abruma. Ahora me encuentran todo bueno\u201d.<\/p>\n<h2>\n<span style=\"color: #008000;\">Traducciones<\/span><\/h2>\n<p>El autor de Canto a su amor desaparecido pas\u00f3 por a\u00f1os dif\u00edciles antes del reconocimiento actual. Durante el r\u00e9gimen militar, mientras estudiaba Ingenier\u00eda en la Universidad Federico Santa Mar\u00eda, fue detenido, torturado y encerrado en las bodegas del carguero Maipo. En los a\u00f1os 80 sobrevivi\u00f3 con trabajos espor\u00e1dicos mientras realizaba acciones de arte con el grupo CADA. Ya en la d\u00e9cada del 90 comenz\u00f3 a manifestarse el Parkinson que padece.<\/p>\n<p>Pero Zurita no se detiene. El a\u00f1o pasado estuvo como profesor invitado en la Universidad de Harvard (EEUU); luego particip\u00f3 en el Festival de Rotterdam (Holanda), y realiz\u00f3 lecturas en Madrid (Espa\u00f1a), Ciudad de M\u00e9xico, Oaxaca (M\u00e9xico) y Buenos Aires, en Argentina. Adem\u00e1s, obtuvo el Premio Iberoamericano de Poes\u00eda Pablo Neruda.<\/p>\n<p>Este a\u00f1o, en el pa\u00eds saldr\u00e1 un libro de ensayos por Ediciones UDP; en octubre expondr\u00e1 sus m\u00e1s recientes proyectos en la Galer\u00eda Isabel Aninat y a fin de a\u00f1o el Fondo de Cultura Econ\u00f3mica publicar\u00e1 un libro biogr\u00e1fico basado en las entrevistas que ha dado en su trayectoria. En el ambito internacional apareci\u00f3 en ingl\u00e9s la antolog\u00eda Sky Below y vendr\u00e1 INRI, en la editorial New York Review Books. En tanto, en Espa\u00f1a editorial Visor lanz\u00f3 Alegor\u00eda de la desolaci\u00f3n y la esperanza, que re\u00fane 32 ensayos sobre su obra. Adem\u00e1s, en diciembre sale una edici\u00f3n cr\u00edtica de sus obras que van desde Purgatorio hasta La vida nueva en una \u201ccolecci\u00f3n m\u00edtica\u201d, como dice, de las ediciones de la Universidad de Poitiers (Francia). Una labor que se conectar\u00e1 con un archivo digital de esos manuscritos.<\/p>\n<p>Fuente: latercera.com<\/p>\n<div class=\"pvc_clear\"><\/div>\n<p id=\"pvc_stats_319\" class=\"pvc_stats all  \" data-element-id=\"319\" style=\"\"><i class=\"pvc-stats-icon large\" aria-hidden=\"true\"><svg aria-hidden=\"true\" focusable=\"false\" data-prefix=\"far\" data-icon=\"chart-bar\" role=\"img\" xmlns=\"http:\/\/www.w3.org\/2000\/svg\" viewBox=\"0 0 512 512\" class=\"svg-inline--fa fa-chart-bar fa-w-16 fa-2x\"><path fill=\"currentColor\" d=\"M396.8 352h22.4c6.4 0 12.8-6.4 12.8-12.8V108.8c0-6.4-6.4-12.8-12.8-12.8h-22.4c-6.4 0-12.8 6.4-12.8 12.8v230.4c0 6.4 6.4 12.8 12.8 12.8zm-192 0h22.4c6.4 0 12.8-6.4 12.8-12.8V140.8c0-6.4-6.4-12.8-12.8-12.8h-22.4c-6.4 0-12.8 6.4-12.8 12.8v198.4c0 6.4 6.4 12.8 12.8 12.8zm96 0h22.4c6.4 0 12.8-6.4 12.8-12.8V204.8c0-6.4-6.4-12.8-12.8-12.8h-22.4c-6.4 0-12.8 6.4-12.8 12.8v134.4c0 6.4 6.4 12.8 12.8 12.8zM496 400H48V80c0-8.84-7.16-16-16-16H16C7.16 64 0 71.16 0 80v336c0 17.67 14.33 32 32 32h464c8.84 0 16-7.16 16-16v-16c0-8.84-7.16-16-16-16zm-387.2-48h22.4c6.4 0 12.8-6.4 12.8-12.8v-70.4c0-6.4-6.4-12.8-12.8-12.8h-22.4c-6.4 0-12.8 6.4-12.8 12.8v70.4c0 6.4 6.4 12.8 12.8 12.8z\" class=\"\"><\/path><\/svg><\/i> <img decoding=\"async\" width=\"16\" height=\"16\" alt=\"Loading\" src=\"https:\/\/www.periodicolapislazuli.com\/noticias\/wp-content\/plugins\/page-views-count\/ajax-loader-2x.gif\" border=0 \/><\/p>\n<div class=\"pvc_clear\"><\/div>\n        <div class=\"booster-block booster-reactions-block\">\n            <div class=\"twp-reactions-icons\">\n                \n                <div class=\"twp-reacts-wrap\">\n                    <a react-data=\"be-react-1\" post-id=\"319\" class=\"be-face-icons un-reacted\" href=\"javascript:void(0)\">\n                        <img decoding=\"async\" src=\"https:\/\/www.periodicolapislazuli.com\/noticias\/wp-content\/plugins\/booster-extension\/\/assets\/icon\/happy.svg\" alt=\"Happy\">\n                    <\/a>\n                    <div class=\"twp-reaction-title\">\n                        Happy                    <\/div>\n                    <div class=\"twp-count-percent\">\n                                                    <span style=\"display: none;\" class=\"twp-react-count\">0<\/span>\n                        \n                                                <span class=\"twp-react-percent\"><span>0<\/span> %<\/span>\n                                            <\/div>\n                <\/div>\n\n                <div class=\"twp-reacts-wrap\">\n                    <a react-data=\"be-react-2\" post-id=\"319\" class=\"be-face-icons un-reacted\" href=\"javascript:void(0)\">\n                        <img decoding=\"async\" src=\"https:\/\/www.periodicolapislazuli.com\/noticias\/wp-content\/plugins\/booster-extension\/\/assets\/icon\/sad.svg\" alt=\"Sad\">\n                    <\/a>\n                    <div class=\"twp-reaction-title\">\n                        Sad                    <\/div>\n                    <div class=\"twp-count-percent\">\n                                                    <span style=\"display: none;\" class=\"twp-react-count\">0<\/span>\n                                                                        <span class=\"twp-react-percent\"><span>0<\/span> %<\/span>\n                                            <\/div>\n                <\/div>\n\n                <div class=\"twp-reacts-wrap\">\n                    <a react-data=\"be-react-3\" post-id=\"319\" class=\"be-face-icons un-reacted\" href=\"javascript:void(0)\">\n                        <img decoding=\"async\" src=\"https:\/\/www.periodicolapislazuli.com\/noticias\/wp-content\/plugins\/booster-extension\/\/assets\/icon\/excited.svg\" alt=\"Excited\">\n                    <\/a>\n                    <div class=\"twp-reaction-title\">\n                        Excited                    <\/div>\n                    <div class=\"twp-count-percent\">\n                                                    <span style=\"display: none;\" class=\"twp-react-count\">0<\/span>\n                                                                        <span class=\"twp-react-percent\"><span>0<\/span> %<\/span>\n                                            <\/div>\n                <\/div>\n\n                <div class=\"twp-reacts-wrap\">\n                    <a react-data=\"be-react-6\" post-id=\"319\" class=\"be-face-icons un-reacted\" href=\"javascript:void(0)\">\n                        <img decoding=\"async\" src=\"https:\/\/www.periodicolapislazuli.com\/noticias\/wp-content\/plugins\/booster-extension\/\/assets\/icon\/sleepy.svg\" alt=\"Sleepy\">\n                    <\/a>\n                    <div class=\"twp-reaction-title\">\n                        Sleepy                    <\/div>\n                    <div class=\"twp-count-percent\">\n                                                    <span style=\"display: none;\" class=\"twp-react-count\">0<\/span>\n                        \n                                                <span class=\"twp-react-percent\"><span>0<\/span> %<\/span>\n                                            <\/div>\n                <\/div>\n\n                <div class=\"twp-reacts-wrap\">\n                    <a react-data=\"be-react-4\" post-id=\"319\" class=\"be-face-icons un-reacted\" href=\"javascript:void(0)\">\n                        <img decoding=\"async\" src=\"https:\/\/www.periodicolapislazuli.com\/noticias\/wp-content\/plugins\/booster-extension\/\/assets\/icon\/angry.svg\" alt=\"Angry\">\n                    <\/a>\n                    <div class=\"twp-reaction-title\">Angry<\/div>\n                    <div class=\"twp-count-percent\">\n                                                    <span style=\"display: none;\" class=\"twp-react-count\">0<\/span>\n                                                                        <span class=\"twp-react-percent\"><span>0<\/span> %<\/span>\n                        \n                    <\/div>\n                <\/div>\n\n                <div class=\"twp-reacts-wrap\">\n                    <a react-data=\"be-react-5\" post-id=\"319\" class=\"be-face-icons un-reacted\" href=\"javascript:void(0)\">\n                        <img decoding=\"async\" src=\"https:\/\/www.periodicolapislazuli.com\/noticias\/wp-content\/plugins\/booster-extension\/\/assets\/icon\/surprise.svg\" alt=\"Surprise\">\n                    <\/a>\n                    <div class=\"twp-reaction-title\">Surprise<\/div>\n                    <div class=\"twp-count-percent\">\n                                                    <span style=\"display: none;\" class=\"twp-react-count\">0<\/span>\n                                                                        <span class=\"twp-react-percent\"><span>0<\/span> %<\/span>\n                                            <\/div>\n                <\/div>\n\n            <\/div>\n        <\/div>\n\n    ","protected":false},"excerpt":{"rendered":"<p>El poeta es el cuarto escritor local en obtener el galard\u00f3n de la Universidad de Talca, que entrega<\/p>\n<div class=\"pvc_clear\"><\/div>\n<p id=\"pvc_stats_319\" class=\"pvc_stats all  \" data-element-id=\"319\" style=\"\"><i class=\"pvc-stats-icon large\" aria-hidden=\"true\"><svg aria-hidden=\"true\" focusable=\"false\" data-prefix=\"far\" data-icon=\"chart-bar\" role=\"img\" xmlns=\"http:\/\/www.w3.org\/2000\/svg\" viewBox=\"0 0 512 512\" class=\"svg-inline--fa fa-chart-bar fa-w-16 fa-2x\"><path fill=\"currentColor\" d=\"M396.8 352h22.4c6.4 0 12.8-6.4 12.8-12.8V108.8c0-6.4-6.4-12.8-12.8-12.8h-22.4c-6.4 0-12.8 6.4-12.8 12.8v230.4c0 6.4 6.4 12.8 12.8 12.8zm-192 0h22.4c6.4 0 12.8-6.4 12.8-12.8V140.8c0-6.4-6.4-12.8-12.8-12.8h-22.4c-6.4 0-12.8 6.4-12.8 12.8v198.4c0 6.4 6.4 12.8 12.8 12.8zm96 0h22.4c6.4 0 12.8-6.4 12.8-12.8V204.8c0-6.4-6.4-12.8-12.8-12.8h-22.4c-6.4 0-12.8 6.4-12.8 12.8v134.4c0 6.4 6.4 12.8 12.8 12.8zM496 400H48V80c0-8.84-7.16-16-16-16H16C7.16 64 0 71.16 0 80v336c0 17.67 14.33 32 32 32h464c8.84 0 16-7.16 16-16v-16c0-8.84-7.16-16-16-16zm-387.2-48h22.4c6.4 0 12.8-6.4 12.8-12.8v-70.4c0-6.4-6.4-12.8-12.8-12.8h-22.4c-6.4 0-12.8 6.4-12.8 12.8v70.4c0 6.4 6.4 12.8 12.8 12.8z\" class=\"\"><\/path><\/svg><\/i> <img decoding=\"async\" width=\"16\" height=\"16\" alt=\"Loading\" src=\"https:\/\/www.periodicolapislazuli.com\/noticias\/wp-content\/plugins\/page-views-count\/ajax-loader-2x.gif\" border=0 \/><\/p>\n<div class=\"pvc_clear\"><\/div>\n","protected":false},"author":1,"featured_media":399,"comment_status":"closed","ping_status":"open","sticky":false,"template":"","format":"standard","meta":{"om_disable_all_campaigns":false,"pagelayer_contact_templates":[],"_pagelayer_content":"","_monsterinsights_skip_tracking":false,"_monsterinsights_sitenote_active":false,"_monsterinsights_sitenote_note":"","_monsterinsights_sitenote_category":0,"footnotes":""},"categories":[3,20],"tags":[105,75,32,108,107,106],"class_list":["post-319","post","type-post","status-publish","format-standard","has-post-thumbnail","hentry","category-actualidad","category-educacion","tag-galardon","tag-jovenes","tag-poesia","tag-premio-jose-donoso","tag-raul-zurita","tag-universidad-de-talca"],"a3_pvc":{"activated":true,"total_views":414,"today_views":0},"jetpack_featured_media_url":"https:\/\/www.periodicolapislazuli.com\/noticias\/wp-content\/uploads\/2017\/09\/zurita-2.jpg","_links":{"self":[{"href":"https:\/\/www.periodicolapislazuli.com\/noticias\/wp-json\/wp\/v2\/posts\/319","targetHints":{"allow":["GET"]}}],"collection":[{"href":"https:\/\/www.periodicolapislazuli.com\/noticias\/wp-json\/wp\/v2\/posts"}],"about":[{"href":"https:\/\/www.periodicolapislazuli.com\/noticias\/wp-json\/wp\/v2\/types\/post"}],"author":[{"embeddable":true,"href":"https:\/\/www.periodicolapislazuli.com\/noticias\/wp-json\/wp\/v2\/users\/1"}],"replies":[{"embeddable":true,"href":"https:\/\/www.periodicolapislazuli.com\/noticias\/wp-json\/wp\/v2\/comments?post=319"}],"version-history":[{"count":2,"href":"https:\/\/www.periodicolapislazuli.com\/noticias\/wp-json\/wp\/v2\/posts\/319\/revisions"}],"predecessor-version":[{"id":400,"href":"https:\/\/www.periodicolapislazuli.com\/noticias\/wp-json\/wp\/v2\/posts\/319\/revisions\/400"}],"wp:featuredmedia":[{"embeddable":true,"href":"https:\/\/www.periodicolapislazuli.com\/noticias\/wp-json\/wp\/v2\/media\/399"}],"wp:attachment":[{"href":"https:\/\/www.periodicolapislazuli.com\/noticias\/wp-json\/wp\/v2\/media?parent=319"}],"wp:term":[{"taxonomy":"category","embeddable":true,"href":"https:\/\/www.periodicolapislazuli.com\/noticias\/wp-json\/wp\/v2\/categories?post=319"},{"taxonomy":"post_tag","embeddable":true,"href":"https:\/\/www.periodicolapislazuli.com\/noticias\/wp-json\/wp\/v2\/tags?post=319"}],"curies":[{"name":"wp","href":"https:\/\/api.w.org\/{rel}","templated":true}]}}