{"id":3148,"date":"2018-09-04T18:00:55","date_gmt":"2018-09-04T18:00:55","guid":{"rendered":"http:\/\/www.periodicolapislazuli.com\/noticias\/?p=3148"},"modified":"2018-09-04T18:00:55","modified_gmt":"2018-09-04T18:00:55","slug":"consulta-la-agenda-academica-jazz-al-parque-2018","status":"publish","type":"post","link":"https:\/\/www.periodicolapislazuli.com\/noticias\/consulta-la-agenda-academica-jazz-al-parque-2018\/","title":{"rendered":"Consulta la agenda acad\u00e9mica Jazz al Parque 2018"},"content":{"rendered":"<div class='booster-block booster-read-block'>\n                <div class=\"twp-read-time\">\n                \t<i class=\"booster-icon twp-clock\"><\/i> <span>Read Time:<\/span>3 Minute, 52 Second                <\/div>\n\n            <\/div><div align=\"justify\"> La Universidad Sergio Arboleda, la Escuela de M\u00fasica, Medios, Arte y Tecnolog\u00eda \u2013 Emmat y la Universidad Nacional son los escenarios donde dictar\u00e1n los talleres en: <em>Cuando el Jazz se encuentra con el Oriente,<\/em> <em>Rearmonizaci\u00f3n de melod\u00edas latinoamericanas<\/em>, <em>40 a\u00f1os de \u201cCumbia &amp; Jazz Fusion\u201d de Charles Mingus<\/em> y <em>Los Esp\u00edritus de La Habana: El encuentro del Jazz y la m\u00fasica cubana<\/em>, que integran la agenda acad\u00e9mica 2018 del Festival Jazz al Parque, que ir\u00e1n del 11 al 25 de septiembre Todos los talleres son de entrada libre hasta completar aforo.<\/p>\n<p>Con estas actividades, el <strong>Festival Jazz al Parque <\/strong>contin\u00faa fortaleciendo sus espacios de formaci\u00f3n, su componente acad\u00e9mico, con el que busca generar espacios de di\u00e1logo e interacci\u00f3n entre los m\u00fasicos, investigadores y el p\u00fablico que est\u00e9 interesado en abordar el g\u00e9nero desde la \u00f3ptica creativa, hist\u00f3rica o musicol\u00f3gica.<\/p>\n<p>As\u00ed como dice Giovanna Chamorro, Gerente de M\u00fasica del Idartes, \u201cel componente acad\u00e9mico del Festival empez\u00f3 en mayo gracias a una alianza con el Festival Internacional de Jazz del Teatro Libre. Ahora, cuando estamos a pocos d\u00edas de nuestro festival, daremos continuidad a las actividades de formaci\u00f3n en las que esperamos una amplia participaci\u00f3n de m\u00fasicos y p\u00fablicos de la ciudad\u201d.<\/p>\n<p align=\"left\"><strong>Cuatro citas imperdibles como el jazz<\/strong><\/p>\n<p><strong>1. Taller: Cuando el Jazz se encuentra con el Oriente<\/strong><\/p>\n<p><strong>Talleristas: Steph\u00e1ne Tsapis Trio (Francia)<\/strong><\/p>\n<p>El pianista Steph\u00e1ne Tsapis (Francia) ha explorado a lo largo de su carrera distintas sonoridades del mundo fusion\u00e1ndolas con el jazz, y mostrar\u00e1 en este taller c\u00f3mo estos lenguajes pueden confluir y abordarse desde la creaci\u00f3n musical.<\/p>\n<p><strong>Descripci\u00f3n:<\/strong> El taller se abordar\u00e1 partiendo de c\u00f3mo se pueden integrar elementos musicales orientales a trav\u00e9s de un repertorio tradicional griego, y c\u00f3mo a partir de ello, abordan sus propias composiciones. Posteriormente el grupo interactuar\u00e1 con los asistentes haciendo ejercicios de interpretaci\u00f3n sobre los temas vistos. Esta actividad est\u00e1 dirigida a m\u00fasicos profesionales o estudiantes de nivel avanzado, y se invita a que asistan con sus propios instrumentos.<\/p>\n<p><strong>Lugar:<\/strong> Escuela de Artes y M\u00fasica, Universidad Sergio Arboleda. Calle 74 No. 14-14<\/p>\n<p><strong>Fecha:<\/strong> martes 11 de septiembre<\/p>\n<p><strong>Hora:<\/strong> 5:00pm &#8211; 7:00pm<\/p>\n<p>*Entrada libre hasta completar aforo<\/p>\n<p><strong>2. Taller: Rearmonizaci\u00f3n de melod\u00edas latinoamericanas<\/strong><\/p>\n<p><strong>Tallerista: Oscar Stagnaro (Per\u00fa\/EE.UU.)<\/strong><\/p>\n<p>Oscar Stagnaro, uno de los bajistas latinoamericanos m\u00e1s reconocidos a nivel mundial, ofrecer\u00e1 un taller en el cual mostrar\u00e1 distintas alternativas de rearmonizaci\u00f3n y manejo de m\u00e9tricas para interpretar obras del repertorio latinoamericano.<\/p>\n<p><strong>Descripci\u00f3n:<\/strong><\/p>\n<p>A lo largo de la actividad, el tallerista har\u00e1 una muestra de ritmos y melod\u00edas del repertorio latinoamericano adaptadas a versiones contempor\u00e1neas, mostrando ejemplos de rearmonizaciones, uso de m\u00e9tricas compuestas, bajo la premisa de mantener la identidad de cada g\u00e9nero y respetar su lenguaje r\u00edtmico y mel\u00f3dico.<\/p>\n<p><strong>Lugar: <\/strong>Escuela de M\u00fasica, Medios, Arte y Tecnolog\u00eda &#8211; EMMAT (Carrera 58 No. 90-80)<\/p>\n<p><strong>Fecha:<\/strong> jueves 21 de septiembre<\/p>\n<p><strong>Hora:<\/strong> 4:00pm &#8211; 6:00pm<\/p>\n<p>*Entrada libre hasta completar aforo<\/p>\n<p><strong>3. Conversatorio: 40 a\u00f1os de \u201cCumbia &amp; Jazz Fusion\u201d de Charles Mingus<\/strong><\/p>\n<p><strong>Participantes: Justo Almario y Jaime Andr\u00e9s Monsalve (moderador)<\/strong><\/p>\n<p>Para celebrar los 40 a\u00f1os del \u00e1lbum \u201cCumbia &amp; Jazz Fusion\u201d de Charles Mingus, el saxofonista Justo Almario y el periodista Jaime Andr\u00e9s Monsalve discutir\u00e1n acerca del proceso de creaci\u00f3n de este \u00e1lbum, y c\u00f3mo fue su experiencia trabajando de la mano con Mingus.<\/p>\n<p><strong>Descripci\u00f3n:<\/strong><\/p>\n<p>Conmemorando los 40 a\u00f1os de la grabaci\u00f3n del \u00e1lbum \u201cCumbia &amp; Jazz Fusion\u201d, Justo Almario comentar\u00e1 c\u00f3mo fue el proceso de creaci\u00f3n y grabaci\u00f3n de la obra de Charles Mingus, en la cual adem\u00e1s participaron m\u00fasicos percusionistas colombianos, de quienes se apreciar\u00e1n algunos testimonios respecto a este proceso.<\/p>\n<p><strong>Lugar:<\/strong> Sal\u00f3n 231, Conservatorio de M\u00fasica &#8211; Universidad Nacional de Colombia &#8211; Carrera 30 No. 45 &#8211; 03<\/p>\n<p><strong>Fecha:<\/strong> lunes 24 de septiembre<\/p>\n<p><strong>Hora:<\/strong> 3:00 &#8211; 5:00 p.m.<\/p>\n<p>*Entrada libre hasta completar aforo<\/p>\n<p><strong>4. Taller: \u00abLos Esp\u00edritus de La Habana: El encuentro del Jazz y la m\u00fasica cubana\u00bb<\/strong><\/p>\n<p><strong>Talleristas: Jane Bunnett &amp; Maqueque (Canad\u00e1 \/ Cuba)<\/strong><\/p>\n<p>La saxofonista canadiense Jane Bunnett y la agrupaci\u00f3n Maqueque, conformada por cinco mujeres cubanas, realizar\u00e1n una retrospectiva por la influencia de la m\u00fasica cubana en el jazz, represent\u00e1ndolo tambi\u00e9n a trav\u00e9s de los instrumentos de la agrupaci\u00f3n.<\/p>\n<p><strong>Descripci\u00f3n:<\/strong><\/p>\n<p>En este taller, Jane Bunnett mostrar\u00e1 c\u00f3mo fue su acercamiento al jazz y a la m\u00fasica cubana, y qu\u00e9 la llev\u00f3 a mezclar las dos cosas, para luego pasar con las integrantes de Maqueque a hacer una demostraci\u00f3n de los instrumentos que conforman el ensamble, y mostrando la funci\u00f3n que cumple cada uno en su propuesta.<\/p>\n<p><strong>Lugar: <\/strong>Sal\u00f3n 231, Conservatorio de M\u00fasica &#8211; Universidad Nacional de Colombia &#8211; Carrera 30 No. 45 &#8211; 03<\/p>\n<p><strong>Fecha:<\/strong> martes 25 de septiembre<\/p>\n<p><strong>Hora:<\/strong> 11:00 a.m. a 1:00 p.m.<\/p>\n<p>*Entrada libre hasta completar aforo <\/p><\/div>\n<div class=\"pvc_clear\"><\/div>\n<p id=\"pvc_stats_3148\" class=\"pvc_stats all  \" data-element-id=\"3148\" style=\"\"><i class=\"pvc-stats-icon large\" aria-hidden=\"true\"><svg aria-hidden=\"true\" focusable=\"false\" data-prefix=\"far\" data-icon=\"chart-bar\" role=\"img\" xmlns=\"http:\/\/www.w3.org\/2000\/svg\" viewBox=\"0 0 512 512\" class=\"svg-inline--fa fa-chart-bar fa-w-16 fa-2x\"><path fill=\"currentColor\" d=\"M396.8 352h22.4c6.4 0 12.8-6.4 12.8-12.8V108.8c0-6.4-6.4-12.8-12.8-12.8h-22.4c-6.4 0-12.8 6.4-12.8 12.8v230.4c0 6.4 6.4 12.8 12.8 12.8zm-192 0h22.4c6.4 0 12.8-6.4 12.8-12.8V140.8c0-6.4-6.4-12.8-12.8-12.8h-22.4c-6.4 0-12.8 6.4-12.8 12.8v198.4c0 6.4 6.4 12.8 12.8 12.8zm96 0h22.4c6.4 0 12.8-6.4 12.8-12.8V204.8c0-6.4-6.4-12.8-12.8-12.8h-22.4c-6.4 0-12.8 6.4-12.8 12.8v134.4c0 6.4 6.4 12.8 12.8 12.8zM496 400H48V80c0-8.84-7.16-16-16-16H16C7.16 64 0 71.16 0 80v336c0 17.67 14.33 32 32 32h464c8.84 0 16-7.16 16-16v-16c0-8.84-7.16-16-16-16zm-387.2-48h22.4c6.4 0 12.8-6.4 12.8-12.8v-70.4c0-6.4-6.4-12.8-12.8-12.8h-22.4c-6.4 0-12.8 6.4-12.8 12.8v70.4c0 6.4 6.4 12.8 12.8 12.8z\" class=\"\"><\/path><\/svg><\/i> <img decoding=\"async\" width=\"16\" height=\"16\" alt=\"Loading\" src=\"https:\/\/www.periodicolapislazuli.com\/noticias\/wp-content\/plugins\/page-views-count\/ajax-loader-2x.gif\" border=0 \/><\/p>\n<div class=\"pvc_clear\"><\/div>\n        <div class=\"booster-block booster-reactions-block\">\n            <div class=\"twp-reactions-icons\">\n                \n                <div class=\"twp-reacts-wrap\">\n                    <a react-data=\"be-react-1\" post-id=\"3148\" class=\"be-face-icons un-reacted\" href=\"javascript:void(0)\">\n                        <img decoding=\"async\" src=\"https:\/\/www.periodicolapislazuli.com\/noticias\/wp-content\/plugins\/booster-extension\/\/assets\/icon\/happy.svg\" alt=\"Happy\">\n                    <\/a>\n                    <div class=\"twp-reaction-title\">\n                        Happy                    <\/div>\n                    <div class=\"twp-count-percent\">\n                                                    <span style=\"display: none;\" class=\"twp-react-count\">0<\/span>\n                        \n                                                <span class=\"twp-react-percent\"><span>0<\/span> %<\/span>\n                                            <\/div>\n                <\/div>\n\n                <div class=\"twp-reacts-wrap\">\n                    <a react-data=\"be-react-2\" post-id=\"3148\" class=\"be-face-icons un-reacted\" href=\"javascript:void(0)\">\n                        <img decoding=\"async\" src=\"https:\/\/www.periodicolapislazuli.com\/noticias\/wp-content\/plugins\/booster-extension\/\/assets\/icon\/sad.svg\" alt=\"Sad\">\n                    <\/a>\n                    <div class=\"twp-reaction-title\">\n                        Sad                    <\/div>\n                    <div class=\"twp-count-percent\">\n                                                    <span style=\"display: none;\" class=\"twp-react-count\">0<\/span>\n                                                                        <span class=\"twp-react-percent\"><span>0<\/span> %<\/span>\n                                            <\/div>\n                <\/div>\n\n                <div class=\"twp-reacts-wrap\">\n                    <a react-data=\"be-react-3\" post-id=\"3148\" class=\"be-face-icons un-reacted\" href=\"javascript:void(0)\">\n                        <img decoding=\"async\" src=\"https:\/\/www.periodicolapislazuli.com\/noticias\/wp-content\/plugins\/booster-extension\/\/assets\/icon\/excited.svg\" alt=\"Excited\">\n                    <\/a>\n                    <div class=\"twp-reaction-title\">\n                        Excited                    <\/div>\n                    <div class=\"twp-count-percent\">\n                                                    <span style=\"display: none;\" class=\"twp-react-count\">0<\/span>\n                                                                        <span class=\"twp-react-percent\"><span>0<\/span> %<\/span>\n                                            <\/div>\n                <\/div>\n\n                <div class=\"twp-reacts-wrap\">\n                    <a react-data=\"be-react-6\" post-id=\"3148\" class=\"be-face-icons un-reacted\" href=\"javascript:void(0)\">\n                        <img decoding=\"async\" src=\"https:\/\/www.periodicolapislazuli.com\/noticias\/wp-content\/plugins\/booster-extension\/\/assets\/icon\/sleepy.svg\" alt=\"Sleepy\">\n                    <\/a>\n                    <div class=\"twp-reaction-title\">\n                        Sleepy                    <\/div>\n                    <div class=\"twp-count-percent\">\n                                                    <span style=\"display: none;\" class=\"twp-react-count\">0<\/span>\n                        \n                                                <span class=\"twp-react-percent\"><span>0<\/span> %<\/span>\n                                            <\/div>\n                <\/div>\n\n                <div class=\"twp-reacts-wrap\">\n                    <a react-data=\"be-react-4\" post-id=\"3148\" class=\"be-face-icons un-reacted\" href=\"javascript:void(0)\">\n                        <img decoding=\"async\" src=\"https:\/\/www.periodicolapislazuli.com\/noticias\/wp-content\/plugins\/booster-extension\/\/assets\/icon\/angry.svg\" alt=\"Angry\">\n                    <\/a>\n                    <div class=\"twp-reaction-title\">Angry<\/div>\n                    <div class=\"twp-count-percent\">\n                                                    <span style=\"display: none;\" class=\"twp-react-count\">0<\/span>\n                                                                        <span class=\"twp-react-percent\"><span>0<\/span> %<\/span>\n                        \n                    <\/div>\n                <\/div>\n\n                <div class=\"twp-reacts-wrap\">\n                    <a react-data=\"be-react-5\" post-id=\"3148\" class=\"be-face-icons un-reacted\" href=\"javascript:void(0)\">\n                        <img decoding=\"async\" src=\"https:\/\/www.periodicolapislazuli.com\/noticias\/wp-content\/plugins\/booster-extension\/\/assets\/icon\/surprise.svg\" alt=\"Surprise\">\n                    <\/a>\n                    <div class=\"twp-reaction-title\">Surprise<\/div>\n                    <div class=\"twp-count-percent\">\n                                                    <span style=\"display: none;\" class=\"twp-react-count\">0<\/span>\n                                                                        <span class=\"twp-react-percent\"><span>0<\/span> %<\/span>\n                                            <\/div>\n                <\/div>\n\n            <\/div>\n        <\/div>\n\n    ","protected":false},"excerpt":{"rendered":"<p>Jazz al Parque celebra su edici\u00f3n 23 este a\u00f1o con diversos colores de jazz, bajo el lema Las Mujeres en el Jazz con la participaci\u00f3n de grandes figuras femeninas destacadas en el g\u00e9nero este 16, 22 y 23 de septiembre <\/p>\n<div class=\"pvc_clear\"><\/div>\n<p id=\"pvc_stats_3148\" class=\"pvc_stats all  \" data-element-id=\"3148\" style=\"\"><i class=\"pvc-stats-icon large\" aria-hidden=\"true\"><svg aria-hidden=\"true\" focusable=\"false\" data-prefix=\"far\" data-icon=\"chart-bar\" role=\"img\" xmlns=\"http:\/\/www.w3.org\/2000\/svg\" viewBox=\"0 0 512 512\" class=\"svg-inline--fa fa-chart-bar fa-w-16 fa-2x\"><path fill=\"currentColor\" d=\"M396.8 352h22.4c6.4 0 12.8-6.4 12.8-12.8V108.8c0-6.4-6.4-12.8-12.8-12.8h-22.4c-6.4 0-12.8 6.4-12.8 12.8v230.4c0 6.4 6.4 12.8 12.8 12.8zm-192 0h22.4c6.4 0 12.8-6.4 12.8-12.8V140.8c0-6.4-6.4-12.8-12.8-12.8h-22.4c-6.4 0-12.8 6.4-12.8 12.8v198.4c0 6.4 6.4 12.8 12.8 12.8zm96 0h22.4c6.4 0 12.8-6.4 12.8-12.8V204.8c0-6.4-6.4-12.8-12.8-12.8h-22.4c-6.4 0-12.8 6.4-12.8 12.8v134.4c0 6.4 6.4 12.8 12.8 12.8zM496 400H48V80c0-8.84-7.16-16-16-16H16C7.16 64 0 71.16 0 80v336c0 17.67 14.33 32 32 32h464c8.84 0 16-7.16 16-16v-16c0-8.84-7.16-16-16-16zm-387.2-48h22.4c6.4 0 12.8-6.4 12.8-12.8v-70.4c0-6.4-6.4-12.8-12.8-12.8h-22.4c-6.4 0-12.8 6.4-12.8 12.8v70.4c0 6.4 6.4 12.8 12.8 12.8z\" class=\"\"><\/path><\/svg><\/i> <img decoding=\"async\" width=\"16\" height=\"16\" alt=\"Loading\" src=\"https:\/\/www.periodicolapislazuli.com\/noticias\/wp-content\/plugins\/page-views-count\/ajax-loader-2x.gif\" border=0 \/><\/p>\n<div class=\"pvc_clear\"><\/div>\n","protected":false},"author":1,"featured_media":3149,"comment_status":"closed","ping_status":"open","sticky":false,"template":"","format":"standard","meta":{"om_disable_all_campaigns":false,"pagelayer_contact_templates":[],"_pagelayer_content":"","_monsterinsights_skip_tracking":false,"_monsterinsights_sitenote_active":false,"_monsterinsights_sitenote_note":"","_monsterinsights_sitenote_category":0,"footnotes":""},"categories":[27],"tags":[1495,148,1496,1499,41,182,329,196,1494,333,1500,1498,1497],"class_list":["post-3148","post","type-post","status-publish","format-standard","has-post-thumbnail","hentry","category-musica","tag-academica","tag-artistas","tag-big-band-bogota","tag-eirruku-ensamble","tag-festival","tag-idartes","tag-instituto-distrital-de-las-artes","tag-jazz","tag-jazz-al-parque","tag-mujeres","tag-multiculturales","tag-parque-el-country","tag-teatro-julio-mario-santodomingo"],"a3_pvc":{"activated":true,"total_views":158,"today_views":0},"jetpack_featured_media_url":"https:\/\/www.periodicolapislazuli.com\/noticias\/wp-content\/uploads\/2018\/09\/jazz1.jpg","_links":{"self":[{"href":"https:\/\/www.periodicolapislazuli.com\/noticias\/wp-json\/wp\/v2\/posts\/3148","targetHints":{"allow":["GET"]}}],"collection":[{"href":"https:\/\/www.periodicolapislazuli.com\/noticias\/wp-json\/wp\/v2\/posts"}],"about":[{"href":"https:\/\/www.periodicolapislazuli.com\/noticias\/wp-json\/wp\/v2\/types\/post"}],"author":[{"embeddable":true,"href":"https:\/\/www.periodicolapislazuli.com\/noticias\/wp-json\/wp\/v2\/users\/1"}],"replies":[{"embeddable":true,"href":"https:\/\/www.periodicolapislazuli.com\/noticias\/wp-json\/wp\/v2\/comments?post=3148"}],"version-history":[{"count":1,"href":"https:\/\/www.periodicolapislazuli.com\/noticias\/wp-json\/wp\/v2\/posts\/3148\/revisions"}],"predecessor-version":[{"id":3150,"href":"https:\/\/www.periodicolapislazuli.com\/noticias\/wp-json\/wp\/v2\/posts\/3148\/revisions\/3150"}],"wp:featuredmedia":[{"embeddable":true,"href":"https:\/\/www.periodicolapislazuli.com\/noticias\/wp-json\/wp\/v2\/media\/3149"}],"wp:attachment":[{"href":"https:\/\/www.periodicolapislazuli.com\/noticias\/wp-json\/wp\/v2\/media?parent=3148"}],"wp:term":[{"taxonomy":"category","embeddable":true,"href":"https:\/\/www.periodicolapislazuli.com\/noticias\/wp-json\/wp\/v2\/categories?post=3148"},{"taxonomy":"post_tag","embeddable":true,"href":"https:\/\/www.periodicolapislazuli.com\/noticias\/wp-json\/wp\/v2\/tags?post=3148"}],"curies":[{"name":"wp","href":"https:\/\/api.w.org\/{rel}","templated":true}]}}