{"id":1703,"date":"2018-03-05T19:25:42","date_gmt":"2018-03-05T19:25:42","guid":{"rendered":"http:\/\/www.periodicolapislazuli.com\/noticias\/?p=1703"},"modified":"2018-03-05T19:25:43","modified_gmt":"2018-03-05T19:25:43","slug":"sergio-ramirez-ganador-del-premio-cervantes-esta-bogota","status":"publish","type":"post","link":"https:\/\/www.periodicolapislazuli.com\/noticias\/sergio-ramirez-ganador-del-premio-cervantes-esta-bogota\/","title":{"rendered":"Sergio Ram\u00edrez, ganador del Premio Cervantes, est\u00e1 en Bogot\u00e1"},"content":{"rendered":"<div class='booster-block booster-read-block'>\n                <div class=\"twp-read-time\">\n                \t<i class=\"booster-icon twp-clock\"><\/i> <span>Read Time:<\/span>4 Minute, 36 Second                <\/div>\n\n            <\/div><div align=\"justify\">\n<p>Sergio Ram\u00edrez, el primer autor nicarag\u00fcense en recibir el Premio Cervantes (2017), precisamente porque el jurado consider\u00f3 que refleja en sus letras \u201cla viveza de la vida cotidiana convirtiendo la realidad en una obra de arte\u201d; tendr\u00e1 a Bogot\u00e1 como musa de sus letras, a partir del pr\u00f3ximo 3 de marzo, gracias a una invitaci\u00f3n de la Alcald\u00eda Mayor, a trav\u00e9s del Instituto Distrital de las Artes \u2013 Idartes.<\/p>\n<p>Once d\u00edas pasar\u00e1 en la capital este autor, recordado por obras como <span style=\"color: #993300;\"><strong>Castigo divino (1988), Margarita, est\u00e1 linda la mar (1998) y Ya nadie llora por m\u00ed (2017)<\/strong><\/span>; ya que har\u00e1 parte del programa Bogot\u00e1 Contada del Idartes, en el que son convocados escritores de habla hispana para que recorran la ciudad, se inspiren, compartan con sus lectores, y, al final, creen un texto sobre aquello de la urbe que m\u00e1s les interese o sorprenda.<\/p>\n<p>\u201cEsta es la quinta edici\u00f3n de Bogot\u00e1 Contada y decidimos invitar a Sergio Ram\u00edrez ya que en alg\u00fan momento nos dimos cuenta de lo importante que era tener en el programa la visita de un escritor de Nicaragua, ya que no hab\u00eda venido nadie de ese pa\u00eds. Cursamos la invitaci\u00f3n antes de que \u00e9l recibiera el Premio Cervantes, que es nuestro Nobel de la Lengua Espa\u00f1ola, y podemos decir que el recorrido que har\u00e1 por la ciudad nos alegra, no solo por su trayectoria, por ser un referente, sino por la vigencia que tiene en este momento su obra\u201d, detalla Alejandro Fl\u00f3rez, gerente de Literatura del Idartes.<\/p>\n<blockquote><p>Agenda de Sergio Ram\u00edrez en Bogot\u00e1<\/p><\/blockquote>\n<p>Su primera cita con el p\u00fablico capitalino tendr\u00e1 lugar el lunes 5 de marzo con Hablemos de poes\u00eda con Sergio Ram\u00edrez en conversaci\u00f3n con Federico D\u00edaz-Granados, en Teatrino Gimnasio Moderno (Calle 74 # 9 \u2013 24), 6:30 p.m. El 7 de marzo, presentar\u00e1 su libro Ya nadie llora por m\u00ed, en conversaci\u00f3n con Juan Gabriel V\u00e1squez, a las 6:30 p.m., en la Librer\u00eda Lerner Norte (Carrera 11 No. 93a \u2013 43).<\/p>\n<p><strong>El jueves 8 de marzo, el escritor estar\u00e1 en el Encuentro Distrital de Escritura Creativa. La estructura Narrativa, en el cual conversar\u00e1 con Mario Jursich, una cita en el Centro Cultural Gabriel Garc\u00eda M\u00e1rquez. Fondo de Cultura Econ\u00f3mico. Auditorio Rogelio Salmona (Calle 11 No. 5 \u2013 60),<\/strong> a las 6:00 p.m. Al d\u00eda siguiente tendr\u00e1 lugar el Encuentro con el autor. Conversaci\u00f3n con el promotor de lectura Facundo Mercadante, a las 4:00 p.m., en el Centro Cultural y Biblioteca P\u00fablica Julio Mario Santo Domingo (Avenida Calle 170 No. 67 &#8211; 51).<\/p>\n<p>Narrativas y construcci\u00f3n de memoria, ser\u00e1 el t\u00edtulo de la conversaci\u00f3n de Ram\u00edrez en el Centro de Memoria, Paz y Reconciliaci\u00f3n (Carrera 19B No. 24 \u2013 86), el s\u00e1bado 10, a las 9:00 a.m., ese mismo d\u00eda, a las 5:00 p.m., ser\u00e1 el segundo encuentro con el autor, en una conversaci\u00f3n con el promotor de lectura Andr\u00e9s Barrag\u00e1n en la Biblioteca Restrepo (Transversal 21A No. 19 &#8211; 54 Sur).<\/p>\n<p>En el la Biblioteca del Centro de Gesti\u00f3n Industrial y Metrolog\u00eda de Sena, ubicado en el auditorio Torre oriental (Calle 15 No. 31- 42), a las 2:00 p.m., el lunes 12 de marzo, el creador literario tendr\u00e1 otra conversaci\u00f3n con el p\u00fablico.<\/p>\n<p>Finalmente, el martes 13 de marzo 13, Ram\u00edrez estar\u00e1 en el conversatorio La necesidad de escribir historias, con Enrique Winter, Jer\u00f3nimo Pizarro y Mario Barrero Fajardo, a las 11:00 a.m., en la Universidad de los Andes.<\/p>\n<p>Sobre el autor<\/p>\n<p>Sergio Ram\u00edrez. Foto: Daniel Mordinski<\/p>\n<p>Adem\u00e1s de escritor, Sergio Ram\u00edrez se ha desempe\u00f1ado como periodista, pol\u00edtico y abogado.<\/p>\n<p>Su primera novela publicada fue Tiempo de fulgor (1970), aunque desde la d\u00e9cada de 1960 hab\u00eda dado a conocer diferentes cuentos.<\/p>\n<p>Con Castigo divino (1988), novela policiaca que incluye temas como el amor, el sexo, la intriga pol\u00edtica y el poder, obtuvo el Premio Dashiell Hammett en Espa\u00f1a, y el Independent Press Award, Nueva York, 2017.<\/p>\n<p>Luego, con Un baile de m\u00e1scaras, gan\u00f3 el Premio Laure Bataillon a la mejor novela extranjera traducida en Francia en 1998. Su obra Margarita, est\u00e1 linda la mar gan\u00f3 el Premio Alfaguara en 1998, adem\u00e1s de recibir el Premio Latinoamericano Jos\u00e9 Mar\u00eda Arguedas, otorgado por Casa de las Am\u00e9ricas en Cuba.<\/p>\n<blockquote><p>Otros de sus libros son Mentiras verdaderas (ensayos sobre la creaci\u00f3n literaria, 2001); los vol\u00famenes de cuentos Catalina y Catalina (2001), El reino animal (2007), y Flores oscuras (2013); as\u00ed como las novelas Sombras nada m\u00e1s (2002), Mil y una muertes (2005), El cielo llora por m\u00ed (2008), La fugitiva (2011), que obtuvo el premio Bleu Metropole en Montreal, Canad\u00e1, en 2013, Sara en 2015.<\/p><\/blockquote>\n<p>Tambi\u00e9n ha publicado sus memorias de la revoluci\u00f3n, Adi\u00f3s muchachos (1999). Bajo el sello del Fondo de Cultura Econ\u00f3mica han aparecido sus Cuentos completos en 2014.<\/p>\n<p>Entre sus reconocimientos est\u00e1n el Premio Iberoamericano de Letras Jos\u00e9 Donoso por el conjunto de su obra literaria (Chile, 2011); el Premio Internacional Carlos Fuentes a la Creaci\u00f3n Literaria en Idioma Espa\u00f1ol (M\u00e9xico, 2014) y el Premio Miguel de Cervantes (Espa\u00f1a, 2017).<\/p>\n<p>Sus letras han sido traducidas a m\u00e1s de quince idiomas.<\/p>\n<p>Este profesor visitante de la Universidad de Harvard, recibi\u00f3 adem\u00e1s la Beca Guggenheim, lo mismo que la Orden de las Artes y las Letras de Francia, la Cruz al M\u00e9rito, de Alemania; y la Orden Isabel la Cat\u00f3lica de Espa\u00f1a. Es Doctor Honoris Causa de la Universidad de Chile.<\/p>\n<p>Es presidente del Encuentro de escritores Centroam\u00e9rica Cuenta y director de la evista electr\u00f3nica Car\u00e1tula.<\/p>\n<p>El pasado 2017, Ram\u00edrez public\u00f3 Ya nadie llora por m\u00ed.<\/p>\n<\/div>\n<div class=\"pvc_clear\"><\/div>\n<p id=\"pvc_stats_1703\" class=\"pvc_stats all  \" data-element-id=\"1703\" style=\"\"><i class=\"pvc-stats-icon large\" aria-hidden=\"true\"><svg aria-hidden=\"true\" focusable=\"false\" data-prefix=\"far\" data-icon=\"chart-bar\" role=\"img\" xmlns=\"http:\/\/www.w3.org\/2000\/svg\" viewBox=\"0 0 512 512\" class=\"svg-inline--fa fa-chart-bar fa-w-16 fa-2x\"><path fill=\"currentColor\" d=\"M396.8 352h22.4c6.4 0 12.8-6.4 12.8-12.8V108.8c0-6.4-6.4-12.8-12.8-12.8h-22.4c-6.4 0-12.8 6.4-12.8 12.8v230.4c0 6.4 6.4 12.8 12.8 12.8zm-192 0h22.4c6.4 0 12.8-6.4 12.8-12.8V140.8c0-6.4-6.4-12.8-12.8-12.8h-22.4c-6.4 0-12.8 6.4-12.8 12.8v198.4c0 6.4 6.4 12.8 12.8 12.8zm96 0h22.4c6.4 0 12.8-6.4 12.8-12.8V204.8c0-6.4-6.4-12.8-12.8-12.8h-22.4c-6.4 0-12.8 6.4-12.8 12.8v134.4c0 6.4 6.4 12.8 12.8 12.8zM496 400H48V80c0-8.84-7.16-16-16-16H16C7.16 64 0 71.16 0 80v336c0 17.67 14.33 32 32 32h464c8.84 0 16-7.16 16-16v-16c0-8.84-7.16-16-16-16zm-387.2-48h22.4c6.4 0 12.8-6.4 12.8-12.8v-70.4c0-6.4-6.4-12.8-12.8-12.8h-22.4c-6.4 0-12.8 6.4-12.8 12.8v70.4c0 6.4 6.4 12.8 12.8 12.8z\" class=\"\"><\/path><\/svg><\/i> <img decoding=\"async\" width=\"16\" height=\"16\" alt=\"Loading\" src=\"https:\/\/www.periodicolapislazuli.com\/noticias\/wp-content\/plugins\/page-views-count\/ajax-loader-2x.gif\" border=0 \/><\/p>\n<div class=\"pvc_clear\"><\/div>\n        <div class=\"booster-block booster-reactions-block\">\n            <div class=\"twp-reactions-icons\">\n                \n                <div class=\"twp-reacts-wrap\">\n                    <a react-data=\"be-react-1\" post-id=\"1703\" class=\"be-face-icons un-reacted\" href=\"javascript:void(0)\">\n                        <img decoding=\"async\" src=\"https:\/\/www.periodicolapislazuli.com\/noticias\/wp-content\/plugins\/booster-extension\/\/assets\/icon\/happy.svg\" alt=\"Happy\">\n                    <\/a>\n                    <div class=\"twp-reaction-title\">\n                        Happy                    <\/div>\n                    <div class=\"twp-count-percent\">\n                                                    <span style=\"display: none;\" class=\"twp-react-count\">0<\/span>\n                        \n                                                <span class=\"twp-react-percent\"><span>0<\/span> %<\/span>\n                                            <\/div>\n                <\/div>\n\n                <div class=\"twp-reacts-wrap\">\n                    <a react-data=\"be-react-2\" post-id=\"1703\" class=\"be-face-icons un-reacted\" href=\"javascript:void(0)\">\n                        <img decoding=\"async\" src=\"https:\/\/www.periodicolapislazuli.com\/noticias\/wp-content\/plugins\/booster-extension\/\/assets\/icon\/sad.svg\" alt=\"Sad\">\n                    <\/a>\n                    <div class=\"twp-reaction-title\">\n                        Sad                    <\/div>\n                    <div class=\"twp-count-percent\">\n                                                    <span style=\"display: none;\" class=\"twp-react-count\">0<\/span>\n                                                                        <span class=\"twp-react-percent\"><span>0<\/span> %<\/span>\n                                            <\/div>\n                <\/div>\n\n                <div class=\"twp-reacts-wrap\">\n                    <a react-data=\"be-react-3\" post-id=\"1703\" class=\"be-face-icons un-reacted\" href=\"javascript:void(0)\">\n                        <img decoding=\"async\" src=\"https:\/\/www.periodicolapislazuli.com\/noticias\/wp-content\/plugins\/booster-extension\/\/assets\/icon\/excited.svg\" alt=\"Excited\">\n                    <\/a>\n                    <div class=\"twp-reaction-title\">\n                        Excited                    <\/div>\n                    <div class=\"twp-count-percent\">\n                                                    <span style=\"display: none;\" class=\"twp-react-count\">0<\/span>\n                                                                        <span class=\"twp-react-percent\"><span>0<\/span> %<\/span>\n                                            <\/div>\n                <\/div>\n\n                <div class=\"twp-reacts-wrap\">\n                    <a react-data=\"be-react-6\" post-id=\"1703\" class=\"be-face-icons un-reacted\" href=\"javascript:void(0)\">\n                        <img decoding=\"async\" src=\"https:\/\/www.periodicolapislazuli.com\/noticias\/wp-content\/plugins\/booster-extension\/\/assets\/icon\/sleepy.svg\" alt=\"Sleepy\">\n                    <\/a>\n                    <div class=\"twp-reaction-title\">\n                        Sleepy                    <\/div>\n                    <div class=\"twp-count-percent\">\n                                                    <span style=\"display: none;\" class=\"twp-react-count\">0<\/span>\n                        \n                                                <span class=\"twp-react-percent\"><span>0<\/span> %<\/span>\n                                            <\/div>\n                <\/div>\n\n                <div class=\"twp-reacts-wrap\">\n                    <a react-data=\"be-react-4\" post-id=\"1703\" class=\"be-face-icons un-reacted\" href=\"javascript:void(0)\">\n                        <img decoding=\"async\" src=\"https:\/\/www.periodicolapislazuli.com\/noticias\/wp-content\/plugins\/booster-extension\/\/assets\/icon\/angry.svg\" alt=\"Angry\">\n                    <\/a>\n                    <div class=\"twp-reaction-title\">Angry<\/div>\n                    <div class=\"twp-count-percent\">\n                                                    <span style=\"display: none;\" class=\"twp-react-count\">0<\/span>\n                                                                        <span class=\"twp-react-percent\"><span>0<\/span> %<\/span>\n                        \n                    <\/div>\n                <\/div>\n\n                <div class=\"twp-reacts-wrap\">\n                    <a react-data=\"be-react-5\" post-id=\"1703\" class=\"be-face-icons un-reacted\" href=\"javascript:void(0)\">\n                        <img decoding=\"async\" src=\"https:\/\/www.periodicolapislazuli.com\/noticias\/wp-content\/plugins\/booster-extension\/\/assets\/icon\/surprise.svg\" alt=\"Surprise\">\n                    <\/a>\n                    <div class=\"twp-reaction-title\">Surprise<\/div>\n                    <div class=\"twp-count-percent\">\n                                                    <span style=\"display: none;\" class=\"twp-react-count\">0<\/span>\n                                                                        <span class=\"twp-react-percent\"><span>0<\/span> %<\/span>\n                                            <\/div>\n                <\/div>\n\n            <\/div>\n        <\/div>\n\n    ","protected":false},"excerpt":{"rendered":"<p>Sergio Ram\u00edrez, el primer autor nicarag\u00fcense en recibir el Premio Cervantes (2017), precisamente porque el jurado consider\u00f3 que refleja en sus letras \u201cla viveza de la vida cotidiana convirtiendo la realidad en una obra de arte<\/p>\n<div class=\"pvc_clear\"><\/div>\n<p id=\"pvc_stats_1703\" class=\"pvc_stats all  \" data-element-id=\"1703\" style=\"\"><i class=\"pvc-stats-icon large\" aria-hidden=\"true\"><svg aria-hidden=\"true\" focusable=\"false\" data-prefix=\"far\" data-icon=\"chart-bar\" role=\"img\" xmlns=\"http:\/\/www.w3.org\/2000\/svg\" viewBox=\"0 0 512 512\" class=\"svg-inline--fa fa-chart-bar fa-w-16 fa-2x\"><path fill=\"currentColor\" d=\"M396.8 352h22.4c6.4 0 12.8-6.4 12.8-12.8V108.8c0-6.4-6.4-12.8-12.8-12.8h-22.4c-6.4 0-12.8 6.4-12.8 12.8v230.4c0 6.4 6.4 12.8 12.8 12.8zm-192 0h22.4c6.4 0 12.8-6.4 12.8-12.8V140.8c0-6.4-6.4-12.8-12.8-12.8h-22.4c-6.4 0-12.8 6.4-12.8 12.8v198.4c0 6.4 6.4 12.8 12.8 12.8zm96 0h22.4c6.4 0 12.8-6.4 12.8-12.8V204.8c0-6.4-6.4-12.8-12.8-12.8h-22.4c-6.4 0-12.8 6.4-12.8 12.8v134.4c0 6.4 6.4 12.8 12.8 12.8zM496 400H48V80c0-8.84-7.16-16-16-16H16C7.16 64 0 71.16 0 80v336c0 17.67 14.33 32 32 32h464c8.84 0 16-7.16 16-16v-16c0-8.84-7.16-16-16-16zm-387.2-48h22.4c6.4 0 12.8-6.4 12.8-12.8v-70.4c0-6.4-6.4-12.8-12.8-12.8h-22.4c-6.4 0-12.8 6.4-12.8 12.8v70.4c0 6.4 6.4 12.8 12.8 12.8z\" class=\"\"><\/path><\/svg><\/i> <img decoding=\"async\" width=\"16\" height=\"16\" alt=\"Loading\" src=\"https:\/\/www.periodicolapislazuli.com\/noticias\/wp-content\/plugins\/page-views-count\/ajax-loader-2x.gif\" border=0 \/><\/p>\n<div class=\"pvc_clear\"><\/div>\n","protected":false},"author":1,"featured_media":1704,"comment_status":"closed","ping_status":"open","sticky":false,"template":"","format":"standard","meta":{"om_disable_all_campaigns":false,"pagelayer_contact_templates":[],"_pagelayer_content":"","_monsterinsights_skip_tracking":false,"_monsterinsights_sitenote_active":false,"_monsterinsights_sitenote_note":"","_monsterinsights_sitenote_category":0,"footnotes":""},"categories":[3,5,29],"tags":[48,73,262,182,47,885,32,886,884],"class_list":["post-1703","post","type-post","status-publish","format-standard","has-post-thumbnail","hentry","category-actualidad","category-eventos","category-poesia","tag-bogota","tag-cultura","tag-evento","tag-idartes","tag-literatura","tag-nicaragua","tag-poesia","tag-premio-cervantes","tag-sergio-ramirez"],"a3_pvc":{"activated":true,"total_views":446,"today_views":0},"jetpack_featured_media_url":"https:\/\/www.periodicolapislazuli.com\/noticias\/wp-content\/uploads\/2018\/03\/o3.jpg","_links":{"self":[{"href":"https:\/\/www.periodicolapislazuli.com\/noticias\/wp-json\/wp\/v2\/posts\/1703","targetHints":{"allow":["GET"]}}],"collection":[{"href":"https:\/\/www.periodicolapislazuli.com\/noticias\/wp-json\/wp\/v2\/posts"}],"about":[{"href":"https:\/\/www.periodicolapislazuli.com\/noticias\/wp-json\/wp\/v2\/types\/post"}],"author":[{"embeddable":true,"href":"https:\/\/www.periodicolapislazuli.com\/noticias\/wp-json\/wp\/v2\/users\/1"}],"replies":[{"embeddable":true,"href":"https:\/\/www.periodicolapislazuli.com\/noticias\/wp-json\/wp\/v2\/comments?post=1703"}],"version-history":[{"count":1,"href":"https:\/\/www.periodicolapislazuli.com\/noticias\/wp-json\/wp\/v2\/posts\/1703\/revisions"}],"predecessor-version":[{"id":1705,"href":"https:\/\/www.periodicolapislazuli.com\/noticias\/wp-json\/wp\/v2\/posts\/1703\/revisions\/1705"}],"wp:featuredmedia":[{"embeddable":true,"href":"https:\/\/www.periodicolapislazuli.com\/noticias\/wp-json\/wp\/v2\/media\/1704"}],"wp:attachment":[{"href":"https:\/\/www.periodicolapislazuli.com\/noticias\/wp-json\/wp\/v2\/media?parent=1703"}],"wp:term":[{"taxonomy":"category","embeddable":true,"href":"https:\/\/www.periodicolapislazuli.com\/noticias\/wp-json\/wp\/v2\/categories?post=1703"},{"taxonomy":"post_tag","embeddable":true,"href":"https:\/\/www.periodicolapislazuli.com\/noticias\/wp-json\/wp\/v2\/tags?post=1703"}],"curies":[{"name":"wp","href":"https:\/\/api.w.org\/{rel}","templated":true}]}}