{"id":1699,"date":"2018-03-05T17:40:30","date_gmt":"2018-03-05T17:40:30","guid":{"rendered":"http:\/\/www.periodicolapislazuli.com\/noticias\/?p=1699"},"modified":"2018-03-05T17:40:30","modified_gmt":"2018-03-05T17:40:30","slug":"sergio-ramirez-conversara-mario-jurisch-encuentro-distrital-escrituras-creativa","status":"publish","type":"post","link":"https:\/\/www.periodicolapislazuli.com\/noticias\/sergio-ramirez-conversara-mario-jurisch-encuentro-distrital-escrituras-creativa\/","title":{"rendered":"Sergio Ram\u00edrez conversar\u00e1 con Mario Jurisch en el Encuentro Distrital de Escrituras Creativa"},"content":{"rendered":"<div class='booster-block booster-read-block'>\n                <div class=\"twp-read-time\">\n                \t<i class=\"booster-icon twp-clock\"><\/i> <span>Read Time:<\/span>5 Minute, 0 Second                <\/div>\n\n            <\/div><div align=\"justify\">\n<blockquote><p>El Encuentro Distrital de Escrituras Creativas (EDEC) del pr\u00f3ximo 8 de marzo ser\u00e1 de gran inter\u00e9s. El escritor nicarag\u00fcense Sergio Ram\u00edrez conversar\u00e1 con Mario Jurisch sobre la estructura narrativa. No se lo pierdan.\u00bb<\/p><\/blockquote>\n<p><img fetchpriority=\"high\" decoding=\"async\" class=\"wp-image-1700 size-full aligncenter\" src=\"http:\/\/www.periodicolapislazuli.com\/noticias\/wp-content\/uploads\/2018\/03\/28378003_10155090352336949_5551218282410242906_n.jpg\" alt=\"\" width=\"643\" height=\"960\" srcset=\"https:\/\/www.periodicolapislazuli.com\/noticias\/wp-content\/uploads\/2018\/03\/28378003_10155090352336949_5551218282410242906_n.jpg 643w, https:\/\/www.periodicolapislazuli.com\/noticias\/wp-content\/uploads\/2018\/03\/28378003_10155090352336949_5551218282410242906_n-201x300.jpg 201w, https:\/\/www.periodicolapislazuli.com\/noticias\/wp-content\/uploads\/2018\/03\/28378003_10155090352336949_5551218282410242906_n-335x500.jpg 335w\" sizes=\"(max-width: 643px) 100vw, 643px\" \/><\/p>\n<p>&nbsp;<\/p>\n<hr \/>\n<p>&nbsp;<\/p>\n<p><img decoding=\"async\" class=\"alignnone size-medium\" src=\"https:\/\/www.idartes.gov.co\/sites\/default\/files\/styles\/crop_imgpricipaleventos\/public\/evento\/Gimnasio%20Moderno.jpg\" width=\"1140\" height=\"311\" \/><\/p>\n<p>El escritor nicarag\u00fcense<strong> Sergio Ram\u00edrez<\/strong> invitado a <strong>Bogot\u00e1 Contada 5<\/strong>, conversar\u00e1 con el poeta colombiano <strong>Federico D\u00edaz-Granados.<\/strong><\/p>\n<p>Fuente:<\/p>\n<hr \/>\n<div class=\"group-header\">\n<blockquote>\n<h2><\/h2>\n<h2 class=\"field field--name-node-title field--type-ds field--label-hidden field__item\" style=\"text-align: center;\"><span style=\"color: #800000;\">Sergio Ram\u00edrez contar\u00e1 su propia Bogot\u00e1<\/span><\/h2>\n<\/blockquote>\n<div class=\"field field--name-user field--type-ds field--label-inline\">\n<div class=\"field__label\"><\/div>\n<div class=\"field__item\">\n<article class=\"profile\">\n<div class=\"field field--name-field-nombre-completo field--type-string field--label-above\">\n<div class=\"field__label\"><\/div>\n<\/div>\n<\/article>\n<\/div>\n<\/div>\n<\/div>\n<div class=\"group-right\">\n<div class=\"blazy field field--name-field-imagen-cuerpo field--type-image field--label-hidden field__item\" data-blazy=\"\">\n<div class=\"media media--blazy media--responsive media--image\">Fuente: IDARTES, . Hablemos de poes\u00eda con Sergio Ram\u00edrez<br \/>\n<a href=\"https:\/\/www.idartes.gov.co\/es\/agenda\/conversatorio\/hablemos-de-poesia-con-sergio-ramirez\" target=\"_blank\" rel=\"noopener\">Daniel Stiven Grajales<\/a><\/div>\n<div>Idartes.gov.co<\/div>\n<div class=\"media media--blazy media--responsive media--image\"><\/div>\n<div class=\"blazy__caption\">\n<h2 class=\"blazy__title\">Algunos libros de Sergio Ram\u00edrez.<\/h2>\n<\/div>\n<\/div>\n<div class=\"clearfix text-formatted field field--name-field-contenido field--type-text-long field--label-above\">\n<div class=\"field__label\"><\/div>\n<div class=\"field__item\">\n<p><strong>Sergio Ram\u00edrez, el primer autor nicarag\u00fcense en recibir el Premio Cervantes (2017), <\/strong>precisamente porque el jurado consider\u00f3 que refleja en sus letras \u201cla viveza de la vida cotidiana convirtiendo la realidad en una obra de arte\u201d; tendr\u00e1 a Bogot\u00e1 como musa de sus letras, a partir del pr\u00f3ximo 3 de marzo<strong>,<\/strong> gracias a una invitaci\u00f3n de la<strong> Alcald\u00eda Mayor, <\/strong>a trav\u00e9s del<strong> Instituto Distrital de las Artes \u2013 Idartes<\/strong>.<\/p>\n<p>Once d\u00edas pasar\u00e1 en la capital este autor, recordado por obras como <em>Castigo divino<\/em> (1988), <em>Margarita, est\u00e1 linda la mar <\/em>(1998) y <em>Ya nadie llora por m\u00ed <\/em>(2017); ya que har\u00e1 parte del programa <strong>Bogot\u00e1 Contada del Idartes<\/strong>, en el que son convocados escritores de habla hispana para que recorran la ciudad, se inspiren, compartan con sus lectores, y, al final, creen un texto sobre aquello de la urbe que m\u00e1s les interese o sorprenda.<\/p>\n<p>\u201cEsta es la quinta edici\u00f3n de <strong>Bogot\u00e1 Contada<\/strong> y decidimos invitar a Sergio Ram\u00edrez ya que en alg\u00fan momento nos dimos cuenta de lo importante que era tener en el programa la visita de un escritor de Nicaragua, ya que no hab\u00eda venido nadie de ese pa\u00eds. Cursamos la invitaci\u00f3n antes de que \u00e9l recibiera el <em>Premio Cervantes<\/em>, que es nuestro <em>Nobel<\/em> de la Lengua Espa\u00f1ola, y podemos decir que el recorrido que har\u00e1 por la ciudad nos alegra, no solo por su trayectoria, por ser un referente, sino por la vigencia que tiene en este momento su obra\u201d, detalla Alejandro Fl\u00f3rez, gerente de Literatura del Idartes.<\/p>\n<p><strong>Agenda de Sergio Ram\u00edrez en Bogot\u00e1<\/strong><\/p>\n<p>Su primera cita con el p\u00fablico capitalino tendr\u00e1 lugar el lunes 5 de marzo con <em>Hablemos de poes\u00eda con Sergio Ram\u00edrez<\/em> en conversaci\u00f3n con Federico D\u00edaz-Granados, en Teatrino Gimnasio Moderno (Calle 74 # 9 \u2013 24), 6:30 p.m. El 7 de marzo, presentar\u00e1 su libro Ya nadie llora por m\u00ed, en conversaci\u00f3n con Juan Gabriel V\u00e1squez, a las 6:30 p.m., en la Librer\u00eda Lerner Norte (Carrera 11 No. 93a \u2013 43).<\/p>\n<p>El jueves 8 de marzo, el escritor estar\u00e1 en el <strong><em>Encuentro Distrital de Escritura Creativa. La estructura Narrativa<\/em><\/strong>, en el cual conversar\u00e1 con Mario Jursich, una cita en el Centro Cultural Gabriel Garc\u00eda M\u00e1rquez. Fondo de Cultura Econ\u00f3mico. Auditorio Rogelio Salmona (Calle 11 No. 5 \u2013 60), a las 6:00 p.m. Al d\u00eda siguiente tendr\u00e1 lugar el Encuentro con el autor. Conversaci\u00f3n con el promotor de lectura Facundo Mercadante, a las 4:00 p.m., en el Centro Cultural y Biblioteca P\u00fablica Julio Mario Santo Domingo (Avenida Calle 170 No. 67 &#8211; 51).<\/p>\n<p><strong><em>Narrativas y construcci\u00f3n de memoria<\/em><\/strong>, ser\u00e1 el t\u00edtulo de la conversaci\u00f3n de Ram\u00edrez en el Centro de Memoria, Paz y Reconciliaci\u00f3n (Carrera 19B No. 24 \u2013 86), el s\u00e1bado 10, a las 9:00 a.m., ese mismo d\u00eda, a las 5:00 p.m., ser\u00e1 el segundo encuentro con el autor, en una conversaci\u00f3n con el promotor de lectura Andr\u00e9s Barrag\u00e1n en la Biblioteca Restrepo (Transversal 21A No. 19 &#8211; 54 Sur).<\/p>\n<p>En el la Biblioteca del Centro de Gesti\u00f3n Industrial y Metrolog\u00eda de Sena, ubicado en el auditorio Torre oriental (Calle 15 No. 31- 42), a las 2:00 p.m., el lunes 12 de marzo, el creador literario tendr\u00e1 otra conversaci\u00f3n con el p\u00fablico.<\/p>\n<p>Finalmente, el martes 13 de marzo 13, Ram\u00edrez estar\u00e1 en el conversatorio<em> La necesidad de escribir historias<\/em>, con Enrique Winter, Jer\u00f3nimo Pizarro y Mario Barrero Fajardo, a las 11:00 a.m., en la Universidad de los Andes.<\/p>\n<p>&nbsp;<\/p>\n<p class=\"text-align-center\"><strong>Sobre el autor<\/strong><\/p>\n<p><img decoding=\"async\" class=\"align-center alignleft\" src=\"http:\/\/www.idartes.gov.co\/sites\/default\/files\/inline-images\/Fotograf%C3%ADa%20Sergio%20Ram%C3%ADrez.jpg\" alt=\"Sergio Ram\u00edrez. Foto: Daniel Mordinski\" width=\"239\" height=\"359\" data-entity-type=\"file\" data-entity-uuid=\"86d6eac6-a5c2-4cc0-a530-8d3404af45fe\" \/><\/p>\n<h6 class=\"text-align-center\">Sergio Ram\u00edrez. Foto: Daniel Mordinski<\/h6>\n<p>&nbsp;<\/p>\n<p>Adem\u00e1s de escritor, Sergio Ram\u00edrez se ha desempe\u00f1ado como periodista, pol\u00edtico y abogado.<\/p>\n<p>Su primera novela publicada fue <em>Tiempo de fulgor<\/em> (1970), aunque desde la d\u00e9cada de 1960 hab\u00eda dado a conocer diferentes cuentos.<\/p>\n<p>Con Castigo divino (1988), novela policiaca que incluye temas como el amor, el sexo, la intriga pol\u00edtica y el poder, obtuvo el <em>Premio Dashiell Hammett<\/em> en Espa\u00f1a, y el <em>Independent Press Award<\/em>, Nueva York, 2017.<\/p>\n<p>Luego, con <em>Un baile de m\u00e1scaras, <\/em>gan\u00f3 el <em>Premio Laure Bataillon<\/em> a la mejor novela extranjera traducida en Francia en 1998. Su obra <em>Margarita, est\u00e1 linda la ma<\/em>r gan\u00f3 el<em> Premio Alfaguara<\/em> en 1998, adem\u00e1s de recibir el <em>Premio Latinoamericano Jos\u00e9 Mar\u00eda Arguedas,<\/em> otorgado por Casa de las Am\u00e9ricas en Cuba.<\/p>\n<p><span lang=\"ES-NI\" xml:lang=\"ES-NI\">Otros de sus libros son <em>Mentiras verdaderas<\/em><\/span><span lang=\"ES-NI\" xml:lang=\"ES-NI\"> (ensayos sobre la creaci\u00f3n literaria, 2001); los vol\u00famenes de cuentos <em>Catalina y Catalina<\/em> (2001), <em>El reino animal <\/em>(2007), y <em>Flores oscuras<\/em> (2013); as\u00ed como las novelas <em>Sombras nada m\u00e1s <\/em>(2002),<em> Mil y una muertes <\/em>(2005),<em> El cielo llora por m\u00ed <\/em>(2008), <em>La fugitiva <\/em>(2011), <\/span><span lang=\"ES-NI\" xml:lang=\"ES-NI\">que obtuvo el premio Bleu Metropole en Montreal, Canad\u00e1, en 2013, <em>Sara <\/em>en 2015<\/span><span lang=\"ES-NI\" xml:lang=\"ES-NI\">. <\/span><\/p>\n<p><span lang=\"ES-NI\" xml:lang=\"ES-NI\">Tambi\u00e9n ha publicado sus memorias de la revoluci\u00f3n, <em>Adi\u00f3s muchachos <\/em>(1999). Bajo el sello del Fondo de Cultura Econ\u00f3mica han aparecido sus <em>Cuentos completos <\/em>en 2014.<\/span><\/p>\n<p><strong><span lang=\"ES-NI\" xml:lang=\"ES-NI\">Entre sus reconocimientos est\u00e1n el <em>Premio Iberoamericano de Letras Jos\u00e9 Donoso<\/em> por el conjunto de su obra literaria (Chile, 2011); el Premio Internacional Carlos Fuentes a la Creaci\u00f3n Literaria en Idioma Espa\u00f1ol (M\u00e9xico, 2014) y el <em>Premio Miguel de Cervantes<\/em> (Espa\u00f1a, 2017). <\/span><\/strong><\/p>\n<p><span lang=\"ES-NI\" xml:lang=\"ES-NI\">Sus letras han sido traducidas a m\u00e1s de quince idiomas.<\/span><\/p>\n<p><span lang=\"ES-NI\" xml:lang=\"ES-NI\">Este profesor visitante de la Universidad de Harvard, recibi\u00f3 adem\u00e1s la <em>Beca Guggenheim<\/em>, lo mismo que la <em>Orden de las Artes y las Letras <\/em>de Francia, la <em>Cruz al M\u00e9rito,<\/em> de Alemania; y la <em>Orden Isabel la Cat\u00f3lica<\/em> de Espa\u00f1a. Es <em>Doctor Honoris Causa <\/em>de la Universidad de Chile.<\/span><\/p>\n<p><span lang=\"ES-NI\" xml:lang=\"ES-NI\">Es presidente del <em>Encuentro de escritores Centroam\u00e9rica Cuenta<\/em> y director de la evista electr\u00f3nica<em> Car\u00e1tula<\/em>.<\/span><\/p>\n<p><span lang=\"ES-NI\" xml:lang=\"ES-NI\">El pasado 2017, Ram\u00edrez public\u00f3 <em>Ya nadie llora por m\u00ed<\/em>.<\/span><\/p>\n<\/div>\n<\/div>\n<\/div>\n<\/div>\n<div class=\"pvc_clear\"><\/div>\n<p id=\"pvc_stats_1699\" class=\"pvc_stats all  \" data-element-id=\"1699\" style=\"\"><i class=\"pvc-stats-icon large\" aria-hidden=\"true\"><svg aria-hidden=\"true\" focusable=\"false\" data-prefix=\"far\" data-icon=\"chart-bar\" role=\"img\" xmlns=\"http:\/\/www.w3.org\/2000\/svg\" viewBox=\"0 0 512 512\" class=\"svg-inline--fa fa-chart-bar fa-w-16 fa-2x\"><path fill=\"currentColor\" d=\"M396.8 352h22.4c6.4 0 12.8-6.4 12.8-12.8V108.8c0-6.4-6.4-12.8-12.8-12.8h-22.4c-6.4 0-12.8 6.4-12.8 12.8v230.4c0 6.4 6.4 12.8 12.8 12.8zm-192 0h22.4c6.4 0 12.8-6.4 12.8-12.8V140.8c0-6.4-6.4-12.8-12.8-12.8h-22.4c-6.4 0-12.8 6.4-12.8 12.8v198.4c0 6.4 6.4 12.8 12.8 12.8zm96 0h22.4c6.4 0 12.8-6.4 12.8-12.8V204.8c0-6.4-6.4-12.8-12.8-12.8h-22.4c-6.4 0-12.8 6.4-12.8 12.8v134.4c0 6.4 6.4 12.8 12.8 12.8zM496 400H48V80c0-8.84-7.16-16-16-16H16C7.16 64 0 71.16 0 80v336c0 17.67 14.33 32 32 32h464c8.84 0 16-7.16 16-16v-16c0-8.84-7.16-16-16-16zm-387.2-48h22.4c6.4 0 12.8-6.4 12.8-12.8v-70.4c0-6.4-6.4-12.8-12.8-12.8h-22.4c-6.4 0-12.8 6.4-12.8 12.8v70.4c0 6.4 6.4 12.8 12.8 12.8z\" class=\"\"><\/path><\/svg><\/i> <img loading=\"lazy\" decoding=\"async\" width=\"16\" height=\"16\" alt=\"Loading\" src=\"https:\/\/www.periodicolapislazuli.com\/noticias\/wp-content\/plugins\/page-views-count\/ajax-loader-2x.gif\" border=0 \/><\/p>\n<div class=\"pvc_clear\"><\/div>\n        <div class=\"booster-block booster-reactions-block\">\n            <div class=\"twp-reactions-icons\">\n                \n                <div class=\"twp-reacts-wrap\">\n                    <a react-data=\"be-react-1\" post-id=\"1699\" class=\"be-face-icons un-reacted\" href=\"javascript:void(0)\">\n                        <img decoding=\"async\" src=\"https:\/\/www.periodicolapislazuli.com\/noticias\/wp-content\/plugins\/booster-extension\/\/assets\/icon\/happy.svg\" alt=\"Happy\">\n                    <\/a>\n                    <div class=\"twp-reaction-title\">\n                        Happy                    <\/div>\n                    <div class=\"twp-count-percent\">\n                                                    <span style=\"display: none;\" class=\"twp-react-count\">0<\/span>\n                        \n                                                <span class=\"twp-react-percent\"><span>0<\/span> %<\/span>\n                                            <\/div>\n                <\/div>\n\n                <div class=\"twp-reacts-wrap\">\n                    <a react-data=\"be-react-2\" post-id=\"1699\" class=\"be-face-icons un-reacted\" href=\"javascript:void(0)\">\n                        <img decoding=\"async\" src=\"https:\/\/www.periodicolapislazuli.com\/noticias\/wp-content\/plugins\/booster-extension\/\/assets\/icon\/sad.svg\" alt=\"Sad\">\n                    <\/a>\n                    <div class=\"twp-reaction-title\">\n                        Sad                    <\/div>\n                    <div class=\"twp-count-percent\">\n                                                    <span style=\"display: none;\" class=\"twp-react-count\">0<\/span>\n                                                                        <span class=\"twp-react-percent\"><span>0<\/span> %<\/span>\n                                            <\/div>\n                <\/div>\n\n                <div class=\"twp-reacts-wrap\">\n                    <a react-data=\"be-react-3\" post-id=\"1699\" class=\"be-face-icons un-reacted\" href=\"javascript:void(0)\">\n                        <img decoding=\"async\" src=\"https:\/\/www.periodicolapislazuli.com\/noticias\/wp-content\/plugins\/booster-extension\/\/assets\/icon\/excited.svg\" alt=\"Excited\">\n                    <\/a>\n                    <div class=\"twp-reaction-title\">\n                        Excited                    <\/div>\n                    <div class=\"twp-count-percent\">\n                                                    <span style=\"display: none;\" class=\"twp-react-count\">0<\/span>\n                                                                        <span class=\"twp-react-percent\"><span>0<\/span> %<\/span>\n                                            <\/div>\n                <\/div>\n\n                <div class=\"twp-reacts-wrap\">\n                    <a react-data=\"be-react-6\" post-id=\"1699\" class=\"be-face-icons un-reacted\" href=\"javascript:void(0)\">\n                        <img decoding=\"async\" src=\"https:\/\/www.periodicolapislazuli.com\/noticias\/wp-content\/plugins\/booster-extension\/\/assets\/icon\/sleepy.svg\" alt=\"Sleepy\">\n                    <\/a>\n                    <div class=\"twp-reaction-title\">\n                        Sleepy                    <\/div>\n                    <div class=\"twp-count-percent\">\n                                                    <span style=\"display: none;\" class=\"twp-react-count\">0<\/span>\n                        \n                                                <span class=\"twp-react-percent\"><span>0<\/span> %<\/span>\n                                            <\/div>\n                <\/div>\n\n                <div class=\"twp-reacts-wrap\">\n                    <a react-data=\"be-react-4\" post-id=\"1699\" class=\"be-face-icons un-reacted\" href=\"javascript:void(0)\">\n                        <img decoding=\"async\" src=\"https:\/\/www.periodicolapislazuli.com\/noticias\/wp-content\/plugins\/booster-extension\/\/assets\/icon\/angry.svg\" alt=\"Angry\">\n                    <\/a>\n                    <div class=\"twp-reaction-title\">Angry<\/div>\n                    <div class=\"twp-count-percent\">\n                                                    <span style=\"display: none;\" class=\"twp-react-count\">0<\/span>\n                                                                        <span class=\"twp-react-percent\"><span>0<\/span> %<\/span>\n                        \n                    <\/div>\n                <\/div>\n\n                <div class=\"twp-reacts-wrap\">\n                    <a react-data=\"be-react-5\" post-id=\"1699\" class=\"be-face-icons un-reacted\" href=\"javascript:void(0)\">\n                        <img decoding=\"async\" src=\"https:\/\/www.periodicolapislazuli.com\/noticias\/wp-content\/plugins\/booster-extension\/\/assets\/icon\/surprise.svg\" alt=\"Surprise\">\n                    <\/a>\n                    <div class=\"twp-reaction-title\">Surprise<\/div>\n                    <div class=\"twp-count-percent\">\n                                                    <span style=\"display: none;\" class=\"twp-react-count\">0<\/span>\n                                                                        <span class=\"twp-react-percent\"><span>0<\/span> %<\/span>\n                                            <\/div>\n                <\/div>\n\n            <\/div>\n        <\/div>\n\n    ","protected":false},"excerpt":{"rendered":"<p>El jueves 8 de marzo, el escritor estar\u00e1 en el Encuentro Distrital de Escritura Creativa. La estructura Narrativa, en el cual conversar\u00e1 con Mario Jursich, una cita en el Centro Cultural Gabriel Garc\u00eda M\u00e1rquez. Fondo de Cultura Econ\u00f3mico. Auditorio Rogelio Salmona.<\/p>\n<div class=\"pvc_clear\"><\/div>\n<p id=\"pvc_stats_1699\" class=\"pvc_stats all  \" data-element-id=\"1699\" style=\"\"><i class=\"pvc-stats-icon large\" aria-hidden=\"true\"><svg aria-hidden=\"true\" focusable=\"false\" data-prefix=\"far\" data-icon=\"chart-bar\" role=\"img\" xmlns=\"http:\/\/www.w3.org\/2000\/svg\" viewBox=\"0 0 512 512\" class=\"svg-inline--fa fa-chart-bar fa-w-16 fa-2x\"><path fill=\"currentColor\" d=\"M396.8 352h22.4c6.4 0 12.8-6.4 12.8-12.8V108.8c0-6.4-6.4-12.8-12.8-12.8h-22.4c-6.4 0-12.8 6.4-12.8 12.8v230.4c0 6.4 6.4 12.8 12.8 12.8zm-192 0h22.4c6.4 0 12.8-6.4 12.8-12.8V140.8c0-6.4-6.4-12.8-12.8-12.8h-22.4c-6.4 0-12.8 6.4-12.8 12.8v198.4c0 6.4 6.4 12.8 12.8 12.8zm96 0h22.4c6.4 0 12.8-6.4 12.8-12.8V204.8c0-6.4-6.4-12.8-12.8-12.8h-22.4c-6.4 0-12.8 6.4-12.8 12.8v134.4c0 6.4 6.4 12.8 12.8 12.8zM496 400H48V80c0-8.84-7.16-16-16-16H16C7.16 64 0 71.16 0 80v336c0 17.67 14.33 32 32 32h464c8.84 0 16-7.16 16-16v-16c0-8.84-7.16-16-16-16zm-387.2-48h22.4c6.4 0 12.8-6.4 12.8-12.8v-70.4c0-6.4-6.4-12.8-12.8-12.8h-22.4c-6.4 0-12.8 6.4-12.8 12.8v70.4c0 6.4 6.4 12.8 12.8 12.8z\" class=\"\"><\/path><\/svg><\/i> <img loading=\"lazy\" decoding=\"async\" width=\"16\" height=\"16\" alt=\"Loading\" src=\"https:\/\/www.periodicolapislazuli.com\/noticias\/wp-content\/plugins\/page-views-count\/ajax-loader-2x.gif\" border=0 \/><\/p>\n<div class=\"pvc_clear\"><\/div>\n","protected":false},"author":1,"featured_media":1700,"comment_status":"closed","ping_status":"open","sticky":false,"template":"","format":"standard","meta":{"om_disable_all_campaigns":false,"pagelayer_contact_templates":[],"_pagelayer_content":"","_monsterinsights_skip_tracking":false,"_monsterinsights_sitenote_active":false,"_monsterinsights_sitenote_note":"","_monsterinsights_sitenote_category":0,"footnotes":""},"categories":[3,26],"tags":[48,73,41,182,55,47,32,884],"class_list":["post-1699","post","type-post","status-publish","format-standard","has-post-thumbnail","hentry","category-actualidad","category-literatura","tag-bogota","tag-cultura","tag-festival","tag-idartes","tag-lectura","tag-literatura","tag-poesia","tag-sergio-ramirez"],"a3_pvc":{"activated":true,"total_views":603,"today_views":0},"jetpack_featured_media_url":"https:\/\/www.periodicolapislazuli.com\/noticias\/wp-content\/uploads\/2018\/03\/28378003_10155090352336949_5551218282410242906_n.jpg","_links":{"self":[{"href":"https:\/\/www.periodicolapislazuli.com\/noticias\/wp-json\/wp\/v2\/posts\/1699","targetHints":{"allow":["GET"]}}],"collection":[{"href":"https:\/\/www.periodicolapislazuli.com\/noticias\/wp-json\/wp\/v2\/posts"}],"about":[{"href":"https:\/\/www.periodicolapislazuli.com\/noticias\/wp-json\/wp\/v2\/types\/post"}],"author":[{"embeddable":true,"href":"https:\/\/www.periodicolapislazuli.com\/noticias\/wp-json\/wp\/v2\/users\/1"}],"replies":[{"embeddable":true,"href":"https:\/\/www.periodicolapislazuli.com\/noticias\/wp-json\/wp\/v2\/comments?post=1699"}],"version-history":[{"count":1,"href":"https:\/\/www.periodicolapislazuli.com\/noticias\/wp-json\/wp\/v2\/posts\/1699\/revisions"}],"predecessor-version":[{"id":1701,"href":"https:\/\/www.periodicolapislazuli.com\/noticias\/wp-json\/wp\/v2\/posts\/1699\/revisions\/1701"}],"wp:featuredmedia":[{"embeddable":true,"href":"https:\/\/www.periodicolapislazuli.com\/noticias\/wp-json\/wp\/v2\/media\/1700"}],"wp:attachment":[{"href":"https:\/\/www.periodicolapislazuli.com\/noticias\/wp-json\/wp\/v2\/media?parent=1699"}],"wp:term":[{"taxonomy":"category","embeddable":true,"href":"https:\/\/www.periodicolapislazuli.com\/noticias\/wp-json\/wp\/v2\/categories?post=1699"},{"taxonomy":"post_tag","embeddable":true,"href":"https:\/\/www.periodicolapislazuli.com\/noticias\/wp-json\/wp\/v2\/tags?post=1699"}],"curies":[{"name":"wp","href":"https:\/\/api.w.org\/{rel}","templated":true}]}}