{"id":1696,"date":"2021-02-02T19:31:34","date_gmt":"2021-02-02T19:31:34","guid":{"rendered":"http:\/\/www.periodicolapislazuli.com\/noticias\/?p=1696"},"modified":"2018-03-05T19:31:34","modified_gmt":"2018-03-05T19:31:34","slug":"beca-arte-cultura-proceso-sanacion-reparacion-la-dignidad-comunidades-afectadas-conflicto-armado","status":"publish","type":"post","link":"https:\/\/www.periodicolapislazuli.com\/noticias\/beca-arte-cultura-proceso-sanacion-reparacion-la-dignidad-comunidades-afectadas-conflicto-armado\/","title":{"rendered":"Beca arte y cultura como proceso de sanaci\u00f3n y reparaci\u00f3n de la dignidad de comunidades afectadas por el conflicto armado"},"content":{"rendered":"<div align=\"justify\">\n<h4>Programa Distrital de Est\u00edmulos<\/h4>\n<h3>BECA ARTE Y CULTURA COMO PROCESO DE SANACI\u00d3N Y REPARACI\u00d3N DE LA DIGNIDAD DE COMUNIDADES AFECTADAS POR EL CONFLICTO ARMADO<\/h3>\n<div class=\"objeto-corto\">\n<hr \/>\n<p>Arte y cultura como proceso terap\u00e9utico.<\/p>\n<hr \/>\n<\/div>\n<\/div>\n<div align=\"justify\">Fuente: https:\/\/goo.gl\/mgMW9u<\/div>\n<div align=\"justify\">\n<p><strong>Informaci\u00f3n b\u00e1sica<\/strong><\/p>\n<ul>\n<li>L\u00ednea estrat\u00e9gica Creaci\u00f3n<\/li>\n<li>\u00c1rea Interdisciplinar\/transdisciplinar<\/li>\n<li>N\u00famero de est\u00edmulos 1<\/li>\n<li>Total de recursos $20.000.000<\/li>\n<\/ul>\n<p><strong>Cronograma<\/strong><\/p>\n<ul>\n<li>Fecha de apertura 10\/feb\/2018<\/li>\n<li>Fecha de cierre 11\/abr\/2018<\/li>\n<li>Publicaci\u00f3n listado de habilitados, rechazados y por subsanar 18\/abr\/2018<\/li>\n<li>Publicaci\u00f3n de resultados de evaluaci\u00f3n 31\/may\/2018<\/li>\n<li>Fecha m\u00e1xima de ejecuci\u00f3n 31\/oct\/2018<\/li>\n<\/ul>\n<p>Objeto<\/p>\n<p>Incentivar el desarrollo de proyectos art\u00edsticos y culturales que apunten a procesos de creaci\u00f3n de car\u00e1cter terap\u00e9utico con comunidades afectadas por el conflicto. Las iniciativas deber\u00e1n integrar diversas disciplinas, potenciar din\u00e1micas de resiliencia y contemplar pr\u00e1cticas de sanaci\u00f3n, reconciliaci\u00f3n, recuperaci\u00f3n de la dignidad vulnerada y reivindicaci\u00f3n de los Derechos Humanos.<\/p>\n<p>A trav\u00e9s de esta beca, la Secretaria General de la Alcald\u00eda Mayor de Bogot\u00e1, La Alta Consejer\u00eda para los Derechos de las V\u00edctimas, la Paz y la Reconciliaci\u00f3n, el Centro de Memoria Paz y Reconciliaci\u00f3n (CMPR) de Bogot\u00e1 y la Secretar\u00eda Distrital de Cultura Recreaci\u00f3n y Deporte, se une a los esfuerzos que realizan a nivel Distrital, para dar cumplimiento a la Ley 1448 de 2011, y a las pol\u00edticas Distritales de atenci\u00f3n integral a las v\u00edctimas del conflicto armado colombiano.Nota: A partir de la fecha de publicaci\u00f3n de la convocatoria la ciudadan\u00eda cuenta con tres d\u00edas calendario para hacer comentarios a la misma. Los comentarios se recibir\u00e1n en el correo electr\u00f3nico: convocatorias@scrd.gov.co .<\/p>\n<p>Tipo de participante<\/p>\n<ul>\n<li>Agrupaci\u00f3n<\/li>\n<li>Persona Natural<\/li>\n<\/ul>\n<p>Perfil espec\u00edfico del participante<\/p>\n<p>Agrupaciones conformadas por m\u00ednimo tres (3) integrantes, con experiencia m\u00ednima de un (1) a\u00f1o en la realizaci\u00f3n de proyectos de arte terapia y\/o proyectos creativos desde una dimensi\u00f3n terap\u00e9utica con las v\u00edctimas del conflicto armado.<\/p>\n<p>Personas naturales, con experiencia m\u00ednima de un (1) a\u00f1o en la realizaci\u00f3n de proyecto de arte terapia y\/o proyectos creativos desde una dimensi\u00f3n terap\u00e9utica con las v\u00edctimas del conflicto armado.<\/p>\n<p>Qui\u00e9nes no pueden participar<\/p>\n<p>Ganadores de la Beca: Arte y Cultura como proceso de sanaci\u00f3n y reparaci\u00f3n de la dignidad de las comunidades afectadas por el conflicto armado 2017<\/p>\n<p>Documentos t\u00e9cnicos para evaluaci\u00f3n<\/p>\n<ul>\n<li><strong>Propuesta t\u00e9cnica diligenciada en el formato anexo\u00a0\u00a0 <\/strong>Presentar la propuesta en el formato anexo<\/li>\n<li><strong>Soportes de la experiencia y trayectoria del participante<\/strong>Tal como se establece en el perfil.<\/li>\n<\/ul>\n<p>Criterios de evaluaci\u00f3n<\/p>\n<table>\n<tbody>\n<tr>\n<th>Criterio<\/th>\n<th>Puntaje<\/th>\n<\/tr>\n<tr>\n<td>Coherencia: justificaci\u00f3n, objetivos, metas, indicadores, metodolog\u00eda e impacto o transformaci\u00f3n de situaciones logradas con el desarrollo del proyecto, iniciativa o proceso realizado.<\/td>\n<td>30<\/td>\n<\/tr>\n<tr>\n<td>Creatividad: Car\u00e1cter novedoso e ingenioso de las actividades a realizar con los recursos econ\u00f3micos, t\u00e9cnicos y humanos disponibles.<\/td>\n<td>40<\/td>\n<\/tr>\n<tr>\n<td>Pertinencia: Pertinencia del proyecto con respecto al territorio en el cual se desarrolla el proyecto. De igual manera se valorar\u00e1 la contribuci\u00f3n de la propuesta con relaci\u00f3n a los componentes de re construcci\u00f3n de memoria, paz y reconciliaci\u00f3n, que est\u00e1n contemplados en la ley 1448 de 2011 y a las pol\u00edticas Distritales de atenci\u00f3n integral a las v\u00edctimas del conflicto armado colombiano, a la Ley 1732 de 2014.<\/td>\n<td>30<\/td>\n<\/tr>\n<\/tbody>\n<\/table>\n<p>Nota<\/p>\n<p>El puntaje m\u00ednimo para la selecci\u00f3n ser\u00e1 de setenta (70) puntos.<\/p>\n<p>Derechos y deberes espec\u00edficos de los ganadores<\/p>\n<p>Derechos de los Ganadores<\/p>\n<p>Adem\u00e1s de los contemplados en las \u201cCondiciones Generales de Participaci\u00f3n\u201d, el ganador tendr\u00e1 derecho a:<\/p>\n<p>Recibir el est\u00edmulo de acuerdo a los siguientes porcentajes:<\/p>\n<ul>\n<li>Un primer desembolso, equivalente al setenta por ciento (70%) del valor total del est\u00edmulo, una vez publicada la resoluci\u00f3n que otorga el est\u00edmulo, y previo cumplimiento de los requisitos exigidos para tales efectos en dicho acto administrativo y en los requisitos generales de participaci\u00f3n.<\/li>\n<\/ul>\n<ul>\n<li>Un segundo y \u00faltimo desembolso equivalente al treinta por ciento (30%) del valor total del est\u00edmulo, previo cumplimiento de todos los deberes por parte del ganador y la presentaci\u00f3n de un informe final de actividades con sus respectivos soportes.<\/li>\n<\/ul>\n<p>Deberes de los Ganadores<\/p>\n<ul>\n<li>Entregar un informe que d\u00e9 cuenta de las actividades realizadas con el recurso inicialmente entregado del setenta por ciento (70%), con los soportes y registros documentales (fotograf\u00edas, videos, planillas de asistencia, rese\u00f1as de prensa, entre otros).<\/li>\n<\/ul>\n<ul>\n<li>Participar en la exposici\u00f3n colectiva de las Becas que fomenta el Centro de Memoria, Paz y Reconciliaci\u00f3n, que den cuenta de los procesos y los resultados del proyecto realizado.<\/li>\n<\/ul>\n<ul>\n<li>\u00a0Entregar un informe final que d\u00e9 cuenta los resultados finales de la implementaci\u00f3n de la propuesta realizada, lecciones aprendidas, aspectos por mejorar, participaci\u00f3n de la poblaci\u00f3n e impactos y actividades desarrolladas con el recurso del treinta por ciento (30%) entregado.<\/li>\n<\/ul>\n<ul>\n<li>Acoger las recomendaciones de car\u00e1cter t\u00e9cnico que proponga la Secretar\u00eda General de la Alcald\u00eda Mayor de Bogot\u00e1 y la Secretar\u00eda Distrital de Cultura, Recreaci\u00f3n y Deporte.<\/li>\n<\/ul>\n<ul>\n<li>Aportar la documentaci\u00f3n requerida por la Secretar\u00eda General de la Alcald\u00eda Mayor de Bogot\u00e1, alta consejer\u00eda para los Derechos de las v\u00edctimas, la Paz y la Reconciliaci\u00f3n, Centro de Memoria Paz y reconciliaci\u00f3n y la Secretaria de Cultura, Recreaci\u00f3n y Deporte para efectos de divulgaci\u00f3n, compilaci\u00f3n de memorias (textos explicativos de la propuesta, im\u00e1genes, audios, videos y fichas t\u00e9cnicas), entre otros, en las fechas se\u00f1aladas por la entidad.<\/li>\n<\/ul>\n<ul>\n<li>Tramitar los permisos y autorizaciones correspondientes bajo su cuenta y riesgo, en caso de que la actividad se realice en espacio p\u00fablico.<\/li>\n<\/ul>\n<ul>\n<li>\u00a0Acatar los protocolos de funcionamiento y seguridad de la ley de los escenarios destinados para la ejecuci\u00f3n de la propuesta, adecuar las mismas a las condiciones t\u00e9cnicas del lugar o suplir bajo su cuenta y riesgo los requerimientos adicionales (si aplica).<\/li>\n<\/ul>\n<ul>\n<li>Hacerse responsable de cualquier da\u00f1o o perjuicio ocasionado en los espacios solicitados para la ejecuci\u00f3n de la propuesta y asumir el costo de las p\u00f3lizas correspondientes, si diera lugar (Si aplica).<\/li>\n<\/ul>\n<ul>\n<li>Retirar los insumos y elementos utilizados, una vez finalizada la ejecuci\u00f3n de las actividades de la propuesta. La Secretar\u00eda Distrital de Cultura, Recreaci\u00f3n y Deporte no se har\u00e1 responsable ante terceros por los materiales no retirados.<\/li>\n<\/ul>\n<ul>\n<li>En caso de que la propuesta ganadora implique la realizaci\u00f3n de un evento se deber\u00e1 suscribir una p\u00f3liza de responsabilidad civil extracontractual.<\/li>\n<\/ul>\n<\/div>\n","protected":false},"excerpt":{"rendered":"<p>Incentivar el desarrollo de proyectos art\u00edsticos y culturales que apunten a procesos de creaci\u00f3n de car\u00e1cter terap\u00e9utico con comunidades afectadas por el conflicto. Las iniciativas deber\u00e1n integrar diversas disciplinas, potenciar din\u00e1micas de resiliencia y contemplar pr\u00e1cticas de sanaci\u00f3n, reconciliaci\u00f3n, recuperaci\u00f3n de la dignidad vulnerada y reivindicaci\u00f3n de los Derechos Humanos.<\/p>\n","protected":false},"author":1,"featured_media":1706,"comment_status":"closed","ping_status":"open","sticky":false,"template":"","format":"standard","meta":{"om_disable_all_campaigns":false,"pagelayer_contact_templates":[],"_pagelayer_content":"","_monsterinsights_skip_tracking":false,"footnotes":""},"categories":[15],"tags":[147,48,260,39,73,182,190],"class_list":["post-1696","post","type-post","status-publish","format-standard","has-post-thumbnail","hentry","category-convocatorias","tag-artes","tag-bogota","tag-ciudad","tag-convocatoria","tag-cultura","tag-idartes","tag-sociedad"],"jetpack_featured_media_url":"https:\/\/www.periodicolapislazuli.com\/noticias\/wp-content\/uploads\/2018\/03\/fondo-danza.png","_links":{"self":[{"href":"https:\/\/www.periodicolapislazuli.com\/noticias\/wp-json\/wp\/v2\/posts\/1696","targetHints":{"allow":["GET"]}}],"collection":[{"href":"https:\/\/www.periodicolapislazuli.com\/noticias\/wp-json\/wp\/v2\/posts"}],"about":[{"href":"https:\/\/www.periodicolapislazuli.com\/noticias\/wp-json\/wp\/v2\/types\/post"}],"author":[{"embeddable":true,"href":"https:\/\/www.periodicolapislazuli.com\/noticias\/wp-json\/wp\/v2\/users\/1"}],"replies":[{"embeddable":true,"href":"https:\/\/www.periodicolapislazuli.com\/noticias\/wp-json\/wp\/v2\/comments?post=1696"}],"version-history":[{"count":3,"href":"https:\/\/www.periodicolapislazuli.com\/noticias\/wp-json\/wp\/v2\/posts\/1696\/revisions"}],"predecessor-version":[{"id":1707,"href":"https:\/\/www.periodicolapislazuli.com\/noticias\/wp-json\/wp\/v2\/posts\/1696\/revisions\/1707"}],"wp:featuredmedia":[{"embeddable":true,"href":"https:\/\/www.periodicolapislazuli.com\/noticias\/wp-json\/wp\/v2\/media\/1706"}],"wp:attachment":[{"href":"https:\/\/www.periodicolapislazuli.com\/noticias\/wp-json\/wp\/v2\/media?parent=1696"}],"wp:term":[{"taxonomy":"category","embeddable":true,"href":"https:\/\/www.periodicolapislazuli.com\/noticias\/wp-json\/wp\/v2\/categories?post=1696"},{"taxonomy":"post_tag","embeddable":true,"href":"https:\/\/www.periodicolapislazuli.com\/noticias\/wp-json\/wp\/v2\/tags?post=1696"}],"curies":[{"name":"wp","href":"https:\/\/api.w.org\/{rel}","templated":true}]}}