{"id":1474,"date":"2018-02-06T14:07:08","date_gmt":"2018-02-06T14:07:08","guid":{"rendered":"http:\/\/www.periodicolapislazuli.com\/noticias\/?p=1474"},"modified":"2018-02-06T14:07:08","modified_gmt":"2018-02-06T14:07:08","slug":"sea-parte-del-programa-residencias-artisticas-danza","status":"publish","type":"post","link":"https:\/\/www.periodicolapislazuli.com\/noticias\/sea-parte-del-programa-residencias-artisticas-danza\/","title":{"rendered":"Sea parte del Programa de Residencias Art\u00edsticas en danza"},"content":{"rendered":"<div class='booster-block booster-read-block'>\n                <div class=\"twp-read-time\">\n                \t<i class=\"booster-icon twp-clock\"><\/i> <span>Read Time:<\/span>2 Minute, 39 Second                <\/div>\n\n            <\/div><div align=\"justify\">Desde el viernes 26 de enero hasta el lunes 12 de febrero, el\u00a0<strong>Instituto Distrital de las Artes &#8211; Idartes<\/strong>\u00a0de la\u00a0<strong>Alcald\u00eda de Bogot\u00e1\u00a0<\/strong>tendr\u00e1 abiertas las inscripciones para participar en el\u00a0<strong>Programa de Residencias Art\u00edsticas &#8211; PRA<\/strong>, en el que los amantes del mundo de la danza podr\u00e1n postularse para conformar el banco de asesores y para ser residentes del programa.<\/div>\n<div align=\"justify\"><\/div>\n<div align=\"justify\">\n<hr \/>\n<blockquote><p>Fuente: idartes.gov.co \/ Redact\u00f3 : Jorge Marciales<\/p><\/blockquote>\n<hr \/>\n<p>&nbsp;<\/p>\n<p><img fetchpriority=\"high\" decoding=\"async\" class=\"alignnone wp-image-1614 size-full\" src=\"http:\/\/www.periodicolapislazuli.com\/noticias\/wp-content\/uploads\/2018\/02\/DG3R6279.jpg\" alt=\"\" width=\"1200\" height=\"800\" srcset=\"https:\/\/www.periodicolapislazuli.com\/noticias\/wp-content\/uploads\/2018\/02\/DG3R6279.jpg 1200w, https:\/\/www.periodicolapislazuli.com\/noticias\/wp-content\/uploads\/2018\/02\/DG3R6279-300x200.jpg 300w, https:\/\/www.periodicolapislazuli.com\/noticias\/wp-content\/uploads\/2018\/02\/DG3R6279-768x512.jpg 768w, https:\/\/www.periodicolapislazuli.com\/noticias\/wp-content\/uploads\/2018\/02\/DG3R6279-700x467.jpg 700w, https:\/\/www.periodicolapislazuli.com\/noticias\/wp-content\/uploads\/2018\/02\/DG3R6279-600x400.jpg 600w, https:\/\/www.periodicolapislazuli.com\/noticias\/wp-content\/uploads\/2018\/02\/DG3R6279-750x500.jpg 750w\" sizes=\"(max-width: 1200px) 100vw, 1200px\" \/><\/p>\n<p>El\u00a0<strong>PRA\u00a0<\/strong>tiene el objetivo de potenciar los procesos de investigaci\u00f3n &#8211; creaci\u00f3n de las agrupaciones y de los artistas independientes de la ciudad, estableciendo espacios de di\u00e1logos entre core\u00f3grafos, directores, bailarines, productores, profesionales y hacedores de otros oficios que enriquecen el espacio creativo e investigativo de la danza. Por ello se abren las inscripciones para las agrupaciones o artistas que quieran ser residentes de la Casona de la Danza y para el banco de asesores que acompa\u00f1ar\u00e1n estos procesos de creaci\u00f3n.<\/p>\n<p>El <strong>PRA <\/strong>est\u00e1 dirigido a artistas o agrupaciones de larga, mediana y corta trayectoria que deseen desarrollar laboratorios creativos, sostenimiento de repertorios\u00a0y maduraci\u00f3n en sus investigaciones metodol\u00f3gicas y t\u00e9cnicas. Para ello cuenta\u00a0con cuatro modalidades de residencias:<\/p>\n<p><strong>&#8211; Residencias art\u00edsticas anuales:<\/strong>\u00a0Se abren 5 residencias anuales donde las agrupaciones tendr\u00e1n la oportunidad de ensayar durante 9 meses en los espacios de la Casona, de estar acompa\u00f1ados de asesores, de participar en los espacios de encuentros y de entrenamientos y de aportar a la l\u00ednea de corresponsabilidad social.<\/p>\n<p><strong>&#8211; Residencias art\u00edsticas trimestrales:\u00a0<\/strong>Cada trimestre se abren 8 residencias trimestrales donde las agrupaciones tendr\u00e1n la oportunidad de ensayar durante 3\u00a0meses en los espacios de la Casona, de estar acompa\u00f1ados de asesores, de participar en los espacios de encuentros y de entrenamientos y de aportar a la l\u00ednea de corresponsabilidad social.<\/p>\n<p><strong>&#8211; Ensayos ocasionales:<\/strong>\u00a0Esta es una convocatoria mensual para que las agrupaciones de la ciudad puedan ensayar durante un mes por m\u00e1ximo 40 horas con el objetivo de la activar obras en repertorio o procesos de estudio de metodolog\u00edas, m\u00e9todos de entrenamiento y t\u00e9cnicas de la danza.<\/p>\n<p><strong>&#8211; Residencias Intensivas\/ Intercambios art\u00edsticos:<\/strong>\u00a0\u00a0Esta es una convocatoria mensual para que las agrupaciones de la ciudad puedan ensayar durante un mes por m\u00e1ximo\u00a080 horas para el desarrollo de procesos de creaci\u00f3n\/investigaci\u00f3n con artistas de otros contextos, distritales, nacionales e internacionales.<\/p>\n<p><strong>Asesor\u00edas PRA<\/strong><\/p>\n<p>Este programa cuenta cada a\u00f1o con un grupo de asesores que acompa\u00f1an los procesos de creaci\u00f3n en diversos g\u00e9neros y lenguajes de la danza. La asesor\u00eda o acompa\u00f1amiento consiste en generar un di\u00e1logo con los creadores sobre sus b\u00fasquedas e indagaciones, con el prop\u00f3sito de movilizar, acentuar sus rutas, elecciones o decisiones en lo coreogr\u00e1fico, lo dramat\u00fargico y la puesta en escena.<\/p>\n<p>Las asesor\u00edas est\u00e1n divididas en tres \u00e9nfasis: Asesor\u00eda coreogr\u00e1fica, Asesor\u00eda dramat\u00fargica y\u00a0Asesor\u00eda en producci\u00f3n.\u00a0Core\u00f3grafos(as), dramaturgos, directores de danza, profesionales de otras \u00e1reas art\u00edsticas y\/o expertos en el campo de la producci\u00f3n esc\u00e9nica interesados en participar como Asesores pueden enviar sus propuestas hasta el 12 de febrero.<\/p>\n<p>Para mayor informaci\u00f3n consultar los documentos adjuntos o escribir al correo:\u00a0<a href=\"mailto:bibiana.carvajal@idartes.gov.co\">bibiana.carvajal@idartes.gov.co<\/a><\/p>\n<hr \/>\n<div class=\"field field--name-field-documentos field--type-file field--label-hidden field__items\">\n<div class=\"field__item\"><span class=\"file file--mime-application-pdf file--application-pdf\"> <a href=\"http:\/\/www.idartes.gov.co\/sites\/default\/files\/noticia_documentos\/Aplicaci%C3%B3n%20PRA%202018.pdf\" type=\"application\/pdf; length=495389\" target=\"_blank\" rel=\"noopener\">Aplicaci\u00f3n PRA 2018.pdf<\/a><\/span><\/div>\n<div class=\"field__item\"><span class=\"file file--mime-application-pdf file--application-pdf\"> <a href=\"http:\/\/www.idartes.gov.co\/sites\/default\/files\/noticia_documentos\/Invitaci%C3%B3n%20Asesores%20PRA%202018.pdf\" type=\"application\/pdf; length=389007\" target=\"_blank\" rel=\"noopener\">Invitaci\u00f3n Asesores PRA 2018.pdf<\/a><\/span><\/div>\n<div class=\"field__item\"><span class=\"file file--mime-application-pdf file--application-pdf\"> <a href=\"http:\/\/www.idartes.gov.co\/sites\/default\/files\/noticia_documentos\/Anexo%201.%20Reglamento%20Casona%202018.pdf\" type=\"application\/pdf; length=332153\" target=\"_blank\" rel=\"noopener\">Anexo 1. Reglamento Casona 2018.pdf<\/a><\/span><\/div>\n<div class=\"field__item\"><span class=\"file file--mime-application-pdf file--application-pdf\"> <a href=\"http:\/\/www.idartes.gov.co\/sites\/default\/files\/noticia_documentos\/Anexo%202.%20Listado%20de%20participantes%20%20Danza.pdf\" type=\"application\/pdf; length=213334\" target=\"_blank\" rel=\"noopener\">Anexo 2. Listado de participantes Danza.pdf<\/a><\/span><\/div>\n<\/div>\n<p>&nbsp;<\/p>\n<\/div>\n<div class=\"pvc_clear\"><\/div>\n<p id=\"pvc_stats_1474\" class=\"pvc_stats all  \" data-element-id=\"1474\" style=\"\"><i class=\"pvc-stats-icon large\" aria-hidden=\"true\"><svg aria-hidden=\"true\" focusable=\"false\" data-prefix=\"far\" data-icon=\"chart-bar\" role=\"img\" xmlns=\"http:\/\/www.w3.org\/2000\/svg\" viewBox=\"0 0 512 512\" class=\"svg-inline--fa fa-chart-bar fa-w-16 fa-2x\"><path fill=\"currentColor\" d=\"M396.8 352h22.4c6.4 0 12.8-6.4 12.8-12.8V108.8c0-6.4-6.4-12.8-12.8-12.8h-22.4c-6.4 0-12.8 6.4-12.8 12.8v230.4c0 6.4 6.4 12.8 12.8 12.8zm-192 0h22.4c6.4 0 12.8-6.4 12.8-12.8V140.8c0-6.4-6.4-12.8-12.8-12.8h-22.4c-6.4 0-12.8 6.4-12.8 12.8v198.4c0 6.4 6.4 12.8 12.8 12.8zm96 0h22.4c6.4 0 12.8-6.4 12.8-12.8V204.8c0-6.4-6.4-12.8-12.8-12.8h-22.4c-6.4 0-12.8 6.4-12.8 12.8v134.4c0 6.4 6.4 12.8 12.8 12.8zM496 400H48V80c0-8.84-7.16-16-16-16H16C7.16 64 0 71.16 0 80v336c0 17.67 14.33 32 32 32h464c8.84 0 16-7.16 16-16v-16c0-8.84-7.16-16-16-16zm-387.2-48h22.4c6.4 0 12.8-6.4 12.8-12.8v-70.4c0-6.4-6.4-12.8-12.8-12.8h-22.4c-6.4 0-12.8 6.4-12.8 12.8v70.4c0 6.4 6.4 12.8 12.8 12.8z\" class=\"\"><\/path><\/svg><\/i> <img decoding=\"async\" width=\"16\" height=\"16\" alt=\"Loading\" src=\"https:\/\/www.periodicolapislazuli.com\/noticias\/wp-content\/plugins\/page-views-count\/ajax-loader-2x.gif\" border=0 \/><\/p>\n<div class=\"pvc_clear\"><\/div>\n        <div class=\"booster-block booster-reactions-block\">\n            <div class=\"twp-reactions-icons\">\n                \n                <div class=\"twp-reacts-wrap\">\n                    <a react-data=\"be-react-1\" post-id=\"1474\" class=\"be-face-icons un-reacted\" href=\"javascript:void(0)\">\n                        <img decoding=\"async\" src=\"https:\/\/www.periodicolapislazuli.com\/noticias\/wp-content\/plugins\/booster-extension\/\/assets\/icon\/happy.svg\" alt=\"Happy\">\n                    <\/a>\n                    <div class=\"twp-reaction-title\">\n                        Happy                    <\/div>\n                    <div class=\"twp-count-percent\">\n                                                    <span style=\"display: none;\" class=\"twp-react-count\">0<\/span>\n                        \n                                                <span class=\"twp-react-percent\"><span>0<\/span> %<\/span>\n                                            <\/div>\n                <\/div>\n\n                <div class=\"twp-reacts-wrap\">\n                    <a react-data=\"be-react-2\" post-id=\"1474\" class=\"be-face-icons un-reacted\" href=\"javascript:void(0)\">\n                        <img decoding=\"async\" src=\"https:\/\/www.periodicolapislazuli.com\/noticias\/wp-content\/plugins\/booster-extension\/\/assets\/icon\/sad.svg\" alt=\"Sad\">\n                    <\/a>\n                    <div class=\"twp-reaction-title\">\n                        Sad                    <\/div>\n                    <div class=\"twp-count-percent\">\n                                                    <span style=\"display: none;\" class=\"twp-react-count\">0<\/span>\n                                                                        <span class=\"twp-react-percent\"><span>0<\/span> %<\/span>\n                                            <\/div>\n                <\/div>\n\n                <div class=\"twp-reacts-wrap\">\n                    <a react-data=\"be-react-3\" post-id=\"1474\" class=\"be-face-icons un-reacted\" href=\"javascript:void(0)\">\n                        <img decoding=\"async\" src=\"https:\/\/www.periodicolapislazuli.com\/noticias\/wp-content\/plugins\/booster-extension\/\/assets\/icon\/excited.svg\" alt=\"Excited\">\n                    <\/a>\n                    <div class=\"twp-reaction-title\">\n                        Excited                    <\/div>\n                    <div class=\"twp-count-percent\">\n                                                    <span style=\"display: none;\" class=\"twp-react-count\">0<\/span>\n                                                                        <span class=\"twp-react-percent\"><span>0<\/span> %<\/span>\n                                            <\/div>\n                <\/div>\n\n                <div class=\"twp-reacts-wrap\">\n                    <a react-data=\"be-react-6\" post-id=\"1474\" class=\"be-face-icons un-reacted\" href=\"javascript:void(0)\">\n                        <img decoding=\"async\" src=\"https:\/\/www.periodicolapislazuli.com\/noticias\/wp-content\/plugins\/booster-extension\/\/assets\/icon\/sleepy.svg\" alt=\"Sleepy\">\n                    <\/a>\n                    <div class=\"twp-reaction-title\">\n                        Sleepy                    <\/div>\n                    <div class=\"twp-count-percent\">\n                                                    <span style=\"display: none;\" class=\"twp-react-count\">0<\/span>\n                        \n                                                <span class=\"twp-react-percent\"><span>0<\/span> %<\/span>\n                                            <\/div>\n                <\/div>\n\n                <div class=\"twp-reacts-wrap\">\n                    <a react-data=\"be-react-4\" post-id=\"1474\" class=\"be-face-icons un-reacted\" href=\"javascript:void(0)\">\n                        <img decoding=\"async\" src=\"https:\/\/www.periodicolapislazuli.com\/noticias\/wp-content\/plugins\/booster-extension\/\/assets\/icon\/angry.svg\" alt=\"Angry\">\n                    <\/a>\n                    <div class=\"twp-reaction-title\">Angry<\/div>\n                    <div class=\"twp-count-percent\">\n                                                    <span style=\"display: none;\" class=\"twp-react-count\">0<\/span>\n                                                                        <span class=\"twp-react-percent\"><span>0<\/span> %<\/span>\n                        \n                    <\/div>\n                <\/div>\n\n                <div class=\"twp-reacts-wrap\">\n                    <a react-data=\"be-react-5\" post-id=\"1474\" class=\"be-face-icons un-reacted\" href=\"javascript:void(0)\">\n                        <img decoding=\"async\" src=\"https:\/\/www.periodicolapislazuli.com\/noticias\/wp-content\/plugins\/booster-extension\/\/assets\/icon\/surprise.svg\" alt=\"Surprise\">\n                    <\/a>\n                    <div class=\"twp-reaction-title\">Surprise<\/div>\n                    <div class=\"twp-count-percent\">\n                                                    <span style=\"display: none;\" class=\"twp-react-count\">0<\/span>\n                                                                        <span class=\"twp-react-percent\"><span>0<\/span> %<\/span>\n                                            <\/div>\n                <\/div>\n\n            <\/div>\n        <\/div>\n\n    ","protected":false},"excerpt":{"rendered":"<p>hasta el lunes 12 de febrero inscripciones para participar en el Programa de Residencias Art\u00edsticas &#8211; PRA, en el que los amantes del mundo de la danza podr\u00e1n postularse para conformar el banco de asesores y para ser residentes del programa.<\/p>\n<div class=\"pvc_clear\"><\/div>\n<p id=\"pvc_stats_1474\" class=\"pvc_stats all  \" data-element-id=\"1474\" style=\"\"><i class=\"pvc-stats-icon large\" aria-hidden=\"true\"><svg aria-hidden=\"true\" focusable=\"false\" data-prefix=\"far\" data-icon=\"chart-bar\" role=\"img\" xmlns=\"http:\/\/www.w3.org\/2000\/svg\" viewBox=\"0 0 512 512\" class=\"svg-inline--fa fa-chart-bar fa-w-16 fa-2x\"><path fill=\"currentColor\" d=\"M396.8 352h22.4c6.4 0 12.8-6.4 12.8-12.8V108.8c0-6.4-6.4-12.8-12.8-12.8h-22.4c-6.4 0-12.8 6.4-12.8 12.8v230.4c0 6.4 6.4 12.8 12.8 12.8zm-192 0h22.4c6.4 0 12.8-6.4 12.8-12.8V140.8c0-6.4-6.4-12.8-12.8-12.8h-22.4c-6.4 0-12.8 6.4-12.8 12.8v198.4c0 6.4 6.4 12.8 12.8 12.8zm96 0h22.4c6.4 0 12.8-6.4 12.8-12.8V204.8c0-6.4-6.4-12.8-12.8-12.8h-22.4c-6.4 0-12.8 6.4-12.8 12.8v134.4c0 6.4 6.4 12.8 12.8 12.8zM496 400H48V80c0-8.84-7.16-16-16-16H16C7.16 64 0 71.16 0 80v336c0 17.67 14.33 32 32 32h464c8.84 0 16-7.16 16-16v-16c0-8.84-7.16-16-16-16zm-387.2-48h22.4c6.4 0 12.8-6.4 12.8-12.8v-70.4c0-6.4-6.4-12.8-12.8-12.8h-22.4c-6.4 0-12.8 6.4-12.8 12.8v70.4c0 6.4 6.4 12.8 12.8 12.8z\" class=\"\"><\/path><\/svg><\/i> <img decoding=\"async\" width=\"16\" height=\"16\" alt=\"Loading\" src=\"https:\/\/www.periodicolapislazuli.com\/noticias\/wp-content\/plugins\/page-views-count\/ajax-loader-2x.gif\" border=0 \/><\/p>\n<div class=\"pvc_clear\"><\/div>\n","protected":false},"author":1,"featured_media":1615,"comment_status":"closed","ping_status":"open","sticky":false,"template":"","format":"standard","meta":{"om_disable_all_campaigns":false,"pagelayer_contact_templates":[],"_pagelayer_content":"","_monsterinsights_skip_tracking":false,"_monsterinsights_sitenote_active":false,"_monsterinsights_sitenote_note":"","_monsterinsights_sitenote_category":0,"footnotes":""},"categories":[3,4],"tags":[255,844],"class_list":["post-1474","post","type-post","status-publish","format-standard","has-post-thumbnail","hentry","category-actualidad","category-novedades","tag-danza","tag-la-casona-de-la-danza"],"a3_pvc":{"activated":true,"total_views":451,"today_views":0},"jetpack_featured_media_url":"https:\/\/www.periodicolapislazuli.com\/noticias\/wp-content\/uploads\/2018\/02\/DG3R0638.jpg","_links":{"self":[{"href":"https:\/\/www.periodicolapislazuli.com\/noticias\/wp-json\/wp\/v2\/posts\/1474","targetHints":{"allow":["GET"]}}],"collection":[{"href":"https:\/\/www.periodicolapislazuli.com\/noticias\/wp-json\/wp\/v2\/posts"}],"about":[{"href":"https:\/\/www.periodicolapislazuli.com\/noticias\/wp-json\/wp\/v2\/types\/post"}],"author":[{"embeddable":true,"href":"https:\/\/www.periodicolapislazuli.com\/noticias\/wp-json\/wp\/v2\/users\/1"}],"replies":[{"embeddable":true,"href":"https:\/\/www.periodicolapislazuli.com\/noticias\/wp-json\/wp\/v2\/comments?post=1474"}],"version-history":[{"count":3,"href":"https:\/\/www.periodicolapislazuli.com\/noticias\/wp-json\/wp\/v2\/posts\/1474\/revisions"}],"predecessor-version":[{"id":1628,"href":"https:\/\/www.periodicolapislazuli.com\/noticias\/wp-json\/wp\/v2\/posts\/1474\/revisions\/1628"}],"wp:featuredmedia":[{"embeddable":true,"href":"https:\/\/www.periodicolapislazuli.com\/noticias\/wp-json\/wp\/v2\/media\/1615"}],"wp:attachment":[{"href":"https:\/\/www.periodicolapislazuli.com\/noticias\/wp-json\/wp\/v2\/media?parent=1474"}],"wp:term":[{"taxonomy":"category","embeddable":true,"href":"https:\/\/www.periodicolapislazuli.com\/noticias\/wp-json\/wp\/v2\/categories?post=1474"},{"taxonomy":"post_tag","embeddable":true,"href":"https:\/\/www.periodicolapislazuli.com\/noticias\/wp-json\/wp\/v2\/tags?post=1474"}],"curies":[{"name":"wp","href":"https:\/\/api.w.org\/{rel}","templated":true}]}}