{"id":14057,"date":"2026-09-01T12:44:40","date_gmt":"2026-09-01T12:44:40","guid":{"rendered":"https:\/\/www.periodicolapislazuli.com\/noticias\/?p=14057"},"modified":"2026-09-01T12:44:40","modified_gmt":"2026-09-01T12:44:40","slug":"festival-de-flauta-traversa-jazz-y-tradicion-colombiana-regresa-a-la-uptc-con-su-segunda-edicion","status":"publish","type":"post","link":"https:\/\/www.periodicolapislazuli.com\/noticias\/festival-de-flauta-traversa-jazz-y-tradicion-colombiana-regresa-a-la-uptc-con-su-segunda-edicion\/","title":{"rendered":"Festival de Flauta Traversa, Jazz y Tradici\u00f3n Colombiana regresa a la UPTC con su segunda edici\u00f3n"},"content":{"rendered":"<p style=\"text-align: justify;\"><strong>Tunja vuelve a convertirse en punto de encuentro para la flauta traversa, el jazz y las m\u00fasicas tradicionales colombianas. La Universidad Pedag\u00f3gica y Tecnol\u00f3gica de Colombia (UPTC) acoge los d\u00edas 1 y 2 de septiembre de 2026 la segunda edici\u00f3n del Festival de Flauta Traversa, Jazz y Tradici\u00f3n Colombiana, una iniciativa acad\u00e9mica y art\u00edstica surgida desde su Licenciatura en M\u00fasica que busca fortalecer la formaci\u00f3n de j\u00f3venes int\u00e9rpretes y tender puentes entre la academia, la creaci\u00f3n contempor\u00e1nea y las sonoridades del pa\u00eds.<\/strong><\/p>\n<p>&nbsp;<\/p>\n<p><iframe style=\"width: 80%; aspect-ratio: 16\/9; display: block; margin: 0 auto; border: 0;\" title=\"Video de YouTube\" src=\"https:\/\/www.youtube.com\/embed\/RQ25xff5a98?autoplay=1&amp;mute=1&amp;loop=1&amp;playlist=RQ25xff5a98&amp;playsinline=1&amp;rel=0\" allowfullscreen=\"allowfullscreen\"><br \/>\n<\/iframe><\/p>\n<p style=\"text-align: justify; padding-left: 40px;\">La realizaci\u00f3n de una segunda edici\u00f3n confirma la continuidad de un proyecto relativamente joven dentro del panorama musical de Boyac\u00e1. El festival naci\u00f3 por iniciativa de estudiantes de la Licenciatura en M\u00fasica de la UPTC junto con la profesora Natalia Garc\u00eda, docente de la c\u00e1tedra de Flauta, y desde su primera versi\u00f3n fue concebido como un espacio de encuentro entre int\u00e9rpretes, docentes y estudiantes alrededor de un instrumento capaz de transitar entre el repertorio acad\u00e9mico, la improvisaci\u00f3n y las m\u00fasicas tradicionales colombianas.<\/p>\n<p style=\"text-align: justify; padding-left: 40px;\">La organizaci\u00f3n de esta segunda edici\u00f3n est\u00e1 liderada por Mar\u00eda Jos\u00e9 Cruz Lancheros, Mayerly Katheryne T\u00e9llez Paipa, Mauricio Medina Corzo, Catalina Avenda\u00f1o y Maycol Andres Pacazuca Rold\u00e1n, junto con Natalia Garc\u00eda. La Facultad de Ciencias de la Educaci\u00f3n y el programa de Licenciatura en M\u00fasica de la UPTC asumieron, de acuerdo con la universidad, la organizaci\u00f3n y log\u00edstica del encuentro.<\/p>\n<p>&nbsp;<\/p>\n<p><img fetchpriority=\"high\" decoding=\"async\" class=\"aligncenter\" src=\"https:\/\/www.uptc.edu.co\/sitio\/portal\/.content\/article\/imagenes_noticias\/2025\/Festival-de-flauta7x5.jpeg?__scale=w%3A1600%2Ch%3A1142%2Ct%3A2%2Cq%3A75\" alt=\"\" width=\"1600\" height=\"1142\" \/><\/p>\n<p style=\"text-align: justify; padding-left: 40px;\">El programa tiene como columna vertebral las <strong>clases magistrales, los espacios de formaci\u00f3n y los conciertos<\/strong>, con invitados vinculados a distintas maneras de comprender la flauta. Entre ellos figura Sara Perea, presentada por la UPTC como integrante de la Banda Sinf\u00f3nica Nacional de Colombia; Domingo S\u00e1nchez, m\u00fasico procedente de Barranquilla; y un int\u00e9rprete identificado en el comunicado institucional \u00fanicamente como \u201cmaestro Cristian\u201d, relacionado con el componente de jazz. Mar\u00eda Jos\u00e9 Cruz sintetiz\u00f3 la propuesta se\u00f1alando que habr\u00e1 \u201cclases magistrales, conciertos y clases\u201d.<\/p>\n<p style=\"text-align: justify; padding-left: 40px;\">La presencia de Domingo S\u00e1nchez ampl\u00eda especialmente el di\u00e1logo entre formaci\u00f3n acad\u00e9mica y tradici\u00f3n. Su trabajo gira alrededor de la <strong>gauta<\/strong>, instrumento que articula elementos de la flauta traversa y la gaita colombiana. El Instituto Distrital de las Artes de Bogot\u00e1 identifica a Domingo S\u00e1nchez Sotomayor como l\u00edder de Territorio Gauta y se\u00f1ala que su propuesta conecta sonoridades del Caribe colombiano con composici\u00f3n e improvisaci\u00f3n. Esa b\u00fasqueda encaja con uno de los rasgos m\u00e1s interesantes del festival: no entender la flauta \u00fanicamente desde el repertorio cl\u00e1sico, sino como veh\u00edculo para explorar identidades sonoras latinoamericanas.<\/p>\n<p style=\"text-align: justify; padding-left: 40px;\">La participaci\u00f3n de Sara Perea incorpora, por su parte, un v\u00ednculo con la Banda Sinf\u00f3nica Nacional de Colombia, agrupaci\u00f3n que forma parte de las estrategias musicales impulsadas por el Ministerio de las Culturas, las Artes y los Saberes. El Ministerio ha definido a la Banda como un proyecto orientado tanto a la circulaci\u00f3n art\u00edstica como a la formaci\u00f3n y al fortalecimiento del movimiento band\u00edstico colombiano.<\/p>\n<p style=\"text-align: justify; padding-left: 40px;\">El festival tambi\u00e9n tiene detr\u00e1s una historia de gesti\u00f3n cultural estudiantil. Su primera edici\u00f3n fue anunciada en octubre de 2025 despu\u00e9s de que el grupo impulsor ganara la convocatoria <strong>\u201cTunja, Tierra de Festivales 2025\u201d<\/strong>, promovida por la Alcald\u00eda de Tunja a trav\u00e9s de su \u00e1rea de cultura. En aquella ocasi\u00f3n, la profesora Natalia Garc\u00eda destac\u00f3 que el proyecto permit\u00eda ense\u00f1ar a los futuros m\u00fasicos que \u201cel artista tambi\u00e9n debe estar gestionando espacios y escenarios\u201d. Esa dimensi\u00f3n permanece como uno de los aportes menos visibles pero m\u00e1s significativos del encuentro: formar int\u00e9rpretes y, simult\u00e1neamente, agentes capaces de crear sus propios espacios culturales.<\/p>\n<p style=\"text-align: justify; padding-left: 40px;\">En ese sentido, la segunda edici\u00f3n del Festival de Flauta Traversa, Jazz y Tradici\u00f3n Colombiana trasciende la sucesi\u00f3n de conciertos. Su importancia reside en convertir a la universidad p\u00fablica en laboratorio de circulaci\u00f3n, investigaci\u00f3n musical y encuentro intergeneracional. Para Boyac\u00e1, adem\u00e1s, representa la posibilidad de consolidar un espacio especializado que conecte la formaci\u00f3n universitaria con m\u00fasicos de otras regiones y con instituciones del ecosistema musical nacional.<\/p>\n<p style=\"text-align: justify; padding-left: 40px;\">El balance definitivo deber\u00e1 hacerse despu\u00e9s del 2 de septiembre, cuando sea posible conocer asistencia, resultados acad\u00e9micos y posibles proyecciones de una tercera edici\u00f3n. Por ahora, su continuidad ya plantea una se\u00f1al relevante: cuando formaci\u00f3n, gesti\u00f3n cultural y creaci\u00f3n musical se encuentran dentro de la universidad, un proyecto estudiantil puede comenzar a transformarse en una plataforma cultural para la regi\u00f3n.<\/p>\n","protected":false},"excerpt":{"rendered":"<p>Tunja vuelve a convertirse en punto de encuentro para la flauta traversa, el jazz y las m\u00fasicas tradicionales<\/p>\n","protected":false},"author":3,"featured_media":14058,"comment_status":"closed","ping_status":"open","sticky":false,"template":"","format":"standard","meta":{"om_disable_all_campaigns":false,"pagelayer_contact_templates":[],"_pagelayer_content":"","_monsterinsights_skip_tracking":false,"footnotes":""},"categories":[27],"tags":[4614,724,4253,4612,196,4613,4587,766,2707],"class_list":["post-14057","post","type-post","status-publish","format-standard","has-post-thumbnail","hentry","category-musica","tag-banda-sinfonica-nacional","tag-boyaca","tag-festivales-culturales","tag-flauta-traversa","tag-jazz","tag-licenciatura-en-musica","tag-musica-colombiana","tag-tunja","tag-uptc"],"jetpack_featured_media_url":"https:\/\/www.periodicolapislazuli.com\/noticias\/wp-content\/uploads\/2026\/09\/Festival-de-flauta500.jpeg","_links":{"self":[{"href":"https:\/\/www.periodicolapislazuli.com\/noticias\/wp-json\/wp\/v2\/posts\/14057","targetHints":{"allow":["GET"]}}],"collection":[{"href":"https:\/\/www.periodicolapislazuli.com\/noticias\/wp-json\/wp\/v2\/posts"}],"about":[{"href":"https:\/\/www.periodicolapislazuli.com\/noticias\/wp-json\/wp\/v2\/types\/post"}],"author":[{"embeddable":true,"href":"https:\/\/www.periodicolapislazuli.com\/noticias\/wp-json\/wp\/v2\/users\/3"}],"replies":[{"embeddable":true,"href":"https:\/\/www.periodicolapislazuli.com\/noticias\/wp-json\/wp\/v2\/comments?post=14057"}],"version-history":[{"count":2,"href":"https:\/\/www.periodicolapislazuli.com\/noticias\/wp-json\/wp\/v2\/posts\/14057\/revisions"}],"predecessor-version":[{"id":14060,"href":"https:\/\/www.periodicolapislazuli.com\/noticias\/wp-json\/wp\/v2\/posts\/14057\/revisions\/14060"}],"wp:featuredmedia":[{"embeddable":true,"href":"https:\/\/www.periodicolapislazuli.com\/noticias\/wp-json\/wp\/v2\/media\/14058"}],"wp:attachment":[{"href":"https:\/\/www.periodicolapislazuli.com\/noticias\/wp-json\/wp\/v2\/media?parent=14057"}],"wp:term":[{"taxonomy":"category","embeddable":true,"href":"https:\/\/www.periodicolapislazuli.com\/noticias\/wp-json\/wp\/v2\/categories?post=14057"},{"taxonomy":"post_tag","embeddable":true,"href":"https:\/\/www.periodicolapislazuli.com\/noticias\/wp-json\/wp\/v2\/tags?post=14057"}],"curies":[{"name":"wp","href":"https:\/\/api.w.org\/{rel}","templated":true}]}}