{"id":14054,"date":"2026-09-01T11:18:31","date_gmt":"2026-09-01T11:18:31","guid":{"rendered":"https:\/\/www.periodicolapislazuli.com\/noticias\/?p=14054"},"modified":"2026-09-01T11:18:31","modified_gmt":"2026-09-01T11:18:31","slug":"premio-ensayo-humanistico-2026-catalunya-literaria-200000-euros","status":"publish","type":"post","link":"https:\/\/www.periodicolapislazuli.com\/noticias\/premio-ensayo-humanistico-2026-catalunya-literaria-200000-euros\/","title":{"rendered":"Premio de Ensayo Human\u00edstico 2026 ofrece 200.000 euros para pensar los desaf\u00edos de la inteligencia artificial"},"content":{"rendered":"<p style=\"text-align: justify; padding-left: 40px;\"><strong>Catalunya Liter\u00e0ria Fundaci\u00f3 Privada convoca una nueva edici\u00f3n de su Premio de Ensayo Human\u00edstico, dotado con 200.000 euros. Los originales podr\u00e1n enviarse digitalmente hasta el 15 de noviembre de 2026 y deber\u00e1n abordar las transformaciones sociales, culturales, econ\u00f3micas y laborales asociadas al desarrollo tecnol\u00f3gico y los sistemas inteligentes.<\/strong><\/p>\n<p style=\"text-align: justify; padding-left: 40px;\">La relaci\u00f3n entre tecnolog\u00eda, sociedad y futuro ser\u00e1 el centro del <strong>Premio de Ensayo Human\u00edstico 2026<\/strong> convocado por Catalunya Liter\u00e0ria Fundaci\u00f3 Privada. Bajo el lema <strong>\u201cHumanidad global y sistemas inteligentes. Nuevos retos\u201d<\/strong>, el certamen propone examinar cr\u00edticamente las consecuencias del desarrollo tecnol\u00f3gico globalizado y las respuestas posibles frente a un paradigma que est\u00e1 modificando la cultura, el trabajo, la econom\u00eda y las formas de organizaci\u00f3n social. La convocatoria permanecer\u00e1 abierta hasta el <strong>15 de noviembre de 2026<\/strong> y establece una dotaci\u00f3n de <strong>200.000 euros<\/strong>.<\/p>\n<p style=\"text-align: justify; padding-left: 40px;\">La cifra convierte la convocatoria en una iniciativa particularmente significativa dentro del \u00e1mbito del ensayo. No se trata, adem\u00e1s, de una dotaci\u00f3n excepcional dentro de la trayectoria de la entidad: Catalunya Liter\u00e0ria ha mantenido los 200.000 euros en varias ediciones precedentes. La fundaci\u00f3n se\u00f1ala que concede peri\u00f3dicamente este premio desde 2002 y que sus convocatorias han abordado cuestiones como la construcci\u00f3n europea, la educaci\u00f3n, la diversidad de las sociedades, la comunicaci\u00f3n y distintos procesos relacionados con la evoluci\u00f3n de la humanidad.<\/p>\n<p style=\"text-align: justify; padding-left: 40px;\">La edici\u00f3n de 2026 dirige esa tradici\u00f3n hacia uno de los grandes debates contempor\u00e1neos. Las bases invitan a estudiar la evoluci\u00f3n de la sociedad frente al desarrollo tecnol\u00f3gico global, incluidos sus efectos socioculturales, econ\u00f3micos y laborales, as\u00ed como los problemas emergentes, sus consecuencias y posibles soluciones. El planteamiento ampl\u00eda el campo m\u00e1s all\u00e1 de una reflexi\u00f3n estrictamente t\u00e9cnica sobre inteligencia artificial: sit\u00faa los <strong>sistemas inteligentes<\/strong> dentro de una discusi\u00f3n human\u00edstica sobre sus implicaciones para la vida colectiva.<\/p>\n<p style=\"text-align: justify; padding-left: 40px;\">Los trabajos deber\u00e1n ser in\u00e9ditos y no podr\u00e1n estar comprometidos previamente para publicaci\u00f3n. La extensi\u00f3n establecida oscila entre <strong>30.000 y 60.000 palabras<\/strong>, y los originales tendr\u00e1n que presentarse en formato PDF. La convocatoria admite obras escritas en <strong>catal\u00e1n, espa\u00f1ol, franc\u00e9s, italiano o ingl\u00e9s<\/strong>. Las bases publicadas no establecen una restricci\u00f3n espec\u00edfica de nacionalidad o residencia, mientras que el env\u00edo se realiza exclusivamente por correo electr\u00f3nico a la direcci\u00f3n administrativa indicada por la fundaci\u00f3n. Cada participante deber\u00e1 recibir un acuse de recibo.<\/p>\n<p style=\"text-align: justify; padding-left: 40px;\">Uno de los aspectos relevantes para escritores e investigadores es el tratamiento de los derechos de autor. De acuerdo con las bases de 2026, estos permanecer\u00e1n en manos del autor o autores galardonados, quienes podr\u00e1n negociar directamente con editoriales sin participaci\u00f3n econ\u00f3mica de Catalunya Liter\u00e0ria Fundaci\u00f3 Privada. La entidad, sin embargo, se reserva el derecho de realizar ediciones destinadas a circulaci\u00f3n gratuita.<\/p>\n<p style=\"text-align: justify; padding-left: 40px;\">El ganador todav\u00eda no est\u00e1 decidido y tampoco se conoce la composici\u00f3n del jurado. La fundaci\u00f3n ha establecido que los nombres de sus integrantes se har\u00e1n p\u00fablicos cuando se anuncie el <strong>veredicto, el 30 de noviembre de 2026<\/strong>. Las bases contemplan adem\u00e1s la posibilidad de declarar desierto el premio si los trabajos no re\u00fanen las condiciones exigidas o la calidad suficiente; en ese supuesto, la dotaci\u00f3n econ\u00f3mica se trasladar\u00eda a una nueva convocatoria.<\/p>\n<p style=\"text-align: justify; padding-left: 40px;\">Con sede en Tarragona, Catalunya Liter\u00e0ria Fundaci\u00f3 Privada define como uno de sus principales prop\u00f3sitos fomentar el ensayo y utilizar la literatura para favorecer el conocimiento y la reflexi\u00f3n sobre la evoluci\u00f3n social. Su apuesta por un premio de esta magnitud sit\u00faa nuevamente al pensamiento human\u00edstico frente a cuestiones que suelen discutirse desde la ingenier\u00eda, la econom\u00eda o la innovaci\u00f3n empresarial.<\/p>\n<p style=\"text-align: justify; padding-left: 40px;\">En un momento en que los sistemas inteligentes atraviesan la educaci\u00f3n, la creaci\u00f3n cultural, los medios, las profesiones y la producci\u00f3n de conocimiento, la convocatoria plantea una pregunta de fondo: no solo qu\u00e9 puede hacer la tecnolog\u00eda, sino <strong>qu\u00e9 sociedad queremos construir alrededor de ella<\/strong>. Ese desplazamiento de la discusi\u00f3n tecnol\u00f3gica hacia las humanidades constituye quiz\u00e1 el aporte cultural m\u00e1s relevante del Premio de Ensayo Human\u00edstico 2026.<\/p>\n<p style=\"text-align: justify; padding-left: 40px;\">\n","protected":false},"excerpt":{"rendered":"<p>Catalunya Liter\u00e0ria Fundaci\u00f3 Privada convoca una nueva edici\u00f3n de su Premio de Ensayo Human\u00edstico, dotado con 200.000 euros.<\/p>\n","protected":false},"author":3,"featured_media":14056,"comment_status":"closed","ping_status":"open","sticky":false,"template":"","format":"standard","meta":{"om_disable_all_campaigns":false,"pagelayer_contact_templates":[],"_pagelayer_content":"","_monsterinsights_skip_tracking":false,"footnotes":""},"categories":[3],"tags":[],"class_list":["post-14054","post","type-post","status-publish","format-standard","has-post-thumbnail","hentry","category-actualidad"],"jetpack_featured_media_url":"https:\/\/www.periodicolapislazuli.com\/noticias\/wp-content\/uploads\/2026\/09\/15catalunyaliteraria.jpg","_links":{"self":[{"href":"https:\/\/www.periodicolapislazuli.com\/noticias\/wp-json\/wp\/v2\/posts\/14054","targetHints":{"allow":["GET"]}}],"collection":[{"href":"https:\/\/www.periodicolapislazuli.com\/noticias\/wp-json\/wp\/v2\/posts"}],"about":[{"href":"https:\/\/www.periodicolapislazuli.com\/noticias\/wp-json\/wp\/v2\/types\/post"}],"author":[{"embeddable":true,"href":"https:\/\/www.periodicolapislazuli.com\/noticias\/wp-json\/wp\/v2\/users\/3"}],"replies":[{"embeddable":true,"href":"https:\/\/www.periodicolapislazuli.com\/noticias\/wp-json\/wp\/v2\/comments?post=14054"}],"version-history":[{"count":1,"href":"https:\/\/www.periodicolapislazuli.com\/noticias\/wp-json\/wp\/v2\/posts\/14054\/revisions"}],"predecessor-version":[{"id":14055,"href":"https:\/\/www.periodicolapislazuli.com\/noticias\/wp-json\/wp\/v2\/posts\/14054\/revisions\/14055"}],"wp:featuredmedia":[{"embeddable":true,"href":"https:\/\/www.periodicolapislazuli.com\/noticias\/wp-json\/wp\/v2\/media\/14056"}],"wp:attachment":[{"href":"https:\/\/www.periodicolapislazuli.com\/noticias\/wp-json\/wp\/v2\/media?parent=14054"}],"wp:term":[{"taxonomy":"category","embeddable":true,"href":"https:\/\/www.periodicolapislazuli.com\/noticias\/wp-json\/wp\/v2\/categories?post=14054"},{"taxonomy":"post_tag","embeddable":true,"href":"https:\/\/www.periodicolapislazuli.com\/noticias\/wp-json\/wp\/v2\/tags?post=14054"}],"curies":[{"name":"wp","href":"https:\/\/api.w.org\/{rel}","templated":true}]}}