{"id":14051,"date":"2026-09-01T10:45:34","date_gmt":"2026-09-01T10:45:34","guid":{"rendered":"https:\/\/www.periodicolapislazuli.com\/noticias\/?p=14051"},"modified":"2026-09-01T10:45:34","modified_gmt":"2026-09-01T10:45:34","slug":"puede-la-musica-ayudar-contra-el-alzheimer-y-el-parkinson-en-la-unal-investigan-sus-efectos","status":"publish","type":"post","link":"https:\/\/www.periodicolapislazuli.com\/noticias\/puede-la-musica-ayudar-contra-el-alzheimer-y-el-parkinson-en-la-unal-investigan-sus-efectos\/","title":{"rendered":"\u00bfPuede la m\u00fasica ayudar contra el Alzheimer y el Parkinson? en la UNAL investigan sus efectos"},"content":{"rendered":"<p style=\"text-align: justify;\">El Semillero de Investigaci\u00f3n en Musicoterapia, Cl\u00ednica y Salud de la Universidad Nacional de Colombia explora el encuentro entre m\u00fasica, investigaci\u00f3n y pr\u00e1ctica terap\u00e9utica para acompa\u00f1ar a personas con enfermedades neurodegenerativas y a quienes participan en sus procesos de cuidado.<\/p>\n<p style=\"text-align: justify; padding-left: 40px;\">La Facultad de Artes de la Universidad Nacional de Colombia (UNAL), Sede Bogot\u00e1, puso nuevamente el foco sobre una zona de encuentro cada vez m\u00e1s significativa entre las artes y la salud: la <strong>musicoterapia aplicada a contextos cl\u00ednicos<\/strong>. A trav\u00e9s de una pieza audiovisual difundida en sus canales oficiales, la instituci\u00f3n present\u00f3 el trabajo del Semillero de Investigaci\u00f3n en Musicoterapia, Cl\u00ednica y Salud, un espacio que articula ciencia y m\u00fasica y que desarrolla procesos relacionados con personas que enfrentan condiciones como Alzheimer y Parkinson, adem\u00e1s de considerar a sus cuidadores dentro de esta perspectiva de bienestar.<\/p>\n<p style=\"text-align: justify; padding-left: 40px;\">La iniciativa resulta especialmente relevante porque desplaza la m\u00fasica del lugar exclusivo de la interpretaci\u00f3n art\u00edstica para situarla tambi\u00e9n en escenarios de investigaci\u00f3n, formaci\u00f3n y acompa\u00f1amiento terap\u00e9utico. La propia Universidad advierte, sin embargo, que la musicoterapia no debe confundirse con una especialidad m\u00e9dica ni entenderse como sustituto de otros tratamientos: su pr\u00e1ctica se desarrolla dentro de equipos multidisciplinarios y utiliza el sonido, los instrumentos, la voz, el cuerpo y la interacci\u00f3n como recursos terap\u00e9uticos.<\/p>\n<p style=\"text-align: justify; padding-left: 40px;\">Ese enfoque tiene antecedentes institucionales consolidados. La Facultad de Artes ofrece actualmente la <strong>Maestr\u00eda en Musicoterapia<\/strong>, un programa presencial de la Sede Bogot\u00e1 que, seg\u00fan informaci\u00f3n oficial, cuenta con cerca de dos d\u00e9cadas de experiencia y ha acompa\u00f1ado la formaci\u00f3n de m\u00e1s de 350 estudiantes. El posgrado se organiza alrededor de tres l\u00edneas de acci\u00f3n \u2014cl\u00ednico-salud, comunitaria y educaci\u00f3n\u2014 y contempla m\u00e1s de 500 horas de trabajo pr\u00e1ctico dirigido.<\/p>\n<p style=\"text-align: justify; padding-left: 40px;\">En este ecosistema acad\u00e9mico cobra sentido la existencia de un semillero que invita a estudiantes a aproximarse a la investigaci\u00f3n desde la pr\u00e1ctica. La publicaci\u00f3n institucional lo presenta como un espacio en el que el aprendizaje no queda limitado a la teor\u00eda: el objetivo es vincular conocimiento, sensibilidad art\u00edstica y experiencia terap\u00e9utica, poniendo especial atenci\u00f3n en la calidad de vida de las personas y en las necesidades que surgen alrededor del cuidado.<\/p>\n<p style=\"text-align: justify; padding-left: 40px;\">La Universidad Nacional tambi\u00e9n ha documentado anteriormente experiencias que permiten entender el horizonte de estas investigaciones. En 2020, la Agencia UNAL recogi\u00f3 trabajos vinculados con musicoterapia, neurociencia e inteligencia artificial. En aquella ocasi\u00f3n, el profesor Miguel Basabe explic\u00f3 que, frente a enfermedades como Alzheimer o Parkinson, la musicoterapia no detiene el deterioro, pero puede ser empleada para buscar mejores condiciones de vida dentro de procesos terap\u00e9uticos. El trabajo descrito incorporaba improvisaci\u00f3n, composici\u00f3n, recreaci\u00f3n musical y experiencias receptivas, adem\u00e1s del estudio de variables asociadas con atenci\u00f3n, compromiso y relajaci\u00f3n.<\/p>\n<p style=\"text-align: justify; padding-left: 40px;\">Un a\u00f1o antes, otro proyecto desarrollado en la UNAL Sede Palmira hab\u00eda explorado una \u201cRuleta Musical\u201d como alternativa no farmacol\u00f3gica para estimular procesos cognitivos y de reminiscencia en personas con Alzheimer. La propuesta involucraba adem\u00e1s a las familias, mostrando que la relaci\u00f3n entre m\u00fasica, memoria y cuidado ha sido una pregunta recurrente dentro de diferentes \u00e1reas de la Universidad.<\/p>\n<p style=\"text-align: justify; padding-left: 40px;\">La presentaci\u00f3n del Semillero de Investigaci\u00f3n en Musicoterapia, Cl\u00ednica y Salud no anuncia, al menos en la informaci\u00f3n oficial disponible, resultados cl\u00ednicos nuevos ni ofrece cifras que permitan medir todav\u00eda su impacto. Su importancia est\u00e1 en otro lugar: <strong>formar investigadores capaces de trabajar en la frontera entre disciplinas que durante mucho tiempo permanecieron separadas<\/strong>.<\/p>\n<p style=\"text-align: justify; padding-left: 40px;\">En ese cruce, la m\u00fasica deja de ser \u00fanicamente objeto est\u00e9tico y se convierte tambi\u00e9n en campo de conocimiento. Para una universidad p\u00fablica, abrir espacios donde artistas, investigadores y profesionales vinculados con la salud puedan dialogar supone ampliar el alcance social de la formaci\u00f3n art\u00edstica. Frente al envejecimiento, las enfermedades neurodegenerativas y las exigencias que recaen sobre las redes de cuidado, investigar rigurosamente qu\u00e9 puede aportar la experiencia musical no es una promesa de curaci\u00f3n: es una pregunta cient\u00edfica, humana y cultural que merece ser explorada.<\/p>\n<p>&nbsp;<\/p>\n<div style=\"width: 100%; max-width: none; margin: 0; padding: 0;\">\n<div style=\"position: relative; width: 100%; padding-bottom: 56.25%; height: 0; overflow: hidden;\"><iframe style=\"border: none; overflow: hidden; position: absolute; top: 0; left: 0; width: 100%; height: 100%;\" title=\"Video de Facebook\" src=\"https:\/\/www.facebook.com\/plugins\/video.php?href=https%3A%2F%2Fwww.facebook.com%2Fwatch%2F%3Fv%3D3970153156458589&amp;show_text=false&amp;width=1200\" frameborder=\"0\" scrolling=\"no\" allowfullscreen=\"allowfullscreen\"><br \/>\n<\/iframe><\/div>\n<\/div>\n<p><img fetchpriority=\"high\" decoding=\"async\" class=\"aligncenter wp-image-12499 size-full\" src=\"http:\/\/www.periodicolapislazuli.com\/noticias\/wp-content\/uploads\/2025\/12\/banner-style-10-scaled.jpg\" alt=\"\" width=\"2560\" height=\"128\" srcset=\"https:\/\/www.periodicolapislazuli.com\/noticias\/wp-content\/uploads\/2025\/12\/banner-style-10-scaled.jpg 2560w, https:\/\/www.periodicolapislazuli.com\/noticias\/wp-content\/uploads\/2025\/12\/banner-style-10-780x39.jpg 780w, https:\/\/www.periodicolapislazuli.com\/noticias\/wp-content\/uploads\/2025\/12\/banner-style-10-1200x60.jpg 1200w, https:\/\/www.periodicolapislazuli.com\/noticias\/wp-content\/uploads\/2025\/12\/banner-style-10-768x38.jpg 768w, https:\/\/www.periodicolapislazuli.com\/noticias\/wp-content\/uploads\/2025\/12\/banner-style-10-1536x77.jpg 1536w, https:\/\/www.periodicolapislazuli.com\/noticias\/wp-content\/uploads\/2025\/12\/banner-style-10-2048x102.jpg 2048w\" sizes=\"(max-width: 2560px) 100vw, 2560px\" \/><\/p>\n","protected":false},"excerpt":{"rendered":"<p>El Semillero de Investigaci\u00f3n en Musicoterapia, Cl\u00ednica y Salud de la Universidad Nacional de Colombia explora el encuentro<\/p>\n","protected":false},"author":3,"featured_media":14052,"comment_status":"closed","ping_status":"open","sticky":false,"template":"","format":"standard","meta":{"om_disable_all_campaigns":false,"pagelayer_contact_templates":[],"_pagelayer_content":"","_monsterinsights_skip_tracking":false,"footnotes":""},"categories":[3,27],"tags":[4605,4607,4604,4609,4608,4603,4606,4610,4611],"class_list":["post-14051","post","type-post","status-publish","format-standard","has-post-thumbnail","hentry","category-actualidad","category-musica","tag-alzheimer","tag-enfermedades-neurodegenerativas","tag-facultad-de-artes-unal","tag-investigacion-musical","tag-musica-y-salud","tag-musicoterapia-unal","tag-parkinson","tag-salud-y-cultura","tag-semilleros-de-investigacion"],"jetpack_featured_media_url":"https:\/\/www.periodicolapislazuli.com\/noticias\/wp-content\/uploads\/2026\/09\/foto-unal.jpg","_links":{"self":[{"href":"https:\/\/www.periodicolapislazuli.com\/noticias\/wp-json\/wp\/v2\/posts\/14051","targetHints":{"allow":["GET"]}}],"collection":[{"href":"https:\/\/www.periodicolapislazuli.com\/noticias\/wp-json\/wp\/v2\/posts"}],"about":[{"href":"https:\/\/www.periodicolapislazuli.com\/noticias\/wp-json\/wp\/v2\/types\/post"}],"author":[{"embeddable":true,"href":"https:\/\/www.periodicolapislazuli.com\/noticias\/wp-json\/wp\/v2\/users\/3"}],"replies":[{"embeddable":true,"href":"https:\/\/www.periodicolapislazuli.com\/noticias\/wp-json\/wp\/v2\/comments?post=14051"}],"version-history":[{"count":1,"href":"https:\/\/www.periodicolapislazuli.com\/noticias\/wp-json\/wp\/v2\/posts\/14051\/revisions"}],"predecessor-version":[{"id":14053,"href":"https:\/\/www.periodicolapislazuli.com\/noticias\/wp-json\/wp\/v2\/posts\/14051\/revisions\/14053"}],"wp:featuredmedia":[{"embeddable":true,"href":"https:\/\/www.periodicolapislazuli.com\/noticias\/wp-json\/wp\/v2\/media\/14052"}],"wp:attachment":[{"href":"https:\/\/www.periodicolapislazuli.com\/noticias\/wp-json\/wp\/v2\/media?parent=14051"}],"wp:term":[{"taxonomy":"category","embeddable":true,"href":"https:\/\/www.periodicolapislazuli.com\/noticias\/wp-json\/wp\/v2\/categories?post=14051"},{"taxonomy":"post_tag","embeddable":true,"href":"https:\/\/www.periodicolapislazuli.com\/noticias\/wp-json\/wp\/v2\/tags?post=14051"}],"curies":[{"name":"wp","href":"https:\/\/api.w.org\/{rel}","templated":true}]}}