{"id":14040,"date":"2026-09-01T10:21:21","date_gmt":"2026-09-01T10:21:21","guid":{"rendered":"https:\/\/www.periodicolapislazuli.com\/noticias\/?p=14040"},"modified":"2026-09-01T10:24:39","modified_gmt":"2026-09-01T10:24:39","slug":"dua-lipa-llevo-cien-anos-de-soledad-a-su-club-de-lectura-y-volvio-a-poner-a-macondo-ante-lectores-globales","status":"publish","type":"post","link":"https:\/\/www.periodicolapislazuli.com\/noticias\/dua-lipa-llevo-cien-anos-de-soledad-a-su-club-de-lectura-y-volvio-a-poner-a-macondo-ante-lectores-globales\/","title":{"rendered":"Dua Lipa llev\u00f3 Cien a\u00f1os de soledad a su club de lectura y volvi\u00f3 a poner a Macondo ante lectores globales"},"content":{"rendered":"<p style=\"text-align: justify; padding-left: 40px;\">El 3 de octubre de 2023, Dua Lipa anunci\u00f3 que <em>Cien a\u00f1os de soledad<\/em>, de Gabriel Garc\u00eda M\u00e1rquez, ser\u00eda la lectura mensual de octubre de Service95 Book Club, el club literario de su plataforma cultural. La elecci\u00f3n convirti\u00f3 uno de los t\u00edtulos fundamentales de la literatura colombiana en el centro de una programaci\u00f3n editorial destinada a lectores internacionales y acompa\u00f1ada por escritores, especialistas y miembros de la familia del Nobel.<\/p>\n<p style=\"text-align: justify; padding-left: 40px;\">La cantante explic\u00f3 que hab\u00eda le\u00eddo la traducci\u00f3n al ingl\u00e9s de Gregory Rabassa y destac\u00f3 especialmente la manera en que Garc\u00eda M\u00e1rquez hace convivir lo fant\u00e1stico con la historia y la realidad colombianas. Reconoci\u00f3, adem\u00e1s, que seguir las distintas generaciones de Aurelianos y Jos\u00e9 Arcadios pod\u00eda exigir atenci\u00f3n, pero consider\u00f3 esa dificultad parte de la experiencia de entrar en el universo narrativo de Macondo.<\/p>\n<p style=\"text-align: justify; padding-left: 40px;\">Su impresi\u00f3n fue mucho m\u00e1s all\u00e1 de recomendar una novela c\u00e9lebre. Lipa asegur\u00f3 que la lectura la llev\u00f3 a pensar en el amor, la guerra, los v\u00ednculos familiares, las consecuencias de la modernidad y las distintas dimensiones de la soledad. En la presentaci\u00f3n del libro lleg\u00f3 a decir que la obra la hab\u00eda puesto \u201cbajo un hechizo\u201d, una expresi\u00f3n que sintetizaba su fascinaci\u00f3n por la capacidad narrativa de Garc\u00eda M\u00e1rquez.<\/p>\n<p>&nbsp;<\/p>\n<p><img fetchpriority=\"high\" decoding=\"async\" class=\"size-full wp-image-14043 alignleft\" src=\"http:\/\/www.periodicolapislazuli.com\/noticias\/wp-content\/uploads\/2026\/09\/cien-anos-dua-lipa.avif\" alt=\"\" width=\"350\" height=\"350\" \/><\/p>\n<p style=\"text-align: justify; padding-left: 40px;\">La elecci\u00f3n tuvo adem\u00e1s una dimensi\u00f3n editorial. Service95 construy\u00f3 alrededor de <em>Cien a\u00f1os de soledad<\/em> una serie de contenidos para ampliar la lectura. La plataforma public\u00f3 una conversaci\u00f3n con el novelista colombiano Juan Gabriel V\u00e1squez sobre la permanencia de la obra; prepar\u00f3 materiales sobre la masacre de las bananeras de 1928 y su transformaci\u00f3n literaria dentro de la novela; y vincul\u00f3 la selecci\u00f3n con nuevas recomendaciones de literatura latinoamericana.<\/p>\n<p style=\"text-align: justify; padding-left: 40px;\">El propio anuncio de Dua Lipa se\u00f1alaba tambi\u00e9n una entrevista con Rodrigo Garc\u00eda, hijo del escritor y director de cine, dedicada a las din\u00e1micas familiares, el proceso creativo y las fuentes de inspiraci\u00f3n de su padre. As\u00ed, el club no trat\u00f3 la novela \u00fanicamente como un fen\u00f3meno del llamado realismo m\u00e1gico, sino como una puerta para aproximarse a la historia, la literatura y la cultura colombianas.<\/p>\n<p style=\"text-align: justify; padding-left: 40px;\">La elecci\u00f3n ten\u00eda detr\u00e1s una obra de extraordinaria circulaci\u00f3n internacional. <em>Cien a\u00f1os de soledad<\/em> apareci\u00f3 en 1967 y fue el libro que consolid\u00f3 el reconocimiento mundial de Garc\u00eda M\u00e1rquez. La Academia Sueca destac\u00f3 posteriormente esa capacidad de combinar lo fant\u00e1stico y lo real al concederle el Premio Nobel de Literatura de 1982. Netflix, por su parte, se\u00f1ala que la novela ha vendido m\u00e1s de 50 millones de ejemplares y ha sido traducida a m\u00e1s de 40 idiomas.<\/p>\n<p style=\"text-align: justify; padding-left: 40px;\">La vigencia de aquella recomendaci\u00f3n resulta todav\u00eda m\u00e1s visible tres a\u00f1os despu\u00e9s. La adaptaci\u00f3n audiovisual de Netflix comenz\u00f3 a emitirse en diciembre de 2024 y complet\u00f3 en agosto de 2026 su segunda y \u00faltima parte, convirtiendo nuevamente a Macondo y a los Buend\u00eda en protagonistas de una circulaci\u00f3n cultural internacional. La producci\u00f3n fue realizada en Colombia y concebida en 16 episodios.<\/p>\n<p style=\"text-align: justify; padding-left: 40px;\">Hay, adem\u00e1s, una precisi\u00f3n importante frente a informaciones difundidas en 2023: Netflix <strong>no adquiri\u00f3 ni anunci\u00f3 por primera vez los derechos de adaptaci\u00f3n en octubre de 2022<\/strong>. En ese mes la compa\u00f1\u00eda comunic\u00f3 el inicio de la construcci\u00f3n del universo de la serie y record\u00f3 que el acuerdo con la familia Garc\u00eda M\u00e1rquez hab\u00eda sido anunciado \u201cpoco m\u00e1s de tres a\u00f1os\u201d antes.<\/p>\n<p style=\"text-align: justify; padding-left: 40px;\">La recomendaci\u00f3n de Dua Lipa muestra as\u00ed una de las formas contempor\u00e1neas de circulaci\u00f3n de los cl\u00e1sicos: una figura mundial de la m\u00fasica puede funcionar tambi\u00e9n como mediadora cultural y conducir nuevas audiencias hacia una novela publicada hace casi seis d\u00e9cadas. En este caso, la elecci\u00f3n no solo devolvi\u00f3 lectores a Macondo; tambi\u00e9n abri\u00f3 un espacio para hablar de Colombia, de su memoria hist\u00f3rica y de una tradici\u00f3n literaria cuya capacidad de viajar entre generaciones, lenguas y formatos contin\u00faa intacta.<\/p>\n<p style=\"text-align: justify; padding-left: 40px;\">\n","protected":false},"excerpt":{"rendered":"<p>El 3 de octubre de 2023, Dua Lipa anunci\u00f3 que Cien a\u00f1os de soledad, de Gabriel Garc\u00eda M\u00e1rquez,<\/p>\n","protected":false},"author":3,"featured_media":14045,"comment_status":"closed","ping_status":"open","sticky":false,"template":"","format":"standard","meta":{"om_disable_all_campaigns":false,"pagelayer_contact_templates":[],"_pagelayer_content":"","_monsterinsights_skip_tracking":false,"footnotes":""},"categories":[3],"tags":[715,4593,716,241,629,4596,2362,4597,4595,4594],"class_list":["post-14040","post","type-post","status-publish","format-standard","has-post-thumbnail","hentry","category-actualidad","tag-cien-anos-de-soledad","tag-dua-lipa","tag-gabriel-garcia-marquez","tag-literatura-colombiana","tag-literatura-latinoamericana","tag-macondo","tag-premio-nobel-de-literatura","tag-realismo-magico","tag-service95","tag-service95-book-club"],"jetpack_featured_media_url":"https:\/\/www.periodicolapislazuli.com\/noticias\/wp-content\/uploads\/2026\/09\/dualipa_43324089.png","_links":{"self":[{"href":"https:\/\/www.periodicolapislazuli.com\/noticias\/wp-json\/wp\/v2\/posts\/14040","targetHints":{"allow":["GET"]}}],"collection":[{"href":"https:\/\/www.periodicolapislazuli.com\/noticias\/wp-json\/wp\/v2\/posts"}],"about":[{"href":"https:\/\/www.periodicolapislazuli.com\/noticias\/wp-json\/wp\/v2\/types\/post"}],"author":[{"embeddable":true,"href":"https:\/\/www.periodicolapislazuli.com\/noticias\/wp-json\/wp\/v2\/users\/3"}],"replies":[{"embeddable":true,"href":"https:\/\/www.periodicolapislazuli.com\/noticias\/wp-json\/wp\/v2\/comments?post=14040"}],"version-history":[{"count":2,"href":"https:\/\/www.periodicolapislazuli.com\/noticias\/wp-json\/wp\/v2\/posts\/14040\/revisions"}],"predecessor-version":[{"id":14044,"href":"https:\/\/www.periodicolapislazuli.com\/noticias\/wp-json\/wp\/v2\/posts\/14040\/revisions\/14044"}],"wp:featuredmedia":[{"embeddable":true,"href":"https:\/\/www.periodicolapislazuli.com\/noticias\/wp-json\/wp\/v2\/media\/14045"}],"wp:attachment":[{"href":"https:\/\/www.periodicolapislazuli.com\/noticias\/wp-json\/wp\/v2\/media?parent=14040"}],"wp:term":[{"taxonomy":"category","embeddable":true,"href":"https:\/\/www.periodicolapislazuli.com\/noticias\/wp-json\/wp\/v2\/categories?post=14040"},{"taxonomy":"post_tag","embeddable":true,"href":"https:\/\/www.periodicolapislazuli.com\/noticias\/wp-json\/wp\/v2\/tags?post=14040"}],"curies":[{"name":"wp","href":"https:\/\/api.w.org\/{rel}","templated":true}]}}