{"id":14031,"date":"2026-09-01T13:55:41","date_gmt":"2026-09-01T13:55:41","guid":{"rendered":"https:\/\/www.periodicolapislazuli.com\/noticias\/?p=14031"},"modified":"2026-09-01T13:56:46","modified_gmt":"2026-09-01T13:56:46","slug":"festival-de-cine-independiente-de-la-cdmx-2026-cine-contra-la-velocidad-del-scroll","status":"publish","type":"post","link":"https:\/\/www.periodicolapislazuli.com\/noticias\/festival-de-cine-independiente-de-la-cdmx-2026-cine-contra-la-velocidad-del-scroll\/","title":{"rendered":"Festival de Cine Independiente de la CDMX 2026: cine contra la velocidad del scroll"},"content":{"rendered":"<p style=\"text-align: justify; padding-left: 40px;\">En una \u00e9poca en la que las im\u00e1genes compiten por segundos de atenci\u00f3n, el Festival de Cine Independiente de la Ciudad de M\u00e9xico plantea una respuesta deliberadamente lenta: mirar, permanecer y conversar. Su novena edici\u00f3n se realizar\u00e1 del <strong>2 al 6 de septiembre de 2026<\/strong> en ocho espacios de la capital mexicana, con una programaci\u00f3n que cruza cine contempor\u00e1neo, cl\u00e1sicos mexicanos, animaci\u00f3n, obras vinculadas con pueblos originarios, formaci\u00f3n cinematogr\u00e1fica y debates sobre g\u00e9nero. Organizado por <strong>Red Nacional de Arte<\/strong>, el FECIMX cuenta este a\u00f1o con el apoyo de PROCINECDMX, que lo incluy\u00f3 entre los festivales seleccionados en su convocatoria 2026 para promoci\u00f3n y exhibici\u00f3n del cine mexicano.<\/p>\n<p>&nbsp;<\/p>\n<p><img fetchpriority=\"high\" decoding=\"async\" class=\"size-medium aligncenter\" src=\"https:\/\/festivalcineindependiente.com\/img\/logo-web.png\" width=\"776\" height=\"251\" \/><\/p>\n<p>&nbsp;<\/p>\n<p style=\"text-align: justify; padding-left: 40px;\">La consigna de esta edici\u00f3n, <strong>\u201cSostener la mirada\u201d<\/strong>, adquiere sentido frente al consumo acelerado de im\u00e1genes y el desplazamiento incesante de las redes sociales. Ad\u00e1n Ruiz, productor del festival, ha explicado que la propuesta responde precisamente a esa transformaci\u00f3n de los h\u00e1bitos audiovisuales. Pero el planteamiento no se limita a una cr\u00edtica del algoritmo: coincide con la misi\u00f3n declarada del FECIMX de estimular la cultura cinematogr\u00e1fica, presentar b\u00fasquedas sociales y est\u00e9ticas alejadas de los formatos convencionales y \u201cconstruir puentes verdaderos entre cineastas, pel\u00edculas, p\u00fablicos y contextos\u201d.<\/p>\n<p style=\"text-align: justify; padding-left: 40px;\">La apertura, el mi\u00e9rcoles 2 de septiembre a las 18:00 en Cineman\u00eda, estar\u00e1 dedicada a <em><strong>Ll\u00e1menme Mike<\/strong><\/em>, de Alfredo Gurrola. La pel\u00edcula mexicana de 1979 regresa a pantalla como parte de <strong>Cine Cl\u00e1sico Mexicano Revisitado<\/strong>. El Sistema de Informaci\u00f3n Cultural registra para la cinta tres Arieles obtenidos en 1982, entre ellos el de actuaci\u00f3n masculina para Alejandro Parodi. El di\u00e1logo con el cine mexicano del pasado continuar\u00e1 el 5 de septiembre con <em><strong>\u00a1Tintorera!<\/strong><\/em>, de Ren\u00e9 Cardona Jr., en la Sala de Cine Lafragua del Acervo Hist\u00f3rico Diplom\u00e1tico de la Secretar\u00eda de Relaciones Exteriores.<\/p>\n<p style=\"text-align: justify; padding-left: 40px;\">El presente, sin embargo, ocupa el centro de la competencia. La <strong>Selecci\u00f3n Oficial 2026 re\u00fane 32 obras<\/strong>, entre ellas <em>M\u00e1quina 30-30<\/em>, de Tulio Cortez Arriaga; <em>Billar Durango<\/em>, de Rafael Urista; <em>Venero<\/em>, de Tania Ximena; <em>Breve Mascarada<\/em>, de Julio Bracho; <em>Carta fantasma para un amor perdido<\/em>, de Emilio Santoyo; <em>At Night<\/em>, de Pooya Afzali; <em>Alejandra P.<\/em>, de Rodrigo Fiallega; <em>Matagatos<\/em>, de Isabel Vaca y Arturo Mendicuti, y <em>Tamayo<\/em>, de Mois\u00e9s Anaya y \u00c5sa Welander. La programaci\u00f3n distribuye estas miradas entre cortometrajes, animaci\u00f3n, Nuevas Visiones y un programa de Pueblos Originarios.<\/p>\n<p style=\"text-align: justify; padding-left: 40px;\">Ese \u00faltimo apartado deja ver la amplitud geogr\u00e1fica y cultural de la selecci\u00f3n. <em>Mixteco Now<\/em> se aproxima a las ra\u00edces mixtecas desde la experiencia migrante; <em>Renacimiento<\/em> sigue la resistencia de una comunidad maya poqomchi&#8217; de Guatemala, mientras <em>Tamayo<\/em> retrata al artista peruano Lenin Tamayo y su apropiaci\u00f3n del K-pop en quechua para abordar identidad y racismo.<\/p>\n<p style=\"text-align: justify; padding-left: 40px;\">Uno de los n\u00facleos de discusi\u00f3n ser\u00e1 <strong>Reencuadres: Cine y perspectiva de g\u00e9nero<\/strong>, dedicado este a\u00f1o a las masculinidades. El programa combina cortometrajes con una conversaci\u00f3n en la que participar\u00e1n, entre otros, el cineasta e investigador Kani Lapuerta, el acad\u00e9mico Gerardo Mej\u00eda N\u00fa\u00f1ez y el realizador Hugo Islas Pe\u00f1a. M\u00e1s que establecer modelos correctos de masculinidad, la propuesta busca discutir vulnerabilidad, cuidado, paternidad, amistad, deseo y los mandatos heredados que el audiovisual contribuye tanto a reproducir como a cuestionar.<\/p>\n<p style=\"text-align: justify; padding-left: 40px;\">La experimentaci\u00f3n llegar\u00e1 tambi\u00e9n con <em><strong>Penumbra<\/strong><\/em>, cine-concierto inmersivo presentado en colaboraci\u00f3n con Umbra y programado para el 3 de septiembre en Casa Imperial. La propuesta integra performance, proyecci\u00f3n y sonido mediante piezas audiovisuales generativas que exploran desde la memoria ambiental hasta el cuerpo frente al control cibern\u00e9tico.<\/p>\n<p style=\"text-align: justify; padding-left: 40px;\">A la exhibici\u00f3n se suma la <strong>Tercera Cl\u00ednica de Desarrollo de Largometrajes<\/strong>, guiada por Carlos Lenin Trevi\u00f1o y realizada con PROCINECDMX. Su convocatoria estaba dise\u00f1ada para acompa\u00f1ar proyectos de ficci\u00f3n, no ficci\u00f3n e h\u00edbridos; finalmente, el festival anunci\u00f3 once seleccionados, entre ellos <em>Todo Crece Aqu\u00ed<\/em>, <em>Desde La Ra\u00edz<\/em>, <em>Paloma Negra<\/em>, <em>Los ovnis<\/em>, <em>Mayora<\/em>, <em>Sol de Noche<\/em> y <em>El muchacho que so\u00f1\u00f3 con un gol<\/em>.<\/p>\n<p style=\"text-align: justify; padding-left: 40px;\">El cierre ser\u00e1 el 6 de septiembre, a las 19:00 en Cine Tonal\u00e1, con <em><strong>Los amantes se despiden con la mirada<\/strong><\/em>, de Rigoberto P\u00e9rezcano. La historia parte de Elida, una adolescente de 16 a\u00f1os obligada por usos y costumbres a un matrimonio arreglado, y convierte el conflicto entre amor, tradici\u00f3n y autonom\u00eda en uno de los interrogantes m\u00e1s inc\u00f3modos de la programaci\u00f3n.<\/p>\n<p style=\"text-align: justify; padding-left: 40px;\">El FECIMX todav\u00eda no puede ofrecer un balance ni ganadores: <strong>al 1 de septiembre el festival no ha comenzado<\/strong>, por lo que atribuirle conclusiones ser\u00eda anticiparlas. S\u00ed existe, en cambio, una proyecci\u00f3n concreta. Las bases permiten que las obras seleccionadas formen parte de muestras y extensiones nacionales e internacionales durante 2026 y 2027. En ese sentido, \u201csostener la mirada\u201d no describe \u00fanicamente el acto de quedarse frente a una pantalla: tambi\u00e9n define la apuesta por darle tiempo de circulaci\u00f3n, discusi\u00f3n y encuentro a un cine que dif\u00edcilmente puede medirse con la l\u00f3gica de la velocidad.<\/p>\n","protected":false},"excerpt":{"rendered":"<p>En una \u00e9poca en la que las im\u00e1genes compiten por segundos de atenci\u00f3n, el Festival de Cine Independiente<\/p>\n","protected":false},"author":3,"featured_media":14091,"comment_status":"closed","ping_status":"open","sticky":false,"template":"","format":"standard","meta":{"om_disable_all_campaigns":false,"pagelayer_contact_templates":[],"_pagelayer_content":"","_monsterinsights_skip_tracking":false,"footnotes":""},"categories":[24],"tags":[4659,4176,4658,4038,4657,4660,101,4661,4662],"class_list":["post-14031","post","type-post","status-publish","format-standard","has-post-thumbnail","hentry","category-cine","tag-cine-independiente","tag-cine-latinoamericano","tag-cine-mexicano","tag-ciudad-de-mexico","tag-fecimx","tag-festivales-de-cine","tag-mexico","tag-procinecdmx","tag-rigoberto-perezcano"],"jetpack_featured_media_url":"https:\/\/www.periodicolapislazuli.com\/noticias\/wp-content\/uploads\/2026\/09\/festival-DCMX__09.jpeg","_links":{"self":[{"href":"https:\/\/www.periodicolapislazuli.com\/noticias\/wp-json\/wp\/v2\/posts\/14031","targetHints":{"allow":["GET"]}}],"collection":[{"href":"https:\/\/www.periodicolapislazuli.com\/noticias\/wp-json\/wp\/v2\/posts"}],"about":[{"href":"https:\/\/www.periodicolapislazuli.com\/noticias\/wp-json\/wp\/v2\/types\/post"}],"author":[{"embeddable":true,"href":"https:\/\/www.periodicolapislazuli.com\/noticias\/wp-json\/wp\/v2\/users\/3"}],"replies":[{"embeddable":true,"href":"https:\/\/www.periodicolapislazuli.com\/noticias\/wp-json\/wp\/v2\/comments?post=14031"}],"version-history":[{"count":2,"href":"https:\/\/www.periodicolapislazuli.com\/noticias\/wp-json\/wp\/v2\/posts\/14031\/revisions"}],"predecessor-version":[{"id":14090,"href":"https:\/\/www.periodicolapislazuli.com\/noticias\/wp-json\/wp\/v2\/posts\/14031\/revisions\/14090"}],"wp:featuredmedia":[{"embeddable":true,"href":"https:\/\/www.periodicolapislazuli.com\/noticias\/wp-json\/wp\/v2\/media\/14091"}],"wp:attachment":[{"href":"https:\/\/www.periodicolapislazuli.com\/noticias\/wp-json\/wp\/v2\/media?parent=14031"}],"wp:term":[{"taxonomy":"category","embeddable":true,"href":"https:\/\/www.periodicolapislazuli.com\/noticias\/wp-json\/wp\/v2\/categories?post=14031"},{"taxonomy":"post_tag","embeddable":true,"href":"https:\/\/www.periodicolapislazuli.com\/noticias\/wp-json\/wp\/v2\/tags?post=14031"}],"curies":[{"name":"wp","href":"https:\/\/api.w.org\/{rel}","templated":true}]}}