{"id":14028,"date":"2026-09-01T13:49:06","date_gmt":"2026-09-01T13:49:06","guid":{"rendered":"https:\/\/www.periodicolapislazuli.com\/noticias\/?p=14028"},"modified":"2026-09-01T13:49:06","modified_gmt":"2026-09-01T13:49:06","slug":"festival-infantil-de-semana-latina-2026-en-marburg-celebra-los-derechos-de-la-ninez","status":"publish","type":"post","link":"https:\/\/www.periodicolapislazuli.com\/noticias\/festival-infantil-de-semana-latina-2026-en-marburg-celebra-los-derechos-de-la-ninez\/","title":{"rendered":"Festival infantil de Semana Latina 2026 en Marburg celebra los derechos de la ni\u00f1ez"},"content":{"rendered":"<p style=\"text-align: justify; padding-left: 40px;\">La Waggonhalle de Marburg acoger\u00e1 el domingo 20 de septiembre de 2026, entre las 14:00 y las 18:00 horas, el <em>Kinderfest zum Weltkindertag<\/em>, una jornada familiar integrada en la celebraci\u00f3n de los 20 a\u00f1os de Semana Latina. Teatro de figuras, actividades creativas y deportivas, circo participativo, m\u00fasica, escalada y una ruta dedicada a los derechos infantiles convertir\u00e1n el encuentro en uno de los espacios m\u00e1s participativos del aniversario.<\/p>\n<p style=\"text-align: justify; padding-left: 40px;\">Veinte a\u00f1os despu\u00e9s de consolidar en Marburg un espacio dedicado a las expresiones culturales latinoamericanas, <strong>Semana Latina<\/strong> llega a su aniversario con una programaci\u00f3n que no se limita a los conciertos. El festival infantil organizado alrededor del <em>Weltkindertag<\/em> \u2014D\u00eda Mundial del Ni\u00f1o\u2014 sit\u00faa esta vez en el centro la participaci\u00f3n de las nuevas generaciones, los derechos de la infancia y el reconocimiento de la diversidad.<\/p>\n<p>&nbsp;<\/p>\n<p style=\"text-align: justify; padding-left: 40px;\"><img fetchpriority=\"high\" decoding=\"async\" class=\"alignnone size-medium\" src=\"https:\/\/resc.deskline.net\/images\/RPT\/1\/9F9C646B-A425-41C5-9ED6-A7CF0F8D6669\/99\/Eingang%20in%20die%20Waggonhalle%20Marburg.jpg\" width=\"2048\" height=\"1365\" \/>La celebraci\u00f3n tendr\u00e1 lugar en la <strong>Waggonhalle Marburg<\/strong>, en Rudolf-Bultmann-Stra\u00dfe 2a. Su programaci\u00f3n oficial anuncia puestos informativos de asociaciones y colectivos, actividades creativas y deportivas, una <em>Kinderrechte-Rallye<\/em> o rally sobre los derechos infantiles, cine de libros ilustrados, m\u00fasica y un circo participativo. Tambi\u00e9n habr\u00e1 gastronom\u00eda latinoamericana, caf\u00e9, pasteles y gofres.<\/p>\n<p style=\"text-align: justify; padding-left: 40px;\">Entre las 15:00 y las 17:00 horas, los ni\u00f1os podr\u00e1n adem\u00e1s acercarse a la pared exterior de la <strong>DAV Volksbank Kletterhalle Marburg<\/strong> para practicar escalada acompa\u00f1ados por dos entrenadores encargados de la seguridad de los participantes. La propuesta ampl\u00eda as\u00ed el concepto tradicional de festival cultural hacia un formato en el que arte, educaci\u00f3n, movimiento y participaci\u00f3n comunitaria conviven en un mismo espacio.<\/p>\n<h2 style=\"text-align: justify; padding-left: 40px;\">Teatro para hablar de diversidad<\/h2>\n<p style=\"text-align: justify; padding-left: 40px;\">Uno de los n\u00facleos art\u00edsticos del Kinderfest ser\u00e1 <strong>\u201cKommt das Nashorn\u201d<\/strong>, producci\u00f3n del Hessisches Landestheater Marburg (HLTM) basada en un libro ilustrado de Heinz Janisch y dirigida a personas a partir de los tres a\u00f1os. El propio teatro confirma la presentaci\u00f3n en la Waggonhalle para el 20 de septiembre, entre las 15:00 y las 15:30 horas, con <strong>entrada libre<\/strong>.<\/p>\n<p style=\"text-align: justify; padding-left: 40px;\">La historia parte de una idea sencilla: un gran rinoceronte quisiera ser peque\u00f1o, ligero y \u00e1gil como el p\u00e1jaro que descansa sobre su espalda. Sin embargo, ambos terminan reconociendo el valor de sus propias caracter\u00edsticas. La puesta en escena convierte esa diferencia corporal y simb\u00f3lica en una reflexi\u00f3n accesible para el p\u00fablico infantil sobre identidad, autoestima y convivencia.<\/p>\n<p style=\"text-align: justify; padding-left: 40px;\">La producci\u00f3n tiene direcci\u00f3n, escenograf\u00eda y vestuario de <strong>Adeline R\u00fcss<\/strong>, asesor\u00eda musical de Christian Keul, dramaturgia de Mahsa Asgari y trabajo pedag\u00f3gico teatral de Lotta Jan\u00dfen. En escena participan <strong>Faris Saleh y David Zico<\/strong>.<\/p>\n<p style=\"text-align: justify; padding-left: 40px;\">El acceso general al Kinderfest merece una precisi\u00f3n. La ficha 2026 de la Waggonhalle deja vac\u00edo el campo correspondiente al precio, aunque agendas que reproducen la informaci\u00f3n del evento lo registran como de <strong>entrada gratuita<\/strong>. La gratuidad de la funci\u00f3n del HLTM s\u00ed est\u00e1 confirmada directamente por el teatro. Adem\u00e1s, ediciones anteriores del Kinderfest publicadas por la propia Waggonhalle establecieron expresamente el principio de \u201centrada libre, donaciones bienvenidas\u201d.<\/p>\n<h2 style=\"text-align: justify; padding-left: 40px;\">Veinte a\u00f1os de Semana Latina<\/h2>\n<p style=\"text-align: justify; padding-left: 40px;\">El Kinderfest se inserta en una programaci\u00f3n conmemorativa m\u00e1s amplia. La agenda de la Waggonhalle incluye durante esos d\u00edas literatura, flamenco, tango, m\u00fasica brasile\u00f1a y espacios de improvisaci\u00f3n colectiva, mostrando la diversidad art\u00edstica con la que Semana Latina llega a sus dos d\u00e9cadas.<\/p>\n<p style=\"text-align: justify; padding-left: 40px;\">El aniversario cuenta adem\u00e1s con respaldo p\u00fablico. El presupuesto 2026 de la <strong>Universit\u00e4tsstadt Marburg<\/strong> incluye una partida de <strong>10.000 euros como subvenci\u00f3n para Semana Latina<\/strong>, un dato que confirma la presencia del festival dentro de la estructura de apoyo cultural de la ciudad.<\/p>\n<p style=\"text-align: justify; padding-left: 40px;\">M\u00e1s que un complemento recreativo dentro de esa celebraci\u00f3n, el Kinderfest plantea una idea significativa: que la cooperaci\u00f3n cultural tambi\u00e9n puede construirse desde la infancia. Vincular m\u00fasica, teatro y culturas latinoamericanas con los derechos de los ni\u00f1os convierte el aniversario en algo m\u00e1s que una mirada retrospectiva. Despu\u00e9s de veinte a\u00f1os, Semana Latina encuentra en las generaciones m\u00e1s j\u00f3venes una manera de proyectar hacia el futuro el intercambio cultural que ha construido en Marburg.de Waggonhalle aparece actualmente vac\u00eda.<\/p>\n","protected":false},"excerpt":{"rendered":"<p>La Waggonhalle de Marburg acoger\u00e1 el domingo 20 de septiembre de 2026, entre las 14:00 y las 18:00<\/p>\n","protected":false},"author":3,"featured_media":14087,"comment_status":"closed","ping_status":"open","sticky":false,"template":"","format":"standard","meta":{"om_disable_all_campaigns":false,"pagelayer_contact_templates":[],"_pagelayer_content":"","_monsterinsights_skip_tracking":false,"footnotes":""},"categories":[5],"tags":[897,4649,4656,651,4056,4653,572,4654,4655],"class_list":["post-14028","post","type-post","status-publish","format-standard","has-post-thumbnail","hentry","category-eventos","tag-alemania","tag-cultura-latinoamericana","tag-derechos-de-los-ninos","tag-infancia","tag-marburg","tag-semana-latina","tag-teatro-infantil","tag-waggonhalle","tag-weltkindertag"],"jetpack_featured_media_url":"https:\/\/www.periodicolapislazuli.com\/noticias\/wp-content\/uploads\/2026\/09\/semana-latina-2026-2_11zon.jpg","_links":{"self":[{"href":"https:\/\/www.periodicolapislazuli.com\/noticias\/wp-json\/wp\/v2\/posts\/14028","targetHints":{"allow":["GET"]}}],"collection":[{"href":"https:\/\/www.periodicolapislazuli.com\/noticias\/wp-json\/wp\/v2\/posts"}],"about":[{"href":"https:\/\/www.periodicolapislazuli.com\/noticias\/wp-json\/wp\/v2\/types\/post"}],"author":[{"embeddable":true,"href":"https:\/\/www.periodicolapislazuli.com\/noticias\/wp-json\/wp\/v2\/users\/3"}],"replies":[{"embeddable":true,"href":"https:\/\/www.periodicolapislazuli.com\/noticias\/wp-json\/wp\/v2\/comments?post=14028"}],"version-history":[{"count":2,"href":"https:\/\/www.periodicolapislazuli.com\/noticias\/wp-json\/wp\/v2\/posts\/14028\/revisions"}],"predecessor-version":[{"id":14088,"href":"https:\/\/www.periodicolapislazuli.com\/noticias\/wp-json\/wp\/v2\/posts\/14028\/revisions\/14088"}],"wp:featuredmedia":[{"embeddable":true,"href":"https:\/\/www.periodicolapislazuli.com\/noticias\/wp-json\/wp\/v2\/media\/14087"}],"wp:attachment":[{"href":"https:\/\/www.periodicolapislazuli.com\/noticias\/wp-json\/wp\/v2\/media?parent=14028"}],"wp:term":[{"taxonomy":"category","embeddable":true,"href":"https:\/\/www.periodicolapislazuli.com\/noticias\/wp-json\/wp\/v2\/categories?post=14028"},{"taxonomy":"post_tag","embeddable":true,"href":"https:\/\/www.periodicolapislazuli.com\/noticias\/wp-json\/wp\/v2\/tags?post=14028"}],"curies":[{"name":"wp","href":"https:\/\/api.w.org\/{rel}","templated":true}]}}