{"id":14026,"date":"2026-09-01T15:04:52","date_gmt":"2026-09-01T15:04:52","guid":{"rendered":"https:\/\/www.periodicolapislazuli.com\/noticias\/?p=14026"},"modified":"2026-09-01T15:10:37","modified_gmt":"2026-09-01T15:10:37","slug":"semana-latina-marburg-2026-20-anos-de-literatura-latinoamericana","status":"publish","type":"post","link":"https:\/\/www.periodicolapislazuli.com\/noticias\/semana-latina-marburg-2026-20-anos-de-literatura-latinoamericana\/","title":{"rendered":"Semana Latina Marburg 2026: 20 a\u00f1os de literatura latinoamericana"},"content":{"rendered":"<p style=\"text-align: justify; padding-left: 80px;\">La celebraci\u00f3n de los 20 a\u00f1os de Semana Latina en Marburg tendr\u00e1 uno de sus momentos literarios el <strong>martes 22 de septiembre de 2026, a las 19:00<\/strong>, con <em>Eine Literatur-Revue \u00fcber 20 Jahre Semana Latina<\/em>, un encuentro en el <strong>Rotkehlchen de la Waggonhalle<\/strong>. Jean Kleeb, Marion Breu, Ralf D\u00f6rschel y Manfred Paulsen protagonizar\u00e1n un recorrido por libros vinculados a nombres como <strong>Carla Bessa, Luiz Ruffato y Leonardo Padura<\/strong>. La programaci\u00f3n oficial confirma adem\u00e1s un dato especialmente relevante para ampliar el acceso cultural: <strong>\u201cEintritt frei\u201d<\/strong>, entrada gratuita.<\/p>\n<p style=\"text-align: justify; padding-left: 80px;\">Semana Latina llega a sus veinte a\u00f1os con una f\u00f3rmula que ha convertido la cultura latinoamericana en un espacio de conversaci\u00f3n dentro de Marburg. No se trata \u00fanicamente de m\u00fasica o celebraci\u00f3n festiva. Ya en 2019, la programaci\u00f3n institucional de las Semanas Interculturales de Marburg-Biedenkopf describ\u00eda el proyecto como una serie dedicada a la <strong>cultura, la vida y la situaci\u00f3n pol\u00edtica de Am\u00e9rica Latina<\/strong>, articulada mediante m\u00fasica, cine, danza, lecturas, teatro y conferencias. En aquel momento aparec\u00edan vinculadas instituciones como Waggonhalle Kulturzentrum, Kulturelle Aktion Marburg\u2013Str\u00f6mungen, Musikschule Marburg, Weltladen Marburg y Marburger Filmkunsttheater.<\/p>\n<p>&nbsp;<\/p>\n<p><img fetchpriority=\"high\" decoding=\"async\" class=\"aligncenter wp-image-12495 size-full\" src=\"http:\/\/www.periodicolapislazuli.com\/noticias\/wp-content\/uploads\/2025\/12\/banner-style-14.jpg\" alt=\"\" width=\"1600\" height=\"156\" srcset=\"https:\/\/www.periodicolapislazuli.com\/noticias\/wp-content\/uploads\/2025\/12\/banner-style-14.jpg 1600w, https:\/\/www.periodicolapislazuli.com\/noticias\/wp-content\/uploads\/2025\/12\/banner-style-14-780x76.jpg 780w, https:\/\/www.periodicolapislazuli.com\/noticias\/wp-content\/uploads\/2025\/12\/banner-style-14-1200x117.jpg 1200w, https:\/\/www.periodicolapislazuli.com\/noticias\/wp-content\/uploads\/2025\/12\/banner-style-14-768x75.jpg 768w, https:\/\/www.periodicolapislazuli.com\/noticias\/wp-content\/uploads\/2025\/12\/banner-style-14-1536x150.jpg 1536w\" sizes=\"(max-width: 1600px) 100vw, 1600px\" \/><\/p>\n<p>&nbsp;<\/p>\n<p style=\"text-align: justify; padding-left: 80px;\">Ese car\u00e1cter multidisciplinar sigue siendo visible en el aniversario de 2026. El calendario de la Waggonhalle re\u00fane bajo la identificaci\u00f3n de <strong>\u201c20 Jahre Semana Latina\u201d<\/strong> actividades como el Kinderfest del 20 de septiembre, la noche de flamenco <em>Andalusian Dreams<\/em>, el quinteto <em>La Royal Tango<\/em>, un concierto dedicado a la m\u00fasica de Ant\u00f4nio Carlos Jobim, un encuentro de coros brasile\u00f1os y, el 27 de septiembre, una sesi\u00f3n abierta de improvisaci\u00f3n latina. En medio de esa secuencia, la literatura ocupa el 22 de septiembre un lugar propio: no como complemento de la m\u00fasica, sino como instrumento para mirar retrospectivamente dos d\u00e9cadas de intercambio cultural.<\/p>\n<p style=\"text-align: justify; padding-left: 80px;\">La ficha oficial es, sin embargo, deliberadamente breve. Se\u00f1ala que <strong>Jean Kleeb, Marion Breu, Ralf D\u00f6rschel y Manfred Paulsen<\/strong> hablar\u00e1n de libros que van \u201cde Carla Bessa a Luiz Ruffato y Leonardo Padura\u201d, pero no especifica todav\u00eda qu\u00e9 t\u00edtulos ser\u00e1n abordados ni el formato exacto de la conversaci\u00f3n. Tampoco anuncia la presencia de Bessa, Ruffato o Padura en Marburg. Por tanto, ser\u00eda incorrecto presentarlos como invitados confirmados: son los <strong>autores cuyas obras aparecen mencionadas como materia del recorrido literario<\/strong>.<\/p>\n<p style=\"text-align: justify; padding-left: 80px;\">La elecci\u00f3n permite, no obstante, reconocer algunas de las l\u00edneas que han atravesado la relaci\u00f3n de Semana Latina con la literatura. La propia Waggonhalle conserva en su archivo una actividad anterior dedicada a <strong>Carla Bessa<\/strong>, en torno a <em>Alle Eine<\/em> y <em>Urubus<\/em>. La instituci\u00f3n recuerda que esta \u00faltima obra obtuvo en 2020 el <strong>Pr\u00eamio Jabuti<\/strong>. Bessa, nacida en Brasil y vinculada tambi\u00e9n a Alemania por su trayectoria como actriz, directora, traductora y escritora, representa precisamente uno de esos desplazamientos entre lenguas y territorios que caracterizan el intercambio cultural latinoamericano en Europa.<\/p>\n<p>&nbsp;<\/p>\n<p style=\"text-align: justify; padding-left: 80px;\"><img decoding=\"async\" class=\"size-medium alignleft\" src=\"https:\/\/m.media-amazon.com\/images\/S\/compressed.photo.goodreads.com\/books\/1414442639i\/1525853.jpg\" width=\"240\" height=\"344\" \/>Tambi\u00e9n existe documentaci\u00f3n institucional sobre el paso de <strong>Luiz Ruffato<\/strong> por el circuito cultural de Marburg. Weltladen Marburg registra una lectura junto con su traductor Michael Kegler alrededor de <em>Sonntage ohne Gott<\/em> y recuerda tanto su participaci\u00f3n en la apertura literaria de la Feria del Libro de Frankfurt de 2013 como el <strong>Premio Internacional Hermann Hesse<\/strong>, recibido junto con Kegler en 2016.\u00a0 En el caso de <strong>Leonardo Padura<\/strong>, el Instituto Cervantes lo identifica como escritor, periodista y guionista cubano, mientras que la Fundaci\u00f3n Princesa de Asturias documenta que recibi\u00f3 el <strong>Premio Princesa de Asturias de las Letras en 2015<\/strong>.<\/p>\n<p style=\"text-align: justify; padding-left: 80px;\">Hay adem\u00e1s una dimensi\u00f3n local en quienes conducir\u00e1n esta mirada retrospectiva. Ralf D\u00f6rschel figura actualmente como responsable de coordinaci\u00f3n general del Weltladen Marburg, mientras que Marion Breu aparece dentro de los contactos de la Waggonhalle. El m\u00fasico y compositor Jean Kleeb mantiene desde hace d\u00e9cadas una actividad art\u00edstica vinculada a Marburg y a los cruces entre repertorios europeos y latinoamericanos.<\/p>\n<p style=\"text-align: justify; padding-left: 80px;\">Como el encuentro a\u00fan no se ha realizado, <strong>no existen resultados, conclusiones ni declaraciones posteriores que puedan verificarse<\/strong>. Su importancia est\u00e1 por ahora en la propuesta: utilizar la literatura para reconstruir la memoria de veinte a\u00f1os de Semana Latina y hacerlo con acceso gratuito. En un aniversario dominado tambi\u00e9n por conciertos, danza y actividades comunitarias, detenerse a revisar los libros que han acompa\u00f1ado ese recorrido convierte la lectura en una forma de archivo cultural. M\u00e1s que celebrar \u00fanicamente la permanencia de un festival, la cita del 22 de septiembre plantea una pregunta m\u00e1s amplia: qu\u00e9 Am\u00e9rica Latina ha sido le\u00edda, discutida y compartida en Marburg durante estas dos d\u00e9cadas.<\/p>\n<p>&nbsp;<\/p>\n<p><img decoding=\"async\" class=\"aligncenter wp-image-14121 size-full\" src=\"http:\/\/www.periodicolapislazuli.com\/noticias\/wp-content\/uploads\/2026\/09\/IFDWX2FB2FEHROC2BPZPGQ4U2A.jpg\" alt=\"\" width=\"1024\" height=\"576\" srcset=\"https:\/\/www.periodicolapislazuli.com\/noticias\/wp-content\/uploads\/2026\/09\/IFDWX2FB2FEHROC2BPZPGQ4U2A.jpg 1024w, https:\/\/www.periodicolapislazuli.com\/noticias\/wp-content\/uploads\/2026\/09\/IFDWX2FB2FEHROC2BPZPGQ4U2A-780x439.jpg 780w, https:\/\/www.periodicolapislazuli.com\/noticias\/wp-content\/uploads\/2026\/09\/IFDWX2FB2FEHROC2BPZPGQ4U2A-768x432.jpg 768w\" sizes=\"(max-width: 1024px) 100vw, 1024px\" \/><\/p>\n<p style=\"text-align: justify; padding-left: 80px;\">\n","protected":false},"excerpt":{"rendered":"<p>La celebraci\u00f3n de los 20 a\u00f1os de Semana Latina en Marburg tendr\u00e1 uno de sus momentos literarios el<\/p>\n","protected":false},"author":3,"featured_media":14125,"comment_status":"closed","ping_status":"open","sticky":false,"template":"","format":"standard","meta":{"om_disable_all_campaigns":false,"pagelayer_contact_templates":[],"_pagelayer_content":"","_monsterinsights_skip_tracking":false,"footnotes":""},"categories":[5],"tags":[4709,4711,4712,1692,629,4710,4056,4653,4654],"class_list":["post-14026","post","type-post","status-publish","format-standard","has-post-thumbnail","hentry","category-eventos","tag-carla-bessa","tag-cultura-en-alemania","tag-eventos-gratuitos","tag-leonardo-padura","tag-literatura-latinoamericana","tag-luiz-ruffato","tag-marburg","tag-semana-latina","tag-waggonhalle"],"jetpack_featured_media_url":"https:\/\/www.periodicolapislazuli.com\/noticias\/wp-content\/uploads\/2026\/09\/literatura-marburg.jpg","_links":{"self":[{"href":"https:\/\/www.periodicolapislazuli.com\/noticias\/wp-json\/wp\/v2\/posts\/14026","targetHints":{"allow":["GET"]}}],"collection":[{"href":"https:\/\/www.periodicolapislazuli.com\/noticias\/wp-json\/wp\/v2\/posts"}],"about":[{"href":"https:\/\/www.periodicolapislazuli.com\/noticias\/wp-json\/wp\/v2\/types\/post"}],"author":[{"embeddable":true,"href":"https:\/\/www.periodicolapislazuli.com\/noticias\/wp-json\/wp\/v2\/users\/3"}],"replies":[{"embeddable":true,"href":"https:\/\/www.periodicolapislazuli.com\/noticias\/wp-json\/wp\/v2\/comments?post=14026"}],"version-history":[{"count":4,"href":"https:\/\/www.periodicolapislazuli.com\/noticias\/wp-json\/wp\/v2\/posts\/14026\/revisions"}],"predecessor-version":[{"id":14126,"href":"https:\/\/www.periodicolapislazuli.com\/noticias\/wp-json\/wp\/v2\/posts\/14026\/revisions\/14126"}],"wp:featuredmedia":[{"embeddable":true,"href":"https:\/\/www.periodicolapislazuli.com\/noticias\/wp-json\/wp\/v2\/media\/14125"}],"wp:attachment":[{"href":"https:\/\/www.periodicolapislazuli.com\/noticias\/wp-json\/wp\/v2\/media?parent=14026"}],"wp:term":[{"taxonomy":"category","embeddable":true,"href":"https:\/\/www.periodicolapislazuli.com\/noticias\/wp-json\/wp\/v2\/categories?post=14026"},{"taxonomy":"post_tag","embeddable":true,"href":"https:\/\/www.periodicolapislazuli.com\/noticias\/wp-json\/wp\/v2\/tags?post=14026"}],"curies":[{"name":"wp","href":"https:\/\/api.w.org\/{rel}","templated":true}]}}