{"id":14023,"date":"2026-09-01T13:27:30","date_gmt":"2026-09-01T13:27:30","guid":{"rendered":"https:\/\/www.periodicolapislazuli.com\/noticias\/?p=14023"},"modified":"2026-09-01T13:27:30","modified_gmt":"2026-09-01T13:27:30","slug":"vanessa-mispireta-y-canta-maestra-nominadas-a-los-eduawards-2026","status":"publish","type":"post","link":"https:\/\/www.periodicolapislazuli.com\/noticias\/vanessa-mispireta-y-canta-maestra-nominadas-a-los-eduawards-2026\/","title":{"rendered":"Vanessa Mispireta y Canta Maestra, nominadas a los EduAwards 2026"},"content":{"rendered":"<p style=\"text-align: justify; padding-left: 40px;\">La educadora peruana <strong>Vanessa Mispireta<\/strong>, creadora de <strong>\u00a1Canta, Maestra!<\/strong>, llegar\u00e1 a los <strong>The EduAwards 2026<\/strong> como nominada en la categor\u00eda <strong>Mejor Contenido de Latinoam\u00e9rica<\/strong>, seg\u00fan confirm\u00f3 la propia docente en una entrevista con Infobae Per\u00fa. La gala est\u00e1 programada oficialmente para el <strong>viernes 13 de noviembre de 2026 en Ciudad de M\u00e9xico<\/strong>, en una edici\u00f3n que busca reconocer a docentes, creadores educativos y l\u00edderes acad\u00e9micos con impacto en M\u00e9xico y Am\u00e9rica Latina.<\/p>\n<p style=\"text-align: justify; padding-left: 40px;\">La nominaci\u00f3n pone el foco sobre una experiencia que se mueve en la frontera entre la educaci\u00f3n, la m\u00fasica infantil y la creaci\u00f3n digital. Mispireta es licenciada en Educaci\u00f3n Inicial y fundadora de \u00a1Canta, Maestra!, una iniciativa que produce canciones originales, materiales audiovisuales y espacios de capacitaci\u00f3n dirigidos a docentes y personas vinculadas con la primera infancia. La plataforma tambi\u00e9n funciona como escuela de formaci\u00f3n, con talleres presenciales y virtuales enfocados en el empleo pedag\u00f3gico de la m\u00fasica.<\/p>\n<p style=\"text-align: justify; padding-left: 40px;\">El alcance digital ayuda a dimensionar el proyecto. La p\u00e1gina oficial de \u00a1Canta, Maestra! informa que su canal de YouTube supera los <strong>400.000 suscriptores y los 100 millones de visualizaciones acumuladas<\/strong>. Entre sus piezas m\u00e1s difundidas aparecen canciones como <em>Hola, hola con las manos<\/em>, <em>Congelado<\/em> y <em>Mu\u00e9vete<\/em>, concebidas para combinar movimiento corporal, reconocimiento del entorno y participaci\u00f3n musical.<\/p>\n<p style=\"text-align: justify; padding-left: 40px;\">Pero el inter\u00e9s de la experiencia no est\u00e1 \u00fanicamente en las cifras. Mispireta ha convertido la canci\u00f3n infantil en un veh\u00edculo para trasladar elementos culturales peruanos al aula. En entrevista con Infobae explic\u00f3 que incorpora ritmos como el <strong>huayno y el festejo<\/strong> y destac\u00f3 la apropiaci\u00f3n de ese repertorio por docentes fuera del Per\u00fa. Esa circulaci\u00f3n convierte a la m\u00fasica no solo en recurso did\u00e1ctico, sino tambi\u00e9n en una forma de mediaci\u00f3n cultural entre ni\u00f1os, maestros y territorios.<\/p>\n<p style=\"text-align: justify; padding-left: 40px;\">La educadora sostiene, adem\u00e1s, que la innovaci\u00f3n pedag\u00f3gica debe partir de la experiencia cotidiana con los estudiantes. Tras cerca de 16 a\u00f1os desarrollando el proyecto, afirm\u00f3 que repetir permanentemente los mismos recursos puede terminar desmotivando tanto a docentes como a ni\u00f1os. Su planteamiento no supone reemplazar al maestro por una pantalla: por el contrario, defiende un uso moderado de las tecnolog\u00edas, acompa\u00f1ado de canto, movimiento, juego e interacci\u00f3n presencial.<\/p>\n<p style=\"text-align: justify; padding-left: 40px;\">La dimensi\u00f3n internacional del proyecto es otro de sus rasgos. Mispireta relat\u00f3 que sus canciones llegaron incluso a materiales destinados a ni\u00f1os que estudian espa\u00f1ol en <strong>Polonia<\/strong>. Tambi\u00e9n se\u00f1al\u00f3 que, durante la pandemia, autoriz\u00f3 el uso de composiciones para el programa educativo a distancia <strong>Aprendo en casa<\/strong>. Este \u00faltimo dato procede de su testimonio directo; no encontramos durante esta verificaci\u00f3n un documento p\u00fablico del Ministerio de Educaci\u00f3n peruano que detalle espec\u00edficamente esa cesi\u00f3n de derechos, por lo que conviene mantener la atribuci\u00f3n a la docente.<\/p>\n<h2 style=\"text-align: justify; padding-left: 40px;\">EduAwards: una premiaci\u00f3n todav\u00eda por definirse<\/h2>\n<p style=\"text-align: justify; padding-left: 40px;\">The EduAwards se presenta institucionalmente como una organizaci\u00f3n dedicada a reconocer y proyectar a docentes, creadores y proyectos que transforman la educaci\u00f3n mediante innovaci\u00f3n e impacto social. La organizaci\u00f3n se\u00f1ala que su sistema incluye nominaciones y premiaciones por categor\u00edas y que busca fortalecer la valoraci\u00f3n p\u00fablica de la labor educativa en Latinoam\u00e9rica. La edici\u00f3n 2026 mantiene actualmente habilitada una plataforma de votaci\u00f3n para creadores de contenido y docentes.<\/p>\n<p style=\"text-align: justify; padding-left: 40px;\">La ceremonia del 13 de noviembre contempla una alfombra roja desde las 5:30 p. m., seguida de presentaciones art\u00edsticas y la entrega progresiva de <strong>25 categor\u00edas<\/strong>, con clausura prevista para las 8:55 p. m. El programa oficial advierte que la programaci\u00f3n est\u00e1 sujeta a modificaciones. La organizaci\u00f3n responsable del evento aparece identificada como <strong>Grupo Geoil Company<\/strong>.<\/p>\n<p style=\"text-align: justify; padding-left: 40px;\">Por ahora, por tanto, no existe un resultado que permita hablar de triunfo. Lo relevante es la nominaci\u00f3n y la visibilidad que alcanza una propuesta nacida desde la educaci\u00f3n inicial peruana. En un ecosistema cultural donde las plataformas digitales suelen medirse por audiencia, \u00a1Canta, Maestra! plantea otra discusi\u00f3n: <strong>qu\u00e9 ocurre cuando una canci\u00f3n deja de ser solamente entretenimiento y se transforma en herramienta para aprender, transmitir una tradici\u00f3n musical y renovar la relaci\u00f3n entre docentes y estudiantes<\/strong>. Esa convergencia entre creaci\u00f3n art\u00edstica y pedagog\u00eda explica buena parte del inter\u00e9s cultural de su presencia en los EduAwards 2026.<\/p>\n","protected":false},"excerpt":{"rendered":"<p>La educadora peruana Vanessa Mispireta, creadora de \u00a1Canta, Maestra!, llegar\u00e1 a los The EduAwards 2026 como nominada en<\/p>\n","protected":false},"author":3,"featured_media":14079,"comment_status":"closed","ping_status":"open","sticky":false,"template":"","format":"standard","meta":{"om_disable_all_campaigns":false,"pagelayer_contact_templates":[],"_pagelayer_content":"","_monsterinsights_skip_tracking":false,"footnotes":""},"categories":[3,20],"tags":[4038,4651,2175,201,4652,4423,4650,446,1933],"class_list":["post-14023","post","type-post","status-publish","format-standard","has-post-thumbnail","hentry","category-actualidad","category-educacion","tag-ciudad-de-mexico","tag-cultura-peruana","tag-docentes","tag-educacion","tag-educacion-inicial","tag-innovacion-educativa","tag-musica-infantil","tag-pedagogia","tag-peru"],"jetpack_featured_media_url":"https:\/\/www.periodicolapislazuli.com\/noticias\/wp-content\/uploads\/2026\/08\/Vanessa-Mispireta.webp","_links":{"self":[{"href":"https:\/\/www.periodicolapislazuli.com\/noticias\/wp-json\/wp\/v2\/posts\/14023","targetHints":{"allow":["GET"]}}],"collection":[{"href":"https:\/\/www.periodicolapislazuli.com\/noticias\/wp-json\/wp\/v2\/posts"}],"about":[{"href":"https:\/\/www.periodicolapislazuli.com\/noticias\/wp-json\/wp\/v2\/types\/post"}],"author":[{"embeddable":true,"href":"https:\/\/www.periodicolapislazuli.com\/noticias\/wp-json\/wp\/v2\/users\/3"}],"replies":[{"embeddable":true,"href":"https:\/\/www.periodicolapislazuli.com\/noticias\/wp-json\/wp\/v2\/comments?post=14023"}],"version-history":[{"count":2,"href":"https:\/\/www.periodicolapislazuli.com\/noticias\/wp-json\/wp\/v2\/posts\/14023\/revisions"}],"predecessor-version":[{"id":14080,"href":"https:\/\/www.periodicolapislazuli.com\/noticias\/wp-json\/wp\/v2\/posts\/14023\/revisions\/14080"}],"wp:featuredmedia":[{"embeddable":true,"href":"https:\/\/www.periodicolapislazuli.com\/noticias\/wp-json\/wp\/v2\/media\/14079"}],"wp:attachment":[{"href":"https:\/\/www.periodicolapislazuli.com\/noticias\/wp-json\/wp\/v2\/media?parent=14023"}],"wp:term":[{"taxonomy":"category","embeddable":true,"href":"https:\/\/www.periodicolapislazuli.com\/noticias\/wp-json\/wp\/v2\/categories?post=14023"},{"taxonomy":"post_tag","embeddable":true,"href":"https:\/\/www.periodicolapislazuli.com\/noticias\/wp-json\/wp\/v2\/tags?post=14023"}],"curies":[{"name":"wp","href":"https:\/\/api.w.org\/{rel}","templated":true}]}}