{"id":14003,"date":"2026-09-01T14:36:23","date_gmt":"2026-09-01T14:36:23","guid":{"rendered":"https:\/\/www.periodicolapislazuli.com\/noticias\/?p=14003"},"modified":"2026-09-01T14:36:23","modified_gmt":"2026-09-01T14:36:23","slug":"voces-por-la-vida-recaudo-11-193-millones-para-victimas-del-terremoto-en-colombia","status":"publish","type":"post","link":"https:\/\/www.periodicolapislazuli.com\/noticias\/voces-por-la-vida-recaudo-11-193-millones-para-victimas-del-terremoto-en-colombia\/","title":{"rendered":"Voces por la Vida recaud\u00f3 $11.193 millones para v\u00edctimas del terremoto en Colombia"},"content":{"rendered":"<p>&nbsp;<\/p>\n<p style=\"text-align: justify; padding-left: 40px;\">\n<blockquote style=\"padding-left: 40px;\">\n<h1 style=\"text-align: justify; padding-left: 280px;\">Voces por la Vida recaud\u00f3 $11.193 millones: la m\u00fasica colombiana se volc\u00f3 con las v\u00edctimas del terremoto<\/h1>\n<\/blockquote>\n<p>&nbsp;<\/p>\n<p style=\"text-align: justify; padding-left: 40px;\"><strong>Trece d\u00edas despu\u00e9s del terremoto que golpe\u00f3 el centro y occidente de Colombia, el Vive Claro Distrito Cultural de Bogot\u00e1 cambi\u00f3 la l\u00f3gica habitual de un gran concierto: el 23 de agosto, m\u00e1s de 30 artistas y 32.500 asistentes participaron en <em>Colombia: Voces por la Vida<\/em>, una movilizaci\u00f3n de la industria musical que termin\u00f3 recaudando exactamente $11.193.557.183 para apoyar la reconstrucci\u00f3n de las comunidades damnificadas.<\/strong><\/p>\n<p style=\"text-align: justify; padding-left: 40px;\">La dimensi\u00f3n del desastre explica la urgencia con la que fue organizado. El Servicio Geol\u00f3gico Colombiano confirm\u00f3 que el sismo de magnitud 7,4 tuvo epicentro en San Jos\u00e9 del Palmar, Choc\u00f3. Dos semanas despu\u00e9s, el Gobierno reportaba 31.519 viviendas destruidas y otras 178.236 afectadas, adem\u00e1s de centenares de edificios, centros educativos, instalaciones de salud, puentes y v\u00edas con da\u00f1os.<\/p>\n<p style=\"text-align: justify; padding-left: 40px;\">La respuesta del sector musical se articul\u00f3 en pocos d\u00edas. Presentes Corporaci\u00f3n inform\u00f3 antes del concierto que artistas, productores, promotores, t\u00e9cnicos, proveedores y empresas aportar\u00edan trabajo, infraestructura y servicios sin cobrar honorarios ni costos directos. OCESA Colombia, P\u00e1ramo Presenta, MOVE Concerts, RCN, Vive Claro y otras compa\u00f1\u00edas participaron en una operaci\u00f3n que convirti\u00f3 el espect\u00e1culo en una plataforma de captaci\u00f3n de recursos.<\/p>\n<p style=\"text-align: justify; padding-left: 40px;\">Durante m\u00e1s de nueve horas pasaron por el escenario Luis Alfonso, Draco Rosa, Silvestre Dangond, Greeicy, Mike Bah\u00eda, Miguel Bos\u00e9, Manuel Turizo, Eladio Carri\u00f3n, Maluma, Sebasti\u00e1n Yatra, Manuel Medrano, Andr\u00e9s Cepeda y Grupo Niche, entre otros. Daniel Habif encabez\u00f3 un minuto de silencio por las v\u00edctimas, mientras la reuni\u00f3n de Goyo, Tostao y Slow con ChocQuibTown adquiri\u00f3 un significado particular: una agrupaci\u00f3n estrechamente vinculada con el Pac\u00edfico volv\u00eda a compartir escenario mientras Choc\u00f3 estaba en el centro de la tragedia.<\/p>\n<p style=\"text-align: justify; padding-left: 40px;\">Karol G particip\u00f3 por transmisi\u00f3n desde Estados Unidos y su Fundaci\u00f3n Con Cora aport\u00f3 <strong>US$1,2 millones<\/strong>. El balance econ\u00f3mico muestra de d\u00f3nde sali\u00f3 el resto: $4.961.250.000 llegaron mediante Ticketmaster; $4.203.904.260 correspondieron a aportes de artistas; $1.375 millones a contribuciones corporativas y $653.402.923 a m\u00e1s de 13.700 donaciones mediante c\u00f3digos QR. En total se contabilizaron m\u00e1s de <strong>43.000 transacciones<\/strong>.<\/p>\n<h2 style=\"text-align: justify; padding-left: 40px;\">Solidaridad, emoci\u00f3n y tambi\u00e9n discusi\u00f3n en las redes<\/h2>\n<p><img decoding=\"async\" src=\"https:\/\/images.openai.com\/static-rsc-4\/yAQ6q-wnBrvV1I5CygT9fsZ9LHJH4HJKDz-KZIUCLO7K-16vSqy9yCn3ArtWQGL6s_hRIMqM5hovk58Cw7yl0ZqgHK7893fjB7R1oP-bpiBBj2oBVMVkEZ8mQkH3NEURGFexm5xuNgX5df1mZ0B_smIKEK_d-tukIwdJlPOn0wLJ3D-qEBhe3E-ONZqeuBTu?purpose=fullsize\" alt=\"Image\" \/><\/p>\n<p style=\"text-align: justify; padding-left: 40px;\">La recepci\u00f3n digital no fue completamente uniforme. Las publicaciones p\u00fablicas rastreables muestran una corriente mayoritariamente emocional alrededor de la solidaridad, el regreso de ChocQuibTown y momentos como la interpretaci\u00f3n de Sebasti\u00e1n Yatra de <em>Dos oruguitas<\/em>. La aparici\u00f3n de Goyo, Tostao y Slow provoc\u00f3 comentarios celebrando su reencuentro y reivindicando el peso cultural del grupo dentro de la m\u00fasica del Pac\u00edfico.<\/p>\n<p style=\"text-align: justify; padding-left: 40px;\">Tambi\u00e9n hubo debate. Algunos usuarios cuestionaron que Karol G participara a distancia, aunque otros defendieron la magnitud de su aporte econ\u00f3mico. Paralelamente, surgieron cr\u00edticas a canciones o repertorios considerados poco acordes con el car\u00e1cter conmemorativo del encuentro. Es importante leer esas publicaciones como <strong>reacciones individuales, no como una encuesta representativa de la audiencia<\/strong>. En Reddit, las b\u00fasquedas realizadas no localizaron un hilo espec\u00edfico sobre <em>Voces por la Vida<\/em> con suficiente actividad como para atribuirle una opini\u00f3n colectiva; por rigor, no resulta justificable fabricar un supuesto \u201csentir de Reddit\u201d.<\/p>\n<p style=\"text-align: justify; padding-left: 40px;\">El alcance, en cambio, s\u00ed puede medirse parcialmente. RCN inform\u00f3 que m\u00e1s de <strong>7,6 millones de personas<\/strong> se conectaron con su transmisi\u00f3n y que el contenido super\u00f3 los 13,6 millones de visualizaciones e impactos dentro de su ecosistema de medios. Son cifras de la propia cadena, pero permiten dimensionar c\u00f3mo el concierto trascendi\u00f3 las 32.500 personas presentes en Vive Claro.<\/p>\n<h2 style=\"text-align: justify; padding-left: 40px;\">El impacto comienza despu\u00e9s del concierto<\/h2>\n<p style=\"text-align: justify; padding-left: 40px;\">Presentes Corporaci\u00f3n recibir\u00e1 el 100 % de los aportes para apoyar la reconstrucci\u00f3n con un comit\u00e9 de ejecuci\u00f3n y seguimiento. Ese punto ser\u00e1 decisivo. Al 30 de agosto no localic\u00e9 un informe oficial que determine todav\u00eda cu\u00e1ntas viviendas ser\u00e1n reconstruidas, en qu\u00e9 municipios se invertir\u00e1n exactamente los $11.193 millones o qu\u00e9 proyectos espec\u00edficos ya fueron ejecutados. Por ello, la cifra debe describirse como <strong>dinero recaudado y destinado a reconstrucci\u00f3n<\/strong>, no como obras ya realizadas.<\/p>\n<p style=\"text-align: justify; padding-left: 40px;\">La dimensi\u00f3n tambi\u00e9n exige perspectiva: el Gobierno estim\u00f3 los da\u00f1os materiales nacionales en m\u00e1s de <strong>$30 billones<\/strong>, entre edificaciones e infraestructura. <em>Voces por la Vida<\/em> no puede resolver por s\u00ed solo una reconstrucci\u00f3n de esa escala. Su impacto cultural est\u00e1 en otra parte: mostr\u00f3 que la m\u00fasica puede transformar r\u00e1pidamente audiencia, infraestructura, celebridad y capacidad empresarial en una red de solidaridad. El verdadero legado, sin embargo, depender\u00e1 de la trazabilidad futura de cada peso recaudado y de que aquella multitud reunida frente a una tarima pueda traducirse, finalmente, en hogares y comunidades reconstruidas.<\/p>\n","protected":false},"excerpt":{"rendered":"<p>&nbsp; Voces por la Vida recaud\u00f3 $11.193 millones: la m\u00fasica colombiana se volc\u00f3 con las v\u00edctimas del terremoto<\/p>\n","protected":false},"author":3,"featured_media":14092,"comment_status":"closed","ping_status":"open","sticky":false,"template":"","format":"standard","meta":{"om_disable_all_campaigns":false,"pagelayer_contact_templates":[],"_pagelayer_content":"","_monsterinsights_skip_tracking":false,"footnotes":""},"categories":[3],"tags":[48,1408,4696,4695,4587,4697,4693,4694,4663],"class_list":["post-14003","post","type-post","status-publish","format-standard","has-post-thumbnail","hentry","category-actualidad","tag-bogota","tag-chocquibtown","tag-conciertos-beneficos","tag-karol-g","tag-musica-colombiana","tag-presentes-corporacion","tag-terremoto-colombia-2026","tag-vive-claro","tag-voces-por-la-vida"],"jetpack_featured_media_url":"https:\/\/www.periodicolapislazuli.com\/noticias\/wp-content\/uploads\/2026\/09\/insget.net_1788271619867.webp","_links":{"self":[{"href":"https:\/\/www.periodicolapislazuli.com\/noticias\/wp-json\/wp\/v2\/posts\/14003","targetHints":{"allow":["GET"]}}],"collection":[{"href":"https:\/\/www.periodicolapislazuli.com\/noticias\/wp-json\/wp\/v2\/posts"}],"about":[{"href":"https:\/\/www.periodicolapislazuli.com\/noticias\/wp-json\/wp\/v2\/types\/post"}],"author":[{"embeddable":true,"href":"https:\/\/www.periodicolapislazuli.com\/noticias\/wp-json\/wp\/v2\/users\/3"}],"replies":[{"embeddable":true,"href":"https:\/\/www.periodicolapislazuli.com\/noticias\/wp-json\/wp\/v2\/comments?post=14003"}],"version-history":[{"count":2,"href":"https:\/\/www.periodicolapislazuli.com\/noticias\/wp-json\/wp\/v2\/posts\/14003\/revisions"}],"predecessor-version":[{"id":14111,"href":"https:\/\/www.periodicolapislazuli.com\/noticias\/wp-json\/wp\/v2\/posts\/14003\/revisions\/14111"}],"wp:featuredmedia":[{"embeddable":true,"href":"https:\/\/www.periodicolapislazuli.com\/noticias\/wp-json\/wp\/v2\/media\/14092"}],"wp:attachment":[{"href":"https:\/\/www.periodicolapislazuli.com\/noticias\/wp-json\/wp\/v2\/media?parent=14003"}],"wp:term":[{"taxonomy":"category","embeddable":true,"href":"https:\/\/www.periodicolapislazuli.com\/noticias\/wp-json\/wp\/v2\/categories?post=14003"},{"taxonomy":"post_tag","embeddable":true,"href":"https:\/\/www.periodicolapislazuli.com\/noticias\/wp-json\/wp\/v2\/tags?post=14003"}],"curies":[{"name":"wp","href":"https:\/\/api.w.org\/{rel}","templated":true}]}}