{"id":14001,"date":"2026-09-01T13:21:55","date_gmt":"2026-09-01T13:21:55","guid":{"rendered":"https:\/\/www.periodicolapislazuli.com\/noticias\/?p=14001"},"modified":"2026-09-01T13:24:22","modified_gmt":"2026-09-01T13:24:22","slug":"gustavo-dudamel-legado-impacto-cultura-latinoamericana","status":"publish","type":"post","link":"https:\/\/www.periodicolapislazuli.com\/noticias\/gustavo-dudamel-legado-impacto-cultura-latinoamericana\/","title":{"rendered":"Gustavo Dudamel deja la Filarm\u00f3nica de Los \u00c1ngeles: su legado e impacto en la cultura latinoamericana"},"content":{"rendered":"<h1 style=\"text-align: justify; padding-left: 160px;\">Gustavo Dudamel cierra una era en Los \u00c1ngeles: el legado latinoamericano de una batuta que convirti\u00f3 la m\u00fasica en ciudadan\u00eda<\/h1>\n<p>&nbsp;<\/p>\n<p style=\"text-align: justify;\"><strong>El director venezolano termin\u00f3 en agosto de 2026 sus 17 a\u00f1os como director musical y art\u00edstico de la Filarm\u00f3nica de Los \u00c1ngeles. No se retira de la m\u00fasica: en septiembre comienza una nueva etapa al frente de la Filarm\u00f3nica de Nueva York. Su despedida permite revisar un legado que desbord\u00f3 las salas de concierto y convirti\u00f3 la educaci\u00f3n musical, la circulaci\u00f3n de repertorios latinoamericanos y el acceso a la cultura en parte central de su proyecto art\u00edstico.<\/strong><\/p>\n<p style=\"text-align: justify;\">Gustavo Dudamel cerr\u00f3 el 23 de agosto de 2026 uno de los cap\u00edtulos fundamentales de su carrera. En el Hollywood Bowl, el director venezolano encabez\u00f3 <strong>A Concert for Venezuela<\/strong>, un concierto ben\u00e9fico organizado junto con la Filarm\u00f3nica de Los \u00c1ngeles para apoyar a su pa\u00eds despu\u00e9s de los terremotos del 24 de junio. La presentaci\u00f3n marc\u00f3 tambi\u00e9n el final de sus 17 a\u00f1os como director musical y art\u00edstico de la orquesta angelina.<\/p>\n<p style=\"text-align: justify;\">Conviene precisar el alcance de esa despedida. <strong>Dudamel no se retira de la m\u00fasica ni abandona la direcci\u00f3n orquestal.<\/strong> En septiembre de 2026 asumir\u00e1 formalmente como Oscar L. Tang and H.M. Agnes Hsu-Tang Music &amp; Artistic Director de la Filarm\u00f3nica de Nueva York. La instituci\u00f3n neoyorquina ha presentado la temporada 2026-2027 como el comienzo de una nueva era bajo su conducci\u00f3n, con conciertos desde septiembre, estrenos mundiales y una gira europea prevista para octubre. Lo que termina, por tanto, es una etapa. Y pocas despedidas permiten observar con tanta claridad una transformaci\u00f3n cultural que comenz\u00f3 mucho antes de Los \u00c1ngeles.<\/p>\n<h2 style=\"text-align: justify;\">De Barquisimeto al mundo<\/h2>\n<p style=\"text-align: justify;\"><img decoding=\"async\" class=\"alignleft\" src=\"https:\/\/ucarecdn.com\/33303e39-0eb7-4a34-be92-77f70b8522e8\/-\/crop\/1916x1300\/2%2C0\/-\/resize\/840x570\/\" alt=\"Image\" width=\"233\" height=\"158\" \/><\/p>\n<p style=\"text-align: justify;\">Nacido en Barquisimeto, Venezuela, en 1981, Dudamel se form\u00f3 dentro de <strong>El Sistema Nacional de Orquestas y Coros Juveniles e Infantiles de Venezuela<\/strong>, creado en 1975 por Jos\u00e9 Antonio Abreu. Comenz\u00f3 con el viol\u00edn y posteriormente estudi\u00f3 direcci\u00f3n con Rodolfo Saglimbeni y con el propio Abreu. En 1999, con 18 a\u00f1os, fue nombrado director musical de la Orquesta Sinf\u00f3nica Juvenil Sim\u00f3n Bol\u00edvar. Su proyecci\u00f3n internacional se aceler\u00f3 en 2004, cuando gan\u00f3 el Concurso de Direcci\u00f3n Gustav Mahler de Bamberg.<\/p>\n<p style=\"text-align: justify;\">Ese origen resulta esencial para comprender el impacto cultural de Dudamel. Su trayectoria no ha presentado la m\u00fasica cl\u00e1sica \u00fanicamente como una tradici\u00f3n est\u00e9tica, sino como una pr\u00e1ctica colectiva capaz de intervenir en la educaci\u00f3n, la integraci\u00f3n social y la construcci\u00f3n de comunidad.<\/p>\n<p style=\"text-align: justify;\">La UNESCO ha destacado precisamente esa dimensi\u00f3n de El Sistema. En un encuentro regional sobre educaci\u00f3n cultural celebrado en mayo de 2026, la organizaci\u00f3n record\u00f3 que el modelo venezolano ha demostrado c\u00f3mo la pr\u00e1ctica art\u00edstica puede funcionar como herramienta de inclusi\u00f3n social y desarrollo humano, particularmente entre ni\u00f1os y j\u00f3venes en contextos vulnerables. Dudamel convirti\u00f3 esa experiencia venezolana en una parte reconocible de su identidad p\u00fablica internacional.<\/p>\n<h2 style=\"text-align: justify;\">Una orquesta tambi\u00e9n puede ser una pol\u00edtica cultural<\/h2>\n<p style=\"text-align: justify;\"><img decoding=\"async\" src=\"https:\/\/ucarecdn.com\/5a81f7e3-5e33-46c9-80b1-59d212c6fa75\/-\/crop\/1592x1080\/164%2C0\/-\/resize\/840x570\/\" alt=\"Image\" \/><\/p>\n<p style=\"text-align: justify;\">Cuando lleg\u00f3 a la direcci\u00f3n musical de la Filarm\u00f3nica de Los \u00c1ngeles en la temporada 2009-2010, Dudamel ten\u00eda 28 a\u00f1os. Su v\u00ednculo con la ciudad termin\u00f3 por ir mucho m\u00e1s all\u00e1 del podio.<\/p>\n<p style=\"text-align: justify;\">Uno de los ejemplos m\u00e1s visibles es <strong>YOLA \u2014Youth Orchestra Los Angeles\u2014<\/strong>, proyecto inspirado en El Sistema y desarrollado por la LA Phil y sus socios comunitarios. La instituci\u00f3n se\u00f1ala que actualmente ofrece gratuitamente instrumentos, formaci\u00f3n musical, apoyo acad\u00e9mico y entrenamiento en liderazgo a m\u00e1s de 1.700 j\u00f3venes.<\/p>\n<p style=\"text-align: justify;\">All\u00ed aparece uno de los principales aportes de Dudamel a la cultura latinoamericana contempor\u00e1nea: haber contribuido a internacionalizar una idea nacida en Venezuela seg\u00fan la cual una orquesta puede ser simult\u00e1neamente un espacio art\u00edstico, educativo y comunitario.<\/p>\n<p style=\"text-align: justify;\">No se trata solamente de exportar un m\u00e9todo. Se trata de disputar una antigua percepci\u00f3n de la m\u00fasica sinf\u00f3nica como territorio reservado a determinadas \u00e9lites culturales. Bajo esa mirada, el acceso a la formaci\u00f3n art\u00edstica deja de entenderse como un lujo y pasa a considerarse parte de una discusi\u00f3n m\u00e1s amplia sobre derechos culturales.<\/p>\n<p style=\"text-align: justify;\">La Fundaci\u00f3n Dudamel, creada en 2012, ha continuado esa l\u00ednea. La organizaci\u00f3n trabaja para ampliar el acceso de j\u00f3venes a la m\u00fasica y las artes y desarrolla proyectos como <strong>Encuentros<\/strong>, concebido para reunir m\u00fasicos de distintos pa\u00edses alrededor de principios como igualdad, dignidad, cooperaci\u00f3n y respeto.<\/p>\n<h2 style=\"text-align: justify;\">Am\u00e9rica Latina entr\u00f3 al repertorio como protagonista<\/h2>\n<p style=\"text-align: justify;\">El segundo gran impacto de Dudamel est\u00e1 relacionado con algo menos visible pero fundamental: <strong>qu\u00e9 m\u00fasica escuchan las grandes orquestas internacionales y qu\u00e9 compositores consiguen entrar en sus repertorios<\/strong>.<\/p>\n<p style=\"text-align: justify;\">En 2021, la Filarm\u00f3nica de Los \u00c1ngeles y Dudamel impulsaron la <strong>Pan-American Music Initiative (PAMI)<\/strong>, concebida como un proyecto de varios a\u00f1os para crear puentes entre artistas y p\u00fablicos de las Am\u00e9ricas. La iniciativa incorpor\u00f3 encargos de nuevas obras, grabaciones, residencias, alianzas institucionales y presentaciones de repertorios latinoamericanos.<\/p>\n<p style=\"text-align: justify;\">Al concluir sus cinco a\u00f1os, la LA Phil inform\u00f3 que PAMI hab\u00eda propiciado <strong>m\u00e1s de 25 nuevas obras<\/strong>, adem\u00e1s de giras a Ciudad de M\u00e9xico, Bogot\u00e1 y Nueva York, programas de intercambio para j\u00f3venes m\u00fasicos y seis premios Grammy y Latin Grammy combinados.<\/p>\n<p style=\"text-align: justify;\">La mexicana Gabriela Ortiz ocup\u00f3 un lugar central en ese proceso. Junto a ella aparecieron nombres y repertorios de compositores como Arturo M\u00e1rquez, Alberto Ginastera, Silvestre Revueltas, Roberto Sierra, Ang\u00e9lica Negr\u00f3n y otros creadores de las Am\u00e9ricas. La propia LA Phil define la iniciativa como un intento de ampliar y diversificar el repertorio orquestal estadounidense.<\/p>\n<p style=\"text-align: justify;\">Ese desplazamiento es significativo. Am\u00e9rica Latina deja de aparecer \u00fanicamente mediante el color local o como una nota ex\u00f3tica dentro de la temporada sinf\u00f3nica y empieza a ser tratada como un espacio de creaci\u00f3n contempor\u00e1nea capaz de producir repertorio para el canon internacional.<\/p>\n<h2 style=\"text-align: justify;\">Entre Beethoven, Carlos Vives y Natalia Lafourcade<\/h2>\n<p style=\"text-align: justify;\">La despedida en el Hollywood Bowl resumi\u00f3 otra caracter\u00edstica de su trabajo: la voluntad de romper fronteras r\u00edgidas entre g\u00e9neros y p\u00fablicos.<\/p>\n<p style=\"text-align: justify;\">El programa oficial de Dudamel para el 23 de agosto inclu\u00eda, junto con la Filarm\u00f3nica de Los \u00c1ngeles, a artistas como <strong>Natalia Lafourcade, Carlos Vives, Beck, Meme del Real, Lasso, Eduardo Betancourt, Jorge Glem y Mois\u00e9s Torrealba<\/strong>, adem\u00e1s de integrantes de YOLA.<\/p>\n<p style=\"text-align: justify;\">Esa convivencia entre la tradici\u00f3n sinf\u00f3nica y las m\u00fasicas populares ha acompa\u00f1ado buena parte de su carrera. Dudamel ha llevado la orquesta a espacios que no pertenecen tradicionalmente al circuito cl\u00e1sico y ha colaborado con artistas de distintos g\u00e9neros. La consecuencia cultural no consiste en diluir la m\u00fasica sinf\u00f3nica, sino en ampliar sus posibilidades de encuentro con otros p\u00fablicos.<\/p>\n<h2 style=\"text-align: justify;\">El final de una etapa, no de una trayectoria<\/h2>\n<p style=\"text-align: justify;\">Quiz\u00e1s el mayor legado latinoamericano de Gustavo Dudamel no pueda medirse exclusivamente en conciertos, grabaciones o premios. Est\u00e1 en haber colocado en algunos de los escenarios musicales m\u00e1s influyentes del mundo una idea aprendida en Venezuela: <strong>la excelencia art\u00edstica y la funci\u00f3n social de la cultura no tienen por qu\u00e9 ser proyectos opuestos<\/strong>.<\/p>\n<p style=\"text-align: justify;\">Su despedida de Los \u00c1ngeles cierra una relaci\u00f3n institucional iniciada en 2009, pero no rompe ese v\u00ednculo. La propia Filarm\u00f3nica ya anunci\u00f3 su regreso como director invitado durante la temporada 2026-2027.<\/p>\n<p style=\"text-align: justify;\">Y mientras una etapa termina en California, otra comienza en Nueva York. La temporada inaugural de Dudamel all\u00ed incluir\u00e1 incluso una proyecci\u00f3n de <em>Tocar y luchar<\/em>, documental dedicado a El Sistema venezolano, cuya filosof\u00eda educativa la Filarm\u00f3nica de Nueva York identifica como parte central de la visi\u00f3n del nuevo director.<\/p>\n<p style=\"text-align: justify;\">Es una imagen particularmente poderosa: despu\u00e9s de recorrer los principales escenarios internacionales, la historia vuelve al punto de partida. A una orquesta juvenil. A Venezuela. A la convicci\u00f3n de que entregar un instrumento a un ni\u00f1o puede ser tambi\u00e9n una manera de intervenir en el futuro. Para Am\u00e9rica Latina, esa probablemente sea la dimensi\u00f3n m\u00e1s profunda de su legado.<\/p>\n<p>&nbsp;<\/p>\n<p><img decoding=\"async\" class=\"aligncenter\" src=\"https:\/\/ucarecdn.com\/c23e0461-09a4-438f-8670-caacfe4ed641\/\" alt=\"Image\" \/><\/p>\n","protected":false},"excerpt":{"rendered":"<p>Gustavo Dudamel cierra una era en Los \u00c1ngeles: el legado latinoamericano de una batuta que convirti\u00f3 la m\u00fasica<\/p>\n","protected":false},"author":3,"featured_media":14074,"comment_status":"closed","ping_status":"open","sticky":false,"template":"","format":"standard","meta":{"om_disable_all_campaigns":false,"pagelayer_contact_templates":[],"_pagelayer_content":"","_monsterinsights_skip_tracking":false,"footnotes":""},"categories":[3,27],"tags":[342,4649,4648,4645,4646,4647,4644,3278,644],"class_list":["post-14001","post","type-post","status-publish","format-standard","has-post-thumbnail","hentry","category-actualidad","category-musica","tag-america-latina","tag-cultura-latinoamericana","tag-educacion-musical","tag-el-sistema","tag-filarmonica-de-los-angeles","tag-filarmonica-de-nueva-york","tag-gustavo-dudamel","tag-musica-clasica","tag-venezuela"],"jetpack_featured_media_url":"https:\/\/www.periodicolapislazuli.com\/noticias\/wp-content\/uploads\/2026\/09\/gustavo-dudamel.jpeg","_links":{"self":[{"href":"https:\/\/www.periodicolapislazuli.com\/noticias\/wp-json\/wp\/v2\/posts\/14001","targetHints":{"allow":["GET"]}}],"collection":[{"href":"https:\/\/www.periodicolapislazuli.com\/noticias\/wp-json\/wp\/v2\/posts"}],"about":[{"href":"https:\/\/www.periodicolapislazuli.com\/noticias\/wp-json\/wp\/v2\/types\/post"}],"author":[{"embeddable":true,"href":"https:\/\/www.periodicolapislazuli.com\/noticias\/wp-json\/wp\/v2\/users\/3"}],"replies":[{"embeddable":true,"href":"https:\/\/www.periodicolapislazuli.com\/noticias\/wp-json\/wp\/v2\/comments?post=14001"}],"version-history":[{"count":5,"href":"https:\/\/www.periodicolapislazuli.com\/noticias\/wp-json\/wp\/v2\/posts\/14001\/revisions"}],"predecessor-version":[{"id":14078,"href":"https:\/\/www.periodicolapislazuli.com\/noticias\/wp-json\/wp\/v2\/posts\/14001\/revisions\/14078"}],"wp:featuredmedia":[{"embeddable":true,"href":"https:\/\/www.periodicolapislazuli.com\/noticias\/wp-json\/wp\/v2\/media\/14074"}],"wp:attachment":[{"href":"https:\/\/www.periodicolapislazuli.com\/noticias\/wp-json\/wp\/v2\/media?parent=14001"}],"wp:term":[{"taxonomy":"category","embeddable":true,"href":"https:\/\/www.periodicolapislazuli.com\/noticias\/wp-json\/wp\/v2\/categories?post=14001"},{"taxonomy":"post_tag","embeddable":true,"href":"https:\/\/www.periodicolapislazuli.com\/noticias\/wp-json\/wp\/v2\/tags?post=14001"}],"curies":[{"name":"wp","href":"https:\/\/api.w.org\/{rel}","templated":true}]}}